{"id":37411,"date":"2018-06-08T09:15:04","date_gmt":"2018-06-08T09:15:04","guid":{"rendered":"https:\/\/www.ull.es\/portal\/noticias\/?p=37411"},"modified":"2018-06-08T09:15:04","modified_gmt":"2018-06-08T09:15:04","slug":"los-jovenes-investigadores-organizan-su-septima-feria-de-divulgacion-cientifica","status":"publish","type":"post","link":"https:\/\/www.ull.es\/portal\/noticias\/2018\/los-jovenes-investigadores-organizan-su-septima-feria-de-divulgacion-cientifica\/","title":{"rendered":"Los j\u00f3venes investigadores organizan su s\u00e9ptima feria de divulgaci\u00f3n cient\u00edfica"},"content":{"rendered":"<p>La Plaza de la Concepci\u00f3n de La Laguna acoger\u00e1 ma\u00f1ana s\u00e1bado 9 de junio la <strong><a href=\"http:\/\/www.jinte.org\/actividades\/feria\" target=\"_blank\" rel=\"noopener\">VII Feria de los J\u00f3venes Investigadores<\/a><\/strong>. El evento, organizado por la Asociaci\u00f3n de J\u00f3venes Investigadores de Tenerife (JINTE) y \u00a0la Escuela de Doctorado y Estudios de Posgrado de la Universidad de La Laguna, en \u00a0colaboraci\u00f3n con la corporaci\u00f3n municipal, pretende reflejar, una vez m\u00e1s, una nueva muestra de las investigaciones realizadas por los distintos grupos de las islas.<\/p>\n<p>Por s\u00e9ptimo a\u00f1o consecutivo, \u00a0la Feria de los J\u00f3venes Investigadores procura llevar la investigaci\u00f3n a la calle a trav\u00e9s de talleres en <em>stands<\/em> interactivos, p\u00f3steres y comunicaciones orales de las cinco \u00e1reas de conocimiento. Desde las 9:00 y hasta las 15:00 horas, el colectivo investigador expondr\u00e1 los trabajos que se realizan en la instituci\u00f3n universitaria y en los centros de investigaci\u00f3n de Canarias de forma amena y entretenida y con un contenido pensado para un p\u00fablico de todas las edades.<\/p>\n<p>Con esta feria, la Asociaci\u00f3n de J\u00f3venes Investigadores de Tenerife busca concienciar a la ciudadan\u00eda de la importancia que desempe\u00f1a la investigaci\u00f3n en el desarrollo social y econ\u00f3mico, as\u00ed como la necesidad de una mayor inversi\u00f3n p\u00fablica en I+D+i. para este colectivo, la poca valoraci\u00f3n que reciben la ciencia y la investigaci\u00f3n radica principalmente en el desconocimiento de su importancia, por lo que a su juicio resulta indispensable la realizaci\u00f3n de este tipo de actividades.n radica prncipalmente en el desconocimiento de su importancia.<\/p>\n<p>JINTE es una entidad no lucrativa de \u00e1mbito regional, constituida por estudiantes de posgrado e investigadores pre y posdoctorales, cuyo fin es defender y divulgar la investigaci\u00f3n que se realiza en Canarias. La asociaci\u00f3n considera que \u00e9sta es un motor de desarrollo que permite mejorar la calidad de vida, asumiendo que apostar por una sociedad del conocimiento es hacerlo por un futuro de prosperidad. Con ello, desea darle el valor que se merece en la VII Feria de los J\u00f3venes Investigadores.<\/p>\n<p>&nbsp;<\/p>\n","protected":false},"excerpt":{"rendered":"<p>La Plaza de la Concepci\u00f3n de La Laguna acoger\u00e1 ma\u00f1ana s\u00e1bado 9 de junio la VII Feria de los J\u00f3venes&#8230;<\/p>\n","protected":false},"author":23,"featured_media":37413,"comment_status":"closed","ping_status":"closed","sticky":false,"template":"","format":"standard","meta":{"inline_featured_image":false,"footnotes":""},"categories":[343,3785,345,350,2765],"tags":[1235,1590,1679],"acf":[],"yoast_head":"<!-- This site is optimized with the Yoast SEO plugin v21.3 - https:\/\/yoast.com\/wordpress\/plugins\/seo\/ -->\n<title>Los j\u00f3venes investigadores organizan su s\u00e9ptima feria de divulgaci\u00f3n cient\u00edfica - ULL - Noticias<\/title>\n<meta name=\"robots\" content=\"index, follow, max-snippet:-1, max-image-preview:large, max-video-preview:-1\" \/>\n<link rel=\"canonical\" href=\"https:\/\/www.ull.es\/portal\/noticias\/2018\/los-jovenes-investigadores-organizan-su-septima-feria-de-divulgacion-cientifica\/\" \/>\n<meta property=\"og:locale\" content=\"es_ES\" \/>\n<meta property=\"og:type\" content=\"article\" \/>\n<meta property=\"og:title\" content=\"Los j\u00f3venes investigadores organizan su s\u00e9ptima feria de divulgaci\u00f3n cient\u00edfica - ULL - Noticias\" \/>\n<meta property=\"og:description\" content=\"La Plaza de la Concepci\u00f3n de La Laguna acoger\u00e1 ma\u00f1ana s\u00e1bado 9 de junio la VII Feria de los J\u00f3venes...\" \/>\n<meta property=\"og:url\" content=\"https:\/\/www.ull.es\/portal\/noticias\/2018\/los-jovenes-investigadores-organizan-su-septima-feria-de-divulgacion-cientifica\/\" \/>\n<meta property=\"og:site_name\" content=\"ULL - Noticias\" \/>\n<meta property=\"article:publisher\" content=\"https:\/\/www.facebook.com\/universidaddelalaguna\/\" \/>\n<meta property=\"article:published_time\" content=\"2018-06-08T09:15:04+00:00\" \/>\n<meta property=\"og:image\" content=\"https:\/\/www.ull.es\/portal\/noticias\/wp-content\/uploads\/sites\/13\/2018\/06\/poster-feria-jinte-2018-def-copia.jpg\" \/>\n\t<meta property=\"og:image:width\" content=\"585\" \/>\n\t<meta property=\"og:image:height\" content=\"383\" \/>\n\t<meta property=\"og:image:type\" content=\"image\/jpeg\" \/>\n<meta name=\"author\" content=\"gaprsa\" \/>\n<meta name=\"twitter:card\" content=\"summary_large_image\" \/>\n<meta name=\"twitter:creator\" content=\"@CanalULL\" \/>\n<meta name=\"twitter:site\" content=\"@CanalULL\" \/>\n<meta name=\"twitter:label1\" content=\"Escrito por\" \/>\n\t<meta name=\"twitter:data1\" content=\"gaprsa\" \/>\n\t<meta name=\"twitter:label2\" content=\"Tiempo de lectura\" \/>\n\t<meta name=\"twitter:data2\" content=\"2 minutos\" \/>\n<script type=\"application\/ld+json\" class=\"yoast-schema-graph\">{\"@context\":\"https:\/\/schema.org\",\"@graph\":[{\"@type\":\"WebPage\",\"@id\":\"https:\/\/www.ull.es\/portal\/noticias\/2018\/los-jovenes-investigadores-organizan-su-septima-feria-de-divulgacion-cientifica\/\",\"url\":\"https:\/\/www.ull.es\/portal\/noticias\/2018\/los-jovenes-investigadores-organizan-su-septima-feria-de-divulgacion-cientifica\/\",\"name\":\"Los j\u00f3venes investigadores organizan su s\u00e9ptima feria de divulgaci\u00f3n cient\u00edfica - ULL - Noticias\",\"isPartOf\":{\"@id\":\"https:\/\/www.ull.es\/portal\/noticias\/#website\"},\"datePublished\":\"2018-06-08T09:15:04+00:00\",\"dateModified\":\"2018-06-08T09:15:04+00:00\",\"author\":{\"@id\":\"https:\/\/www.ull.es\/portal\/noticias\/#\/schema\/person\/b2b1a89d43ffa609e591f7df8ef3e817\"},\"breadcrumb\":{\"@id\":\"https:\/\/www.ull.es\/portal\/noticias\/2018\/los-jovenes-investigadores-organizan-su-septima-feria-de-divulgacion-cientifica\/#breadcrumb\"},\"inLanguage\":\"es\",\"potentialAction\":[{\"@type\":\"ReadAction\",\"target\":[\"https:\/\/www.ull.es\/portal\/noticias\/2018\/los-jovenes-investigadores-organizan-su-septima-feria-de-divulgacion-cientifica\/\"]}]},{\"@type\":\"BreadcrumbList\",\"@id\":\"https:\/\/www.ull.es\/portal\/noticias\/2018\/los-jovenes-investigadores-organizan-su-septima-feria-de-divulgacion-cientifica\/#breadcrumb\",\"itemListElement\":[{\"@type\":\"ListItem\",\"position\":1,\"name\":\"Portada\",\"item\":\"https:\/\/www.ull.es\/portal\/noticias\/\"},{\"@type\":\"ListItem\",\"position\":2,\"name\":\"Los j\u00f3venes investigadores organizan su s\u00e9ptima feria de divulgaci\u00f3n cient\u00edfica\"}]},{\"@type\":\"WebSite\",\"@id\":\"https:\/\/www.ull.es\/portal\/noticias\/#website\",\"url\":\"https:\/\/www.ull.es\/portal\/noticias\/\",\"name\":\"ULL - Noticias\",\"description\":\"\",\"potentialAction\":[{\"@type\":\"SearchAction\",\"target\":{\"@type\":\"EntryPoint\",\"urlTemplate\":\"https:\/\/www.ull.es\/portal\/noticias\/?s={search_term_string}\"},\"query-input\":\"required name=search_term_string\"}],\"inLanguage\":\"es\"},{\"@type\":\"Person\",\"@id\":\"https:\/\/www.ull.es\/portal\/noticias\/#\/schema\/person\/b2b1a89d43ffa609e591f7df8ef3e817\",\"name\":\"gaprsa\",\"image\":{\"@type\":\"ImageObject\",\"inLanguage\":\"es\",\"@id\":\"https:\/\/www.ull.es\/portal\/noticias\/#\/schema\/person\/image\/\",\"url\":\"https:\/\/secure.gravatar.com\/avatar\/443820550921091458b4823867723b3d?s=96&d=mm&r=g\",\"contentUrl\":\"https:\/\/secure.gravatar.com\/avatar\/443820550921091458b4823867723b3d?s=96&d=mm&r=g\",\"caption\":\"gaprsa\"},\"url\":\"https:\/\/www.ull.es\/portal\/noticias\/author\/gaprsa\/\"}]}<\/script>\n<!-- \/ Yoast SEO plugin. -->","yoast_head_json":{"title":"Los j\u00f3venes investigadores organizan su s\u00e9ptima feria de divulgaci\u00f3n cient\u00edfica - ULL - Noticias","robots":{"index":"index","follow":"follow","max-snippet":"max-snippet:-1","max-image-preview":"max-image-preview:large","max-video-preview":"max-video-preview:-1"},"canonical":"https:\/\/www.ull.es\/portal\/noticias\/2018\/los-jovenes-investigadores-organizan-su-septima-feria-de-divulgacion-cientifica\/","og_locale":"es_ES","og_type":"article","og_title":"Los j\u00f3venes investigadores organizan su s\u00e9ptima feria de divulgaci\u00f3n cient\u00edfica - ULL - Noticias","og_description":"La Plaza de la Concepci\u00f3n de La Laguna acoger\u00e1 ma\u00f1ana s\u00e1bado 9 de junio la VII Feria de los J\u00f3venes...","og_url":"https:\/\/www.ull.es\/portal\/noticias\/2018\/los-jovenes-investigadores-organizan-su-septima-feria-de-divulgacion-cientifica\/","og_site_name":"ULL - Noticias","article_publisher":"https:\/\/www.facebook.com\/universidaddelalaguna\/","article_published_time":"2018-06-08T09:15:04+00:00","og_image":[{"width":585,"height":383,"url":"https:\/\/www.ull.es\/portal\/noticias\/wp-content\/uploads\/sites\/13\/2018\/06\/poster-feria-jinte-2018-def-copia.jpg","type":"image\/jpeg"}],"author":"gaprsa","twitter_card":"summary_large_image","twitter_creator":"@CanalULL","twitter_site":"@CanalULL","twitter_misc":{"Escrito por":"gaprsa","Tiempo de lectura":"2 minutos"},"schema":{"@context":"https:\/\/schema.org","@graph":[{"@type":"WebPage","@id":"https:\/\/www.ull.es\/portal\/noticias\/2018\/los-jovenes-investigadores-organizan-su-septima-feria-de-divulgacion-cientifica\/","url":"https:\/\/www.ull.es\/portal\/noticias\/2018\/los-jovenes-investigadores-organizan-su-septima-feria-de-divulgacion-cientifica\/","name":"Los j\u00f3venes investigadores organizan su s\u00e9ptima feria de divulgaci\u00f3n cient\u00edfica - ULL - Noticias","isPartOf":{"@id":"https:\/\/www.ull.es\/portal\/noticias\/#website"},"datePublished":"2018-06-08T09:15:04+00:00","dateModified":"2018-06-08T09:15:04+00:00","author":{"@id":"https:\/\/www.ull.es\/portal\/noticias\/#\/schema\/person\/b2b1a89d43ffa609e591f7df8ef3e817"},"breadcrumb":{"@id":"https:\/\/www.ull.es\/portal\/noticias\/2018\/los-jovenes-investigadores-organizan-su-septima-feria-de-divulgacion-cientifica\/#breadcrumb"},"inLanguage":"es","potentialAction":[{"@type":"ReadAction","target":["https:\/\/www.ull.es\/portal\/noticias\/2018\/los-jovenes-investigadores-organizan-su-septima-feria-de-divulgacion-cientifica\/"]}]},{"@type":"BreadcrumbList","@id":"https:\/\/www.ull.es\/portal\/noticias\/2018\/los-jovenes-investigadores-organizan-su-septima-feria-de-divulgacion-cientifica\/#breadcrumb","itemListElement":[{"@type":"ListItem","position":1,"name":"Portada","item":"https:\/\/www.ull.es\/portal\/noticias\/"},{"@type":"ListItem","position":2,"name":"Los j\u00f3venes investigadores organizan su s\u00e9ptima feria de divulgaci\u00f3n cient\u00edfica"}]},{"@type":"WebSite","@id":"https:\/\/www.ull.es\/portal\/noticias\/#website","url":"https:\/\/www.ull.es\/portal\/noticias\/","name":"ULL - Noticias","description":"","potentialAction":[{"@type":"SearchAction","target":{"@type":"EntryPoint","urlTemplate":"https:\/\/www.ull.es\/portal\/noticias\/?s={search_term_string}"},"query-input":"required name=search_term_string"}],"inLanguage":"es"},{"@type":"Person","@id":"https:\/\/www.ull.es\/portal\/noticias\/#\/schema\/person\/b2b1a89d43ffa609e591f7df8ef3e817","name":"gaprsa","image":{"@type":"ImageObject","inLanguage":"es","@id":"https:\/\/www.ull.es\/portal\/noticias\/#\/schema\/person\/image\/","url":"https:\/\/secure.gravatar.com\/avatar\/443820550921091458b4823867723b3d?s=96&d=mm&r=g","contentUrl":"https:\/\/secure.gravatar.com\/avatar\/443820550921091458b4823867723b3d?s=96&d=mm&r=g","caption":"gaprsa"},"url":"https:\/\/www.ull.es\/portal\/noticias\/author\/gaprsa\/"}]}},"primary_category":{"id":2765,"name":"Portada ULL","slug":"portada-ull","link":"https:\/\/www.ull.es\/portal\/noticias\/category\/portada-ull\/"},"featured_image_thumbnail_url":"https:\/\/www.ull.es\/portal\/noticias\/wp-content\/uploads\/sites\/13\/2018\/06\/poster-feria-jinte-2018-def-copia-300x196.jpg","_links":{"self":[{"href":"https:\/\/www.ull.es\/portal\/noticias\/wp-json\/wp\/v2\/posts\/37411"}],"collection":[{"href":"https:\/\/www.ull.es\/portal\/noticias\/wp-json\/wp\/v2\/posts"}],"about":[{"href":"https:\/\/www.ull.es\/portal\/noticias\/wp-json\/wp\/v2\/types\/post"}],"author":[{"embeddable":true,"href":"https:\/\/www.ull.es\/portal\/noticias\/wp-json\/wp\/v2\/users\/23"}],"replies":[{"embeddable":true,"href":"https:\/\/www.ull.es\/portal\/noticias\/wp-json\/wp\/v2\/comments?post=37411"}],"version-history":[{"count":1,"href":"https:\/\/www.ull.es\/portal\/noticias\/wp-json\/wp\/v2\/posts\/37411\/revisions"}],"predecessor-version":[{"id":37414,"href":"https:\/\/www.ull.es\/portal\/noticias\/wp-json\/wp\/v2\/posts\/37411\/revisions\/37414"}],"wp:featuredmedia":[{"embeddable":true,"href":"https:\/\/www.ull.es\/portal\/noticias\/wp-json\/wp\/v2\/media\/37413"}],"wp:attachment":[{"href":"https:\/\/www.ull.es\/portal\/noticias\/wp-json\/wp\/v2\/media?parent=37411"}],"wp:term":[{"taxonomy":"category","embeddable":true,"href":"https:\/\/www.ull.es\/portal\/noticias\/wp-json\/wp\/v2\/categories?post=37411"},{"taxonomy":"post_tag","embeddable":true,"href":"https:\/\/www.ull.es\/portal\/noticias\/wp-json\/wp\/v2\/tags?post=37411"}],"curies":[{"name":"wp","href":"https:\/\/api.w.org\/{rel}","templated":true}]}}