{"id":37426,"date":"2018-06-08T10:52:33","date_gmt":"2018-06-08T10:52:33","guid":{"rendered":"https:\/\/www.ull.es\/portal\/noticias\/?p=37426"},"modified":"2018-06-08T14:59:19","modified_gmt":"2018-06-08T14:59:19","slug":"la-asociacion-de-antiguos-alumnos-alumni-ull-se-reune-con-el-presidente-del-gobierno-de-canarias","status":"publish","type":"post","link":"https:\/\/www.ull.es\/portal\/noticias\/2018\/la-asociacion-de-antiguos-alumnos-alumni-ull-se-reune-con-el-presidente-del-gobierno-de-canarias\/","title":{"rendered":"La asociaci\u00f3n de antiguos alumnos Alumni ULL se re\u00fane con el presidente del Gobierno de Canarias"},"content":{"rendered":"<p>La junta directiva de Alumni ULL recibi\u00f3 en su sede universitaria ayer 7 de junio al presidente del Gobierno de Canarias y antiguo alumno de la Universidad de La Laguna, Fernando Clavijo. La asociaci\u00f3n le inform\u00f3 brevemente de su historia, desde su g\u00e9nesis en 2001 hasta la actualidad, como organizaci\u00f3n que vincula a los antiguos alumnos con su alma mater y que comenz\u00f3 con 56 socios frente a los 1.700 de la actualidad.<\/p>\n<p style=\"text-align: center;\"><a href=\"https:\/\/drive.google.com\/drive\/folders\/1rN3pAcdTLE8fUpQFKmNFOIu4MsnUAxv6?usp=sharing\" target=\"_blank\" rel=\"noopener\" target=\"_blank\" rel=\"noopener\"><strong>Galer\u00eda de im\u00e1genes<\/strong><\/a><\/p>\n<p>Clavijo conoci\u00f3 que los Alumni quieren comprometerse, participar y hablar con la universidad, al tiempo que le hicieron saber que las universidades deben involucrar a sus antiguos alumnos en la vida de la instituci\u00f3n. Aprovecharon la visita para informarle de las actividades que realizan, incidiendo en las relativas al mecenazgo hacia la Universidad de La Laguna, iniciadas en 2004, y que llegan a todos los colectivos universitarios, pero tambi\u00e9n otras de car\u00e1cter solidario y de divulgaci\u00f3n de la imagen de la ULL, con un importante esfuerzo econ\u00f3mico que en estos a\u00f1os ha supuesto unos 185.000 euros.<\/p>\n<p>El presidente regional valor\u00f3 el trabajo realizado por la asociaci\u00f3n, a la que conoc\u00eda desde su etapa de alcalde de La Laguna, y anim\u00f3 a la junta directiva a seguir en esa l\u00ednea, sobre todo persistiendo en la necesidad del v\u00ednculo de los antiguos alumnos con su universidad y en el gran esfuerzo realizado en las actividades de mecenazgo.<\/p>\n<p>Alumni ULL puso en su conocimiento que est\u00e1 iniciando los tr\u00e1mites, de acuerdo con la Ley de Asociaciones, para ser declarada de utilidad p\u00fablica, ya que re\u00fane los requisitos necesarios para su obtenci\u00f3n. Por \u00faltimo, los componentes de la junta directiva, dirigida por Carmen Pitti, solicitaron al presidente que la Direcci\u00f3n General de Universidades valore la posibilidad de iniciar l\u00edneas de trabajo con las asociaciones de antiguos alumnos de ambas universidades p\u00fablicas canarias, lo que ya sucede en otros \u00e1mbitos educativos con otras asociaciones.<\/p>\n","protected":false},"excerpt":{"rendered":"<p>La junta directiva de Alumni ULL recibi\u00f3 en su sede universitaria ayer 7 de junio al presidente del Gobierno de&#8230;<\/p>\n","protected":false},"author":23,"featured_media":37428,"comment_status":"closed","ping_status":"closed","sticky":false,"template":"","format":"standard","meta":{"inline_featured_image":false,"footnotes":""},"categories":[345,348,2765],"tags":[465,836,1870],"acf":[],"yoast_head":"<!-- This site is optimized with the Yoast SEO plugin v21.3 - https:\/\/yoast.com\/wordpress\/plugins\/seo\/ -->\n<title>La asociaci\u00f3n de antiguos alumnos Alumni ULL se re\u00fane con el presidente del Gobierno de Canarias - ULL - Noticias<\/title>\n<meta name=\"robots\" content=\"index, follow, max-snippet:-1, max-image-preview:large, max-video-preview:-1\" \/>\n<link rel=\"canonical\" href=\"https:\/\/www.ull.es\/portal\/noticias\/2018\/la-asociacion-de-antiguos-alumnos-alumni-ull-se-reune-con-el-presidente-del-gobierno-de-canarias\/\" \/>\n<meta property=\"og:locale\" content=\"es_ES\" \/>\n<meta property=\"og:type\" content=\"article\" \/>\n<meta property=\"og:title\" content=\"La asociaci\u00f3n de antiguos alumnos Alumni ULL se re\u00fane con el presidente del Gobierno de Canarias - ULL - Noticias\" \/>\n<meta property=\"og:description\" content=\"La junta directiva de Alumni ULL recibi\u00f3 en su sede universitaria ayer 7 de junio al presidente del Gobierno de...\" \/>\n<meta property=\"og:url\" content=\"https:\/\/www.ull.es\/portal\/noticias\/2018\/la-asociacion-de-antiguos-alumnos-alumni-ull-se-reune-con-el-presidente-del-gobierno-de-canarias\/\" \/>\n<meta property=\"og:site_name\" content=\"ULL - Noticias\" \/>\n<meta property=\"article:publisher\" content=\"https:\/\/www.facebook.com\/universidaddelalaguna\/\" \/>\n<meta property=\"article:published_time\" content=\"2018-06-08T10:52:33+00:00\" \/>\n<meta property=\"article:modified_time\" content=\"2018-06-08T14:59:19+00:00\" \/>\n<meta property=\"og:image\" content=\"https:\/\/www.ull.es\/portal\/noticias\/wp-content\/uploads\/sites\/13\/2018\/06\/Visita-Clavijo-a-Alumni.jpg\" \/>\n\t<meta property=\"og:image:width\" content=\"1024\" \/>\n\t<meta property=\"og:image:height\" content=\"683\" \/>\n\t<meta property=\"og:image:type\" content=\"image\/jpeg\" \/>\n<meta name=\"author\" content=\"gaprsa\" \/>\n<meta name=\"twitter:card\" content=\"summary_large_image\" \/>\n<meta name=\"twitter:creator\" content=\"@CanalULL\" \/>\n<meta name=\"twitter:site\" content=\"@CanalULL\" \/>\n<meta name=\"twitter:label1\" content=\"Escrito por\" \/>\n\t<meta name=\"twitter:data1\" content=\"gaprsa\" \/>\n\t<meta name=\"twitter:label2\" content=\"Tiempo de lectura\" \/>\n\t<meta name=\"twitter:data2\" content=\"2 minutos\" \/>\n<script type=\"application\/ld+json\" class=\"yoast-schema-graph\">{\"@context\":\"https:\/\/schema.org\",\"@graph\":[{\"@type\":\"WebPage\",\"@id\":\"https:\/\/www.ull.es\/portal\/noticias\/2018\/la-asociacion-de-antiguos-alumnos-alumni-ull-se-reune-con-el-presidente-del-gobierno-de-canarias\/\",\"url\":\"https:\/\/www.ull.es\/portal\/noticias\/2018\/la-asociacion-de-antiguos-alumnos-alumni-ull-se-reune-con-el-presidente-del-gobierno-de-canarias\/\",\"name\":\"La asociaci\u00f3n de antiguos alumnos Alumni ULL se re\u00fane con el presidente del Gobierno de Canarias - ULL - Noticias\",\"isPartOf\":{\"@id\":\"https:\/\/www.ull.es\/portal\/noticias\/#website\"},\"datePublished\":\"2018-06-08T10:52:33+00:00\",\"dateModified\":\"2018-06-08T14:59:19+00:00\",\"author\":{\"@id\":\"https:\/\/www.ull.es\/portal\/noticias\/#\/schema\/person\/b2b1a89d43ffa609e591f7df8ef3e817\"},\"breadcrumb\":{\"@id\":\"https:\/\/www.ull.es\/portal\/noticias\/2018\/la-asociacion-de-antiguos-alumnos-alumni-ull-se-reune-con-el-presidente-del-gobierno-de-canarias\/#breadcrumb\"},\"inLanguage\":\"es\",\"potentialAction\":[{\"@type\":\"ReadAction\",\"target\":[\"https:\/\/www.ull.es\/portal\/noticias\/2018\/la-asociacion-de-antiguos-alumnos-alumni-ull-se-reune-con-el-presidente-del-gobierno-de-canarias\/\"]}]},{\"@type\":\"BreadcrumbList\",\"@id\":\"https:\/\/www.ull.es\/portal\/noticias\/2018\/la-asociacion-de-antiguos-alumnos-alumni-ull-se-reune-con-el-presidente-del-gobierno-de-canarias\/#breadcrumb\",\"itemListElement\":[{\"@type\":\"ListItem\",\"position\":1,\"name\":\"Portada\",\"item\":\"https:\/\/www.ull.es\/portal\/noticias\/\"},{\"@type\":\"ListItem\",\"position\":2,\"name\":\"La asociaci\u00f3n de antiguos alumnos Alumni ULL se re\u00fane con el presidente del Gobierno de Canarias\"}]},{\"@type\":\"WebSite\",\"@id\":\"https:\/\/www.ull.es\/portal\/noticias\/#website\",\"url\":\"https:\/\/www.ull.es\/portal\/noticias\/\",\"name\":\"ULL - Noticias\",\"description\":\"\",\"potentialAction\":[{\"@type\":\"SearchAction\",\"target\":{\"@type\":\"EntryPoint\",\"urlTemplate\":\"https:\/\/www.ull.es\/portal\/noticias\/?s={search_term_string}\"},\"query-input\":\"required name=search_term_string\"}],\"inLanguage\":\"es\"},{\"@type\":\"Person\",\"@id\":\"https:\/\/www.ull.es\/portal\/noticias\/#\/schema\/person\/b2b1a89d43ffa609e591f7df8ef3e817\",\"name\":\"gaprsa\",\"image\":{\"@type\":\"ImageObject\",\"inLanguage\":\"es\",\"@id\":\"https:\/\/www.ull.es\/portal\/noticias\/#\/schema\/person\/image\/\",\"url\":\"https:\/\/secure.gravatar.com\/avatar\/443820550921091458b4823867723b3d?s=96&d=mm&r=g\",\"contentUrl\":\"https:\/\/secure.gravatar.com\/avatar\/443820550921091458b4823867723b3d?s=96&d=mm&r=g\",\"caption\":\"gaprsa\"},\"url\":\"https:\/\/www.ull.es\/portal\/noticias\/author\/gaprsa\/\"}]}<\/script>\n<!-- \/ Yoast SEO plugin. -->","yoast_head_json":{"title":"La asociaci\u00f3n de antiguos alumnos Alumni ULL se re\u00fane con el presidente del Gobierno de Canarias - ULL - Noticias","robots":{"index":"index","follow":"follow","max-snippet":"max-snippet:-1","max-image-preview":"max-image-preview:large","max-video-preview":"max-video-preview:-1"},"canonical":"https:\/\/www.ull.es\/portal\/noticias\/2018\/la-asociacion-de-antiguos-alumnos-alumni-ull-se-reune-con-el-presidente-del-gobierno-de-canarias\/","og_locale":"es_ES","og_type":"article","og_title":"La asociaci\u00f3n de antiguos alumnos Alumni ULL se re\u00fane con el presidente del Gobierno de Canarias - ULL - Noticias","og_description":"La junta directiva de Alumni ULL recibi\u00f3 en su sede universitaria ayer 7 de junio al presidente del Gobierno de...","og_url":"https:\/\/www.ull.es\/portal\/noticias\/2018\/la-asociacion-de-antiguos-alumnos-alumni-ull-se-reune-con-el-presidente-del-gobierno-de-canarias\/","og_site_name":"ULL - Noticias","article_publisher":"https:\/\/www.facebook.com\/universidaddelalaguna\/","article_published_time":"2018-06-08T10:52:33+00:00","article_modified_time":"2018-06-08T14:59:19+00:00","og_image":[{"width":1024,"height":683,"url":"https:\/\/www.ull.es\/portal\/noticias\/wp-content\/uploads\/sites\/13\/2018\/06\/Visita-Clavijo-a-Alumni.jpg","type":"image\/jpeg"}],"author":"gaprsa","twitter_card":"summary_large_image","twitter_creator":"@CanalULL","twitter_site":"@CanalULL","twitter_misc":{"Escrito por":"gaprsa","Tiempo de lectura":"2 minutos"},"schema":{"@context":"https:\/\/schema.org","@graph":[{"@type":"WebPage","@id":"https:\/\/www.ull.es\/portal\/noticias\/2018\/la-asociacion-de-antiguos-alumnos-alumni-ull-se-reune-con-el-presidente-del-gobierno-de-canarias\/","url":"https:\/\/www.ull.es\/portal\/noticias\/2018\/la-asociacion-de-antiguos-alumnos-alumni-ull-se-reune-con-el-presidente-del-gobierno-de-canarias\/","name":"La asociaci\u00f3n de antiguos alumnos Alumni ULL se re\u00fane con el presidente del Gobierno de Canarias - ULL - Noticias","isPartOf":{"@id":"https:\/\/www.ull.es\/portal\/noticias\/#website"},"datePublished":"2018-06-08T10:52:33+00:00","dateModified":"2018-06-08T14:59:19+00:00","author":{"@id":"https:\/\/www.ull.es\/portal\/noticias\/#\/schema\/person\/b2b1a89d43ffa609e591f7df8ef3e817"},"breadcrumb":{"@id":"https:\/\/www.ull.es\/portal\/noticias\/2018\/la-asociacion-de-antiguos-alumnos-alumni-ull-se-reune-con-el-presidente-del-gobierno-de-canarias\/#breadcrumb"},"inLanguage":"es","potentialAction":[{"@type":"ReadAction","target":["https:\/\/www.ull.es\/portal\/noticias\/2018\/la-asociacion-de-antiguos-alumnos-alumni-ull-se-reune-con-el-presidente-del-gobierno-de-canarias\/"]}]},{"@type":"BreadcrumbList","@id":"https:\/\/www.ull.es\/portal\/noticias\/2018\/la-asociacion-de-antiguos-alumnos-alumni-ull-se-reune-con-el-presidente-del-gobierno-de-canarias\/#breadcrumb","itemListElement":[{"@type":"ListItem","position":1,"name":"Portada","item":"https:\/\/www.ull.es\/portal\/noticias\/"},{"@type":"ListItem","position":2,"name":"La asociaci\u00f3n de antiguos alumnos Alumni ULL se re\u00fane con el presidente del Gobierno de Canarias"}]},{"@type":"WebSite","@id":"https:\/\/www.ull.es\/portal\/noticias\/#website","url":"https:\/\/www.ull.es\/portal\/noticias\/","name":"ULL - Noticias","description":"","potentialAction":[{"@type":"SearchAction","target":{"@type":"EntryPoint","urlTemplate":"https:\/\/www.ull.es\/portal\/noticias\/?s={search_term_string}"},"query-input":"required name=search_term_string"}],"inLanguage":"es"},{"@type":"Person","@id":"https:\/\/www.ull.es\/portal\/noticias\/#\/schema\/person\/b2b1a89d43ffa609e591f7df8ef3e817","name":"gaprsa","image":{"@type":"ImageObject","inLanguage":"es","@id":"https:\/\/www.ull.es\/portal\/noticias\/#\/schema\/person\/image\/","url":"https:\/\/secure.gravatar.com\/avatar\/443820550921091458b4823867723b3d?s=96&d=mm&r=g","contentUrl":"https:\/\/secure.gravatar.com\/avatar\/443820550921091458b4823867723b3d?s=96&d=mm&r=g","caption":"gaprsa"},"url":"https:\/\/www.ull.es\/portal\/noticias\/author\/gaprsa\/"}]}},"primary_category":{"id":348,"name":"Instituci\u00f3n","slug":"institucion","link":"https:\/\/www.ull.es\/portal\/noticias\/category\/institucion\/"},"featured_image_thumbnail_url":"https:\/\/www.ull.es\/portal\/noticias\/wp-content\/uploads\/sites\/13\/2018\/06\/Visita-Clavijo-a-Alumni-300x200.jpg","_links":{"self":[{"href":"https:\/\/www.ull.es\/portal\/noticias\/wp-json\/wp\/v2\/posts\/37426"}],"collection":[{"href":"https:\/\/www.ull.es\/portal\/noticias\/wp-json\/wp\/v2\/posts"}],"about":[{"href":"https:\/\/www.ull.es\/portal\/noticias\/wp-json\/wp\/v2\/types\/post"}],"author":[{"embeddable":true,"href":"https:\/\/www.ull.es\/portal\/noticias\/wp-json\/wp\/v2\/users\/23"}],"replies":[{"embeddable":true,"href":"https:\/\/www.ull.es\/portal\/noticias\/wp-json\/wp\/v2\/comments?post=37426"}],"version-history":[{"count":2,"href":"https:\/\/www.ull.es\/portal\/noticias\/wp-json\/wp\/v2\/posts\/37426\/revisions"}],"predecessor-version":[{"id":37450,"href":"https:\/\/www.ull.es\/portal\/noticias\/wp-json\/wp\/v2\/posts\/37426\/revisions\/37450"}],"wp:featuredmedia":[{"embeddable":true,"href":"https:\/\/www.ull.es\/portal\/noticias\/wp-json\/wp\/v2\/media\/37428"}],"wp:attachment":[{"href":"https:\/\/www.ull.es\/portal\/noticias\/wp-json\/wp\/v2\/media?parent=37426"}],"wp:term":[{"taxonomy":"category","embeddable":true,"href":"https:\/\/www.ull.es\/portal\/noticias\/wp-json\/wp\/v2\/categories?post=37426"},{"taxonomy":"post_tag","embeddable":true,"href":"https:\/\/www.ull.es\/portal\/noticias\/wp-json\/wp\/v2\/tags?post=37426"}],"curies":[{"name":"wp","href":"https:\/\/api.w.org\/{rel}","templated":true}]}}