{"id":37552,"date":"2018-06-14T14:39:32","date_gmt":"2018-06-14T14:39:32","guid":{"rendered":"https:\/\/www.ull.es\/portal\/noticias\/?p=37552"},"modified":"2018-06-14T17:42:48","modified_gmt":"2018-06-14T17:42:48","slug":"el-9426-del-alumnado-presentado-en-la-provincia-de-santa-cruz-de-tenerife-ha-superado-la-ebau","status":"publish","type":"post","link":"https:\/\/www.ull.es\/portal\/noticias\/2018\/el-9426-del-alumnado-presentado-en-la-provincia-de-santa-cruz-de-tenerife-ha-superado-la-ebau\/","title":{"rendered":"El 94,26% del alumnado presentado en la provincia de Santa Cruz de Tenerife ha superado la EBAU"},"content":{"rendered":"<p>Un total de 3.944 estudiantes ha superado la Evaluaci\u00f3n de Bachillerato para el Acceso a la Universidad (EBAU) en la provincia de Santa Cruz de Tenerife, de un total de 4.231 personas matriculadas, lo que equivale a una tasa de \u00e9xito del 94,26%, mientras que 240 suspendieron la prueba y 47 no se presentaron a ella. Estos resultados son ligeramente inferiores a los de junio de 2017, cuando la tasa de aprobados para 4.141 inscritos fue del 96,70%.<\/p>\n<p>Por modalidades, en la de Artes se registraron 145 personas, de las cuales aprobaron 136, que supone un 95,10%, suspendieron 7 y dejaron de presentarse 2. En Ciencias hubo 2.338 inscritos, con 2.213 aprobados (95,51%), 104 suspensos y 21 no presentados. En Humanidades y Ciencias Sociales, itinerario Ciencias Sociales, se matricularon 1.157, de los cuales aprobaron 1.059 (92,731%), suspendieron 83 y dejaron de acudir a las pruebas 15. En Humanidades y Ciencias Sociales, itinerario Humanidades, hubo 591 inscritos, de los cuales aprobaron 636 (92,10%), suspendieron 46 y no se presentaron 9.<\/p>\n<p>Desde el punto de vista insular, en Tenerife el porcentaje de aprobados fue del 94,12% sobre el total de 3.521 presentados, con 220 suspensos y 45 no presentados. En La Palma, de 325 inscritos aprobaron 310 (95,68%), no lo hicieron 14 y dej\u00f3 de presentarse uno. En La Gomera, de 87 inscritos aprobaron 84 (96,55%) y suspendieron. Y en El Hierro, de 33 registrados superaron la EBAU 29 (90,63%), 3 no lo consiguieron y uno no se present\u00f3.<\/p>\n<p>Estos resultados se refieren a la modalidad general de la prueba, puesto que la fase de opci\u00f3n, de car\u00e1cter voluntario, no permite ofrecer valores promedios al no realizar todo el alumnado los ex\u00e1menes y, adem\u00e1s, existir varias opciones disponibles.<\/p>\n<p>A partir de ma\u00f1ana, 15 de junio, y hasta las 12:00 del 19 de junio estar\u00e1 abierto el plazo para que el alumnado en desacuerdo con su calificaci\u00f3n solicite tanto la revisi\u00f3n simple como doble correcci\u00f3n. Ambas opciones son excluyentes, es decir, que s\u00f3lo se podr\u00e1 acceder a una de las dos. Habr\u00e1 una segunda convocatoria de la EBAU en julio, concretamente entre los d\u00edas 4 y 6, que se desarrollar\u00e1 en los mismos escenarios que la prueba de junio.<\/p>\n<p><strong>Preinscripci\u00f3n<\/strong><\/p>\n<p>Con la nota obtenida en la EBAU, el alumnado podr\u00e1 solicitar la preinscripci\u00f3n para solicitar plaza en alguna titulaci\u00f3n de grado de la Universidad de La Laguna para el curso 2018\/19. Dicho proceso se abrir\u00e1 ma\u00f1ana, viernes 15 de junio, y permanecer\u00e1 activo hasta el 2 de julio.<\/p>\n<p>El 5 de julio se publicar\u00e1 el estado de la solicitud de cada candidatura, es decir, si est\u00e1 admitida a tr\u00e1mite o si, por el contrario, hay alguna raz\u00f3n burocr\u00e1tica que la ha excluido. Entre ese d\u00eda y el 9 de julio habr\u00e1 un plazo para solucionar cualquier eventualidad.<\/p>\n<p>La primera lista de adjudicaci\u00f3n de plazas aparecer\u00e1 el 13 de julio, y desde ese mismo d\u00eda hasta el 17 de julio, podr\u00e1n matricularse aquellas personas que hayan obtenido un puesto en la titulaci\u00f3n que solicitaron como primera opci\u00f3n.<\/p>\n<p>La segunda lista de adjudicaci\u00f3n aparecer\u00e1 el 19 de julio, y la matr\u00edcula para las personas incluidas en ella estar\u00e1 abierta hasta el 23 del mismo mes. La ejecuci\u00f3n de la lista de espera publicada el 19 de julio se celebrar\u00e1 los d\u00edas 25 y 26 de julio y su matr\u00edcula correspondiente, del 27 al 31 julio.<\/p>\n<p>Una vez culmine el procedimiento ordinario, la ULL abrir\u00e1 un periodo extraordinario para cubrir las vacantes que pudieran haber quedado en alguna titulaci\u00f3n, que se abrir\u00e1 entre el 28 y el 30 de agosto.<\/p>\n","protected":false},"excerpt":{"rendered":"<p>Un total de 3.944 estudiantes ha superado la Evaluaci\u00f3n de Bachillerato para el Acceso a la Universidad (EBAU) en la&#8230;<\/p>\n","protected":false},"author":23,"featured_media":37554,"comment_status":"closed","ping_status":"closed","sticky":false,"template":"","format":"standard","meta":{"inline_featured_image":false,"footnotes":""},"categories":[343,345,2765],"tags":[2879,2138],"acf":[],"yoast_head":"<!-- This site is optimized with the Yoast SEO plugin v21.3 - https:\/\/yoast.com\/wordpress\/plugins\/seo\/ -->\n<title>El 94,26% del alumnado presentado en la provincia de Santa Cruz de Tenerife ha superado la EBAU - ULL - Noticias<\/title>\n<meta name=\"robots\" content=\"index, follow, max-snippet:-1, max-image-preview:large, max-video-preview:-1\" \/>\n<link rel=\"canonical\" href=\"https:\/\/www.ull.es\/portal\/noticias\/2018\/el-9426-del-alumnado-presentado-en-la-provincia-de-santa-cruz-de-tenerife-ha-superado-la-ebau\/\" \/>\n<meta property=\"og:locale\" content=\"es_ES\" \/>\n<meta property=\"og:type\" content=\"article\" \/>\n<meta property=\"og:title\" content=\"El 94,26% del alumnado presentado en la provincia de Santa Cruz de Tenerife ha superado la EBAU - ULL - Noticias\" \/>\n<meta property=\"og:description\" content=\"Un total de 3.944 estudiantes ha superado la Evaluaci\u00f3n de Bachillerato para el Acceso a la Universidad (EBAU) en la...\" \/>\n<meta property=\"og:url\" content=\"https:\/\/www.ull.es\/portal\/noticias\/2018\/el-9426-del-alumnado-presentado-en-la-provincia-de-santa-cruz-de-tenerife-ha-superado-la-ebau\/\" \/>\n<meta property=\"og:site_name\" content=\"ULL - Noticias\" \/>\n<meta property=\"article:publisher\" content=\"https:\/\/www.facebook.com\/universidaddelalaguna\/\" \/>\n<meta property=\"article:published_time\" content=\"2018-06-14T14:39:32+00:00\" \/>\n<meta property=\"article:modified_time\" content=\"2018-06-14T17:42:48+00:00\" \/>\n<meta property=\"og:image\" content=\"https:\/\/www.ull.es\/portal\/noticias\/wp-content\/uploads\/sites\/13\/2018\/06\/EBAU-ULL-12.jpg\" \/>\n\t<meta property=\"og:image:width\" content=\"1600\" \/>\n\t<meta property=\"og:image:height\" content=\"1067\" \/>\n\t<meta property=\"og:image:type\" content=\"image\/jpeg\" \/>\n<meta name=\"author\" content=\"gaprsa\" \/>\n<meta name=\"twitter:card\" content=\"summary_large_image\" \/>\n<meta name=\"twitter:creator\" content=\"@CanalULL\" \/>\n<meta name=\"twitter:site\" content=\"@CanalULL\" \/>\n<meta name=\"twitter:label1\" content=\"Escrito por\" \/>\n\t<meta name=\"twitter:data1\" content=\"gaprsa\" \/>\n\t<meta name=\"twitter:label2\" content=\"Tiempo de lectura\" \/>\n\t<meta name=\"twitter:data2\" content=\"3 minutos\" \/>\n<script type=\"application\/ld+json\" class=\"yoast-schema-graph\">{\"@context\":\"https:\/\/schema.org\",\"@graph\":[{\"@type\":\"WebPage\",\"@id\":\"https:\/\/www.ull.es\/portal\/noticias\/2018\/el-9426-del-alumnado-presentado-en-la-provincia-de-santa-cruz-de-tenerife-ha-superado-la-ebau\/\",\"url\":\"https:\/\/www.ull.es\/portal\/noticias\/2018\/el-9426-del-alumnado-presentado-en-la-provincia-de-santa-cruz-de-tenerife-ha-superado-la-ebau\/\",\"name\":\"El 94,26% del alumnado presentado en la provincia de Santa Cruz de Tenerife ha superado la EBAU - ULL - Noticias\",\"isPartOf\":{\"@id\":\"https:\/\/www.ull.es\/portal\/noticias\/#website\"},\"datePublished\":\"2018-06-14T14:39:32+00:00\",\"dateModified\":\"2018-06-14T17:42:48+00:00\",\"author\":{\"@id\":\"https:\/\/www.ull.es\/portal\/noticias\/#\/schema\/person\/b2b1a89d43ffa609e591f7df8ef3e817\"},\"breadcrumb\":{\"@id\":\"https:\/\/www.ull.es\/portal\/noticias\/2018\/el-9426-del-alumnado-presentado-en-la-provincia-de-santa-cruz-de-tenerife-ha-superado-la-ebau\/#breadcrumb\"},\"inLanguage\":\"es\",\"potentialAction\":[{\"@type\":\"ReadAction\",\"target\":[\"https:\/\/www.ull.es\/portal\/noticias\/2018\/el-9426-del-alumnado-presentado-en-la-provincia-de-santa-cruz-de-tenerife-ha-superado-la-ebau\/\"]}]},{\"@type\":\"BreadcrumbList\",\"@id\":\"https:\/\/www.ull.es\/portal\/noticias\/2018\/el-9426-del-alumnado-presentado-en-la-provincia-de-santa-cruz-de-tenerife-ha-superado-la-ebau\/#breadcrumb\",\"itemListElement\":[{\"@type\":\"ListItem\",\"position\":1,\"name\":\"Portada\",\"item\":\"https:\/\/www.ull.es\/portal\/noticias\/\"},{\"@type\":\"ListItem\",\"position\":2,\"name\":\"El 94,26% del alumnado presentado en la provincia de Santa Cruz de Tenerife ha superado la EBAU\"}]},{\"@type\":\"WebSite\",\"@id\":\"https:\/\/www.ull.es\/portal\/noticias\/#website\",\"url\":\"https:\/\/www.ull.es\/portal\/noticias\/\",\"name\":\"ULL - Noticias\",\"description\":\"\",\"potentialAction\":[{\"@type\":\"SearchAction\",\"target\":{\"@type\":\"EntryPoint\",\"urlTemplate\":\"https:\/\/www.ull.es\/portal\/noticias\/?s={search_term_string}\"},\"query-input\":\"required name=search_term_string\"}],\"inLanguage\":\"es\"},{\"@type\":\"Person\",\"@id\":\"https:\/\/www.ull.es\/portal\/noticias\/#\/schema\/person\/b2b1a89d43ffa609e591f7df8ef3e817\",\"name\":\"gaprsa\",\"image\":{\"@type\":\"ImageObject\",\"inLanguage\":\"es\",\"@id\":\"https:\/\/www.ull.es\/portal\/noticias\/#\/schema\/person\/image\/\",\"url\":\"https:\/\/secure.gravatar.com\/avatar\/443820550921091458b4823867723b3d?s=96&d=mm&r=g\",\"contentUrl\":\"https:\/\/secure.gravatar.com\/avatar\/443820550921091458b4823867723b3d?s=96&d=mm&r=g\",\"caption\":\"gaprsa\"},\"url\":\"https:\/\/www.ull.es\/portal\/noticias\/author\/gaprsa\/\"}]}<\/script>\n<!-- \/ Yoast SEO plugin. -->","yoast_head_json":{"title":"El 94,26% del alumnado presentado en la provincia de Santa Cruz de Tenerife ha superado la EBAU - ULL - Noticias","robots":{"index":"index","follow":"follow","max-snippet":"max-snippet:-1","max-image-preview":"max-image-preview:large","max-video-preview":"max-video-preview:-1"},"canonical":"https:\/\/www.ull.es\/portal\/noticias\/2018\/el-9426-del-alumnado-presentado-en-la-provincia-de-santa-cruz-de-tenerife-ha-superado-la-ebau\/","og_locale":"es_ES","og_type":"article","og_title":"El 94,26% del alumnado presentado en la provincia de Santa Cruz de Tenerife ha superado la EBAU - ULL - Noticias","og_description":"Un total de 3.944 estudiantes ha superado la Evaluaci\u00f3n de Bachillerato para el Acceso a la Universidad (EBAU) en la...","og_url":"https:\/\/www.ull.es\/portal\/noticias\/2018\/el-9426-del-alumnado-presentado-en-la-provincia-de-santa-cruz-de-tenerife-ha-superado-la-ebau\/","og_site_name":"ULL - Noticias","article_publisher":"https:\/\/www.facebook.com\/universidaddelalaguna\/","article_published_time":"2018-06-14T14:39:32+00:00","article_modified_time":"2018-06-14T17:42:48+00:00","og_image":[{"width":1600,"height":1067,"url":"https:\/\/www.ull.es\/portal\/noticias\/wp-content\/uploads\/sites\/13\/2018\/06\/EBAU-ULL-12.jpg","type":"image\/jpeg"}],"author":"gaprsa","twitter_card":"summary_large_image","twitter_creator":"@CanalULL","twitter_site":"@CanalULL","twitter_misc":{"Escrito por":"gaprsa","Tiempo de lectura":"3 minutos"},"schema":{"@context":"https:\/\/schema.org","@graph":[{"@type":"WebPage","@id":"https:\/\/www.ull.es\/portal\/noticias\/2018\/el-9426-del-alumnado-presentado-en-la-provincia-de-santa-cruz-de-tenerife-ha-superado-la-ebau\/","url":"https:\/\/www.ull.es\/portal\/noticias\/2018\/el-9426-del-alumnado-presentado-en-la-provincia-de-santa-cruz-de-tenerife-ha-superado-la-ebau\/","name":"El 94,26% del alumnado presentado en la provincia de Santa Cruz de Tenerife ha superado la EBAU - ULL - Noticias","isPartOf":{"@id":"https:\/\/www.ull.es\/portal\/noticias\/#website"},"datePublished":"2018-06-14T14:39:32+00:00","dateModified":"2018-06-14T17:42:48+00:00","author":{"@id":"https:\/\/www.ull.es\/portal\/noticias\/#\/schema\/person\/b2b1a89d43ffa609e591f7df8ef3e817"},"breadcrumb":{"@id":"https:\/\/www.ull.es\/portal\/noticias\/2018\/el-9426-del-alumnado-presentado-en-la-provincia-de-santa-cruz-de-tenerife-ha-superado-la-ebau\/#breadcrumb"},"inLanguage":"es","potentialAction":[{"@type":"ReadAction","target":["https:\/\/www.ull.es\/portal\/noticias\/2018\/el-9426-del-alumnado-presentado-en-la-provincia-de-santa-cruz-de-tenerife-ha-superado-la-ebau\/"]}]},{"@type":"BreadcrumbList","@id":"https:\/\/www.ull.es\/portal\/noticias\/2018\/el-9426-del-alumnado-presentado-en-la-provincia-de-santa-cruz-de-tenerife-ha-superado-la-ebau\/#breadcrumb","itemListElement":[{"@type":"ListItem","position":1,"name":"Portada","item":"https:\/\/www.ull.es\/portal\/noticias\/"},{"@type":"ListItem","position":2,"name":"El 94,26% del alumnado presentado en la provincia de Santa Cruz de Tenerife ha superado la EBAU"}]},{"@type":"WebSite","@id":"https:\/\/www.ull.es\/portal\/noticias\/#website","url":"https:\/\/www.ull.es\/portal\/noticias\/","name":"ULL - Noticias","description":"","potentialAction":[{"@type":"SearchAction","target":{"@type":"EntryPoint","urlTemplate":"https:\/\/www.ull.es\/portal\/noticias\/?s={search_term_string}"},"query-input":"required name=search_term_string"}],"inLanguage":"es"},{"@type":"Person","@id":"https:\/\/www.ull.es\/portal\/noticias\/#\/schema\/person\/b2b1a89d43ffa609e591f7df8ef3e817","name":"gaprsa","image":{"@type":"ImageObject","inLanguage":"es","@id":"https:\/\/www.ull.es\/portal\/noticias\/#\/schema\/person\/image\/","url":"https:\/\/secure.gravatar.com\/avatar\/443820550921091458b4823867723b3d?s=96&d=mm&r=g","contentUrl":"https:\/\/secure.gravatar.com\/avatar\/443820550921091458b4823867723b3d?s=96&d=mm&r=g","caption":"gaprsa"},"url":"https:\/\/www.ull.es\/portal\/noticias\/author\/gaprsa\/"}]}},"primary_category":{"id":343,"name":"Alumnado","slug":"alumnado","link":"https:\/\/www.ull.es\/portal\/noticias\/category\/alumnado\/"},"featured_image_thumbnail_url":"https:\/\/www.ull.es\/portal\/noticias\/wp-content\/uploads\/sites\/13\/2018\/06\/EBAU-ULL-12-300x200.jpg","_links":{"self":[{"href":"https:\/\/www.ull.es\/portal\/noticias\/wp-json\/wp\/v2\/posts\/37552"}],"collection":[{"href":"https:\/\/www.ull.es\/portal\/noticias\/wp-json\/wp\/v2\/posts"}],"about":[{"href":"https:\/\/www.ull.es\/portal\/noticias\/wp-json\/wp\/v2\/types\/post"}],"author":[{"embeddable":true,"href":"https:\/\/www.ull.es\/portal\/noticias\/wp-json\/wp\/v2\/users\/23"}],"replies":[{"embeddable":true,"href":"https:\/\/www.ull.es\/portal\/noticias\/wp-json\/wp\/v2\/comments?post=37552"}],"version-history":[{"count":2,"href":"https:\/\/www.ull.es\/portal\/noticias\/wp-json\/wp\/v2\/posts\/37552\/revisions"}],"predecessor-version":[{"id":37555,"href":"https:\/\/www.ull.es\/portal\/noticias\/wp-json\/wp\/v2\/posts\/37552\/revisions\/37555"}],"wp:featuredmedia":[{"embeddable":true,"href":"https:\/\/www.ull.es\/portal\/noticias\/wp-json\/wp\/v2\/media\/37554"}],"wp:attachment":[{"href":"https:\/\/www.ull.es\/portal\/noticias\/wp-json\/wp\/v2\/media?parent=37552"}],"wp:term":[{"taxonomy":"category","embeddable":true,"href":"https:\/\/www.ull.es\/portal\/noticias\/wp-json\/wp\/v2\/categories?post=37552"},{"taxonomy":"post_tag","embeddable":true,"href":"https:\/\/www.ull.es\/portal\/noticias\/wp-json\/wp\/v2\/tags?post=37552"}],"curies":[{"name":"wp","href":"https:\/\/api.w.org\/{rel}","templated":true}]}}