{"id":37585,"date":"2018-06-15T09:15:50","date_gmt":"2018-06-15T09:15:50","guid":{"rendered":"https:\/\/www.ull.es\/portal\/noticias\/?p=37585"},"modified":"2018-06-15T09:15:50","modified_gmt":"2018-06-15T09:15:50","slug":"paraninfo-version-solidaria-mago-de-oz","status":"publish","type":"post","link":"https:\/\/www.ull.es\/portal\/noticias\/2018\/paraninfo-version-solidaria-mago-de-oz\/","title":{"rendered":"El Paraninfo de la ULL acoge la representaci\u00f3n de una versi\u00f3n solidaria e inclusiva de \u2018El Mago de Oz\u2019"},"content":{"rendered":"<p>El Paraninfo de la Universidad de La Laguna acoger\u00e1 el pr\u00f3ximo domingo, 17 de junio, a partir de las 18.30 horas, una versi\u00f3n teatral muy especial de \u2018El Mago de Oz\u2019, en la cual los actores y actrices principales son personas con autismo y s\u00edndrome de Asperger. Esta iniciativa solidaria e inclusiva se enmarca dentro del Proyecto Platea de la <a href=\"https:\/\/www.fundaciondisa.org\/\" target=\"_blank\" rel=\"noopener\" target=\"_blank\" rel=\"noopener\">Fundaci\u00f3n DISA<\/a>.<\/p>\n<p>El Proyecto Platea tiene como objetivo general mejorar las relaciones sociales, el contacto visual, la capacidad de expresi\u00f3n verbal y corporal, as\u00ed como la empat\u00eda de sus participantes a trav\u00e9s del teatro. Es, en definitiva, una f\u00f3rmula para fomentar la inclusi\u00f3n social a trav\u00e9s del arte y facilitar herramientas a las personas con autismo que les ayuden a mejorar su autoestima y las relaciones con los dem\u00e1s.<\/p>\n<p>En estos talleres, que comenzaron en septiembre de 2017, han participado doce alumnos con edades comprendidas entre los 16 y los 39 a\u00f1os. Entre ellos se encuentran cinco miembros de Asperger Islas Canarias (Aspercan), tres de la Asociaci\u00f3n Padres de Personas con Autismo (Apanate) y cuatro voluntarios, quienes, bajo la direcci\u00f3n de Elida Gazmira P\u00e9rez, han profundizado en la disciplina teatral. El montaje del espect\u00e1culo \u2018El Mago de Oz\u2019 en el Paraninfo supone el broche final del curso y la primera vez que se exhibe en p\u00fablico.<\/p>\n<p>La entrada tiene un precio de 10 euros y pueden adquirirse v\u00eda online en el portal <a href=\"https:\/\/www.tomaticket.es\/entradas-el-mago-de-oz-tenerife\" target=\"_blank\" rel=\"noopener\" target=\"_blank\" rel=\"noopener\">Tomaticket<\/a>. La recaudaci\u00f3n ir\u00e1 destinada \u00edntegramente a sufragar los gastos de las actividades de las asociaciones Aspercan y Apanate, colaboradoras del programa.<\/p>\n<p>La Fundaci\u00f3n DISA lleva impulsando, desde su creaci\u00f3n en 2011, diferentes proyectos de responsabilidad social corporativa en cuatro \u00e1reas de actividad: social, medioambiental, deportivo-cultural y educativo.<\/p>\n<p>La ONG Apanate nace en 1995, de la mano de un grupo de familias con personas afectadas por Trastornos del Espectro del Autismo (TEA)a su cargo. Actualmente, cuenta con cuatro centros, m\u00e1s de 180 socios y un equipo voluntario que hacen posible la atenci\u00f3n integral a personas con TEA.<\/p>\n<p>Por su parte, la asociaci\u00f3n Aspercan surge en 2005, fruto de la inquietud de un grupo de familiares, para luchar por los derechos de las personas con S\u00edndrome de Asperger y sus familias, adem\u00e1s de promover su diagn\u00f3stico precoz, tratamiento y plena integraci\u00f3n social y laboral.<\/p>\n","protected":false},"excerpt":{"rendered":"<p>El Paraninfo de la Universidad de La Laguna acoger\u00e1 el pr\u00f3ximo domingo, 17 de junio, a partir de las 18.30&#8230;<\/p>\n","protected":false},"author":21,"featured_media":37587,"comment_status":"closed","ping_status":"closed","sticky":false,"template":"","format":"standard","meta":{"inline_featured_image":false,"footnotes":""},"categories":[344,345,2752,2753,2755,2754,2765],"tags":[4461,4460,4462,599,1328,2047,2452],"acf":[],"yoast_head":"<!-- This site is optimized with the Yoast SEO plugin v21.3 - https:\/\/yoast.com\/wordpress\/plugins\/seo\/ -->\n<title>El Paraninfo acoge una versi\u00f3n solidaria e inclusiva de \u2018El Mago de Oz\u2019<\/title>\n<meta name=\"description\" content=\"El Paraninfo de la ULL acoge el domingo, 17 de junio a las 18.30 horas una versi\u00f3n teatral de \u2018El Mago de Oz\u2019 en la cual los actores y actrices principales son personas con autismo y s\u00edndrome de Asperger. Esta iniciativa solidaria e inclusiva se enmarca dentro del Proyecto Platea de la Fundaci\u00f3n DISA.\" \/>\n<meta name=\"robots\" content=\"index, follow, max-snippet:-1, max-image-preview:large, max-video-preview:-1\" \/>\n<link rel=\"canonical\" href=\"https:\/\/www.ull.es\/portal\/noticias\/2018\/paraninfo-version-solidaria-mago-de-oz\/\" \/>\n<meta property=\"og:locale\" content=\"es_ES\" \/>\n<meta property=\"og:type\" content=\"article\" \/>\n<meta property=\"og:title\" content=\"El Paraninfo acoge una versi\u00f3n solidaria e inclusiva de \u2018El Mago de Oz\u2019\" \/>\n<meta property=\"og:description\" content=\"El Paraninfo de la ULL acoge el domingo, 17 de junio a las 18.30 horas una versi\u00f3n teatral de \u2018El Mago de Oz\u2019 en la cual los actores y actrices principales son personas con autismo y s\u00edndrome de Asperger. Esta iniciativa solidaria e inclusiva se enmarca dentro del Proyecto Platea de la Fundaci\u00f3n DISA.\" \/>\n<meta property=\"og:url\" content=\"https:\/\/www.ull.es\/portal\/noticias\/2018\/paraninfo-version-solidaria-mago-de-oz\/\" \/>\n<meta property=\"og:site_name\" content=\"ULL - Noticias\" \/>\n<meta property=\"article:publisher\" content=\"https:\/\/www.facebook.com\/universidaddelalaguna\/\" \/>\n<meta property=\"article:published_time\" content=\"2018-06-15T09:15:50+00:00\" \/>\n<meta property=\"og:image\" content=\"https:\/\/www.ull.es\/portal\/noticias\/wp-content\/uploads\/sites\/13\/2018\/06\/mago-oz-disa.jpg\" \/>\n\t<meta property=\"og:image:width\" content=\"1024\" \/>\n\t<meta property=\"og:image:height\" content=\"682\" \/>\n\t<meta property=\"og:image:type\" content=\"image\/jpeg\" \/>\n<meta name=\"author\" content=\"prensa2\" \/>\n<meta name=\"twitter:card\" content=\"summary_large_image\" \/>\n<meta name=\"twitter:creator\" content=\"@CanalULL\" \/>\n<meta name=\"twitter:site\" content=\"@CanalULL\" \/>\n<meta name=\"twitter:label1\" content=\"Escrito por\" \/>\n\t<meta name=\"twitter:data1\" content=\"prensa2\" \/>\n\t<meta name=\"twitter:label2\" content=\"Tiempo de lectura\" \/>\n\t<meta name=\"twitter:data2\" content=\"2 minutos\" \/>\n<script type=\"application\/ld+json\" class=\"yoast-schema-graph\">{\"@context\":\"https:\/\/schema.org\",\"@graph\":[{\"@type\":\"WebPage\",\"@id\":\"https:\/\/www.ull.es\/portal\/noticias\/2018\/paraninfo-version-solidaria-mago-de-oz\/\",\"url\":\"https:\/\/www.ull.es\/portal\/noticias\/2018\/paraninfo-version-solidaria-mago-de-oz\/\",\"name\":\"El Paraninfo acoge una versi\u00f3n solidaria e inclusiva de \u2018El Mago de Oz\u2019\",\"isPartOf\":{\"@id\":\"https:\/\/www.ull.es\/portal\/noticias\/#website\"},\"datePublished\":\"2018-06-15T09:15:50+00:00\",\"dateModified\":\"2018-06-15T09:15:50+00:00\",\"author\":{\"@id\":\"https:\/\/www.ull.es\/portal\/noticias\/#\/schema\/person\/c3b2aa857797592927a03740d6664376\"},\"description\":\"El Paraninfo de la ULL acoge el domingo, 17 de junio a las 18.30 horas una versi\u00f3n teatral de \u2018El Mago de Oz\u2019 en la cual los actores y actrices principales son personas con autismo y s\u00edndrome de Asperger. Esta iniciativa solidaria e inclusiva se enmarca dentro del Proyecto Platea de la Fundaci\u00f3n DISA.\",\"breadcrumb\":{\"@id\":\"https:\/\/www.ull.es\/portal\/noticias\/2018\/paraninfo-version-solidaria-mago-de-oz\/#breadcrumb\"},\"inLanguage\":\"es\",\"potentialAction\":[{\"@type\":\"ReadAction\",\"target\":[\"https:\/\/www.ull.es\/portal\/noticias\/2018\/paraninfo-version-solidaria-mago-de-oz\/\"]}]},{\"@type\":\"BreadcrumbList\",\"@id\":\"https:\/\/www.ull.es\/portal\/noticias\/2018\/paraninfo-version-solidaria-mago-de-oz\/#breadcrumb\",\"itemListElement\":[{\"@type\":\"ListItem\",\"position\":1,\"name\":\"Portada\",\"item\":\"https:\/\/www.ull.es\/portal\/noticias\/\"},{\"@type\":\"ListItem\",\"position\":2,\"name\":\"El Paraninfo de la ULL acoge la representaci\u00f3n de una versi\u00f3n solidaria e inclusiva de \u2018El Mago de Oz\u2019\"}]},{\"@type\":\"WebSite\",\"@id\":\"https:\/\/www.ull.es\/portal\/noticias\/#website\",\"url\":\"https:\/\/www.ull.es\/portal\/noticias\/\",\"name\":\"ULL - Noticias\",\"description\":\"\",\"potentialAction\":[{\"@type\":\"SearchAction\",\"target\":{\"@type\":\"EntryPoint\",\"urlTemplate\":\"https:\/\/www.ull.es\/portal\/noticias\/?s={search_term_string}\"},\"query-input\":\"required name=search_term_string\"}],\"inLanguage\":\"es\"},{\"@type\":\"Person\",\"@id\":\"https:\/\/www.ull.es\/portal\/noticias\/#\/schema\/person\/c3b2aa857797592927a03740d6664376\",\"name\":\"prensa2\",\"image\":{\"@type\":\"ImageObject\",\"inLanguage\":\"es\",\"@id\":\"https:\/\/www.ull.es\/portal\/noticias\/#\/schema\/person\/image\/\",\"url\":\"https:\/\/secure.gravatar.com\/avatar\/b58f310a5de5feb33d1e026d2493f23c?s=96&d=mm&r=g\",\"contentUrl\":\"https:\/\/secure.gravatar.com\/avatar\/b58f310a5de5feb33d1e026d2493f23c?s=96&d=mm&r=g\",\"caption\":\"prensa2\"},\"url\":\"https:\/\/www.ull.es\/portal\/noticias\/author\/prensa2\/\"}]}<\/script>\n<!-- \/ Yoast SEO plugin. -->","yoast_head_json":{"title":"El Paraninfo acoge una versi\u00f3n solidaria e inclusiva de \u2018El Mago de Oz\u2019","description":"El Paraninfo de la ULL acoge el domingo, 17 de junio a las 18.30 horas una versi\u00f3n teatral de \u2018El Mago de Oz\u2019 en la cual los actores y actrices principales son personas con autismo y s\u00edndrome de Asperger. Esta iniciativa solidaria e inclusiva se enmarca dentro del Proyecto Platea de la Fundaci\u00f3n DISA.","robots":{"index":"index","follow":"follow","max-snippet":"max-snippet:-1","max-image-preview":"max-image-preview:large","max-video-preview":"max-video-preview:-1"},"canonical":"https:\/\/www.ull.es\/portal\/noticias\/2018\/paraninfo-version-solidaria-mago-de-oz\/","og_locale":"es_ES","og_type":"article","og_title":"El Paraninfo acoge una versi\u00f3n solidaria e inclusiva de \u2018El Mago de Oz\u2019","og_description":"El Paraninfo de la ULL acoge el domingo, 17 de junio a las 18.30 horas una versi\u00f3n teatral de \u2018El Mago de Oz\u2019 en la cual los actores y actrices principales son personas con autismo y s\u00edndrome de Asperger. Esta iniciativa solidaria e inclusiva se enmarca dentro del Proyecto Platea de la Fundaci\u00f3n DISA.","og_url":"https:\/\/www.ull.es\/portal\/noticias\/2018\/paraninfo-version-solidaria-mago-de-oz\/","og_site_name":"ULL - Noticias","article_publisher":"https:\/\/www.facebook.com\/universidaddelalaguna\/","article_published_time":"2018-06-15T09:15:50+00:00","og_image":[{"width":1024,"height":682,"url":"https:\/\/www.ull.es\/portal\/noticias\/wp-content\/uploads\/sites\/13\/2018\/06\/mago-oz-disa.jpg","type":"image\/jpeg"}],"author":"prensa2","twitter_card":"summary_large_image","twitter_creator":"@CanalULL","twitter_site":"@CanalULL","twitter_misc":{"Escrito por":"prensa2","Tiempo de lectura":"2 minutos"},"schema":{"@context":"https:\/\/schema.org","@graph":[{"@type":"WebPage","@id":"https:\/\/www.ull.es\/portal\/noticias\/2018\/paraninfo-version-solidaria-mago-de-oz\/","url":"https:\/\/www.ull.es\/portal\/noticias\/2018\/paraninfo-version-solidaria-mago-de-oz\/","name":"El Paraninfo acoge una versi\u00f3n solidaria e inclusiva de \u2018El Mago de Oz\u2019","isPartOf":{"@id":"https:\/\/www.ull.es\/portal\/noticias\/#website"},"datePublished":"2018-06-15T09:15:50+00:00","dateModified":"2018-06-15T09:15:50+00:00","author":{"@id":"https:\/\/www.ull.es\/portal\/noticias\/#\/schema\/person\/c3b2aa857797592927a03740d6664376"},"description":"El Paraninfo de la ULL acoge el domingo, 17 de junio a las 18.30 horas una versi\u00f3n teatral de \u2018El Mago de Oz\u2019 en la cual los actores y actrices principales son personas con autismo y s\u00edndrome de Asperger. Esta iniciativa solidaria e inclusiva se enmarca dentro del Proyecto Platea de la Fundaci\u00f3n DISA.","breadcrumb":{"@id":"https:\/\/www.ull.es\/portal\/noticias\/2018\/paraninfo-version-solidaria-mago-de-oz\/#breadcrumb"},"inLanguage":"es","potentialAction":[{"@type":"ReadAction","target":["https:\/\/www.ull.es\/portal\/noticias\/2018\/paraninfo-version-solidaria-mago-de-oz\/"]}]},{"@type":"BreadcrumbList","@id":"https:\/\/www.ull.es\/portal\/noticias\/2018\/paraninfo-version-solidaria-mago-de-oz\/#breadcrumb","itemListElement":[{"@type":"ListItem","position":1,"name":"Portada","item":"https:\/\/www.ull.es\/portal\/noticias\/"},{"@type":"ListItem","position":2,"name":"El Paraninfo de la ULL acoge la representaci\u00f3n de una versi\u00f3n solidaria e inclusiva de \u2018El Mago de Oz\u2019"}]},{"@type":"WebSite","@id":"https:\/\/www.ull.es\/portal\/noticias\/#website","url":"https:\/\/www.ull.es\/portal\/noticias\/","name":"ULL - Noticias","description":"","potentialAction":[{"@type":"SearchAction","target":{"@type":"EntryPoint","urlTemplate":"https:\/\/www.ull.es\/portal\/noticias\/?s={search_term_string}"},"query-input":"required name=search_term_string"}],"inLanguage":"es"},{"@type":"Person","@id":"https:\/\/www.ull.es\/portal\/noticias\/#\/schema\/person\/c3b2aa857797592927a03740d6664376","name":"prensa2","image":{"@type":"ImageObject","inLanguage":"es","@id":"https:\/\/www.ull.es\/portal\/noticias\/#\/schema\/person\/image\/","url":"https:\/\/secure.gravatar.com\/avatar\/b58f310a5de5feb33d1e026d2493f23c?s=96&d=mm&r=g","contentUrl":"https:\/\/secure.gravatar.com\/avatar\/b58f310a5de5feb33d1e026d2493f23c?s=96&d=mm&r=g","caption":"prensa2"},"url":"https:\/\/www.ull.es\/portal\/noticias\/author\/prensa2\/"}]}},"primary_category":{"id":344,"name":"Cultura","slug":"cultura","link":"https:\/\/www.ull.es\/portal\/noticias\/category\/cultura\/"},"featured_image_thumbnail_url":"https:\/\/www.ull.es\/portal\/noticias\/wp-content\/uploads\/sites\/13\/2018\/06\/mago-oz-disa-300x200.jpg","_links":{"self":[{"href":"https:\/\/www.ull.es\/portal\/noticias\/wp-json\/wp\/v2\/posts\/37585"}],"collection":[{"href":"https:\/\/www.ull.es\/portal\/noticias\/wp-json\/wp\/v2\/posts"}],"about":[{"href":"https:\/\/www.ull.es\/portal\/noticias\/wp-json\/wp\/v2\/types\/post"}],"author":[{"embeddable":true,"href":"https:\/\/www.ull.es\/portal\/noticias\/wp-json\/wp\/v2\/users\/21"}],"replies":[{"embeddable":true,"href":"https:\/\/www.ull.es\/portal\/noticias\/wp-json\/wp\/v2\/comments?post=37585"}],"version-history":[{"count":1,"href":"https:\/\/www.ull.es\/portal\/noticias\/wp-json\/wp\/v2\/posts\/37585\/revisions"}],"predecessor-version":[{"id":37588,"href":"https:\/\/www.ull.es\/portal\/noticias\/wp-json\/wp\/v2\/posts\/37585\/revisions\/37588"}],"wp:featuredmedia":[{"embeddable":true,"href":"https:\/\/www.ull.es\/portal\/noticias\/wp-json\/wp\/v2\/media\/37587"}],"wp:attachment":[{"href":"https:\/\/www.ull.es\/portal\/noticias\/wp-json\/wp\/v2\/media?parent=37585"}],"wp:term":[{"taxonomy":"category","embeddable":true,"href":"https:\/\/www.ull.es\/portal\/noticias\/wp-json\/wp\/v2\/categories?post=37585"},{"taxonomy":"post_tag","embeddable":true,"href":"https:\/\/www.ull.es\/portal\/noticias\/wp-json\/wp\/v2\/tags?post=37585"}],"curies":[{"name":"wp","href":"https:\/\/api.w.org\/{rel}","templated":true}]}}