{"id":37591,"date":"2018-06-15T10:11:08","date_gmt":"2018-06-15T10:11:08","guid":{"rendered":"https:\/\/www.ull.es\/portal\/noticias\/?p=37591"},"modified":"2018-06-15T10:11:08","modified_gmt":"2018-06-15T10:11:08","slug":"abre-convocatoria-premios-culturales-2018","status":"publish","type":"post","link":"https:\/\/www.ull.es\/portal\/noticias\/2018\/abre-convocatoria-premios-culturales-2018\/","title":{"rendered":"La Universidad de La Laguna abre la convocatoria de sus Premios Culturales 2018"},"content":{"rendered":"<p><a href=\"https:\/\/www.ull.es\/portal\/noticias\/wp-content\/uploads\/sites\/13\/2018\/06\/premios-2018-g.jpg\" target=\"_blank\" rel=\"noopener\" target=\"_blank\" rel=\"noopener\"><img decoding=\"async\" loading=\"lazy\" class=\"alignleft wp-image-37592 size-medium\" src=\"https:\/\/www.ull.es\/portal\/noticias\/wp-content\/uploads\/sites\/13\/2018\/06\/premios-2018-g-212x300.jpg\" alt=\"Premios Culturales\" width=\"212\" height=\"300\" srcset=\"https:\/\/www.ull.es\/portal\/noticias\/wp-content\/uploads\/sites\/13\/2018\/06\/premios-2018-g-212x300.jpg 212w, https:\/\/www.ull.es\/portal\/noticias\/wp-content\/uploads\/sites\/13\/2018\/06\/premios-2018-g-768x1086.jpg 768w, https:\/\/www.ull.es\/portal\/noticias\/wp-content\/uploads\/sites\/13\/2018\/06\/premios-2018-g-724x1024.jpg 724w, https:\/\/www.ull.es\/portal\/noticias\/wp-content\/uploads\/sites\/13\/2018\/06\/premios-2018-g-375x530.jpg 375w, https:\/\/www.ull.es\/portal\/noticias\/wp-content\/uploads\/sites\/13\/2018\/06\/premios-2018-g-750x1060.jpg 750w, https:\/\/www.ull.es\/portal\/noticias\/wp-content\/uploads\/sites\/13\/2018\/06\/premios-2018-g.jpg 849w\" sizes=\"(max-width: 212px) 100vw, 212px\" \/><\/a>El Vicerrectorado de Relaciones con la Sociedad de la Universidad de La Laguna ha abierto las convocatorias de los Premios Culturales ULL 2018, con la finalidad de contribuir a la difusi\u00f3n del conocimiento y la cultura, a trav\u00e9s de las diferentes manifestaciones art\u00edsticas representadas en cada uno de los diferentes premios convocados: pintura, m\u00fasica, guiones, cortometrajes, relato breve, teatro, poes\u00eda, fotograf\u00eda.<\/p>\n<p>La ULL convoca ocho premios con una dotaci\u00f3n econ\u00f3mica conjunta de 12.700 euros:<\/p>\n<p><strong>XXI Premio Internacional de Relato Breve Julio Cort\u00e1zar de la Universidad de La Laguna 2018<\/strong>, con un \u00fanico premio de 1.000 euros.<\/p>\n<p><strong>XX Premio Internacional de Poes\u00eda Luis Feria de la Universidad de La Laguna 2018<\/strong>, con un \u00fanico premio de 1.000 euros.<\/p>\n<p><strong>XXI Premio Internacional de Teatro de Autor Domingo P\u00e9rez Minik de la Universidad de La Laguna 2018<\/strong>, con un \u00fanico premio de 1.500 euros.<\/p>\n<p><strong>XXIII Premio Internacional de Fotograf\u00eda Rafael Ramos Garc\u00eda de la Universidad de La Laguna 2018<\/strong>, que consta de dos modalidades: mejor serie fotogr\u00e1fica, con un premio en met\u00e1lico de 1.500 euros; y mejor fotograf\u00eda individual, dotado con 600 euros.<\/p>\n<p><strong>XXII Premio Nacional de Pintura Enrique Lite de la Universidad de La Laguna 2018<\/strong>, en el cual se entregar\u00e1 un total de tres galardones de 1.500, 1.000 y 800 euros, respectivamente.<\/p>\n<p><strong>XXIII Certamen Internacional de Guiones Cinematogr\u00e1ficos de Cortometraje de la Universidad de La Laguna 2018<\/strong>, con un \u00fanico premio de 800 euros.<\/p>\n<p><strong>XVI Premio Internacional de Cortometrajes de la Universidad de Laguna 2018<\/strong>, dotado con un ganador de 1.000 euros y una distinci\u00f3n al mejor cortometraje canario de 500 euros.<\/p>\n<p><strong>XIII Premio de M\u00fasica de la Universidad de La Laguna 2018<\/strong>, con 800 euros para el primer clasificado y 400 euros para le segundo.<\/p>\n<p>Aparte de la cuant\u00eda econ\u00f3mica, las personas ganadoras de los premios de car\u00e1cter literario ver\u00e1n publicadas sus obras, mientras que en las modalidades de pintura y fotograf\u00eda se realizar\u00e1 una exposici\u00f3n con los trabajos galardonados, adem\u00e1s de la edici\u00f3n de un cat\u00e1logo.<\/p>\n<p>El plazo para presentar las candidaturas finaliza el 6 de julio de 2018, a excepci\u00f3n del XXII Premio Nacional de Pintura Enrique Lite de la Universidad de La Laguna, que ampl\u00eda su plazo hasta el 20 de julio de 2018.<\/p>\n<p>Las solicitudes para participar en los distintos premios, as\u00ed como las bases completas y documentaci\u00f3n adjunta requerida, est\u00e1n ya disponibles en la web <a href=\"http:\/\/www.ull.es\/premios\" target=\"_blank\" rel=\"noopener\">www.ull.es\/premios<\/a>.<\/p>\n<p>Los Premios Culturales ULL se convocan desde 1996. Solo en su \u00faltima edici\u00f3n, se recibieron m\u00e1s de 2.000 trabajos, algunos de autores internacionales. El jurado de cada premio est\u00e1 formado por profesorado universitario, as\u00ed como profesionales de reconocido prestigio en cada una de las modalidades.<\/p>\n","protected":false},"excerpt":{"rendered":"<p>El Vicerrectorado de Relaciones con la Sociedad de la Universidad de La Laguna ha abierto las convocatorias de los Premios&#8230;<\/p>\n","protected":false},"author":21,"featured_media":37593,"comment_status":"closed","ping_status":"closed","sticky":false,"template":"","format":"image","meta":{"inline_featured_image":false,"footnotes":""},"categories":[344,345,2753,2755,2754,2765],"tags":[2151,2614],"acf":[],"yoast_head":"<!-- This site is optimized with the Yoast SEO plugin v21.3 - https:\/\/yoast.com\/wordpress\/plugins\/seo\/ -->\n<title>La ULL abre la convocatoria de sus Premios Culturales 2018<\/title>\n<meta name=\"description\" content=\"El Vicerrectorado de Relaciones con la Sociedad de la ULL ha abierto las convocatorias de los Premios Culturales ULL 2018, para contribuir a la difusi\u00f3n del conocimiento y la cultura, a trav\u00e9s de diferentes manifestaciones art\u00edsticas: pintura, m\u00fasica, guiones, cortometrajes, relato breve, teatro, poes\u00eda, fotograf\u00eda.\" \/>\n<meta name=\"robots\" content=\"index, follow, max-snippet:-1, max-image-preview:large, max-video-preview:-1\" \/>\n<link rel=\"canonical\" href=\"https:\/\/www.ull.es\/portal\/noticias\/2018\/abre-convocatoria-premios-culturales-2018\/\" \/>\n<meta property=\"og:locale\" content=\"es_ES\" \/>\n<meta property=\"og:type\" content=\"article\" \/>\n<meta property=\"og:title\" content=\"La ULL abre la convocatoria de sus Premios Culturales 2018\" \/>\n<meta property=\"og:description\" content=\"El Vicerrectorado de Relaciones con la Sociedad de la ULL ha abierto las convocatorias de los Premios Culturales ULL 2018, para contribuir a la difusi\u00f3n del conocimiento y la cultura, a trav\u00e9s de diferentes manifestaciones art\u00edsticas: pintura, m\u00fasica, guiones, cortometrajes, relato breve, teatro, poes\u00eda, fotograf\u00eda.\" \/>\n<meta property=\"og:url\" content=\"https:\/\/www.ull.es\/portal\/noticias\/2018\/abre-convocatoria-premios-culturales-2018\/\" \/>\n<meta property=\"og:site_name\" content=\"ULL - Noticias\" \/>\n<meta property=\"article:publisher\" content=\"https:\/\/www.facebook.com\/universidaddelalaguna\/\" \/>\n<meta property=\"article:published_time\" content=\"2018-06-15T10:11:08+00:00\" \/>\n<meta property=\"og:image\" content=\"https:\/\/www.ull.es\/portal\/noticias\/wp-content\/uploads\/sites\/13\/2018\/06\/premios-2018-p.jpg\" \/>\n\t<meta property=\"og:image:width\" content=\"543\" \/>\n\t<meta property=\"og:image:height\" content=\"294\" \/>\n\t<meta property=\"og:image:type\" content=\"image\/jpeg\" \/>\n<meta name=\"author\" content=\"prensa2\" \/>\n<meta name=\"twitter:card\" content=\"summary_large_image\" \/>\n<meta name=\"twitter:creator\" content=\"@CanalULL\" \/>\n<meta name=\"twitter:site\" content=\"@CanalULL\" \/>\n<meta name=\"twitter:label1\" content=\"Escrito por\" \/>\n\t<meta name=\"twitter:data1\" content=\"prensa2\" \/>\n\t<meta name=\"twitter:label2\" content=\"Tiempo de lectura\" \/>\n\t<meta name=\"twitter:data2\" content=\"2 minutos\" \/>\n<script type=\"application\/ld+json\" class=\"yoast-schema-graph\">{\"@context\":\"https:\/\/schema.org\",\"@graph\":[{\"@type\":\"WebPage\",\"@id\":\"https:\/\/www.ull.es\/portal\/noticias\/2018\/abre-convocatoria-premios-culturales-2018\/\",\"url\":\"https:\/\/www.ull.es\/portal\/noticias\/2018\/abre-convocatoria-premios-culturales-2018\/\",\"name\":\"La ULL abre la convocatoria de sus Premios Culturales 2018\",\"isPartOf\":{\"@id\":\"https:\/\/www.ull.es\/portal\/noticias\/#website\"},\"datePublished\":\"2018-06-15T10:11:08+00:00\",\"dateModified\":\"2018-06-15T10:11:08+00:00\",\"author\":{\"@id\":\"https:\/\/www.ull.es\/portal\/noticias\/#\/schema\/person\/c3b2aa857797592927a03740d6664376\"},\"description\":\"El Vicerrectorado de Relaciones con la Sociedad de la ULL ha abierto las convocatorias de los Premios Culturales ULL 2018, para contribuir a la difusi\u00f3n del conocimiento y la cultura, a trav\u00e9s de diferentes manifestaciones art\u00edsticas: pintura, m\u00fasica, guiones, cortometrajes, relato breve, teatro, poes\u00eda, fotograf\u00eda.\",\"breadcrumb\":{\"@id\":\"https:\/\/www.ull.es\/portal\/noticias\/2018\/abre-convocatoria-premios-culturales-2018\/#breadcrumb\"},\"inLanguage\":\"es\",\"potentialAction\":[{\"@type\":\"ReadAction\",\"target\":[\"https:\/\/www.ull.es\/portal\/noticias\/2018\/abre-convocatoria-premios-culturales-2018\/\"]}]},{\"@type\":\"BreadcrumbList\",\"@id\":\"https:\/\/www.ull.es\/portal\/noticias\/2018\/abre-convocatoria-premios-culturales-2018\/#breadcrumb\",\"itemListElement\":[{\"@type\":\"ListItem\",\"position\":1,\"name\":\"Portada\",\"item\":\"https:\/\/www.ull.es\/portal\/noticias\/\"},{\"@type\":\"ListItem\",\"position\":2,\"name\":\"La Universidad de La Laguna abre la convocatoria de sus Premios Culturales 2018\"}]},{\"@type\":\"WebSite\",\"@id\":\"https:\/\/www.ull.es\/portal\/noticias\/#website\",\"url\":\"https:\/\/www.ull.es\/portal\/noticias\/\",\"name\":\"ULL - Noticias\",\"description\":\"\",\"potentialAction\":[{\"@type\":\"SearchAction\",\"target\":{\"@type\":\"EntryPoint\",\"urlTemplate\":\"https:\/\/www.ull.es\/portal\/noticias\/?s={search_term_string}\"},\"query-input\":\"required name=search_term_string\"}],\"inLanguage\":\"es\"},{\"@type\":\"Person\",\"@id\":\"https:\/\/www.ull.es\/portal\/noticias\/#\/schema\/person\/c3b2aa857797592927a03740d6664376\",\"name\":\"prensa2\",\"image\":{\"@type\":\"ImageObject\",\"inLanguage\":\"es\",\"@id\":\"https:\/\/www.ull.es\/portal\/noticias\/#\/schema\/person\/image\/\",\"url\":\"https:\/\/secure.gravatar.com\/avatar\/b58f310a5de5feb33d1e026d2493f23c?s=96&d=mm&r=g\",\"contentUrl\":\"https:\/\/secure.gravatar.com\/avatar\/b58f310a5de5feb33d1e026d2493f23c?s=96&d=mm&r=g\",\"caption\":\"prensa2\"},\"url\":\"https:\/\/www.ull.es\/portal\/noticias\/author\/prensa2\/\"}]}<\/script>\n<!-- \/ Yoast SEO plugin. -->","yoast_head_json":{"title":"La ULL abre la convocatoria de sus Premios Culturales 2018","description":"El Vicerrectorado de Relaciones con la Sociedad de la ULL ha abierto las convocatorias de los Premios Culturales ULL 2018, para contribuir a la difusi\u00f3n del conocimiento y la cultura, a trav\u00e9s de diferentes manifestaciones art\u00edsticas: pintura, m\u00fasica, guiones, cortometrajes, relato breve, teatro, poes\u00eda, fotograf\u00eda.","robots":{"index":"index","follow":"follow","max-snippet":"max-snippet:-1","max-image-preview":"max-image-preview:large","max-video-preview":"max-video-preview:-1"},"canonical":"https:\/\/www.ull.es\/portal\/noticias\/2018\/abre-convocatoria-premios-culturales-2018\/","og_locale":"es_ES","og_type":"article","og_title":"La ULL abre la convocatoria de sus Premios Culturales 2018","og_description":"El Vicerrectorado de Relaciones con la Sociedad de la ULL ha abierto las convocatorias de los Premios Culturales ULL 2018, para contribuir a la difusi\u00f3n del conocimiento y la cultura, a trav\u00e9s de diferentes manifestaciones art\u00edsticas: pintura, m\u00fasica, guiones, cortometrajes, relato breve, teatro, poes\u00eda, fotograf\u00eda.","og_url":"https:\/\/www.ull.es\/portal\/noticias\/2018\/abre-convocatoria-premios-culturales-2018\/","og_site_name":"ULL - Noticias","article_publisher":"https:\/\/www.facebook.com\/universidaddelalaguna\/","article_published_time":"2018-06-15T10:11:08+00:00","og_image":[{"width":543,"height":294,"url":"https:\/\/www.ull.es\/portal\/noticias\/wp-content\/uploads\/sites\/13\/2018\/06\/premios-2018-p.jpg","type":"image\/jpeg"}],"author":"prensa2","twitter_card":"summary_large_image","twitter_creator":"@CanalULL","twitter_site":"@CanalULL","twitter_misc":{"Escrito por":"prensa2","Tiempo de lectura":"2 minutos"},"schema":{"@context":"https:\/\/schema.org","@graph":[{"@type":"WebPage","@id":"https:\/\/www.ull.es\/portal\/noticias\/2018\/abre-convocatoria-premios-culturales-2018\/","url":"https:\/\/www.ull.es\/portal\/noticias\/2018\/abre-convocatoria-premios-culturales-2018\/","name":"La ULL abre la convocatoria de sus Premios Culturales 2018","isPartOf":{"@id":"https:\/\/www.ull.es\/portal\/noticias\/#website"},"datePublished":"2018-06-15T10:11:08+00:00","dateModified":"2018-06-15T10:11:08+00:00","author":{"@id":"https:\/\/www.ull.es\/portal\/noticias\/#\/schema\/person\/c3b2aa857797592927a03740d6664376"},"description":"El Vicerrectorado de Relaciones con la Sociedad de la ULL ha abierto las convocatorias de los Premios Culturales ULL 2018, para contribuir a la difusi\u00f3n del conocimiento y la cultura, a trav\u00e9s de diferentes manifestaciones art\u00edsticas: pintura, m\u00fasica, guiones, cortometrajes, relato breve, teatro, poes\u00eda, fotograf\u00eda.","breadcrumb":{"@id":"https:\/\/www.ull.es\/portal\/noticias\/2018\/abre-convocatoria-premios-culturales-2018\/#breadcrumb"},"inLanguage":"es","potentialAction":[{"@type":"ReadAction","target":["https:\/\/www.ull.es\/portal\/noticias\/2018\/abre-convocatoria-premios-culturales-2018\/"]}]},{"@type":"BreadcrumbList","@id":"https:\/\/www.ull.es\/portal\/noticias\/2018\/abre-convocatoria-premios-culturales-2018\/#breadcrumb","itemListElement":[{"@type":"ListItem","position":1,"name":"Portada","item":"https:\/\/www.ull.es\/portal\/noticias\/"},{"@type":"ListItem","position":2,"name":"La Universidad de La Laguna abre la convocatoria de sus Premios Culturales 2018"}]},{"@type":"WebSite","@id":"https:\/\/www.ull.es\/portal\/noticias\/#website","url":"https:\/\/www.ull.es\/portal\/noticias\/","name":"ULL - Noticias","description":"","potentialAction":[{"@type":"SearchAction","target":{"@type":"EntryPoint","urlTemplate":"https:\/\/www.ull.es\/portal\/noticias\/?s={search_term_string}"},"query-input":"required name=search_term_string"}],"inLanguage":"es"},{"@type":"Person","@id":"https:\/\/www.ull.es\/portal\/noticias\/#\/schema\/person\/c3b2aa857797592927a03740d6664376","name":"prensa2","image":{"@type":"ImageObject","inLanguage":"es","@id":"https:\/\/www.ull.es\/portal\/noticias\/#\/schema\/person\/image\/","url":"https:\/\/secure.gravatar.com\/avatar\/b58f310a5de5feb33d1e026d2493f23c?s=96&d=mm&r=g","contentUrl":"https:\/\/secure.gravatar.com\/avatar\/b58f310a5de5feb33d1e026d2493f23c?s=96&d=mm&r=g","caption":"prensa2"},"url":"https:\/\/www.ull.es\/portal\/noticias\/author\/prensa2\/"}]}},"primary_category":{"id":344,"name":"Cultura","slug":"cultura","link":"https:\/\/www.ull.es\/portal\/noticias\/category\/cultura\/"},"featured_image_thumbnail_url":"https:\/\/www.ull.es\/portal\/noticias\/wp-content\/uploads\/sites\/13\/2018\/06\/premios-2018-p-300x162.jpg","_links":{"self":[{"href":"https:\/\/www.ull.es\/portal\/noticias\/wp-json\/wp\/v2\/posts\/37591"}],"collection":[{"href":"https:\/\/www.ull.es\/portal\/noticias\/wp-json\/wp\/v2\/posts"}],"about":[{"href":"https:\/\/www.ull.es\/portal\/noticias\/wp-json\/wp\/v2\/types\/post"}],"author":[{"embeddable":true,"href":"https:\/\/www.ull.es\/portal\/noticias\/wp-json\/wp\/v2\/users\/21"}],"replies":[{"embeddable":true,"href":"https:\/\/www.ull.es\/portal\/noticias\/wp-json\/wp\/v2\/comments?post=37591"}],"version-history":[{"count":1,"href":"https:\/\/www.ull.es\/portal\/noticias\/wp-json\/wp\/v2\/posts\/37591\/revisions"}],"predecessor-version":[{"id":37594,"href":"https:\/\/www.ull.es\/portal\/noticias\/wp-json\/wp\/v2\/posts\/37591\/revisions\/37594"}],"wp:featuredmedia":[{"embeddable":true,"href":"https:\/\/www.ull.es\/portal\/noticias\/wp-json\/wp\/v2\/media\/37593"}],"wp:attachment":[{"href":"https:\/\/www.ull.es\/portal\/noticias\/wp-json\/wp\/v2\/media?parent=37591"}],"wp:term":[{"taxonomy":"category","embeddable":true,"href":"https:\/\/www.ull.es\/portal\/noticias\/wp-json\/wp\/v2\/categories?post=37591"},{"taxonomy":"post_tag","embeddable":true,"href":"https:\/\/www.ull.es\/portal\/noticias\/wp-json\/wp\/v2\/tags?post=37591"}],"curies":[{"name":"wp","href":"https:\/\/api.w.org\/{rel}","templated":true}]}}