{"id":37766,"date":"2018-06-20T14:14:53","date_gmt":"2018-06-20T14:14:53","guid":{"rendered":"https:\/\/www.ull.es\/portal\/noticias\/?p=37766"},"modified":"2018-06-20T14:14:53","modified_gmt":"2018-06-20T14:14:53","slug":"balance-tecnoedu-2018","status":"publish","type":"post","link":"https:\/\/www.ull.es\/portal\/noticias\/2018\/balance-tecnoedu-2018\/","title":{"rendered":"La C\u00e1tedra Fundaci\u00f3n MAPFRE Guanarteme de Tecnolog\u00eda y Educaci\u00f3n (TECNOEDU) cierra su primer a\u00f1o de actividad"},"content":{"rendered":"<p><iframe loading=\"lazy\" width=\"750\" height=\"422\" src=\"https:\/\/www.youtube.com\/embed\/vVSb2YqnKOE?feature=oembed\" frameborder=\"0\" allow=\"autoplay; encrypted-media\" allowfullscreen><\/iframe><\/p>\n<p>Tras su primer a\u00f1o de vida, la <a href=\"http:\/\/tecnoedu.webs.ull.es\/\" target=\"_blank\" rel=\"noopener\" target=\"_blank\" rel=\"noopener\">c\u00e1tedra Fundaci\u00f3n MAPFRE Guanarteme de Tecnolog\u00eda y Educaci\u00f3n de la Universidad de La Laguna<\/a>, conocida como TECNOEDU, pone fin a su actividad en este curso 2017-2018. La iniciativa ha desarrollado varias actividades bien acogidas, como ha sido el desarrollo de su Ciclo de Conferencias, #JuevesDigitales, o la convocatoria de la I edici\u00f3n de los Premios TECNOEDU a la Innovaci\u00f3n con Tecnolog\u00eda Educativa en Canarias.<\/p>\n<p>La c\u00e1tedra fue aprobada el 17 de marzo de 2017, mediante un convenio entre la Universidad de La Laguna y la Fundaci\u00f3n MAPFRE Guanarteme que tiene vigencia hasta 30 de junio del presente a\u00f1o, y ha contado con una financiaci\u00f3n de 15.000 \u20ac para el desarrollo de las actividades inicialmente propuestas. En este momento, ambas instituciones ya trabajan en una propuesta de renovaci\u00f3n para un segundo a\u00f1o.<\/p>\n<p>El objetivo general de la C\u00e1tedra ha sido organizar actividades de transferencia del conocimiento sobre las TIC y la Educaci\u00f3n tanto en el contexto universitario como en la sociedad, en aras de la difusi\u00f3n y visibilidad de la innovaci\u00f3n educativa generada en Canarias.<\/p>\n<p>Durante su primer a\u00f1o de andadura se han desarrollado tres acciones principales: dise\u00f1o e implementaci\u00f3n de la imagen de marca TECNOEDU y desarrollo de una estrategia de presencia en la red; convocatoria de los I Premios TECNOEDU 2017 a la Innovaci\u00f3n con Tecnolog\u00eda Educativa.; y organizaci\u00f3n del ciclo de conferencias TECNOEDU (#JuevesDigitales).<\/p>\n<p>Estas iniciativas de la c\u00e1tedra han sido gestionadas desde la sede del Grupo de Investigaci\u00f3n e Innovaci\u00f3n EDULLAB (Laboratorio de Educaci\u00f3n y Nuevas Tecnolog\u00edas de La Universidad de La Laguna). El equipo humano que ha trabajo en estas acciones ha estado formado por Manuel Area (catedr\u00e1tico de la Facultad de Educaci\u00f3n y director de EDULLAB) y Carina Gonz\u00e1lez (directora del Centro de Innovaci\u00f3n y Tecnolog\u00eda Educativa de la ULL) en la direcci\u00f3n y codirecci\u00f3n, respectivamente; y por Sebasti\u00e1n Mart\u00edn (doctorando en Educaci\u00f3n) y Anabel Bethencourt (graduada en Pedagog\u00eda) en la coordinaci\u00f3n.<\/p>\n<p><strong>#JuevesDigitales<\/strong><\/p>\n<p>Este ciclo de conferencias naci\u00f3 con la intenci\u00f3n de abordar asuntos relacionados con la tecnolog\u00eda, la sociedad y la educaci\u00f3n, desde diferentes perspectivas. Se engloba dentro del proyecto #JuevesDigitales como lugar de encuentro y debate abierto a todo el p\u00fablico, especialmente a docentes y alumnado de titulaciones de maestro y pedagog\u00eda. Celebradas entre octubre de 2017 y junio de 2018, estas charlas y mesas redondas se han desarrollado en la sede de la Fundaci\u00f3n MAPFRE Guanarteme de San Crist\u00f3bal de La Laguna.<\/p>\n<p>Esta primera edici\u00f3n del ciclo englob\u00f3 un total de once conferencias. \u201cPor una tecnolog\u00eda Educativa Cr\u00edtica\u201d, de Jordi Adell, y \u201cGamificar y expandir la Educaci\u00f3n con TIC\u201d, de Luc\u00eda Quintero, han sido algunas de las sesiones con m\u00e1s inter\u00e9s.<\/p>\n<p><strong>Premios TECNOEDU <\/strong><\/p>\n<p>Los I Premios TECNOEDU 2017 a la Innovaci\u00f3n con Tecnolog\u00eda Educativa nacieron para premiar la labor de estudiantes, profesorado y centros educativos en la producci\u00f3n de proyectos de innovaci\u00f3n tecnol\u00f3gica para la educaci\u00f3n, innovaci\u00f3n educativa con TIC y emprendimiento, que favorezcan la transferencia del conocimiento sobre las TIC y la Educaci\u00f3n tanto en el contexto universitario como en la sociedad de Canarias. Estos premios est\u00e1n organizados en cuatro modalidades de participaci\u00f3n. Colabora la Direcci\u00f3n General de Ordenaci\u00f3n, Innovaci\u00f3n, Promoci\u00f3n Educativa a trav\u00e9s de ATE (\u00c1rea de Tecnolog\u00eda Educativa).<\/p>\n<p>En esta primera edici\u00f3n, se han presentado un total de 42 candidaturas entre las cuatro modalidades. En su mayor\u00eda, profesorado de niveles de Educaci\u00f3n Primaria y Secundaria del archipi\u00e9lago, presentando proyectos de innovaci\u00f3n educativa a nivel de aula en que integran diferentes metodolog\u00edas y usos de la tecnolog\u00eda.<\/p>\n","protected":false},"excerpt":{"rendered":"<p>Tras su primer a\u00f1o de vida, la c\u00e1tedra Fundaci\u00f3n MAPFRE Guanarteme de Tecnolog\u00eda y Educaci\u00f3n de la Universidad de La&#8230;<\/p>\n","protected":false},"author":21,"featured_media":37768,"comment_status":"closed","ping_status":"closed","sticky":false,"template":"","format":"image","meta":{"inline_featured_image":false,"footnotes":""},"categories":[345,348,2753,2754,2765],"tags":[3885,3678],"acf":[],"yoast_head":"<!-- This site is optimized with the Yoast SEO plugin v21.3 - https:\/\/yoast.com\/wordpress\/plugins\/seo\/ -->\n<title>La c\u00e1tedra TECNOEDU cierra su primer a\u00f1o de actividad<\/title>\n<meta name=\"description\" content=\"Tras su primer a\u00f1o de vida, la c\u00e1tedra Fundaci\u00f3n MAPFRE Guanarteme de Tecnolog\u00eda y Educaci\u00f3n de la Universidad de La Laguna, conocida como TECNOEDU, pone fin a su actividad en este curso 2017-2018.\" \/>\n<meta name=\"robots\" content=\"index, follow, max-snippet:-1, max-image-preview:large, max-video-preview:-1\" \/>\n<link rel=\"canonical\" href=\"https:\/\/www.ull.es\/portal\/noticias\/2018\/balance-tecnoedu-2018\/\" \/>\n<meta property=\"og:locale\" content=\"es_ES\" \/>\n<meta property=\"og:type\" content=\"article\" \/>\n<meta property=\"og:title\" content=\"La c\u00e1tedra TECNOEDU cierra su primer a\u00f1o de actividad\" \/>\n<meta property=\"og:description\" content=\"Tras su primer a\u00f1o de vida, la c\u00e1tedra Fundaci\u00f3n MAPFRE Guanarteme de Tecnolog\u00eda y Educaci\u00f3n de la Universidad de La Laguna, conocida como TECNOEDU, pone fin a su actividad en este curso 2017-2018.\" \/>\n<meta property=\"og:url\" content=\"https:\/\/www.ull.es\/portal\/noticias\/2018\/balance-tecnoedu-2018\/\" \/>\n<meta property=\"og:site_name\" content=\"ULL - Noticias\" \/>\n<meta property=\"article:publisher\" content=\"https:\/\/www.facebook.com\/universidaddelalaguna\/\" \/>\n<meta property=\"article:published_time\" content=\"2018-06-20T14:14:53+00:00\" \/>\n<meta property=\"og:image\" content=\"https:\/\/www.ull.es\/portal\/noticias\/wp-content\/uploads\/sites\/13\/2018\/06\/tecnoedu.jpg\" \/>\n\t<meta property=\"og:image:width\" content=\"650\" \/>\n\t<meta property=\"og:image:height\" content=\"322\" \/>\n\t<meta property=\"og:image:type\" content=\"image\/jpeg\" \/>\n<meta name=\"author\" content=\"prensa2\" \/>\n<meta name=\"twitter:card\" content=\"summary_large_image\" \/>\n<meta name=\"twitter:creator\" content=\"@CanalULL\" \/>\n<meta name=\"twitter:site\" content=\"@CanalULL\" \/>\n<meta name=\"twitter:label1\" content=\"Escrito por\" \/>\n\t<meta name=\"twitter:data1\" content=\"prensa2\" \/>\n\t<meta name=\"twitter:label2\" content=\"Tiempo de lectura\" \/>\n\t<meta name=\"twitter:data2\" content=\"3 minutos\" \/>\n<script type=\"application\/ld+json\" class=\"yoast-schema-graph\">{\"@context\":\"https:\/\/schema.org\",\"@graph\":[{\"@type\":\"WebPage\",\"@id\":\"https:\/\/www.ull.es\/portal\/noticias\/2018\/balance-tecnoedu-2018\/\",\"url\":\"https:\/\/www.ull.es\/portal\/noticias\/2018\/balance-tecnoedu-2018\/\",\"name\":\"La c\u00e1tedra TECNOEDU cierra su primer a\u00f1o de actividad\",\"isPartOf\":{\"@id\":\"https:\/\/www.ull.es\/portal\/noticias\/#website\"},\"datePublished\":\"2018-06-20T14:14:53+00:00\",\"dateModified\":\"2018-06-20T14:14:53+00:00\",\"author\":{\"@id\":\"https:\/\/www.ull.es\/portal\/noticias\/#\/schema\/person\/c3b2aa857797592927a03740d6664376\"},\"description\":\"Tras su primer a\u00f1o de vida, la c\u00e1tedra Fundaci\u00f3n MAPFRE Guanarteme de Tecnolog\u00eda y Educaci\u00f3n de la Universidad de La Laguna, conocida como TECNOEDU, pone fin a su actividad en este curso 2017-2018.\",\"breadcrumb\":{\"@id\":\"https:\/\/www.ull.es\/portal\/noticias\/2018\/balance-tecnoedu-2018\/#breadcrumb\"},\"inLanguage\":\"es\",\"potentialAction\":[{\"@type\":\"ReadAction\",\"target\":[\"https:\/\/www.ull.es\/portal\/noticias\/2018\/balance-tecnoedu-2018\/\"]}]},{\"@type\":\"BreadcrumbList\",\"@id\":\"https:\/\/www.ull.es\/portal\/noticias\/2018\/balance-tecnoedu-2018\/#breadcrumb\",\"itemListElement\":[{\"@type\":\"ListItem\",\"position\":1,\"name\":\"Portada\",\"item\":\"https:\/\/www.ull.es\/portal\/noticias\/\"},{\"@type\":\"ListItem\",\"position\":2,\"name\":\"La C\u00e1tedra Fundaci\u00f3n MAPFRE Guanarteme de Tecnolog\u00eda y Educaci\u00f3n (TECNOEDU) cierra su primer a\u00f1o de actividad\"}]},{\"@type\":\"WebSite\",\"@id\":\"https:\/\/www.ull.es\/portal\/noticias\/#website\",\"url\":\"https:\/\/www.ull.es\/portal\/noticias\/\",\"name\":\"ULL - Noticias\",\"description\":\"\",\"potentialAction\":[{\"@type\":\"SearchAction\",\"target\":{\"@type\":\"EntryPoint\",\"urlTemplate\":\"https:\/\/www.ull.es\/portal\/noticias\/?s={search_term_string}\"},\"query-input\":\"required name=search_term_string\"}],\"inLanguage\":\"es\"},{\"@type\":\"Person\",\"@id\":\"https:\/\/www.ull.es\/portal\/noticias\/#\/schema\/person\/c3b2aa857797592927a03740d6664376\",\"name\":\"prensa2\",\"image\":{\"@type\":\"ImageObject\",\"inLanguage\":\"es\",\"@id\":\"https:\/\/www.ull.es\/portal\/noticias\/#\/schema\/person\/image\/\",\"url\":\"https:\/\/secure.gravatar.com\/avatar\/b58f310a5de5feb33d1e026d2493f23c?s=96&d=mm&r=g\",\"contentUrl\":\"https:\/\/secure.gravatar.com\/avatar\/b58f310a5de5feb33d1e026d2493f23c?s=96&d=mm&r=g\",\"caption\":\"prensa2\"},\"url\":\"https:\/\/www.ull.es\/portal\/noticias\/author\/prensa2\/\"}]}<\/script>\n<!-- \/ Yoast SEO plugin. -->","yoast_head_json":{"title":"La c\u00e1tedra TECNOEDU cierra su primer a\u00f1o de actividad","description":"Tras su primer a\u00f1o de vida, la c\u00e1tedra Fundaci\u00f3n MAPFRE Guanarteme de Tecnolog\u00eda y Educaci\u00f3n de la Universidad de La Laguna, conocida como TECNOEDU, pone fin a su actividad en este curso 2017-2018.","robots":{"index":"index","follow":"follow","max-snippet":"max-snippet:-1","max-image-preview":"max-image-preview:large","max-video-preview":"max-video-preview:-1"},"canonical":"https:\/\/www.ull.es\/portal\/noticias\/2018\/balance-tecnoedu-2018\/","og_locale":"es_ES","og_type":"article","og_title":"La c\u00e1tedra TECNOEDU cierra su primer a\u00f1o de actividad","og_description":"Tras su primer a\u00f1o de vida, la c\u00e1tedra Fundaci\u00f3n MAPFRE Guanarteme de Tecnolog\u00eda y Educaci\u00f3n de la Universidad de La Laguna, conocida como TECNOEDU, pone fin a su actividad en este curso 2017-2018.","og_url":"https:\/\/www.ull.es\/portal\/noticias\/2018\/balance-tecnoedu-2018\/","og_site_name":"ULL - Noticias","article_publisher":"https:\/\/www.facebook.com\/universidaddelalaguna\/","article_published_time":"2018-06-20T14:14:53+00:00","og_image":[{"width":650,"height":322,"url":"https:\/\/www.ull.es\/portal\/noticias\/wp-content\/uploads\/sites\/13\/2018\/06\/tecnoedu.jpg","type":"image\/jpeg"}],"author":"prensa2","twitter_card":"summary_large_image","twitter_creator":"@CanalULL","twitter_site":"@CanalULL","twitter_misc":{"Escrito por":"prensa2","Tiempo de lectura":"3 minutos"},"schema":{"@context":"https:\/\/schema.org","@graph":[{"@type":"WebPage","@id":"https:\/\/www.ull.es\/portal\/noticias\/2018\/balance-tecnoedu-2018\/","url":"https:\/\/www.ull.es\/portal\/noticias\/2018\/balance-tecnoedu-2018\/","name":"La c\u00e1tedra TECNOEDU cierra su primer a\u00f1o de actividad","isPartOf":{"@id":"https:\/\/www.ull.es\/portal\/noticias\/#website"},"datePublished":"2018-06-20T14:14:53+00:00","dateModified":"2018-06-20T14:14:53+00:00","author":{"@id":"https:\/\/www.ull.es\/portal\/noticias\/#\/schema\/person\/c3b2aa857797592927a03740d6664376"},"description":"Tras su primer a\u00f1o de vida, la c\u00e1tedra Fundaci\u00f3n MAPFRE Guanarteme de Tecnolog\u00eda y Educaci\u00f3n de la Universidad de La Laguna, conocida como TECNOEDU, pone fin a su actividad en este curso 2017-2018.","breadcrumb":{"@id":"https:\/\/www.ull.es\/portal\/noticias\/2018\/balance-tecnoedu-2018\/#breadcrumb"},"inLanguage":"es","potentialAction":[{"@type":"ReadAction","target":["https:\/\/www.ull.es\/portal\/noticias\/2018\/balance-tecnoedu-2018\/"]}]},{"@type":"BreadcrumbList","@id":"https:\/\/www.ull.es\/portal\/noticias\/2018\/balance-tecnoedu-2018\/#breadcrumb","itemListElement":[{"@type":"ListItem","position":1,"name":"Portada","item":"https:\/\/www.ull.es\/portal\/noticias\/"},{"@type":"ListItem","position":2,"name":"La C\u00e1tedra Fundaci\u00f3n MAPFRE Guanarteme de Tecnolog\u00eda y Educaci\u00f3n (TECNOEDU) cierra su primer a\u00f1o de actividad"}]},{"@type":"WebSite","@id":"https:\/\/www.ull.es\/portal\/noticias\/#website","url":"https:\/\/www.ull.es\/portal\/noticias\/","name":"ULL - Noticias","description":"","potentialAction":[{"@type":"SearchAction","target":{"@type":"EntryPoint","urlTemplate":"https:\/\/www.ull.es\/portal\/noticias\/?s={search_term_string}"},"query-input":"required name=search_term_string"}],"inLanguage":"es"},{"@type":"Person","@id":"https:\/\/www.ull.es\/portal\/noticias\/#\/schema\/person\/c3b2aa857797592927a03740d6664376","name":"prensa2","image":{"@type":"ImageObject","inLanguage":"es","@id":"https:\/\/www.ull.es\/portal\/noticias\/#\/schema\/person\/image\/","url":"https:\/\/secure.gravatar.com\/avatar\/b58f310a5de5feb33d1e026d2493f23c?s=96&d=mm&r=g","contentUrl":"https:\/\/secure.gravatar.com\/avatar\/b58f310a5de5feb33d1e026d2493f23c?s=96&d=mm&r=g","caption":"prensa2"},"url":"https:\/\/www.ull.es\/portal\/noticias\/author\/prensa2\/"}]}},"primary_category":{"id":348,"name":"Instituci\u00f3n","slug":"institucion","link":"https:\/\/www.ull.es\/portal\/noticias\/category\/institucion\/"},"featured_image_thumbnail_url":"https:\/\/www.ull.es\/portal\/noticias\/wp-content\/uploads\/sites\/13\/2018\/06\/tecnoedu-300x149.jpg","_links":{"self":[{"href":"https:\/\/www.ull.es\/portal\/noticias\/wp-json\/wp\/v2\/posts\/37766"}],"collection":[{"href":"https:\/\/www.ull.es\/portal\/noticias\/wp-json\/wp\/v2\/posts"}],"about":[{"href":"https:\/\/www.ull.es\/portal\/noticias\/wp-json\/wp\/v2\/types\/post"}],"author":[{"embeddable":true,"href":"https:\/\/www.ull.es\/portal\/noticias\/wp-json\/wp\/v2\/users\/21"}],"replies":[{"embeddable":true,"href":"https:\/\/www.ull.es\/portal\/noticias\/wp-json\/wp\/v2\/comments?post=37766"}],"version-history":[{"count":1,"href":"https:\/\/www.ull.es\/portal\/noticias\/wp-json\/wp\/v2\/posts\/37766\/revisions"}],"predecessor-version":[{"id":37770,"href":"https:\/\/www.ull.es\/portal\/noticias\/wp-json\/wp\/v2\/posts\/37766\/revisions\/37770"}],"wp:featuredmedia":[{"embeddable":true,"href":"https:\/\/www.ull.es\/portal\/noticias\/wp-json\/wp\/v2\/media\/37768"}],"wp:attachment":[{"href":"https:\/\/www.ull.es\/portal\/noticias\/wp-json\/wp\/v2\/media?parent=37766"}],"wp:term":[{"taxonomy":"category","embeddable":true,"href":"https:\/\/www.ull.es\/portal\/noticias\/wp-json\/wp\/v2\/categories?post=37766"},{"taxonomy":"post_tag","embeddable":true,"href":"https:\/\/www.ull.es\/portal\/noticias\/wp-json\/wp\/v2\/tags?post=37766"}],"curies":[{"name":"wp","href":"https:\/\/api.w.org\/{rel}","templated":true}]}}