{"id":37973,"date":"2018-07-02T14:14:55","date_gmt":"2018-07-02T14:14:55","guid":{"rendered":"https:\/\/www.ull.es\/portal\/noticias\/?p=37973"},"modified":"2018-07-02T14:16:53","modified_gmt":"2018-07-02T14:16:53","slug":"presentacion-campus-africa-2018","status":"publish","type":"post","link":"https:\/\/www.ull.es\/portal\/noticias\/2018\/presentacion-campus-africa-2018\/","title":{"rendered":"Campus \u00c1frica 2018 recibir\u00e1 a m\u00e1s de un centenar de becarios del continente africano"},"content":{"rendered":"<p>El Rectorado de La Universidad de La Laguna ha acogido hoy lunes 2 de julio la presentaci\u00f3n de la tercera edici\u00f3n del Campus\u00c1FRICA. Este foro de reflexi\u00f3n cient\u00edfico y social, que estar\u00e1 presente en diferentes espacios de las instituciones organizadoras, se celebrar\u00e1 entre los d\u00edas 11 y 26 de julio y en esta ocasi\u00f3n lleva por t\u00edtulo <em>\u201cLas sociedades africanas frente a los retos de la globalizaci\u00f3n\u201d<\/em><em>. <\/em><\/p>\n<p style=\"text-align: center\"><a href=\"https:\/\/drive.google.com\/drive\/folders\/1BzQpAK-H_Nf7E8UfYilgYFZe-xoW1iSx?usp=sharing\" target=\"_blank\" rel=\"noopener\" target=\"_blank\" rel=\"noopener\"><strong>Galer\u00eda de im\u00e1genes<\/strong><\/a><\/p>\n<p>La apertura del acto corri\u00f3 a cargo del rector de la Universidad de La Laguna, Antonio Martin\u00f3n, el cual ha manifestado su satisfacci\u00f3n por celebrar por tercera vez este foro y consolidar Campus\u00c1FRICA como parte de la pol\u00edtica de internacionalizaci\u00f3n que se lleva a cabo desde la ULL.<\/p>\n<p>Asimismo, Martin\u00f3n asever\u00f3 que la ULL se quiere instaurar como instituci\u00f3n que mira al mundo en todas sus facetas, y que Canarias se haya colocado como un punto de encuentro tricontinental, gracias al empuje y al trabajo conjunto de las instituciones p\u00fablicas y privadas, contribuye a un m\u00e1s a esa idea. Para el rector, \u201cCampus\u00c1FRICA permite establecer relaciones internacionales con el continente africano de cooperaci\u00f3n en las que todos los participantes aprender\u00e1n y se beneficiar\u00e1n unos de los otros\u201d.<\/p>\n<p>En la presentaci\u00f3n de esta tercera edici\u00f3n estuvieron presentes tambi\u00e9n Basilio Valladares y Jos\u00e9 G\u00f3mez, ambos codirectores de Campus\u00c1FRICA; Jos\u00e9 Alberto D\u00edaz, alcalde de San Crist\u00f3bal de La Laguna, Ciro Guti\u00e9rrez, director general de Universidades de Gobierno de Canarias; Alberto Delgado, presidente de la Fundaci\u00f3n CajaCanarias; y Juan Ram\u00f3n Fuertes, director territorial de CaixaBank en Canarias.<\/p>\n<p>Los codirectores e impulsores del foro desde sus inicios, Basilio Valladares y Jos\u00e9 G\u00f3mez manifestaron su agradecimiento a todas las instituciones colaboradoras e hicieron hincapi\u00e9 en la importancia del trabajo en equipo que ha hecho posible esta nueva edici\u00f3n de Campus\u00c1frica. El profesor Jos\u00e9 G\u00f3mez apuntaba que la participaci\u00f3n ha crecido y el programa se ha ampliado considerablemente desde la primera edici\u00f3n: \u201cen 2016 hubo 27 seminarios, y este a\u00f1o 45, se han duplicado. De los 72 profesores que participaron en la primera edici\u00f3n se ha pasado a 133 este a\u00f1o, de los cuales, 45 son africanos. Queremos aprender de ellos y que se establezca una relaci\u00f3n mutua de intercambio\u201d. Soli\u00f1o resalt\u00f3 tambi\u00e9n el gran nivel de implicaci\u00f3n en el foro por parte del profesorado de la ULL.<\/p>\n<p>Para G\u00f3mez Soli\u00f1o y Valladares, sin duda, una de las novedades de esta edici\u00f3n es el aumento de estudiantes africanos que desde el 11 al 26 de julio estar\u00e1n becados: \u201cen el primer Campus\u00c1FRICA, fueron 20 los estudiantes que se beneficiaron de esta beca internacional, en la segunda, en 2016, fueron 45, y este a\u00f1o acuden 120, casi el triple con respecto al primer a\u00f1o\u201d. Ponen en relevancia tambi\u00e9n la repercusi\u00f3n, no solo econ\u00f3mica del evento, sino tambi\u00e9n de transferencia de conocimiento; de hecho para la UNESCO, recalcaron, un proyecto como Campus\u00c1FRICA, deber\u00eda ser una iniciativa que estuviera presente en todo el mundo.<\/p>\n<p>De los 120 becarios, 60 de provienen de Cabo Verde, 50 de Senegal y el resto de otros pa\u00edses como T\u00fanez, Marruecos, Guinea Bissau, Gab\u00f3n y Guinea Ecuatorial.<\/p>\n<p>Campus\u00c1FRICA, que en esta tercera edici\u00f3n ha conseguido conseguir un presupuesto de 220.000 euros, con respecto a los 150.000 con los que se gest\u00f3 en la primera edici\u00f3n de 2014, se ha hecho realidad gracias a la participaci\u00f3n y colaboraci\u00f3n de la Fundaci\u00f3n Canaria para el Control de las Enfermedades Tropicales (FUNCCET), la Universidad de La Laguna, el Gobierno de Canarias, a trav\u00e9s de la Consejer\u00eda de Educaci\u00f3n, la Fundaci\u00f3n CajaCanarias, Obra Social la Caixa, Ayuntamiento de La Laguna y Cabildo de Tenerife.<\/p>\n<p>Tanto Alberto Delgado, presidente de la Fundaci\u00f3n CajaCanarias como Juan Ram\u00f3n Fuertes, director territorial de CaixaBank en Canarias, alabaron la labor de las entidades y manifestaron su satisfacci\u00f3n por formar parte de un foro como Campus\u00c1FRICA.<\/p>\n<p>Por su parte, Jos\u00e9 Alberto D\u00edaz, alcalde de San Crist\u00f3bal de La Laguna,\u00a0 expres\u00f3 su deseo de seguir colaborando en este tipo de iniciativas para que Canarias, y el municipio siga creciendo como plataforma del conocimiento. \u201cNuestro nivel de implicaci\u00f3n con la ULL, sus investigadores y estar presentes en este tipo de retos es un acierto\u201d, recalc\u00f3.<\/p>\n<p>Otra de las novedades que expusieron los codirectores de esta tercera edici\u00f3n de Campus\u00c1FRICA, es que este a\u00f1o se establecen dos premios para j\u00f3venes investigadores africanos. Adem\u00e1s, y dentro de la l\u00ednea humanista que se incorpora este a\u00f1o a Campus\u00c1FRICA, se incluye tambi\u00e9n el premio Amadou Ndoye de creaci\u00f3n literaria en espa\u00f1ol para estudiantes universitarios africanos residentes en \u00c1frica.<\/p>\n<p>Asimismo, Ciro Guti\u00e9rrez, director general de Universidades de Gobierno de Canarias, consider\u00f3 este foro como una oportunidad de generar conexiones con el continente africano: \u201cCampus\u00c1FRICA es una puerta al continente africano. Este foro es el mejor ejemplo de que universidades y gobiernos trabajen de la mano\u201d.<\/p>\n<p><strong>Campus\u00c1FRICA 2018<\/strong><\/p>\n<p>Campus\u00c1FRICA es un programa internacional de car\u00e1cter formativo en el que participar\u00e1n j\u00f3venes provenientes de universidades africanas y representantes acad\u00e9micos de algunas instituciones de educaci\u00f3n superior del continente vecino, as\u00ed como representantes de organismos internacionales.<\/p>\n<p>Este foro, siguiendo las recomendaciones de la UNESCO, promueve la reflexi\u00f3n prospectiva, la actitud proactiva y la innovaci\u00f3n como valores fundamentales de una educaci\u00f3n superior basada en la responsabilidad social y en el compromiso con el futuro de nuestro planeta.<\/p>\n<p>El programa previsto para esta nueva edici\u00f3n comprende actos culturales y visitas cient\u00edficas, as\u00ed como actividades formativas centradas en torno a los siguientes m\u00f3dulos interdisciplinares:<\/p>\n<p>-EL DESARROLLO SOSTENIBLE AFRICANO: Retos y oportunidades de la globalizaci\u00f3n.<\/p>\n<p>-EL PATRIMONIO CULTURAL AFRICANO: Memoria, identidad e interculturalidad.<\/p>\n<p>-\u00c1FRICA Y LA SALUD GLOBAL: Enfermedades emergentes e investigaci\u00f3n biom\u00e9dica.<\/p>\n","protected":false},"excerpt":{"rendered":"<p>El Rectorado de La Universidad de La Laguna ha acogido hoy lunes 2 de julio la presentaci\u00f3n de la tercera&#8230;<\/p>\n","protected":false},"author":21,"featured_media":37974,"comment_status":"closed","ping_status":"closed","sticky":false,"template":"","format":"standard","meta":{"inline_featured_image":false,"footnotes":""},"categories":[345,348,2753,2755,2754,2765],"tags":[622,685,1634],"acf":[],"yoast_head":"<!-- This site is optimized with the Yoast SEO plugin v21.3 - https:\/\/yoast.com\/wordpress\/plugins\/seo\/ -->\n<title>Campus \u00c1frica 2018 recibir\u00e1 a m\u00e1s de un centenar de becarios del continente africano - ULL - Noticias<\/title>\n<meta name=\"description\" content=\"El Rectorado ha acogido la presentaci\u00f3n de la tercera edici\u00f3n del Campus\u00c1FRICA. Este foro de reflexi\u00f3n cient\u00edfico se celebrar\u00e1 el 11 y 26 de julio y en esta ocasi\u00f3n lleva por t\u00edtulo \u201cLas sociedades africanas frente a los retos de la globalizaci\u00f3n\u201d.\" \/>\n<meta name=\"robots\" content=\"index, follow, max-snippet:-1, max-image-preview:large, max-video-preview:-1\" \/>\n<link rel=\"canonical\" href=\"https:\/\/www.ull.es\/portal\/noticias\/2018\/presentacion-campus-africa-2018\/\" \/>\n<meta property=\"og:locale\" content=\"es_ES\" \/>\n<meta property=\"og:type\" content=\"article\" \/>\n<meta property=\"og:title\" content=\"Campus \u00c1frica 2018 recibir\u00e1 a m\u00e1s de un centenar de becarios del continente africano - ULL - Noticias\" \/>\n<meta property=\"og:description\" content=\"El Rectorado ha acogido la presentaci\u00f3n de la tercera edici\u00f3n del Campus\u00c1FRICA. Este foro de reflexi\u00f3n cient\u00edfico se celebrar\u00e1 el 11 y 26 de julio y en esta ocasi\u00f3n lleva por t\u00edtulo \u201cLas sociedades africanas frente a los retos de la globalizaci\u00f3n\u201d.\" \/>\n<meta property=\"og:url\" content=\"https:\/\/www.ull.es\/portal\/noticias\/2018\/presentacion-campus-africa-2018\/\" \/>\n<meta property=\"og:site_name\" content=\"ULL - Noticias\" \/>\n<meta property=\"article:publisher\" content=\"https:\/\/www.facebook.com\/universidaddelalaguna\/\" \/>\n<meta property=\"article:published_time\" content=\"2018-07-02T14:14:55+00:00\" \/>\n<meta property=\"article:modified_time\" content=\"2018-07-02T14:16:53+00:00\" \/>\n<meta property=\"og:image\" content=\"https:\/\/www.ull.es\/portal\/noticias\/wp-content\/uploads\/sites\/13\/2018\/07\/Present-Campus-Africa-20.jpg\" \/>\n\t<meta property=\"og:image:width\" content=\"1024\" \/>\n\t<meta property=\"og:image:height\" content=\"683\" \/>\n\t<meta property=\"og:image:type\" content=\"image\/jpeg\" \/>\n<meta name=\"author\" content=\"prensa2\" \/>\n<meta name=\"twitter:card\" content=\"summary_large_image\" \/>\n<meta name=\"twitter:creator\" content=\"@CanalULL\" \/>\n<meta name=\"twitter:site\" content=\"@CanalULL\" \/>\n<meta name=\"twitter:label1\" content=\"Escrito por\" \/>\n\t<meta name=\"twitter:data1\" content=\"prensa2\" \/>\n\t<meta name=\"twitter:label2\" content=\"Tiempo de lectura\" \/>\n\t<meta name=\"twitter:data2\" content=\"5 minutos\" \/>\n<script type=\"application\/ld+json\" class=\"yoast-schema-graph\">{\"@context\":\"https:\/\/schema.org\",\"@graph\":[{\"@type\":\"WebPage\",\"@id\":\"https:\/\/www.ull.es\/portal\/noticias\/2018\/presentacion-campus-africa-2018\/\",\"url\":\"https:\/\/www.ull.es\/portal\/noticias\/2018\/presentacion-campus-africa-2018\/\",\"name\":\"Campus \u00c1frica 2018 recibir\u00e1 a m\u00e1s de un centenar de becarios del continente africano - ULL - Noticias\",\"isPartOf\":{\"@id\":\"https:\/\/www.ull.es\/portal\/noticias\/#website\"},\"datePublished\":\"2018-07-02T14:14:55+00:00\",\"dateModified\":\"2018-07-02T14:16:53+00:00\",\"author\":{\"@id\":\"https:\/\/www.ull.es\/portal\/noticias\/#\/schema\/person\/c3b2aa857797592927a03740d6664376\"},\"description\":\"El Rectorado ha acogido la presentaci\u00f3n de la tercera edici\u00f3n del Campus\u00c1FRICA. Este foro de reflexi\u00f3n cient\u00edfico se celebrar\u00e1 el 11 y 26 de julio y en esta ocasi\u00f3n lleva por t\u00edtulo \u201cLas sociedades africanas frente a los retos de la globalizaci\u00f3n\u201d.\",\"breadcrumb\":{\"@id\":\"https:\/\/www.ull.es\/portal\/noticias\/2018\/presentacion-campus-africa-2018\/#breadcrumb\"},\"inLanguage\":\"es\",\"potentialAction\":[{\"@type\":\"ReadAction\",\"target\":[\"https:\/\/www.ull.es\/portal\/noticias\/2018\/presentacion-campus-africa-2018\/\"]}]},{\"@type\":\"BreadcrumbList\",\"@id\":\"https:\/\/www.ull.es\/portal\/noticias\/2018\/presentacion-campus-africa-2018\/#breadcrumb\",\"itemListElement\":[{\"@type\":\"ListItem\",\"position\":1,\"name\":\"Portada\",\"item\":\"https:\/\/www.ull.es\/portal\/noticias\/\"},{\"@type\":\"ListItem\",\"position\":2,\"name\":\"Campus \u00c1frica 2018 recibir\u00e1 a m\u00e1s de un centenar de becarios del continente africano\"}]},{\"@type\":\"WebSite\",\"@id\":\"https:\/\/www.ull.es\/portal\/noticias\/#website\",\"url\":\"https:\/\/www.ull.es\/portal\/noticias\/\",\"name\":\"ULL - Noticias\",\"description\":\"\",\"potentialAction\":[{\"@type\":\"SearchAction\",\"target\":{\"@type\":\"EntryPoint\",\"urlTemplate\":\"https:\/\/www.ull.es\/portal\/noticias\/?s={search_term_string}\"},\"query-input\":\"required name=search_term_string\"}],\"inLanguage\":\"es\"},{\"@type\":\"Person\",\"@id\":\"https:\/\/www.ull.es\/portal\/noticias\/#\/schema\/person\/c3b2aa857797592927a03740d6664376\",\"name\":\"prensa2\",\"image\":{\"@type\":\"ImageObject\",\"inLanguage\":\"es\",\"@id\":\"https:\/\/www.ull.es\/portal\/noticias\/#\/schema\/person\/image\/\",\"url\":\"https:\/\/secure.gravatar.com\/avatar\/b58f310a5de5feb33d1e026d2493f23c?s=96&d=mm&r=g\",\"contentUrl\":\"https:\/\/secure.gravatar.com\/avatar\/b58f310a5de5feb33d1e026d2493f23c?s=96&d=mm&r=g\",\"caption\":\"prensa2\"},\"url\":\"https:\/\/www.ull.es\/portal\/noticias\/author\/prensa2\/\"}]}<\/script>\n<!-- \/ Yoast SEO plugin. -->","yoast_head_json":{"title":"Campus \u00c1frica 2018 recibir\u00e1 a m\u00e1s de un centenar de becarios del continente africano - ULL - Noticias","description":"El Rectorado ha acogido la presentaci\u00f3n de la tercera edici\u00f3n del Campus\u00c1FRICA. Este foro de reflexi\u00f3n cient\u00edfico se celebrar\u00e1 el 11 y 26 de julio y en esta ocasi\u00f3n lleva por t\u00edtulo \u201cLas sociedades africanas frente a los retos de la globalizaci\u00f3n\u201d.","robots":{"index":"index","follow":"follow","max-snippet":"max-snippet:-1","max-image-preview":"max-image-preview:large","max-video-preview":"max-video-preview:-1"},"canonical":"https:\/\/www.ull.es\/portal\/noticias\/2018\/presentacion-campus-africa-2018\/","og_locale":"es_ES","og_type":"article","og_title":"Campus \u00c1frica 2018 recibir\u00e1 a m\u00e1s de un centenar de becarios del continente africano - ULL - Noticias","og_description":"El Rectorado ha acogido la presentaci\u00f3n de la tercera edici\u00f3n del Campus\u00c1FRICA. Este foro de reflexi\u00f3n cient\u00edfico se celebrar\u00e1 el 11 y 26 de julio y en esta ocasi\u00f3n lleva por t\u00edtulo \u201cLas sociedades africanas frente a los retos de la globalizaci\u00f3n\u201d.","og_url":"https:\/\/www.ull.es\/portal\/noticias\/2018\/presentacion-campus-africa-2018\/","og_site_name":"ULL - Noticias","article_publisher":"https:\/\/www.facebook.com\/universidaddelalaguna\/","article_published_time":"2018-07-02T14:14:55+00:00","article_modified_time":"2018-07-02T14:16:53+00:00","og_image":[{"width":1024,"height":683,"url":"https:\/\/www.ull.es\/portal\/noticias\/wp-content\/uploads\/sites\/13\/2018\/07\/Present-Campus-Africa-20.jpg","type":"image\/jpeg"}],"author":"prensa2","twitter_card":"summary_large_image","twitter_creator":"@CanalULL","twitter_site":"@CanalULL","twitter_misc":{"Escrito por":"prensa2","Tiempo de lectura":"5 minutos"},"schema":{"@context":"https:\/\/schema.org","@graph":[{"@type":"WebPage","@id":"https:\/\/www.ull.es\/portal\/noticias\/2018\/presentacion-campus-africa-2018\/","url":"https:\/\/www.ull.es\/portal\/noticias\/2018\/presentacion-campus-africa-2018\/","name":"Campus \u00c1frica 2018 recibir\u00e1 a m\u00e1s de un centenar de becarios del continente africano - ULL - Noticias","isPartOf":{"@id":"https:\/\/www.ull.es\/portal\/noticias\/#website"},"datePublished":"2018-07-02T14:14:55+00:00","dateModified":"2018-07-02T14:16:53+00:00","author":{"@id":"https:\/\/www.ull.es\/portal\/noticias\/#\/schema\/person\/c3b2aa857797592927a03740d6664376"},"description":"El Rectorado ha acogido la presentaci\u00f3n de la tercera edici\u00f3n del Campus\u00c1FRICA. Este foro de reflexi\u00f3n cient\u00edfico se celebrar\u00e1 el 11 y 26 de julio y en esta ocasi\u00f3n lleva por t\u00edtulo \u201cLas sociedades africanas frente a los retos de la globalizaci\u00f3n\u201d.","breadcrumb":{"@id":"https:\/\/www.ull.es\/portal\/noticias\/2018\/presentacion-campus-africa-2018\/#breadcrumb"},"inLanguage":"es","potentialAction":[{"@type":"ReadAction","target":["https:\/\/www.ull.es\/portal\/noticias\/2018\/presentacion-campus-africa-2018\/"]}]},{"@type":"BreadcrumbList","@id":"https:\/\/www.ull.es\/portal\/noticias\/2018\/presentacion-campus-africa-2018\/#breadcrumb","itemListElement":[{"@type":"ListItem","position":1,"name":"Portada","item":"https:\/\/www.ull.es\/portal\/noticias\/"},{"@type":"ListItem","position":2,"name":"Campus \u00c1frica 2018 recibir\u00e1 a m\u00e1s de un centenar de becarios del continente africano"}]},{"@type":"WebSite","@id":"https:\/\/www.ull.es\/portal\/noticias\/#website","url":"https:\/\/www.ull.es\/portal\/noticias\/","name":"ULL - Noticias","description":"","potentialAction":[{"@type":"SearchAction","target":{"@type":"EntryPoint","urlTemplate":"https:\/\/www.ull.es\/portal\/noticias\/?s={search_term_string}"},"query-input":"required name=search_term_string"}],"inLanguage":"es"},{"@type":"Person","@id":"https:\/\/www.ull.es\/portal\/noticias\/#\/schema\/person\/c3b2aa857797592927a03740d6664376","name":"prensa2","image":{"@type":"ImageObject","inLanguage":"es","@id":"https:\/\/www.ull.es\/portal\/noticias\/#\/schema\/person\/image\/","url":"https:\/\/secure.gravatar.com\/avatar\/b58f310a5de5feb33d1e026d2493f23c?s=96&d=mm&r=g","contentUrl":"https:\/\/secure.gravatar.com\/avatar\/b58f310a5de5feb33d1e026d2493f23c?s=96&d=mm&r=g","caption":"prensa2"},"url":"https:\/\/www.ull.es\/portal\/noticias\/author\/prensa2\/"}]}},"primary_category":{"id":348,"name":"Instituci\u00f3n","slug":"institucion","link":"https:\/\/www.ull.es\/portal\/noticias\/category\/institucion\/"},"featured_image_thumbnail_url":"https:\/\/www.ull.es\/portal\/noticias\/wp-content\/uploads\/sites\/13\/2018\/07\/Present-Campus-Africa-20-300x200.jpg","_links":{"self":[{"href":"https:\/\/www.ull.es\/portal\/noticias\/wp-json\/wp\/v2\/posts\/37973"}],"collection":[{"href":"https:\/\/www.ull.es\/portal\/noticias\/wp-json\/wp\/v2\/posts"}],"about":[{"href":"https:\/\/www.ull.es\/portal\/noticias\/wp-json\/wp\/v2\/types\/post"}],"author":[{"embeddable":true,"href":"https:\/\/www.ull.es\/portal\/noticias\/wp-json\/wp\/v2\/users\/21"}],"replies":[{"embeddable":true,"href":"https:\/\/www.ull.es\/portal\/noticias\/wp-json\/wp\/v2\/comments?post=37973"}],"version-history":[{"count":3,"href":"https:\/\/www.ull.es\/portal\/noticias\/wp-json\/wp\/v2\/posts\/37973\/revisions"}],"predecessor-version":[{"id":37977,"href":"https:\/\/www.ull.es\/portal\/noticias\/wp-json\/wp\/v2\/posts\/37973\/revisions\/37977"}],"wp:featuredmedia":[{"embeddable":true,"href":"https:\/\/www.ull.es\/portal\/noticias\/wp-json\/wp\/v2\/media\/37974"}],"wp:attachment":[{"href":"https:\/\/www.ull.es\/portal\/noticias\/wp-json\/wp\/v2\/media?parent=37973"}],"wp:term":[{"taxonomy":"category","embeddable":true,"href":"https:\/\/www.ull.es\/portal\/noticias\/wp-json\/wp\/v2\/categories?post=37973"},{"taxonomy":"post_tag","embeddable":true,"href":"https:\/\/www.ull.es\/portal\/noticias\/wp-json\/wp\/v2\/tags?post=37973"}],"curies":[{"name":"wp","href":"https:\/\/api.w.org\/{rel}","templated":true}]}}