{"id":38011,"date":"2018-07-03T12:17:26","date_gmt":"2018-07-03T12:17:26","guid":{"rendered":"https:\/\/www.ull.es\/portal\/noticias\/?p=38011"},"modified":"2018-07-03T12:17:26","modified_gmt":"2018-07-03T12:17:26","slug":"un-total-de-948-estudiantes-realizaran-la-ebau-de-julio-en-la-universidad-de-la-laguna","status":"publish","type":"post","link":"https:\/\/www.ull.es\/portal\/noticias\/2018\/un-total-de-948-estudiantes-realizaran-la-ebau-de-julio-en-la-universidad-de-la-laguna\/","title":{"rendered":"Un total de 948 estudiantes realizar\u00e1n la EBAU de julio en la Universidad de La Laguna"},"content":{"rendered":"<p>La Universidad de La Laguna acoger\u00e1 a partir de ma\u00f1ana mi\u00e9rcoles 4 y hasta el viernes 6 la convocatoria de julio de la Evaluaci\u00f3n de Bachillerato para el Acceso a la Universidad (EBAU), para la que se ha registrado un total 948 estudiantes, de los cuales 810 se presentar\u00e1n a la fase general y 138 \u00fanicamente a la espec\u00edfica, con el objeto de mejorar su calificaci\u00f3n anterior.<\/p>\n<p>Como en anteriores ediciones, el tribunal designado por al Universidad de La Laguna tambi\u00e9n se desplaza al resto de islas de la provincia para que su alumnado realice las pruebas en el centro de referencia. As\u00ed, de las personas que realizar\u00e1n la fase general, en Tenerife lo har\u00e1n 727; en La Palma, 59; en La Gomera, 18 y en El Hierro, 6.<\/p>\n<p>Desglosado por opciones, 45 estudiantes han optado por Artes; 390 por Ciencias; 233 por Humanidades y Ciencias Sociales, itinerario Ciencias Sociales; y 142 por Humanidades y Ciencias Sociales, itinerario Humanidades.<\/p>\n<p>En cuanto a las 138 personas que solo realizar\u00e1n la fase espec\u00edfica, 123 lo har\u00e1n en Tenerife y 15 en La Palma. Por procedencia, el Gabinete de An\u00e1lisis y Planificaci\u00f3n de la instituci\u00f3n acad\u00e9mica indica que 124 son estudiantes de Bachillerato y los 14 restantes, titulados superiores de Formaci\u00f3n Profesional que desean acceder a estudios universitarios.<\/p>\n<p><strong>Ex\u00e1menes y calificaciones<\/strong><\/p>\n<p>La <a href=\"https:\/\/drive.google.com\/file\/d\/1j0Drb5j6aAjcCsIb3W7x7zYXsXRi5tdz\/view\" target=\"_blank\" rel=\"noopener\">prueba<\/a> se desarrollar\u00e1 a partir de las 9.30 horas de ma\u00f1ana mi\u00e9rcoles en el Aulario General del Campus de Guajara de la Universidad de La Laguna en el caso de Tenerife, en el IES Virgen de las Nieves de La Palma; en el IES San Sebasti\u00e1n de La Gomera y en el IES Garo\u00e9 de El Hierro.<\/p>\n<p>El primer examen ser\u00e1 el de Lengua Castellana y Literatura II, a las 9:30 horas, al cual seguir\u00e1, a las 12:00, el de Lengua Extranjera (ingl\u00e9s, franc\u00e9s, italiano o alem\u00e1n) y, a las 16:00, el de Historia de Espa\u00f1a.<\/p>\n<p>La publicaci\u00f3n de notas est\u00e1 prevista para el 12 de julio. En el caso de que el alumno opte por presentar solicitud de revisi\u00f3n simple o doble correcci\u00f3n a \u00a0las calificaciones obtenidas en las pruebas de acceso, el resultado final se conocer\u00e1 el d\u00eda 19 del mismo mes.<\/p>\n","protected":false},"excerpt":{"rendered":"<p>La Universidad de La Laguna acoger\u00e1 a partir de ma\u00f1ana mi\u00e9rcoles 4 y hasta el viernes 6 la convocatoria de&#8230;<\/p>\n","protected":false},"author":23,"featured_media":38013,"comment_status":"closed","ping_status":"closed","sticky":false,"template":"","format":"standard","meta":{"inline_featured_image":false,"footnotes":""},"categories":[343,345,348,2765],"tags":[370,2879],"acf":[],"yoast_head":"<!-- This site is optimized with the Yoast SEO plugin v21.3 - https:\/\/yoast.com\/wordpress\/plugins\/seo\/ -->\n<title>Un total de 948 estudiantes realizar\u00e1n la EBAU de julio en la Universidad de La Laguna - ULL - Noticias<\/title>\n<meta name=\"robots\" content=\"index, follow, max-snippet:-1, max-image-preview:large, max-video-preview:-1\" \/>\n<link rel=\"canonical\" href=\"https:\/\/www.ull.es\/portal\/noticias\/2018\/un-total-de-948-estudiantes-realizaran-la-ebau-de-julio-en-la-universidad-de-la-laguna\/\" \/>\n<meta property=\"og:locale\" content=\"es_ES\" \/>\n<meta property=\"og:type\" content=\"article\" \/>\n<meta property=\"og:title\" content=\"Un total de 948 estudiantes realizar\u00e1n la EBAU de julio en la Universidad de La Laguna - ULL - Noticias\" \/>\n<meta property=\"og:description\" content=\"La Universidad de La Laguna acoger\u00e1 a partir de ma\u00f1ana mi\u00e9rcoles 4 y hasta el viernes 6 la convocatoria de...\" \/>\n<meta property=\"og:url\" content=\"https:\/\/www.ull.es\/portal\/noticias\/2018\/un-total-de-948-estudiantes-realizaran-la-ebau-de-julio-en-la-universidad-de-la-laguna\/\" \/>\n<meta property=\"og:site_name\" content=\"ULL - Noticias\" \/>\n<meta property=\"article:publisher\" content=\"https:\/\/www.facebook.com\/universidaddelalaguna\/\" \/>\n<meta property=\"article:published_time\" content=\"2018-07-03T12:17:26+00:00\" \/>\n<meta property=\"og:image\" content=\"https:\/\/www.ull.es\/portal\/noticias\/wp-content\/uploads\/sites\/13\/2018\/07\/EBAU-ULL-47.jpg\" \/>\n\t<meta property=\"og:image:width\" content=\"1600\" \/>\n\t<meta property=\"og:image:height\" content=\"1067\" \/>\n\t<meta property=\"og:image:type\" content=\"image\/jpeg\" \/>\n<meta name=\"author\" content=\"gaprsa\" \/>\n<meta name=\"twitter:card\" content=\"summary_large_image\" \/>\n<meta name=\"twitter:creator\" content=\"@CanalULL\" \/>\n<meta name=\"twitter:site\" content=\"@CanalULL\" \/>\n<meta name=\"twitter:label1\" content=\"Escrito por\" \/>\n\t<meta name=\"twitter:data1\" content=\"gaprsa\" \/>\n\t<meta name=\"twitter:label2\" content=\"Tiempo de lectura\" \/>\n\t<meta name=\"twitter:data2\" content=\"2 minutos\" \/>\n<script type=\"application\/ld+json\" class=\"yoast-schema-graph\">{\"@context\":\"https:\/\/schema.org\",\"@graph\":[{\"@type\":\"WebPage\",\"@id\":\"https:\/\/www.ull.es\/portal\/noticias\/2018\/un-total-de-948-estudiantes-realizaran-la-ebau-de-julio-en-la-universidad-de-la-laguna\/\",\"url\":\"https:\/\/www.ull.es\/portal\/noticias\/2018\/un-total-de-948-estudiantes-realizaran-la-ebau-de-julio-en-la-universidad-de-la-laguna\/\",\"name\":\"Un total de 948 estudiantes realizar\u00e1n la EBAU de julio en la Universidad de La Laguna - ULL - Noticias\",\"isPartOf\":{\"@id\":\"https:\/\/www.ull.es\/portal\/noticias\/#website\"},\"datePublished\":\"2018-07-03T12:17:26+00:00\",\"dateModified\":\"2018-07-03T12:17:26+00:00\",\"author\":{\"@id\":\"https:\/\/www.ull.es\/portal\/noticias\/#\/schema\/person\/b2b1a89d43ffa609e591f7df8ef3e817\"},\"breadcrumb\":{\"@id\":\"https:\/\/www.ull.es\/portal\/noticias\/2018\/un-total-de-948-estudiantes-realizaran-la-ebau-de-julio-en-la-universidad-de-la-laguna\/#breadcrumb\"},\"inLanguage\":\"es\",\"potentialAction\":[{\"@type\":\"ReadAction\",\"target\":[\"https:\/\/www.ull.es\/portal\/noticias\/2018\/un-total-de-948-estudiantes-realizaran-la-ebau-de-julio-en-la-universidad-de-la-laguna\/\"]}]},{\"@type\":\"BreadcrumbList\",\"@id\":\"https:\/\/www.ull.es\/portal\/noticias\/2018\/un-total-de-948-estudiantes-realizaran-la-ebau-de-julio-en-la-universidad-de-la-laguna\/#breadcrumb\",\"itemListElement\":[{\"@type\":\"ListItem\",\"position\":1,\"name\":\"Portada\",\"item\":\"https:\/\/www.ull.es\/portal\/noticias\/\"},{\"@type\":\"ListItem\",\"position\":2,\"name\":\"Un total de 948 estudiantes realizar\u00e1n la EBAU de julio en la Universidad de La Laguna\"}]},{\"@type\":\"WebSite\",\"@id\":\"https:\/\/www.ull.es\/portal\/noticias\/#website\",\"url\":\"https:\/\/www.ull.es\/portal\/noticias\/\",\"name\":\"ULL - Noticias\",\"description\":\"\",\"potentialAction\":[{\"@type\":\"SearchAction\",\"target\":{\"@type\":\"EntryPoint\",\"urlTemplate\":\"https:\/\/www.ull.es\/portal\/noticias\/?s={search_term_string}\"},\"query-input\":\"required name=search_term_string\"}],\"inLanguage\":\"es\"},{\"@type\":\"Person\",\"@id\":\"https:\/\/www.ull.es\/portal\/noticias\/#\/schema\/person\/b2b1a89d43ffa609e591f7df8ef3e817\",\"name\":\"gaprsa\",\"image\":{\"@type\":\"ImageObject\",\"inLanguage\":\"es\",\"@id\":\"https:\/\/www.ull.es\/portal\/noticias\/#\/schema\/person\/image\/\",\"url\":\"https:\/\/secure.gravatar.com\/avatar\/443820550921091458b4823867723b3d?s=96&d=mm&r=g\",\"contentUrl\":\"https:\/\/secure.gravatar.com\/avatar\/443820550921091458b4823867723b3d?s=96&d=mm&r=g\",\"caption\":\"gaprsa\"},\"url\":\"https:\/\/www.ull.es\/portal\/noticias\/author\/gaprsa\/\"}]}<\/script>\n<!-- \/ Yoast SEO plugin. -->","yoast_head_json":{"title":"Un total de 948 estudiantes realizar\u00e1n la EBAU de julio en la Universidad de La Laguna - ULL - Noticias","robots":{"index":"index","follow":"follow","max-snippet":"max-snippet:-1","max-image-preview":"max-image-preview:large","max-video-preview":"max-video-preview:-1"},"canonical":"https:\/\/www.ull.es\/portal\/noticias\/2018\/un-total-de-948-estudiantes-realizaran-la-ebau-de-julio-en-la-universidad-de-la-laguna\/","og_locale":"es_ES","og_type":"article","og_title":"Un total de 948 estudiantes realizar\u00e1n la EBAU de julio en la Universidad de La Laguna - ULL - Noticias","og_description":"La Universidad de La Laguna acoger\u00e1 a partir de ma\u00f1ana mi\u00e9rcoles 4 y hasta el viernes 6 la convocatoria de...","og_url":"https:\/\/www.ull.es\/portal\/noticias\/2018\/un-total-de-948-estudiantes-realizaran-la-ebau-de-julio-en-la-universidad-de-la-laguna\/","og_site_name":"ULL - Noticias","article_publisher":"https:\/\/www.facebook.com\/universidaddelalaguna\/","article_published_time":"2018-07-03T12:17:26+00:00","og_image":[{"width":1600,"height":1067,"url":"https:\/\/www.ull.es\/portal\/noticias\/wp-content\/uploads\/sites\/13\/2018\/07\/EBAU-ULL-47.jpg","type":"image\/jpeg"}],"author":"gaprsa","twitter_card":"summary_large_image","twitter_creator":"@CanalULL","twitter_site":"@CanalULL","twitter_misc":{"Escrito por":"gaprsa","Tiempo de lectura":"2 minutos"},"schema":{"@context":"https:\/\/schema.org","@graph":[{"@type":"WebPage","@id":"https:\/\/www.ull.es\/portal\/noticias\/2018\/un-total-de-948-estudiantes-realizaran-la-ebau-de-julio-en-la-universidad-de-la-laguna\/","url":"https:\/\/www.ull.es\/portal\/noticias\/2018\/un-total-de-948-estudiantes-realizaran-la-ebau-de-julio-en-la-universidad-de-la-laguna\/","name":"Un total de 948 estudiantes realizar\u00e1n la EBAU de julio en la Universidad de La Laguna - ULL - Noticias","isPartOf":{"@id":"https:\/\/www.ull.es\/portal\/noticias\/#website"},"datePublished":"2018-07-03T12:17:26+00:00","dateModified":"2018-07-03T12:17:26+00:00","author":{"@id":"https:\/\/www.ull.es\/portal\/noticias\/#\/schema\/person\/b2b1a89d43ffa609e591f7df8ef3e817"},"breadcrumb":{"@id":"https:\/\/www.ull.es\/portal\/noticias\/2018\/un-total-de-948-estudiantes-realizaran-la-ebau-de-julio-en-la-universidad-de-la-laguna\/#breadcrumb"},"inLanguage":"es","potentialAction":[{"@type":"ReadAction","target":["https:\/\/www.ull.es\/portal\/noticias\/2018\/un-total-de-948-estudiantes-realizaran-la-ebau-de-julio-en-la-universidad-de-la-laguna\/"]}]},{"@type":"BreadcrumbList","@id":"https:\/\/www.ull.es\/portal\/noticias\/2018\/un-total-de-948-estudiantes-realizaran-la-ebau-de-julio-en-la-universidad-de-la-laguna\/#breadcrumb","itemListElement":[{"@type":"ListItem","position":1,"name":"Portada","item":"https:\/\/www.ull.es\/portal\/noticias\/"},{"@type":"ListItem","position":2,"name":"Un total de 948 estudiantes realizar\u00e1n la EBAU de julio en la Universidad de La Laguna"}]},{"@type":"WebSite","@id":"https:\/\/www.ull.es\/portal\/noticias\/#website","url":"https:\/\/www.ull.es\/portal\/noticias\/","name":"ULL - Noticias","description":"","potentialAction":[{"@type":"SearchAction","target":{"@type":"EntryPoint","urlTemplate":"https:\/\/www.ull.es\/portal\/noticias\/?s={search_term_string}"},"query-input":"required name=search_term_string"}],"inLanguage":"es"},{"@type":"Person","@id":"https:\/\/www.ull.es\/portal\/noticias\/#\/schema\/person\/b2b1a89d43ffa609e591f7df8ef3e817","name":"gaprsa","image":{"@type":"ImageObject","inLanguage":"es","@id":"https:\/\/www.ull.es\/portal\/noticias\/#\/schema\/person\/image\/","url":"https:\/\/secure.gravatar.com\/avatar\/443820550921091458b4823867723b3d?s=96&d=mm&r=g","contentUrl":"https:\/\/secure.gravatar.com\/avatar\/443820550921091458b4823867723b3d?s=96&d=mm&r=g","caption":"gaprsa"},"url":"https:\/\/www.ull.es\/portal\/noticias\/author\/gaprsa\/"}]}},"primary_category":{"id":343,"name":"Alumnado","slug":"alumnado","link":"https:\/\/www.ull.es\/portal\/noticias\/category\/alumnado\/"},"featured_image_thumbnail_url":"https:\/\/www.ull.es\/portal\/noticias\/wp-content\/uploads\/sites\/13\/2018\/07\/EBAU-ULL-47-300x200.jpg","_links":{"self":[{"href":"https:\/\/www.ull.es\/portal\/noticias\/wp-json\/wp\/v2\/posts\/38011"}],"collection":[{"href":"https:\/\/www.ull.es\/portal\/noticias\/wp-json\/wp\/v2\/posts"}],"about":[{"href":"https:\/\/www.ull.es\/portal\/noticias\/wp-json\/wp\/v2\/types\/post"}],"author":[{"embeddable":true,"href":"https:\/\/www.ull.es\/portal\/noticias\/wp-json\/wp\/v2\/users\/23"}],"replies":[{"embeddable":true,"href":"https:\/\/www.ull.es\/portal\/noticias\/wp-json\/wp\/v2\/comments?post=38011"}],"version-history":[{"count":1,"href":"https:\/\/www.ull.es\/portal\/noticias\/wp-json\/wp\/v2\/posts\/38011\/revisions"}],"predecessor-version":[{"id":38012,"href":"https:\/\/www.ull.es\/portal\/noticias\/wp-json\/wp\/v2\/posts\/38011\/revisions\/38012"}],"wp:featuredmedia":[{"embeddable":true,"href":"https:\/\/www.ull.es\/portal\/noticias\/wp-json\/wp\/v2\/media\/38013"}],"wp:attachment":[{"href":"https:\/\/www.ull.es\/portal\/noticias\/wp-json\/wp\/v2\/media?parent=38011"}],"wp:term":[{"taxonomy":"category","embeddable":true,"href":"https:\/\/www.ull.es\/portal\/noticias\/wp-json\/wp\/v2\/categories?post=38011"},{"taxonomy":"post_tag","embeddable":true,"href":"https:\/\/www.ull.es\/portal\/noticias\/wp-json\/wp\/v2\/tags?post=38011"}],"curies":[{"name":"wp","href":"https:\/\/api.w.org\/{rel}","templated":true}]}}