{"id":38413,"date":"2018-07-19T08:04:38","date_gmt":"2018-07-19T08:04:38","guid":{"rendered":"https:\/\/www.ull.es\/portal\/noticias\/?p=38413"},"modified":"2018-07-19T11:09:24","modified_gmt":"2018-07-19T11:09:24","slug":"director-rae-campus-africa","status":"publish","type":"post","link":"https:\/\/www.ull.es\/portal\/noticias\/2018\/director-rae-campus-africa\/","title":{"rendered":"Campus \u00c1FRICA recibe al director de la Real Academia Espa\u00f1ola"},"content":{"rendered":"<p>El Teatro Leal de la ciudad de La Laguna acogi\u00f3 la tarde del 18 de julio la ponencia <em>El espa\u00f1ol como lengua global<\/em>, de Dar\u00edo Villanueva, director de la Real Academia Espa\u00f1ola (RAE). Esta disertaci\u00f3n se incluye dentro del acto institucional el D\u00eda de Mandela y del programa de Campus\u00c1FRICA 2018.<\/p>\n<p>Esta sesi\u00f3n tuvo un matiz especial\u00a0 pues se quiso rendir un homenaje a Nelson Mandela, ya que ese mi\u00e9rcoles se cumpl\u00eda el primer centenario del nacimiento del primer presidente democr\u00e1tico de Sud\u00e1frica y Premio Nobel de La Paz. Dentro de la sesi\u00f3n, y tras la ponencia del director de la RAE, ha tenido lugar la entrega de Premios Amadou Ndoye y Campus \u00c1FRICA 2018.<\/p>\n<div id=\"attachment_38415\" style=\"width: 310px\" class=\"wp-caption alignleft\"><a href=\"https:\/\/www.ull.es\/portal\/noticias\/wp-content\/uploads\/sites\/13\/2018\/07\/Mesa-presidencial.jpg\" target=\"_blank\" rel=\"noopener\" target=\"_blank\" rel=\"noopener\"><img aria-describedby=\"caption-attachment-38415\" decoding=\"async\" loading=\"lazy\" class=\"wp-image-38415 size-medium\" src=\"https:\/\/www.ull.es\/portal\/noticias\/wp-content\/uploads\/sites\/13\/2018\/07\/Mesa-presidencial-300x200.jpg\" alt=\"\" width=\"300\" height=\"200\" srcset=\"https:\/\/www.ull.es\/portal\/noticias\/wp-content\/uploads\/sites\/13\/2018\/07\/Mesa-presidencial-300x200.jpg 300w, https:\/\/www.ull.es\/portal\/noticias\/wp-content\/uploads\/sites\/13\/2018\/07\/Mesa-presidencial-768x512.jpg 768w, https:\/\/www.ull.es\/portal\/noticias\/wp-content\/uploads\/sites\/13\/2018\/07\/Mesa-presidencial-1024x682.jpg 1024w, https:\/\/www.ull.es\/portal\/noticias\/wp-content\/uploads\/sites\/13\/2018\/07\/Mesa-presidencial-375x250.jpg 375w, https:\/\/www.ull.es\/portal\/noticias\/wp-content\/uploads\/sites\/13\/2018\/07\/Mesa-presidencial-750x500.jpg 750w, https:\/\/www.ull.es\/portal\/noticias\/wp-content\/uploads\/sites\/13\/2018\/07\/Mesa-presidencial-1140x760.jpg 1140w, https:\/\/www.ull.es\/portal\/noticias\/wp-content\/uploads\/sites\/13\/2018\/07\/Mesa-presidencial.jpg 1600w\" sizes=\"(max-width: 300px) 100vw, 300px\" \/><\/a><p id=\"caption-attachment-38415\" class=\"wp-caption-text\">Autoridades presentes en el acto<\/p>\n<div>Foto: Campus \u00c1frica<\/div>\n<p><\/p><\/div>\n<p>En el acto estuvieron presentes Fernando Clavijo, presidente del Gobierno de Canarias; Antonio Martin\u00f3n, rector de la Universidad de La Laguna; Jos\u00e9 Alberto D\u00edaz, alcalde de San Crist\u00f3bal de La Laguna; Carlos Alonso, presidente del Cabildo de Tenerife; Francisco Garc\u00eda, vicerrector de Relaciones con la Sociedad de la ULL; y Basilio Valladares y Jos\u00e9 G\u00f3mez, codirectores de Campus \u00c1FRICA.<\/p>\n<p>El presidente del Gobierno de Canarias ha abierto el acto haciendo menci\u00f3n a la importancia de una iniciativa como Campus \u00c1FRICA. \u201cEste foro es un punto de encuentro, de intercambio para reforzar los lazos con el continente vecino; un punto de di\u00e1logo y reflexi\u00f3n. Una iniciativa que pone de relieve el papel de Canarias y de \u00c1frica, en lo que a pol\u00edticas de cooperaci\u00f3n y de desarrollo se refiere\u201d, aseveraba el presidente. Incid\u00eda adem\u00e1s en el papel de la educaci\u00f3n como la llave para abrir el futuro de estos pueblos.<\/p>\n<p>Para Basilio Valladares y G\u00f3mez Soli\u00f1o, que este acto coincida con el D\u00eda de Mandela instaurado por la Organizaci\u00f3n de Naciones Unidas cuando se cumplen cien a\u00f1os del nacimiento del l\u00edder sudafricano, ha sido clave, pues Mandela luchaba por la resoluci\u00f3n de conflictos y la protecci\u00f3n de los derechos humanos, trabajaba por conseguir un mundo mejor, luchaba por promover valores como la actitud fraternal, la cooperaci\u00f3n, desde el punto de vista de Soli\u00f1o, estos son algunos de los valores que se promueven desde este foro. \u201cDefendemos valores asociados a la cooperaci\u00f3n, que defienden el papel capacitador de la ciencia y la educaci\u00f3n. Si algo define el esp\u00edritu de Campus \u00c1FRICA es la generosidad\u201d, recalcaba el profesor.<\/p>\n<p>Adem\u00e1s G\u00f3mez Soli\u00f1o recordaba que la globalizaci\u00f3n ling\u00fc\u00edstica es un aspecto muchas veces olvidado y que se ha tratado en profundidad en esta tercera edici\u00f3n de Campus\u00c1FRICA. \u201cLas lenguas nos representan como personas y sociedad y tambi\u00e9n son instrumentos de comunicaci\u00f3n\u201d, conclu\u00eda.<\/p>\n<p><strong>El espa\u00f1ol como lengua global<\/strong><\/p>\n<div id=\"attachment_38416\" style=\"width: 310px\" class=\"wp-caption alignright\"><a href=\"https:\/\/www.ull.es\/portal\/noticias\/wp-content\/uploads\/sites\/13\/2018\/07\/Dario-Villanueva1.jpg\" target=\"_blank\" rel=\"noopener\" target=\"_blank\" rel=\"noopener\"><img aria-describedby=\"caption-attachment-38416\" decoding=\"async\" loading=\"lazy\" class=\"wp-image-38416 size-medium\" src=\"https:\/\/www.ull.es\/portal\/noticias\/wp-content\/uploads\/sites\/13\/2018\/07\/Dario-Villanueva1-300x200.jpg\" alt=\"\" width=\"300\" height=\"200\" srcset=\"https:\/\/www.ull.es\/portal\/noticias\/wp-content\/uploads\/sites\/13\/2018\/07\/Dario-Villanueva1-300x200.jpg 300w, https:\/\/www.ull.es\/portal\/noticias\/wp-content\/uploads\/sites\/13\/2018\/07\/Dario-Villanueva1-768x512.jpg 768w, https:\/\/www.ull.es\/portal\/noticias\/wp-content\/uploads\/sites\/13\/2018\/07\/Dario-Villanueva1-1024x682.jpg 1024w, https:\/\/www.ull.es\/portal\/noticias\/wp-content\/uploads\/sites\/13\/2018\/07\/Dario-Villanueva1-375x250.jpg 375w, https:\/\/www.ull.es\/portal\/noticias\/wp-content\/uploads\/sites\/13\/2018\/07\/Dario-Villanueva1-750x500.jpg 750w, https:\/\/www.ull.es\/portal\/noticias\/wp-content\/uploads\/sites\/13\/2018\/07\/Dario-Villanueva1-1140x760.jpg 1140w, https:\/\/www.ull.es\/portal\/noticias\/wp-content\/uploads\/sites\/13\/2018\/07\/Dario-Villanueva1.jpg 1600w\" sizes=\"(max-width: 300px) 100vw, 300px\" \/><\/a><p id=\"caption-attachment-38416\" class=\"wp-caption-text\">Dar\u00edo Villanueva.<\/p>\n<div>Foto: Campus \u00c1frica<\/div>\n<p><\/p><\/div>\n<p>Dar\u00edo Villanueva, director de la RAE \u00a0y de la Asociaci\u00f3n de Academias de La Lengua Espa\u00f1ola (ASALE), ha comenzado su ponencia hablando de las posibilidades del di\u00e1logo de las lenguas.<\/p>\n<p>El director de la instituci\u00f3n quiso transmitir la importancia de la lengua espa\u00f1ola como lengua global y justificar dicha afirmaci\u00f3n. \u201cExiste un lugar de referencia, <em>The Languages of the World<\/em>, donde se han registrado m\u00e1s de 6900 lenguas en el mundo y el espa\u00f1ol es la segunda con m\u00e1s de 400 millones de hablantes. Las cifras hablan de una gran expansi\u00f3n. La espa\u00f1ola es una lengua activa.\u00a0 En internet es la tercera lengua m\u00e1s usada, y la segunda para las transacciones a nivel mundial. Todo esto justifica el espa\u00f1ol como lengua global\u00bb, afirmaba el ponente.<\/p>\n<p>Recalc\u00f3, adem\u00e1s, el inter\u00e9s que el aprendizaje del idioma suscita en \u00c1frica. \u201cEl espa\u00f1ol, ocupa el segundo puesto en el aprendizaje de idiomas extranjeros a nivel mundial; en la actualidad hay 20 millones de estudiantes de espa\u00f1ol como lengua extranjera. Y hay que destacar que de entre los 12 pa\u00edses con m\u00e1s estudiantes, 5 de ellos son africanos. Sin ir m\u00e1s lejos en Costa de Marfil lo estudian m\u00e1s de 500.000 personas, En Benin m\u00e1s de 400.000, y en Senegal m\u00e1s de 200.000&#8243;, aclar\u00f3 Villanueva.<\/p>\n<p>El director de la RAE hac\u00eda un recorrido por la historia de la lengua mencionando tres momentos clave para la misma. Por un lado, el momento fundacional, momento en el que el lat\u00edn se fragmenta y da lugar a tres lenguas romances: el catal\u00e1n, el gallego y el castellano. El segundo, en 1492 cuando aparece la gram\u00e1tica de Antonio Nebrija dedicada a Isabel la Cat\u00f3lica y coincidiendo con la llegada de Col\u00f3n a Am\u00e9rica. Y el tercero, a partir de 1820, con los procesos de independencia de las colonias americanas.<\/p>\n<p>Quiso poner en relieve tambi\u00e9n que, pese a no ser una lengua uniforme, mantiene una rara unidad que permite a todos los hablantes, independientemente del lugar de procedencia, entenderse. \u201cEn el siglo XIX hubo quien dijo que el espa\u00f1ol es una lengua que se iba a fragmentar pero esto no ha ocurrido. Hay diferencia de acentos y en las palabras. La unidad del idioma es un valor confirmado y es un atractivo para los que se acercan de otras lenguas\u201d, asever\u00f3. Adem\u00e1s resalt\u00f3 que en este proceso que mantuvo la unidad fue importante la creaci\u00f3n de ASALE, a\u00f1adi\u00f3.<\/p>\n<p>Tras la justificaci\u00f3n hist\u00f3rica y las cifras aportadas, Dar\u00edo Villanueva, afirm\u00f3, \u201csiempre con prudencia y convencimiento\u201d, que el espa\u00f1ol puede exhibir el titulo de lengua global pues las cifras y la justificaci\u00f3n hist\u00f3rica lo avalan.<\/p>\n<p><strong>Premios Campus \u00c1FRICA 2018 y Amadou Ndoye<\/strong><\/p>\n<div id=\"attachment_38417\" style=\"width: 310px\" class=\"wp-caption alignleft\"><a href=\"https:\/\/www.ull.es\/portal\/noticias\/wp-content\/uploads\/sites\/13\/2018\/07\/PREMIADAS3.jpg\" target=\"_blank\" rel=\"noopener\" target=\"_blank\" rel=\"noopener\"><img aria-describedby=\"caption-attachment-38417\" decoding=\"async\" loading=\"lazy\" class=\"wp-image-38417 size-medium\" src=\"https:\/\/www.ull.es\/portal\/noticias\/wp-content\/uploads\/sites\/13\/2018\/07\/PREMIADAS3-300x200.jpg\" alt=\"\" width=\"300\" height=\"200\" srcset=\"https:\/\/www.ull.es\/portal\/noticias\/wp-content\/uploads\/sites\/13\/2018\/07\/PREMIADAS3-300x200.jpg 300w, https:\/\/www.ull.es\/portal\/noticias\/wp-content\/uploads\/sites\/13\/2018\/07\/PREMIADAS3-768x512.jpg 768w, https:\/\/www.ull.es\/portal\/noticias\/wp-content\/uploads\/sites\/13\/2018\/07\/PREMIADAS3-1024x682.jpg 1024w, https:\/\/www.ull.es\/portal\/noticias\/wp-content\/uploads\/sites\/13\/2018\/07\/PREMIADAS3-375x250.jpg 375w, https:\/\/www.ull.es\/portal\/noticias\/wp-content\/uploads\/sites\/13\/2018\/07\/PREMIADAS3-750x500.jpg 750w, https:\/\/www.ull.es\/portal\/noticias\/wp-content\/uploads\/sites\/13\/2018\/07\/PREMIADAS3-1140x760.jpg 1140w, https:\/\/www.ull.es\/portal\/noticias\/wp-content\/uploads\/sites\/13\/2018\/07\/PREMIADAS3.jpg 1600w\" sizes=\"(max-width: 300px) 100vw, 300px\" \/><\/a><p id=\"caption-attachment-38417\" class=\"wp-caption-text\">Momento de la entrega de uno de los premios de investigaci\u00f3n Campus \u00c1frica.<\/p>\n<div>Foto: Campus \u00c1frica<\/div>\n<p><\/p><\/div>\n<p>Francisco Garc\u00eda, vicerrector de la ULL, previamente a la entrega de los premios, hizo hincapi\u00e9 en la relevancia de la figura de Ndoye y su vinculaci\u00f3n con Canarias. \u201cEste premio naci\u00f3 para ampliar su legado cultural, para honrar su memoria y ayudar a cultivar los valores que el promovi\u00f3 durante toda su vida\u201d, dijo el representante de la instituci\u00f3n acad\u00e9mica.<\/p>\n<p>Campus\u00c1FRICA en su af\u00e1n por promover el conocimiento cient\u00edfico ha instaurado los Premios de Proyectos de Investigaci\u00f3n CAMPUS\u00c1FRICA 2018 \u00a0los cuales han reca\u00eddo en:<\/p>\n<p>-Olfa Chiboub, de la Universidad de Cartago, T\u00fanez. Premio Binter.<\/p>\n<p>-Ndimby Diop y Edith Dibor Faye, de la Universidad Gaston Berger, Saint Louis de Senegal. Premio Centenario del Colegio de Farmace\u00faticos de Tenerife.<\/p>\n<p>-Teresa Ramos Correira, de la Universidad de Cabo Verde. Premio Cinfa.<\/p>\n<p>&nbsp;<\/p>\n<div id=\"attachment_38418\" style=\"width: 310px\" class=\"wp-caption alignright\"><a href=\"https:\/\/www.ull.es\/portal\/noticias\/wp-content\/uploads\/sites\/13\/2018\/07\/PREMIADO1.jpg\" target=\"_blank\" rel=\"noopener\" target=\"_blank\" rel=\"noopener\"><img aria-describedby=\"caption-attachment-38418\" decoding=\"async\" loading=\"lazy\" class=\"wp-image-38418 size-medium\" src=\"https:\/\/www.ull.es\/portal\/noticias\/wp-content\/uploads\/sites\/13\/2018\/07\/PREMIADO1-300x200.jpg\" alt=\"\" width=\"300\" height=\"200\" srcset=\"https:\/\/www.ull.es\/portal\/noticias\/wp-content\/uploads\/sites\/13\/2018\/07\/PREMIADO1-300x200.jpg 300w, https:\/\/www.ull.es\/portal\/noticias\/wp-content\/uploads\/sites\/13\/2018\/07\/PREMIADO1-768x512.jpg 768w, https:\/\/www.ull.es\/portal\/noticias\/wp-content\/uploads\/sites\/13\/2018\/07\/PREMIADO1-1024x682.jpg 1024w, https:\/\/www.ull.es\/portal\/noticias\/wp-content\/uploads\/sites\/13\/2018\/07\/PREMIADO1-375x250.jpg 375w, https:\/\/www.ull.es\/portal\/noticias\/wp-content\/uploads\/sites\/13\/2018\/07\/PREMIADO1-750x500.jpg 750w, https:\/\/www.ull.es\/portal\/noticias\/wp-content\/uploads\/sites\/13\/2018\/07\/PREMIADO1-1140x760.jpg 1140w, https:\/\/www.ull.es\/portal\/noticias\/wp-content\/uploads\/sites\/13\/2018\/07\/PREMIADO1.jpg 1600w\" sizes=\"(max-width: 300px) 100vw, 300px\" \/><\/a><p id=\"caption-attachment-38418\" class=\"wp-caption-text\">El rector de la ULL entrega uno de los premios literarios Amadou Ndoye.<\/p>\n<div>Foto: Campus \u00c1frica<\/div>\n<p><\/p><\/div>\n<p>En cuanto a los Premios de Relato Breve Amadou Ndoye de la Universidad de La Laguna, han reca\u00eddo en:<\/p>\n<ul>\n<li>El II Premio Internacional de Relato Breve Amadou Ndoye de la Universidad de La Laguna para alumnado de lengua espa\u00f1ola en universidades africanas recay\u00f3 en Ibrahima Balde, alumno de la Universidad Gaston Berger de Senegal, con su relato titulado \u00abUna lluvia de miseria\u00bb.<\/li>\n<li>El III Premio Internacional de Relato Breve Amadou Ndoye de la Universidad de La Laguna para alumnado universitario y profesorado de lengua espa\u00f1ola en \u00c1frica en la modalidad de alumno: Jer\u00f3nimo Cayetano Ndong Nchuchuma Mbasogo, de la Universidad Nacional de Guinea Ecuatorial, por su relato \u201cObligados a soportar, seguiremos so\u00f1ando\u201d. En la modalidad de profesor, el galard\u00f3n cay\u00f3 en Cyriaque Akomo Zoghe, docente investigador de la Escuela Normal Superior en el Departamento de Espa\u00f1ol Libreville (Gab\u00f3n), por su relato \u201cSi yo supiera en mi familia\u201d.<\/li>\n<\/ul>\n<p>Los premios tienen una cuant\u00eda econ\u00f3mica, de 1.000\u20ac para la modalidad profesor, y de 500\u20ac para alumnado. Asimismo, reciben tambi\u00e9n una escultura en Bronce del San Fernando, patr\u00f3n de la Universidad de La Laguna, del escultor Juan Carlos Albaladejo, diploma y la publicaci\u00f3n de sus respectivos trabajos.<\/p>\n<p>Tras la entrega de los premios, Jos\u00e9 Alberto D\u00edaz, alcalde de La Laguna mencionaba la importancia del foro para la universidad ya que puede ser una palanca de desarrollo que contribuye a la participaci\u00f3n, al intercambio y que busca adem\u00e1s un nivel de relaci\u00f3n con las instituciones.<\/p>\n<p>Carlos Alonso, presidente del Cabildo de Tenerife, por su parte dec\u00eda que a Tenerife le deslumbra \u00c1frica. \u201c\u00c1frica nos deslumbra por su poblaci\u00f3n joven con deseos de lograr un gran futuro y que son una fuente de oportunidades; nos deslumbra por los retos a los que se enfrenta, no sin dificultades, y nos deslumbra tambi\u00e9n por su diversidad. Este campus, que desde sus inicios se ha dedicado sobre todo a hablar de salud y comunicaci\u00f3n, mira a \u00c1frica. Queremos aprender, cooperar y crecer juntos\u201d, afirmaba el presidente de la instituci\u00f3n insular.<\/p>\n<p>Antonio Martin\u00f3n, rector de la Universidad de La Laguna, clausuraba el D\u00eda de Mandela de Campus\u00c1FRICA haciendo menci\u00f3n a la Universidad de La Laguna como un espacio abierto a la cooperaci\u00f3n y a la relevancia del foro como herramienta para que esta se haya hecho posible.<\/p>\n<p><strong>Entidades colaboradoras<\/strong><\/p>\n<p>Campus\u00c1FRICA, est\u00e1 organizado por la Universidad de La Laguna, a trav\u00e9s de su Instituto de Enfermedades Tropicales y Salud P\u00fablica de Canarias y del Centro de Estudios Africanos, en colaboraci\u00f3n con la UNESCO, la Fundaci\u00f3n Canaria para el Control de las Enfermedades Tropicales (FUNCCET), con el alto patrocinio de los gobiernos de Canarias y de Cabo Verde, as\u00ed como con el apoyo del Cabildo de Tenerife, el Ayuntamiento de La Laguna, la Fundaci\u00f3n CajaCanarias, y la Obra Social La Caixa. Asimismo, han participado como colaboradores otros organismos como: Cinfa, Goibi, Cofarte, Binter, Iberia, AD Diagnost, RICET, Colegio Oficial de Farmac\u00e9uticos, Melcan y El Corte Ingl\u00e9s.<\/p>\n<p>Durante dos semanas 130 expertos internacionales de reconocido prestigio dar\u00e1n a conocer el resultado de sus investigaciones, as\u00ed como las carencias y necesidades actuales en el continente, con el objetivo de buscar nuevas v\u00edas para potenciar su desarrollo. Asimismo, este a\u00f1o se duplica el n\u00famero de becarios que disfrutar\u00e1n de las ponencias, en total: 120 becarios, 60 provenientes de Cabo Verde, 50 de Senegal y el resto de otros pa\u00edses como T\u00fanez, Marruecos, Guinea Bissau, Gab\u00f3n y Guinea Ecuatorial.<\/p>\n","protected":false},"excerpt":{"rendered":"<p>El Teatro Leal de la ciudad de La Laguna acogi\u00f3 la tarde del 18 de julio la ponencia El espa\u00f1ol&#8230;<\/p>\n","protected":false},"author":21,"featured_media":38414,"comment_status":"closed","ping_status":"closed","sticky":false,"template":"","format":"standard","meta":{"inline_featured_image":false,"footnotes":""},"categories":[345,348,2753,2755,2754,2765],"tags":[685,3596,4601,2209,2803],"acf":[],"yoast_head":"<!-- This site is optimized with the Yoast SEO plugin v21.3 - https:\/\/yoast.com\/wordpress\/plugins\/seo\/ -->\n<title>El director de la RAE particip\u00f3 en Campus \u00c1frica con una ponencia.<\/title>\n<meta name=\"description\" content=\"El Teatro Leal de la ciudad de La Laguna acogi\u00f3 la tarde del 18 de julio la ponencia El espa\u00f1ol como lengua global, de Dar\u00edo Villanueva, director de la Real Academia Espa\u00f1ola de la Lengua (RAE). Esta disertaci\u00f3n se incluye dentro del acto institucional el D\u00eda de Mandela y del programa de Campus\u00c1FRICA 2018.\" \/>\n<meta name=\"robots\" content=\"index, follow, max-snippet:-1, max-image-preview:large, max-video-preview:-1\" \/>\n<link rel=\"canonical\" href=\"https:\/\/www.ull.es\/portal\/noticias\/2018\/director-rae-campus-africa\/\" \/>\n<meta property=\"og:locale\" content=\"es_ES\" \/>\n<meta property=\"og:type\" content=\"article\" \/>\n<meta property=\"og:title\" content=\"El director de la RAE particip\u00f3 en Campus \u00c1frica con una ponencia.\" \/>\n<meta property=\"og:description\" content=\"El Teatro Leal de la ciudad de La Laguna acogi\u00f3 la tarde del 18 de julio la ponencia El espa\u00f1ol como lengua global, de Dar\u00edo Villanueva, director de la Real Academia Espa\u00f1ola de la Lengua (RAE). Esta disertaci\u00f3n se incluye dentro del acto institucional el D\u00eda de Mandela y del programa de Campus\u00c1FRICA 2018.\" \/>\n<meta property=\"og:url\" content=\"https:\/\/www.ull.es\/portal\/noticias\/2018\/director-rae-campus-africa\/\" \/>\n<meta property=\"og:site_name\" content=\"ULL - Noticias\" \/>\n<meta property=\"article:publisher\" content=\"https:\/\/www.facebook.com\/universidaddelalaguna\/\" \/>\n<meta property=\"article:published_time\" content=\"2018-07-19T08:04:38+00:00\" \/>\n<meta property=\"article:modified_time\" content=\"2018-07-19T11:09:24+00:00\" \/>\n<meta property=\"og:image\" content=\"https:\/\/www.ull.es\/portal\/noticias\/wp-content\/uploads\/sites\/13\/2018\/07\/DarIO-vILLANUEVA.jpg\" \/>\n\t<meta property=\"og:image:width\" content=\"1600\" \/>\n\t<meta property=\"og:image:height\" content=\"1066\" \/>\n\t<meta property=\"og:image:type\" content=\"image\/jpeg\" \/>\n<meta name=\"author\" content=\"prensa2\" \/>\n<meta name=\"twitter:card\" content=\"summary_large_image\" \/>\n<meta name=\"twitter:creator\" content=\"@CanalULL\" \/>\n<meta name=\"twitter:site\" content=\"@CanalULL\" \/>\n<meta name=\"twitter:label1\" content=\"Escrito por\" \/>\n\t<meta name=\"twitter:data1\" content=\"prensa2\" \/>\n\t<meta name=\"twitter:label2\" content=\"Tiempo de lectura\" \/>\n\t<meta name=\"twitter:data2\" content=\"9 minutos\" \/>\n<script type=\"application\/ld+json\" class=\"yoast-schema-graph\">{\"@context\":\"https:\/\/schema.org\",\"@graph\":[{\"@type\":\"WebPage\",\"@id\":\"https:\/\/www.ull.es\/portal\/noticias\/2018\/director-rae-campus-africa\/\",\"url\":\"https:\/\/www.ull.es\/portal\/noticias\/2018\/director-rae-campus-africa\/\",\"name\":\"El director de la RAE particip\u00f3 en Campus \u00c1frica con una ponencia.\",\"isPartOf\":{\"@id\":\"https:\/\/www.ull.es\/portal\/noticias\/#website\"},\"datePublished\":\"2018-07-19T08:04:38+00:00\",\"dateModified\":\"2018-07-19T11:09:24+00:00\",\"author\":{\"@id\":\"https:\/\/www.ull.es\/portal\/noticias\/#\/schema\/person\/c3b2aa857797592927a03740d6664376\"},\"description\":\"El Teatro Leal de la ciudad de La Laguna acogi\u00f3 la tarde del 18 de julio la ponencia El espa\u00f1ol como lengua global, de Dar\u00edo Villanueva, director de la Real Academia Espa\u00f1ola de la Lengua (RAE). Esta disertaci\u00f3n se incluye dentro del acto institucional el D\u00eda de Mandela y del programa de Campus\u00c1FRICA 2018.\",\"breadcrumb\":{\"@id\":\"https:\/\/www.ull.es\/portal\/noticias\/2018\/director-rae-campus-africa\/#breadcrumb\"},\"inLanguage\":\"es\",\"potentialAction\":[{\"@type\":\"ReadAction\",\"target\":[\"https:\/\/www.ull.es\/portal\/noticias\/2018\/director-rae-campus-africa\/\"]}]},{\"@type\":\"BreadcrumbList\",\"@id\":\"https:\/\/www.ull.es\/portal\/noticias\/2018\/director-rae-campus-africa\/#breadcrumb\",\"itemListElement\":[{\"@type\":\"ListItem\",\"position\":1,\"name\":\"Portada\",\"item\":\"https:\/\/www.ull.es\/portal\/noticias\/\"},{\"@type\":\"ListItem\",\"position\":2,\"name\":\"Campus \u00c1FRICA recibe al director de la Real Academia Espa\u00f1ola\"}]},{\"@type\":\"WebSite\",\"@id\":\"https:\/\/www.ull.es\/portal\/noticias\/#website\",\"url\":\"https:\/\/www.ull.es\/portal\/noticias\/\",\"name\":\"ULL - Noticias\",\"description\":\"\",\"potentialAction\":[{\"@type\":\"SearchAction\",\"target\":{\"@type\":\"EntryPoint\",\"urlTemplate\":\"https:\/\/www.ull.es\/portal\/noticias\/?s={search_term_string}\"},\"query-input\":\"required name=search_term_string\"}],\"inLanguage\":\"es\"},{\"@type\":\"Person\",\"@id\":\"https:\/\/www.ull.es\/portal\/noticias\/#\/schema\/person\/c3b2aa857797592927a03740d6664376\",\"name\":\"prensa2\",\"image\":{\"@type\":\"ImageObject\",\"inLanguage\":\"es\",\"@id\":\"https:\/\/www.ull.es\/portal\/noticias\/#\/schema\/person\/image\/\",\"url\":\"https:\/\/secure.gravatar.com\/avatar\/b58f310a5de5feb33d1e026d2493f23c?s=96&d=mm&r=g\",\"contentUrl\":\"https:\/\/secure.gravatar.com\/avatar\/b58f310a5de5feb33d1e026d2493f23c?s=96&d=mm&r=g\",\"caption\":\"prensa2\"},\"url\":\"https:\/\/www.ull.es\/portal\/noticias\/author\/prensa2\/\"}]}<\/script>\n<!-- \/ Yoast SEO plugin. -->","yoast_head_json":{"title":"El director de la RAE particip\u00f3 en Campus \u00c1frica con una ponencia.","description":"El Teatro Leal de la ciudad de La Laguna acogi\u00f3 la tarde del 18 de julio la ponencia El espa\u00f1ol como lengua global, de Dar\u00edo Villanueva, director de la Real Academia Espa\u00f1ola de la Lengua (RAE). Esta disertaci\u00f3n se incluye dentro del acto institucional el D\u00eda de Mandela y del programa de Campus\u00c1FRICA 2018.","robots":{"index":"index","follow":"follow","max-snippet":"max-snippet:-1","max-image-preview":"max-image-preview:large","max-video-preview":"max-video-preview:-1"},"canonical":"https:\/\/www.ull.es\/portal\/noticias\/2018\/director-rae-campus-africa\/","og_locale":"es_ES","og_type":"article","og_title":"El director de la RAE particip\u00f3 en Campus \u00c1frica con una ponencia.","og_description":"El Teatro Leal de la ciudad de La Laguna acogi\u00f3 la tarde del 18 de julio la ponencia El espa\u00f1ol como lengua global, de Dar\u00edo Villanueva, director de la Real Academia Espa\u00f1ola de la Lengua (RAE). Esta disertaci\u00f3n se incluye dentro del acto institucional el D\u00eda de Mandela y del programa de Campus\u00c1FRICA 2018.","og_url":"https:\/\/www.ull.es\/portal\/noticias\/2018\/director-rae-campus-africa\/","og_site_name":"ULL - Noticias","article_publisher":"https:\/\/www.facebook.com\/universidaddelalaguna\/","article_published_time":"2018-07-19T08:04:38+00:00","article_modified_time":"2018-07-19T11:09:24+00:00","og_image":[{"width":1600,"height":1066,"url":"https:\/\/www.ull.es\/portal\/noticias\/wp-content\/uploads\/sites\/13\/2018\/07\/DarIO-vILLANUEVA.jpg","type":"image\/jpeg"}],"author":"prensa2","twitter_card":"summary_large_image","twitter_creator":"@CanalULL","twitter_site":"@CanalULL","twitter_misc":{"Escrito por":"prensa2","Tiempo de lectura":"9 minutos"},"schema":{"@context":"https:\/\/schema.org","@graph":[{"@type":"WebPage","@id":"https:\/\/www.ull.es\/portal\/noticias\/2018\/director-rae-campus-africa\/","url":"https:\/\/www.ull.es\/portal\/noticias\/2018\/director-rae-campus-africa\/","name":"El director de la RAE particip\u00f3 en Campus \u00c1frica con una ponencia.","isPartOf":{"@id":"https:\/\/www.ull.es\/portal\/noticias\/#website"},"datePublished":"2018-07-19T08:04:38+00:00","dateModified":"2018-07-19T11:09:24+00:00","author":{"@id":"https:\/\/www.ull.es\/portal\/noticias\/#\/schema\/person\/c3b2aa857797592927a03740d6664376"},"description":"El Teatro Leal de la ciudad de La Laguna acogi\u00f3 la tarde del 18 de julio la ponencia El espa\u00f1ol como lengua global, de Dar\u00edo Villanueva, director de la Real Academia Espa\u00f1ola de la Lengua (RAE). Esta disertaci\u00f3n se incluye dentro del acto institucional el D\u00eda de Mandela y del programa de Campus\u00c1FRICA 2018.","breadcrumb":{"@id":"https:\/\/www.ull.es\/portal\/noticias\/2018\/director-rae-campus-africa\/#breadcrumb"},"inLanguage":"es","potentialAction":[{"@type":"ReadAction","target":["https:\/\/www.ull.es\/portal\/noticias\/2018\/director-rae-campus-africa\/"]}]},{"@type":"BreadcrumbList","@id":"https:\/\/www.ull.es\/portal\/noticias\/2018\/director-rae-campus-africa\/#breadcrumb","itemListElement":[{"@type":"ListItem","position":1,"name":"Portada","item":"https:\/\/www.ull.es\/portal\/noticias\/"},{"@type":"ListItem","position":2,"name":"Campus \u00c1FRICA recibe al director de la Real Academia Espa\u00f1ola"}]},{"@type":"WebSite","@id":"https:\/\/www.ull.es\/portal\/noticias\/#website","url":"https:\/\/www.ull.es\/portal\/noticias\/","name":"ULL - Noticias","description":"","potentialAction":[{"@type":"SearchAction","target":{"@type":"EntryPoint","urlTemplate":"https:\/\/www.ull.es\/portal\/noticias\/?s={search_term_string}"},"query-input":"required name=search_term_string"}],"inLanguage":"es"},{"@type":"Person","@id":"https:\/\/www.ull.es\/portal\/noticias\/#\/schema\/person\/c3b2aa857797592927a03740d6664376","name":"prensa2","image":{"@type":"ImageObject","inLanguage":"es","@id":"https:\/\/www.ull.es\/portal\/noticias\/#\/schema\/person\/image\/","url":"https:\/\/secure.gravatar.com\/avatar\/b58f310a5de5feb33d1e026d2493f23c?s=96&d=mm&r=g","contentUrl":"https:\/\/secure.gravatar.com\/avatar\/b58f310a5de5feb33d1e026d2493f23c?s=96&d=mm&r=g","caption":"prensa2"},"url":"https:\/\/www.ull.es\/portal\/noticias\/author\/prensa2\/"}]}},"primary_category":{"id":348,"name":"Instituci\u00f3n","slug":"institucion","link":"https:\/\/www.ull.es\/portal\/noticias\/category\/institucion\/"},"featured_image_thumbnail_url":"https:\/\/www.ull.es\/portal\/noticias\/wp-content\/uploads\/sites\/13\/2018\/07\/DarIO-vILLANUEVA-300x200.jpg","_links":{"self":[{"href":"https:\/\/www.ull.es\/portal\/noticias\/wp-json\/wp\/v2\/posts\/38413"}],"collection":[{"href":"https:\/\/www.ull.es\/portal\/noticias\/wp-json\/wp\/v2\/posts"}],"about":[{"href":"https:\/\/www.ull.es\/portal\/noticias\/wp-json\/wp\/v2\/types\/post"}],"author":[{"embeddable":true,"href":"https:\/\/www.ull.es\/portal\/noticias\/wp-json\/wp\/v2\/users\/21"}],"replies":[{"embeddable":true,"href":"https:\/\/www.ull.es\/portal\/noticias\/wp-json\/wp\/v2\/comments?post=38413"}],"version-history":[{"count":4,"href":"https:\/\/www.ull.es\/portal\/noticias\/wp-json\/wp\/v2\/posts\/38413\/revisions"}],"predecessor-version":[{"id":38452,"href":"https:\/\/www.ull.es\/portal\/noticias\/wp-json\/wp\/v2\/posts\/38413\/revisions\/38452"}],"wp:featuredmedia":[{"embeddable":true,"href":"https:\/\/www.ull.es\/portal\/noticias\/wp-json\/wp\/v2\/media\/38414"}],"wp:attachment":[{"href":"https:\/\/www.ull.es\/portal\/noticias\/wp-json\/wp\/v2\/media?parent=38413"}],"wp:term":[{"taxonomy":"category","embeddable":true,"href":"https:\/\/www.ull.es\/portal\/noticias\/wp-json\/wp\/v2\/categories?post=38413"},{"taxonomy":"post_tag","embeddable":true,"href":"https:\/\/www.ull.es\/portal\/noticias\/wp-json\/wp\/v2\/tags?post=38413"}],"curies":[{"name":"wp","href":"https:\/\/api.w.org\/{rel}","templated":true}]}}