{"id":38605,"date":"2018-07-24T12:00:10","date_gmt":"2018-07-24T12:00:10","guid":{"rendered":"https:\/\/www.ull.es\/portal\/noticias\/?p=38605"},"modified":"2018-07-24T14:02:13","modified_gmt":"2018-07-24T14:02:13","slug":"luis-serven-el-mayor-nivel-de-pobreza-esta-en-el-africa-sahariana-y-afecta-a-alrededor-de-389-millones-de-personas","status":"publish","type":"post","link":"https:\/\/www.ull.es\/portal\/noticias\/2018\/luis-serven-el-mayor-nivel-de-pobreza-esta-en-el-africa-sahariana-y-afecta-a-alrededor-de-389-millones-de-personas\/","title":{"rendered":"Luis Serv\u00e9n: \u201cEl mayor nivel de pobreza est\u00e1 en el \u00c1frica sahariana y afecta alrededor de 389 millones de personas\u201d"},"content":{"rendered":"<p>El aula Magna de F\u00edsica y Matem\u00e1ticas de la Universidad de La Laguna ha acogido una nueva sesi\u00f3n de\u00a0Campus \u00c1FRICA 2018: \u00abLas sociedades africanas frente a los retos de la globalizaci\u00f3n\u00bb, analizando\u00a0la situaci\u00f3n de este continente.\u00a0\u00a0En las diversas ponencias celebradas ha intervenido como moderador Gustavo Marrero, director del Centro de Estudios de la Desigualdad Social y Gobernanza-CEDESOG de la Universidad de La Laguna. Abr\u00eda el ciclo de charlas Luis Serv\u00e9n, asesor principal del Grupo de Investigaci\u00f3n para el Desarrollo del Banco Mundial, el cual disertaba junto a Gustavo Marrero, sobre \u00abLa evoluci\u00f3n de la pobreza en \u00c1frica: tendencias recientes\u00bb. Seguidamente, Poverty and Health in Western Africa a cargo de Razak Abubakari, del Programme Leader MSc Public Health de la Glasgow Caledonian University, tomaba el relevo. Y ha cerrado la jornada Charlie Yves Ngoudji Tameko de la University of Yaounde 2 de Camer\u00fan el cual ha realizado una ponencia que llevaba por t\u00edtulo \u00abComparison of Poverty and Inequality profiles in Cameroon between 2007 and 2014\u00bb.<\/p>\n<p>Con \u00abLa evoluci\u00f3n de la pobreza en \u00c1frica: tendencias recientes\u00bb, Luis Serv\u00e9n, ha abierto el ciclo de conferencias. El experto ha hecho referencia a los informes del Banco Mundial haciendo hincapi\u00e9 en la existencia de tres conceptos diferentes pero que van interrelacionados: la pobreza extrema, la prosperidad compartida y la desigualdad. \u201cLa pobreza extrema es aquella a la que est\u00e1n sometidas las personas que viven con menos de 1,90 d\u00f3lares cada d\u00eda (2011). Este dato viene de la l\u00ednea de pobreza que ha determinado el Banco Mundial\u201d, apuntaba. Adem\u00e1s el ponente ha explicado c\u00f3mo a trav\u00e9s de 74 pa\u00edses desarrollados se ha calculado cu\u00e1l es el \u00edndice m\u00e1s alto y m\u00e1s bajo de consumo para determinar la pobreza. \u201cComparado con los datos de 2005, en 2011 ha incrementado la consideraci\u00f3n de pobreza, de cada pa\u00eds\u201d.<\/p>\n<p><strong>Prosperidad compartida<\/strong><\/p>\n<p>Otro de los conceptos a los que el ponente ha hecho referencia es a la prosperidad compartida. \u201cProsperidad compartida es la valoraci\u00f3n de crecimiento en \u201cmean income\u201d, adem\u00e1s destacaba, que la desigualdad puede ser relativa y absoluta, entre o por pa\u00edses, y se puede definir en base a la desigualdad econ\u00f3mica o la desigualdad de oportunidades. El representante del Banco Mundial ha sostenido en la presentaci\u00f3n que existe un crecimiento positivo en 60 de los 83 pa\u00edses utilizados para el an\u00e1lisis, y citaba algunos pa\u00edses africanos que est\u00e1n prosperando como son Camer\u00fan o Uganda y otros que por el contrario como el Congo, Mauritania o Senegal no lo est\u00e1n. Para el ponente esto es un hecho concluyente. \u201cEsto es importante porque se puede demostrar que la desigualdad econ\u00f3mica repercute en la desigualdad de oportunidades, sin dinero, el nivel de oportunidades desciende\u201d, remarc\u00f3. Luis Serv\u00e9n asegur\u00f3 que \u201cha habido un gran progreso a la hora de combatir la pobreza global\u201d. Apuntaba que en 1990 el Banco Mundial calcul\u00f3 que se deber\u00eda combatir la pobreza de alrededor de un 35% de personas, que lleg\u00f3 a un 10,7% en el a\u00f1o 2013. Serv\u00e9n ha subrayado tambi\u00e9n el gran decrecimiento de la pobreza en pa\u00edses del este asi\u00e1tico y del pac\u00edfico (Chile, Brasil, M\u00e9xico, Per\u00fa, Uruguay). El mayor nivel de pobreza se sigue registrando actualmente en el \u00c1frica sahariana (389 millones de personas, m\u00e1s de la mitad de todas las personas pobres en el mundo)\u201d, destac\u00f3.<\/p>\n<p>Por su parte, Gustavo Marrero resaltaba la necesidad de mirar dentro del continente africano pues se observa una divergencia en la pobreza. \u201cEl impacto de la pobreza en el crecimiento de un pa\u00eds es consistentemente negativo\u201d, afirm\u00f3 Marrero. Adem\u00e1s, la pobreza puede reducir la expectativa de vida lo que perjudica los incentivos educacionales de la poblaci\u00f3n. El representante de la ULL se\u00f1alaba que el Banco Mundial se ha marcado como reto para 2030 bajar del 10,9%, porcentaje de pobreza que se calcula actualmente, al 3%. Para concluir, se apuntaba a que seg\u00fan datos del Banco Mundial, ya se ha levantado a un bill\u00f3n de personas de la pobreza, pero no es suficiente. \u201cNo nos podemos conformar. No existe, de momento, garant\u00eda de que se logre el objetivo en 2030 pero el progreso reciente, s\u00ed ha demostrado que la desigualdad puede reducirse\u201d.<\/p>\n<p><strong>Diabetes en la poblaci\u00f3n subsahariana<\/strong><\/p>\n<p>La sesi\u00f3n de conferencias segu\u00eda con la intervenci\u00f3n de Razak Abubakari. En ella el investigador ha hecho un recorrido por su investigaci\u00f3n centr\u00e1ndose en los or\u00edgenes y en su preocupaci\u00f3n por enfermedades como la diabetes en la poblaci\u00f3n subsahariana. \u201cSeg\u00fan la Federaci\u00f3n internacional de diabetes, la enfermedad encabezaba la lista; en 2017 hab\u00eda 16 millones de personas que la padec\u00edan en \u00c1frica y calcularon que se llegar\u00edan a convertir en 41 millones el n\u00famero de personas diab\u00e9ticas en 2045\u201d, se\u00f1alaba.<\/p>\n<p>El ponente a lo largo de su exposici\u00f3n, la cual estaba basada en un proyecto de investigaci\u00f3n, recalcaba la necesidad de conocer la prevalencia y la distribuci\u00f3n de la obesidad entre los adultos y generar y distribuir datos que asociaran la diabetes con el nivel de obesidad el \u00c1frica occidental. \u201cLa gente en \u00c1frica occidental tiende a pesar m\u00e1s de lo que debe, y eso puede provocar enfermedades como la diabetes\u201d. Adem\u00e1s, existe una preponderancia m\u00e1s alta en mujeres. El ponente ha alertado de los altos niveles de obesidad que se est\u00e1n produciendo y de que puede empezar a perjudicar a peque\u00f1os y adolescentes. El ponente clausur\u00f3 su disertaci\u00f3n dejando en el aire inc\u00f3gnitas sobre la procedencia de la obesidad y se\u00f1alando la importancia que debe tener. \u201cLa obesidad es un problema de la sanidad p\u00fablica que necesita ser atacado, la edad, el sexo y la residencia son factores de riesgo en la obesidad; debe haber un cambio de paradigma que prevenga el riesgo de enfermedades a causa de la obesidad\u201d, recalcaba.<\/p>\n<p>Para Charlie Yves, \u00faltimo conferenciante de la tarde, que ha analizado la situaci\u00f3n de la pobreza en Camer\u00fan en un periodo comprendido entre 2007 a 2014, la econom\u00eda de Camer\u00fan est\u00e1 sufriendo. \u201cPara conocer la situaci\u00f3n es necesario estudiar todos los factores y definir qu\u00e9 es pobreza\u201d, aclaraba. De su estudio se desprende, tal y como ha expuesto esta tarde en Campus\u00c1FRICA, que para mitigar la pobreza en Camer\u00fan habr\u00eda que centrarse en primer lugar en las zonas rurales pues son las m\u00e1s afectadas\u201d. El ponente hablaba de otros factores que afectan al pa\u00eds como es la diferencia de clases, cada vez m\u00e1s polarizada, y la corrupci\u00f3n.<\/p>\n<p><strong>Entidades colaboradoras<\/strong><\/p>\n<p>Campus \u00c1FRICA, est\u00e1 organizado por la Universidad de La Laguna, a trav\u00e9s de su Instituto de Enfermedades Tropicales y Salud P\u00fablica de Canarias y del Centro de Estudios Africanos, en colaboraci\u00f3n con la UNESCO, la Fundaci\u00f3n Canaria para el Control de las Enfermedades Tropicales (FUNCCET), con el alto patrocinio de los gobiernos de Canarias y de Cabo Verde, as\u00ed como con el apoyo del Cabildo de Tenerife, el Ayuntamiento de La Laguna, la Fundaci\u00f3n CajaCanarias, y la Obra Social La Caixa. Asimismo han participado como colaboradores otros organismos como: Cinfa, Goibi, Cofarte, Binter, Iberia, AD Diagnost, RICET, Colegio Oficial de Farmac\u00e9uticos, Melcan y El Corte Ingl\u00e9s<\/p>\n<p>Durante dos semanas 130 expertos internacionales de reconocido prestigio dar\u00e1n a conocer el resultado de sus investigaciones, as\u00ed como las carencias y necesidades actuales en el continente, con el objetivo de buscar nuevas v\u00edas para potenciar su desarrollo. Asimismo, este a\u00f1o se duplica el n\u00famero de becarios que disfrutar\u00e1n de las ponencias, en total: 120 becarios, 60 provenientes de Cabo Verde, 50 de Senegal y el resto de otros pa\u00edses como T\u00fanez, Marruecos, Guinea Bissau, Gab\u00f3n y Guinea Ecuatorial.<\/p>\n<p>(Nota y fotos cedidas)<\/p>\n","protected":false},"excerpt":{"rendered":"<p>El aula Magna de F\u00edsica y Matem\u00e1ticas de la Universidad de La Laguna ha acogido una nueva sesi\u00f3n de\u00a0Campus \u00c1FRICA&#8230;<\/p>\n","protected":false},"author":65,"featured_media":38606,"comment_status":"closed","ping_status":"closed","sticky":false,"template":"","format":"standard","meta":{"inline_featured_image":false,"footnotes":""},"categories":[345,2765],"tags":[403,685,2118,4609],"acf":[],"yoast_head":"<!-- This site is optimized with the Yoast SEO plugin v21.3 - https:\/\/yoast.com\/wordpress\/plugins\/seo\/ -->\n<title>Luis Serv\u00e9n: \u201cEl mayor nivel de pobreza est\u00e1 en el \u00c1frica sahariana y afecta alrededor de 389 millones de personas\u201d - ULL - Noticias<\/title>\n<meta name=\"robots\" content=\"index, follow, max-snippet:-1, max-image-preview:large, max-video-preview:-1\" \/>\n<link rel=\"canonical\" href=\"https:\/\/www.ull.es\/portal\/noticias\/2018\/luis-serven-el-mayor-nivel-de-pobreza-esta-en-el-africa-sahariana-y-afecta-a-alrededor-de-389-millones-de-personas\/\" \/>\n<meta property=\"og:locale\" content=\"es_ES\" \/>\n<meta property=\"og:type\" content=\"article\" \/>\n<meta property=\"og:title\" content=\"Luis Serv\u00e9n: \u201cEl mayor nivel de pobreza est\u00e1 en el \u00c1frica sahariana y afecta alrededor de 389 millones de personas\u201d - ULL - Noticias\" \/>\n<meta property=\"og:description\" content=\"El aula Magna de F\u00edsica y Matem\u00e1ticas de la Universidad de La Laguna ha acogido una nueva sesi\u00f3n de\u00a0Campus \u00c1FRICA...\" \/>\n<meta property=\"og:url\" content=\"https:\/\/www.ull.es\/portal\/noticias\/2018\/luis-serven-el-mayor-nivel-de-pobreza-esta-en-el-africa-sahariana-y-afecta-a-alrededor-de-389-millones-de-personas\/\" \/>\n<meta property=\"og:site_name\" content=\"ULL - Noticias\" \/>\n<meta property=\"article:publisher\" content=\"https:\/\/www.facebook.com\/universidaddelalaguna\/\" \/>\n<meta property=\"article:published_time\" content=\"2018-07-24T12:00:10+00:00\" \/>\n<meta property=\"article:modified_time\" content=\"2018-07-24T14:02:13+00:00\" \/>\n<meta property=\"og:image\" content=\"https:\/\/www.ull.es\/portal\/noticias\/wp-content\/uploads\/sites\/13\/2018\/07\/serven.jpg\" \/>\n\t<meta property=\"og:image:width\" content=\"1600\" \/>\n\t<meta property=\"og:image:height\" content=\"1067\" \/>\n\t<meta property=\"og:image:type\" content=\"image\/jpeg\" \/>\n<meta name=\"author\" content=\"gcom4\" \/>\n<meta name=\"twitter:card\" content=\"summary_large_image\" \/>\n<meta name=\"twitter:creator\" content=\"@CanalULL\" \/>\n<meta name=\"twitter:site\" content=\"@CanalULL\" \/>\n<meta name=\"twitter:label1\" content=\"Escrito por\" \/>\n\t<meta name=\"twitter:data1\" content=\"gcom4\" \/>\n\t<meta name=\"twitter:label2\" content=\"Tiempo de lectura\" \/>\n\t<meta name=\"twitter:data2\" content=\"7 minutos\" \/>\n<script type=\"application\/ld+json\" class=\"yoast-schema-graph\">{\"@context\":\"https:\/\/schema.org\",\"@graph\":[{\"@type\":\"WebPage\",\"@id\":\"https:\/\/www.ull.es\/portal\/noticias\/2018\/luis-serven-el-mayor-nivel-de-pobreza-esta-en-el-africa-sahariana-y-afecta-a-alrededor-de-389-millones-de-personas\/\",\"url\":\"https:\/\/www.ull.es\/portal\/noticias\/2018\/luis-serven-el-mayor-nivel-de-pobreza-esta-en-el-africa-sahariana-y-afecta-a-alrededor-de-389-millones-de-personas\/\",\"name\":\"Luis Serv\u00e9n: \u201cEl mayor nivel de pobreza est\u00e1 en el \u00c1frica sahariana y afecta alrededor de 389 millones de personas\u201d - ULL - Noticias\",\"isPartOf\":{\"@id\":\"https:\/\/www.ull.es\/portal\/noticias\/#website\"},\"datePublished\":\"2018-07-24T12:00:10+00:00\",\"dateModified\":\"2018-07-24T14:02:13+00:00\",\"author\":{\"@id\":\"https:\/\/www.ull.es\/portal\/noticias\/#\/schema\/person\/9924518fb1ad37d4428e7b5d6f311773\"},\"breadcrumb\":{\"@id\":\"https:\/\/www.ull.es\/portal\/noticias\/2018\/luis-serven-el-mayor-nivel-de-pobreza-esta-en-el-africa-sahariana-y-afecta-a-alrededor-de-389-millones-de-personas\/#breadcrumb\"},\"inLanguage\":\"es\",\"potentialAction\":[{\"@type\":\"ReadAction\",\"target\":[\"https:\/\/www.ull.es\/portal\/noticias\/2018\/luis-serven-el-mayor-nivel-de-pobreza-esta-en-el-africa-sahariana-y-afecta-a-alrededor-de-389-millones-de-personas\/\"]}]},{\"@type\":\"BreadcrumbList\",\"@id\":\"https:\/\/www.ull.es\/portal\/noticias\/2018\/luis-serven-el-mayor-nivel-de-pobreza-esta-en-el-africa-sahariana-y-afecta-a-alrededor-de-389-millones-de-personas\/#breadcrumb\",\"itemListElement\":[{\"@type\":\"ListItem\",\"position\":1,\"name\":\"Portada\",\"item\":\"https:\/\/www.ull.es\/portal\/noticias\/\"},{\"@type\":\"ListItem\",\"position\":2,\"name\":\"Luis Serv\u00e9n: \u201cEl mayor nivel de pobreza est\u00e1 en el \u00c1frica sahariana y afecta alrededor de 389 millones de personas\u201d\"}]},{\"@type\":\"WebSite\",\"@id\":\"https:\/\/www.ull.es\/portal\/noticias\/#website\",\"url\":\"https:\/\/www.ull.es\/portal\/noticias\/\",\"name\":\"ULL - Noticias\",\"description\":\"\",\"potentialAction\":[{\"@type\":\"SearchAction\",\"target\":{\"@type\":\"EntryPoint\",\"urlTemplate\":\"https:\/\/www.ull.es\/portal\/noticias\/?s={search_term_string}\"},\"query-input\":\"required name=search_term_string\"}],\"inLanguage\":\"es\"},{\"@type\":\"Person\",\"@id\":\"https:\/\/www.ull.es\/portal\/noticias\/#\/schema\/person\/9924518fb1ad37d4428e7b5d6f311773\",\"name\":\"gcom4\",\"image\":{\"@type\":\"ImageObject\",\"inLanguage\":\"es\",\"@id\":\"https:\/\/www.ull.es\/portal\/noticias\/#\/schema\/person\/image\/\",\"url\":\"https:\/\/secure.gravatar.com\/avatar\/a5d1f5573f10617ccfcc209aaf6aa7fb?s=96&d=mm&r=g\",\"contentUrl\":\"https:\/\/secure.gravatar.com\/avatar\/a5d1f5573f10617ccfcc209aaf6aa7fb?s=96&d=mm&r=g\",\"caption\":\"gcom4\"},\"url\":\"https:\/\/www.ull.es\/portal\/noticias\/author\/gcom4\/\"}]}<\/script>\n<!-- \/ Yoast SEO plugin. -->","yoast_head_json":{"title":"Luis Serv\u00e9n: \u201cEl mayor nivel de pobreza est\u00e1 en el \u00c1frica sahariana y afecta alrededor de 389 millones de personas\u201d - ULL - Noticias","robots":{"index":"index","follow":"follow","max-snippet":"max-snippet:-1","max-image-preview":"max-image-preview:large","max-video-preview":"max-video-preview:-1"},"canonical":"https:\/\/www.ull.es\/portal\/noticias\/2018\/luis-serven-el-mayor-nivel-de-pobreza-esta-en-el-africa-sahariana-y-afecta-a-alrededor-de-389-millones-de-personas\/","og_locale":"es_ES","og_type":"article","og_title":"Luis Serv\u00e9n: \u201cEl mayor nivel de pobreza est\u00e1 en el \u00c1frica sahariana y afecta alrededor de 389 millones de personas\u201d - ULL - Noticias","og_description":"El aula Magna de F\u00edsica y Matem\u00e1ticas de la Universidad de La Laguna ha acogido una nueva sesi\u00f3n de\u00a0Campus \u00c1FRICA...","og_url":"https:\/\/www.ull.es\/portal\/noticias\/2018\/luis-serven-el-mayor-nivel-de-pobreza-esta-en-el-africa-sahariana-y-afecta-a-alrededor-de-389-millones-de-personas\/","og_site_name":"ULL - Noticias","article_publisher":"https:\/\/www.facebook.com\/universidaddelalaguna\/","article_published_time":"2018-07-24T12:00:10+00:00","article_modified_time":"2018-07-24T14:02:13+00:00","og_image":[{"width":1600,"height":1067,"url":"https:\/\/www.ull.es\/portal\/noticias\/wp-content\/uploads\/sites\/13\/2018\/07\/serven.jpg","type":"image\/jpeg"}],"author":"gcom4","twitter_card":"summary_large_image","twitter_creator":"@CanalULL","twitter_site":"@CanalULL","twitter_misc":{"Escrito por":"gcom4","Tiempo de lectura":"7 minutos"},"schema":{"@context":"https:\/\/schema.org","@graph":[{"@type":"WebPage","@id":"https:\/\/www.ull.es\/portal\/noticias\/2018\/luis-serven-el-mayor-nivel-de-pobreza-esta-en-el-africa-sahariana-y-afecta-a-alrededor-de-389-millones-de-personas\/","url":"https:\/\/www.ull.es\/portal\/noticias\/2018\/luis-serven-el-mayor-nivel-de-pobreza-esta-en-el-africa-sahariana-y-afecta-a-alrededor-de-389-millones-de-personas\/","name":"Luis Serv\u00e9n: \u201cEl mayor nivel de pobreza est\u00e1 en el \u00c1frica sahariana y afecta alrededor de 389 millones de personas\u201d - ULL - Noticias","isPartOf":{"@id":"https:\/\/www.ull.es\/portal\/noticias\/#website"},"datePublished":"2018-07-24T12:00:10+00:00","dateModified":"2018-07-24T14:02:13+00:00","author":{"@id":"https:\/\/www.ull.es\/portal\/noticias\/#\/schema\/person\/9924518fb1ad37d4428e7b5d6f311773"},"breadcrumb":{"@id":"https:\/\/www.ull.es\/portal\/noticias\/2018\/luis-serven-el-mayor-nivel-de-pobreza-esta-en-el-africa-sahariana-y-afecta-a-alrededor-de-389-millones-de-personas\/#breadcrumb"},"inLanguage":"es","potentialAction":[{"@type":"ReadAction","target":["https:\/\/www.ull.es\/portal\/noticias\/2018\/luis-serven-el-mayor-nivel-de-pobreza-esta-en-el-africa-sahariana-y-afecta-a-alrededor-de-389-millones-de-personas\/"]}]},{"@type":"BreadcrumbList","@id":"https:\/\/www.ull.es\/portal\/noticias\/2018\/luis-serven-el-mayor-nivel-de-pobreza-esta-en-el-africa-sahariana-y-afecta-a-alrededor-de-389-millones-de-personas\/#breadcrumb","itemListElement":[{"@type":"ListItem","position":1,"name":"Portada","item":"https:\/\/www.ull.es\/portal\/noticias\/"},{"@type":"ListItem","position":2,"name":"Luis Serv\u00e9n: \u201cEl mayor nivel de pobreza est\u00e1 en el \u00c1frica sahariana y afecta alrededor de 389 millones de personas\u201d"}]},{"@type":"WebSite","@id":"https:\/\/www.ull.es\/portal\/noticias\/#website","url":"https:\/\/www.ull.es\/portal\/noticias\/","name":"ULL - Noticias","description":"","potentialAction":[{"@type":"SearchAction","target":{"@type":"EntryPoint","urlTemplate":"https:\/\/www.ull.es\/portal\/noticias\/?s={search_term_string}"},"query-input":"required name=search_term_string"}],"inLanguage":"es"},{"@type":"Person","@id":"https:\/\/www.ull.es\/portal\/noticias\/#\/schema\/person\/9924518fb1ad37d4428e7b5d6f311773","name":"gcom4","image":{"@type":"ImageObject","inLanguage":"es","@id":"https:\/\/www.ull.es\/portal\/noticias\/#\/schema\/person\/image\/","url":"https:\/\/secure.gravatar.com\/avatar\/a5d1f5573f10617ccfcc209aaf6aa7fb?s=96&d=mm&r=g","contentUrl":"https:\/\/secure.gravatar.com\/avatar\/a5d1f5573f10617ccfcc209aaf6aa7fb?s=96&d=mm&r=g","caption":"gcom4"},"url":"https:\/\/www.ull.es\/portal\/noticias\/author\/gcom4\/"}]}},"primary_category":{"id":2765,"name":"Portada ULL","slug":"portada-ull","link":"https:\/\/www.ull.es\/portal\/noticias\/category\/portada-ull\/"},"featured_image_thumbnail_url":"https:\/\/www.ull.es\/portal\/noticias\/wp-content\/uploads\/sites\/13\/2018\/07\/serven-300x200.jpg","_links":{"self":[{"href":"https:\/\/www.ull.es\/portal\/noticias\/wp-json\/wp\/v2\/posts\/38605"}],"collection":[{"href":"https:\/\/www.ull.es\/portal\/noticias\/wp-json\/wp\/v2\/posts"}],"about":[{"href":"https:\/\/www.ull.es\/portal\/noticias\/wp-json\/wp\/v2\/types\/post"}],"author":[{"embeddable":true,"href":"https:\/\/www.ull.es\/portal\/noticias\/wp-json\/wp\/v2\/users\/65"}],"replies":[{"embeddable":true,"href":"https:\/\/www.ull.es\/portal\/noticias\/wp-json\/wp\/v2\/comments?post=38605"}],"version-history":[{"count":4,"href":"https:\/\/www.ull.es\/portal\/noticias\/wp-json\/wp\/v2\/posts\/38605\/revisions"}],"predecessor-version":[{"id":38610,"href":"https:\/\/www.ull.es\/portal\/noticias\/wp-json\/wp\/v2\/posts\/38605\/revisions\/38610"}],"wp:featuredmedia":[{"embeddable":true,"href":"https:\/\/www.ull.es\/portal\/noticias\/wp-json\/wp\/v2\/media\/38606"}],"wp:attachment":[{"href":"https:\/\/www.ull.es\/portal\/noticias\/wp-json\/wp\/v2\/media?parent=38605"}],"wp:term":[{"taxonomy":"category","embeddable":true,"href":"https:\/\/www.ull.es\/portal\/noticias\/wp-json\/wp\/v2\/categories?post=38605"},{"taxonomy":"post_tag","embeddable":true,"href":"https:\/\/www.ull.es\/portal\/noticias\/wp-json\/wp\/v2\/tags?post=38605"}],"curies":[{"name":"wp","href":"https:\/\/api.w.org\/{rel}","templated":true}]}}