{"id":38669,"date":"2018-07-26T15:27:06","date_gmt":"2018-07-26T15:27:06","guid":{"rendered":"https:\/\/www.ull.es\/portal\/noticias\/?p=38669"},"modified":"2018-07-26T22:37:58","modified_gmt":"2018-07-26T22:37:58","slug":"mas-de-300-estudiantes-de-la-universidad-de-la-laguna-realizaran-una-movilidad-europea-el-proximo-curso","status":"publish","type":"post","link":"https:\/\/www.ull.es\/portal\/noticias\/2018\/mas-de-300-estudiantes-de-la-universidad-de-la-laguna-realizaran-una-movilidad-europea-el-proximo-curso\/","title":{"rendered":"M\u00e1s de 300 estudiantes de la Universidad de La Laguna realizar\u00e1n una movilidad europea el pr\u00f3ximo curso"},"content":{"rendered":"<p>El Vicerrectorado de Internacionalizaci\u00f3n de la Universidad de La Laguna ha celebrado hoy 26 de julio una reuni\u00f3n con los coordinadores de movilidad para ponerles al d\u00eda de las novedades del pr\u00f3ximo a\u00f1o y hacer repaso de lo desarrollado en este curso acad\u00e9mico que finaliza. Carmen Rubio, la titular de este departamento, expres\u00f3 su satisfacci\u00f3n por que el n\u00famero de estudiantes de movilidad de estudios saliente, que este a\u00f1o se ha cifrado en 202 estudiantes (adem\u00e1s de una cincuentena de pr\u00e1cticas), se elevar\u00e1 en el pr\u00f3ximo curso a 302, un significativo aumento atribuido a la intensa campa\u00f1a de difusi\u00f3n y promoci\u00f3n de estas movilidades por parte del vicerrectorado en los diferentes campus universitarios.<\/p>\n<p style=\"text-align: center\"><a href=\"https:\/\/drive.google.com\/drive\/folders\/1HhW7IYR-Q8-DOUTQTMvQTL2HsfnH1WqZ?usp=sharing\" target=\"_blank\" rel=\"noopener\"><strong>Galer\u00eda gr\u00e1fica<\/strong><\/a><\/p>\n<p>Italia, Polonia y Alemania son los destinos preferentes del alumnado de la Universidad de La Laguna. De estos trescientos solicitantes, la mayor\u00eda estudia en la Facultad de Econom\u00eda, Empresa y Turismo, en Ciencias de la Salud y en Humanidades.<\/p>\n<p>Se ha hecho un gran esfuerzo para transmitir a los estudiantes de doctorado las oportunidades que ofrece Erasmus para realizar estancias de investigaci\u00f3n en diferentes centros, mensaje que ha calado ya que el n\u00famero de solicitudes de la Escuela de Doctorado y Estudios de Posgrado es con mucho superior al resto. As\u00ed, m\u00e1s de 200 estudiantes de la ULL ha solicitado realizar en el pr\u00f3ximo curso acad\u00e9mico una estancia de pr\u00e1cticas en empresas europeas, cifra que revela un exponencial incremento frente a los datos de este a\u00f1o.<\/p>\n<p>En cuanto a los alumnos entrantes, se ha pasado en 2016 de 420 estudiantes, a 473 previstos para el curso 2018\/19, lo que ha supuesto un incremento continuado en los \u00faltimos a\u00f1os. Filolog\u00eda, Medicina y Derecho suelen ser las titulaciones m\u00e1s demandas por los estudiantes europeos que vienen a la Universidad de La Laguna, tambi\u00e9n procedentes, como en el caso de los salientes, de Italia, Polonia y Alemania.<\/p>\n<p>En la reuni\u00f3n de hoy se ofrecieron tambi\u00e9n datos de satisfacci\u00f3n con respecto al programa de movilidad. En el curso 2016\/17 (los datos de este curso a\u00fan no est\u00e1n cerrados), un 96,1% del alumnado dijo estar muy satisfecho con la movilidad de estudios realizada, que en el caso de las pr\u00e1cticas alcanza el 88,89%, con un promedio total para estudiantes salientes del 95,71% de \u00e9xito y un 94,01% para alumnado de movilidad de estudios entrante. Estas cifras demuestran, en palabras de la vicerrectora, la experiencia enormemente positiva que para los estudiantes tiene estas estancias en una universidad de otras latitudes, lo que adem\u00e1s refuerza la internacionalizaci\u00f3n de sus curr\u00edculos, agreg\u00f3.<\/p>\n<p>Se han firmado en este curso que ahora finaliza un total de 76 nuevos convenios de movilidad. En este \u00e1mbito se est\u00e1 intentando racionalizar y poner orden en el n\u00famero de colaboraciones institucionales con otros centros, de manera que todas est\u00e9n gestionados telem\u00e1ticamente y se despejen ambig\u00fcedades en cuanto a la concesi\u00f3n de plazas y sus destinos concretos.<\/p>\n<p>La bienvenida del curso a los estudiantes comunitarios se realizar\u00e1 el 24 de septiembre, y como novedad este a\u00f1o se ha previsto actos de recibimiento en los centros de destino del alumnado Erasmus, en la semana del 25 al 28 de ese mismo mes.<\/p>\n<p>En cuanto a la movilidad extraeuropea contemplada a trav\u00e9s de la acci\u00f3n \u00a0Erasmus+ ka107, la Universidad de La Laguna ya est\u00e1 trabajando con Senegal y Cabo Verde. Ese a\u00f1o se ha conseguido financiaci\u00f3n para Senegal, Mauritania y T\u00fanez, de tal forma que habr\u00e1 16 plazas de movilidad de personal docente y administrativo y de servicios para estos destinos.<\/p>\n<p>Gracias a la financiaci\u00f3n de Banco Santander, existe tambi\u00e9n la posibilidad de que los estudiantes de la Universidad de La Laguna realicen estancias en universidades latinoamericanas, lo que ha permitido que varios estudiantes este centro acad\u00e9mico completen su formaci\u00f3n de grado en universidades de Chile, Argentina, M\u00e9xico o Ecuador, por ejemplo.<\/p>\n","protected":false},"excerpt":{"rendered":"<p>El Vicerrectorado de Internacionalizaci\u00f3n de la Universidad de La Laguna ha celebrado hoy 26 de julio una reuni\u00f3n con los&#8230;<\/p>\n","protected":false},"author":23,"featured_media":38671,"comment_status":"closed","ping_status":"closed","sticky":false,"template":"","format":"standard","meta":{"inline_featured_image":false,"footnotes":""},"categories":[345,349,2765],"tags":[1149,4622,4623,4621],"acf":[],"yoast_head":"<!-- This site is optimized with the Yoast SEO plugin v21.3 - https:\/\/yoast.com\/wordpress\/plugins\/seo\/ -->\n<title>M\u00e1s de 300 estudiantes de la Universidad de La Laguna realizar\u00e1n una movilidad europea el pr\u00f3ximo curso - ULL - Noticias<\/title>\n<meta name=\"robots\" content=\"index, follow, max-snippet:-1, max-image-preview:large, max-video-preview:-1\" \/>\n<link rel=\"canonical\" href=\"https:\/\/www.ull.es\/portal\/noticias\/2018\/mas-de-300-estudiantes-de-la-universidad-de-la-laguna-realizaran-una-movilidad-europea-el-proximo-curso\/\" \/>\n<meta property=\"og:locale\" content=\"es_ES\" \/>\n<meta property=\"og:type\" content=\"article\" \/>\n<meta property=\"og:title\" content=\"M\u00e1s de 300 estudiantes de la Universidad de La Laguna realizar\u00e1n una movilidad europea el pr\u00f3ximo curso - ULL - Noticias\" \/>\n<meta property=\"og:description\" content=\"El Vicerrectorado de Internacionalizaci\u00f3n de la Universidad de La Laguna ha celebrado hoy 26 de julio una reuni\u00f3n con los...\" \/>\n<meta property=\"og:url\" content=\"https:\/\/www.ull.es\/portal\/noticias\/2018\/mas-de-300-estudiantes-de-la-universidad-de-la-laguna-realizaran-una-movilidad-europea-el-proximo-curso\/\" \/>\n<meta property=\"og:site_name\" content=\"ULL - Noticias\" \/>\n<meta property=\"article:publisher\" content=\"https:\/\/www.facebook.com\/universidaddelalaguna\/\" \/>\n<meta property=\"article:published_time\" content=\"2018-07-26T15:27:06+00:00\" \/>\n<meta property=\"article:modified_time\" content=\"2018-07-26T22:37:58+00:00\" \/>\n<meta property=\"og:image\" content=\"https:\/\/www.ull.es\/portal\/noticias\/wp-content\/uploads\/sites\/13\/2018\/07\/Reunion-coord-Erasmus-06.jpg\" \/>\n\t<meta property=\"og:image:width\" content=\"1024\" \/>\n\t<meta property=\"og:image:height\" content=\"621\" \/>\n\t<meta property=\"og:image:type\" content=\"image\/jpeg\" \/>\n<meta name=\"author\" content=\"gaprsa\" \/>\n<meta name=\"twitter:card\" content=\"summary_large_image\" \/>\n<meta name=\"twitter:creator\" content=\"@CanalULL\" \/>\n<meta name=\"twitter:site\" content=\"@CanalULL\" \/>\n<meta name=\"twitter:label1\" content=\"Escrito por\" \/>\n\t<meta name=\"twitter:data1\" content=\"gaprsa\" \/>\n\t<meta name=\"twitter:label2\" content=\"Tiempo de lectura\" \/>\n\t<meta name=\"twitter:data2\" content=\"3 minutos\" \/>\n<script type=\"application\/ld+json\" class=\"yoast-schema-graph\">{\"@context\":\"https:\/\/schema.org\",\"@graph\":[{\"@type\":\"WebPage\",\"@id\":\"https:\/\/www.ull.es\/portal\/noticias\/2018\/mas-de-300-estudiantes-de-la-universidad-de-la-laguna-realizaran-una-movilidad-europea-el-proximo-curso\/\",\"url\":\"https:\/\/www.ull.es\/portal\/noticias\/2018\/mas-de-300-estudiantes-de-la-universidad-de-la-laguna-realizaran-una-movilidad-europea-el-proximo-curso\/\",\"name\":\"M\u00e1s de 300 estudiantes de la Universidad de La Laguna realizar\u00e1n una movilidad europea el pr\u00f3ximo curso - ULL - Noticias\",\"isPartOf\":{\"@id\":\"https:\/\/www.ull.es\/portal\/noticias\/#website\"},\"datePublished\":\"2018-07-26T15:27:06+00:00\",\"dateModified\":\"2018-07-26T22:37:58+00:00\",\"author\":{\"@id\":\"https:\/\/www.ull.es\/portal\/noticias\/#\/schema\/person\/b2b1a89d43ffa609e591f7df8ef3e817\"},\"breadcrumb\":{\"@id\":\"https:\/\/www.ull.es\/portal\/noticias\/2018\/mas-de-300-estudiantes-de-la-universidad-de-la-laguna-realizaran-una-movilidad-europea-el-proximo-curso\/#breadcrumb\"},\"inLanguage\":\"es\",\"potentialAction\":[{\"@type\":\"ReadAction\",\"target\":[\"https:\/\/www.ull.es\/portal\/noticias\/2018\/mas-de-300-estudiantes-de-la-universidad-de-la-laguna-realizaran-una-movilidad-europea-el-proximo-curso\/\"]}]},{\"@type\":\"BreadcrumbList\",\"@id\":\"https:\/\/www.ull.es\/portal\/noticias\/2018\/mas-de-300-estudiantes-de-la-universidad-de-la-laguna-realizaran-una-movilidad-europea-el-proximo-curso\/#breadcrumb\",\"itemListElement\":[{\"@type\":\"ListItem\",\"position\":1,\"name\":\"Portada\",\"item\":\"https:\/\/www.ull.es\/portal\/noticias\/\"},{\"@type\":\"ListItem\",\"position\":2,\"name\":\"M\u00e1s de 300 estudiantes de la Universidad de La Laguna realizar\u00e1n una movilidad europea el pr\u00f3ximo curso\"}]},{\"@type\":\"WebSite\",\"@id\":\"https:\/\/www.ull.es\/portal\/noticias\/#website\",\"url\":\"https:\/\/www.ull.es\/portal\/noticias\/\",\"name\":\"ULL - Noticias\",\"description\":\"\",\"potentialAction\":[{\"@type\":\"SearchAction\",\"target\":{\"@type\":\"EntryPoint\",\"urlTemplate\":\"https:\/\/www.ull.es\/portal\/noticias\/?s={search_term_string}\"},\"query-input\":\"required name=search_term_string\"}],\"inLanguage\":\"es\"},{\"@type\":\"Person\",\"@id\":\"https:\/\/www.ull.es\/portal\/noticias\/#\/schema\/person\/b2b1a89d43ffa609e591f7df8ef3e817\",\"name\":\"gaprsa\",\"image\":{\"@type\":\"ImageObject\",\"inLanguage\":\"es\",\"@id\":\"https:\/\/www.ull.es\/portal\/noticias\/#\/schema\/person\/image\/\",\"url\":\"https:\/\/secure.gravatar.com\/avatar\/443820550921091458b4823867723b3d?s=96&d=mm&r=g\",\"contentUrl\":\"https:\/\/secure.gravatar.com\/avatar\/443820550921091458b4823867723b3d?s=96&d=mm&r=g\",\"caption\":\"gaprsa\"},\"url\":\"https:\/\/www.ull.es\/portal\/noticias\/author\/gaprsa\/\"}]}<\/script>\n<!-- \/ Yoast SEO plugin. -->","yoast_head_json":{"title":"M\u00e1s de 300 estudiantes de la Universidad de La Laguna realizar\u00e1n una movilidad europea el pr\u00f3ximo curso - ULL - Noticias","robots":{"index":"index","follow":"follow","max-snippet":"max-snippet:-1","max-image-preview":"max-image-preview:large","max-video-preview":"max-video-preview:-1"},"canonical":"https:\/\/www.ull.es\/portal\/noticias\/2018\/mas-de-300-estudiantes-de-la-universidad-de-la-laguna-realizaran-una-movilidad-europea-el-proximo-curso\/","og_locale":"es_ES","og_type":"article","og_title":"M\u00e1s de 300 estudiantes de la Universidad de La Laguna realizar\u00e1n una movilidad europea el pr\u00f3ximo curso - ULL - Noticias","og_description":"El Vicerrectorado de Internacionalizaci\u00f3n de la Universidad de La Laguna ha celebrado hoy 26 de julio una reuni\u00f3n con los...","og_url":"https:\/\/www.ull.es\/portal\/noticias\/2018\/mas-de-300-estudiantes-de-la-universidad-de-la-laguna-realizaran-una-movilidad-europea-el-proximo-curso\/","og_site_name":"ULL - Noticias","article_publisher":"https:\/\/www.facebook.com\/universidaddelalaguna\/","article_published_time":"2018-07-26T15:27:06+00:00","article_modified_time":"2018-07-26T22:37:58+00:00","og_image":[{"width":1024,"height":621,"url":"https:\/\/www.ull.es\/portal\/noticias\/wp-content\/uploads\/sites\/13\/2018\/07\/Reunion-coord-Erasmus-06.jpg","type":"image\/jpeg"}],"author":"gaprsa","twitter_card":"summary_large_image","twitter_creator":"@CanalULL","twitter_site":"@CanalULL","twitter_misc":{"Escrito por":"gaprsa","Tiempo de lectura":"3 minutos"},"schema":{"@context":"https:\/\/schema.org","@graph":[{"@type":"WebPage","@id":"https:\/\/www.ull.es\/portal\/noticias\/2018\/mas-de-300-estudiantes-de-la-universidad-de-la-laguna-realizaran-una-movilidad-europea-el-proximo-curso\/","url":"https:\/\/www.ull.es\/portal\/noticias\/2018\/mas-de-300-estudiantes-de-la-universidad-de-la-laguna-realizaran-una-movilidad-europea-el-proximo-curso\/","name":"M\u00e1s de 300 estudiantes de la Universidad de La Laguna realizar\u00e1n una movilidad europea el pr\u00f3ximo curso - ULL - Noticias","isPartOf":{"@id":"https:\/\/www.ull.es\/portal\/noticias\/#website"},"datePublished":"2018-07-26T15:27:06+00:00","dateModified":"2018-07-26T22:37:58+00:00","author":{"@id":"https:\/\/www.ull.es\/portal\/noticias\/#\/schema\/person\/b2b1a89d43ffa609e591f7df8ef3e817"},"breadcrumb":{"@id":"https:\/\/www.ull.es\/portal\/noticias\/2018\/mas-de-300-estudiantes-de-la-universidad-de-la-laguna-realizaran-una-movilidad-europea-el-proximo-curso\/#breadcrumb"},"inLanguage":"es","potentialAction":[{"@type":"ReadAction","target":["https:\/\/www.ull.es\/portal\/noticias\/2018\/mas-de-300-estudiantes-de-la-universidad-de-la-laguna-realizaran-una-movilidad-europea-el-proximo-curso\/"]}]},{"@type":"BreadcrumbList","@id":"https:\/\/www.ull.es\/portal\/noticias\/2018\/mas-de-300-estudiantes-de-la-universidad-de-la-laguna-realizaran-una-movilidad-europea-el-proximo-curso\/#breadcrumb","itemListElement":[{"@type":"ListItem","position":1,"name":"Portada","item":"https:\/\/www.ull.es\/portal\/noticias\/"},{"@type":"ListItem","position":2,"name":"M\u00e1s de 300 estudiantes de la Universidad de La Laguna realizar\u00e1n una movilidad europea el pr\u00f3ximo curso"}]},{"@type":"WebSite","@id":"https:\/\/www.ull.es\/portal\/noticias\/#website","url":"https:\/\/www.ull.es\/portal\/noticias\/","name":"ULL - Noticias","description":"","potentialAction":[{"@type":"SearchAction","target":{"@type":"EntryPoint","urlTemplate":"https:\/\/www.ull.es\/portal\/noticias\/?s={search_term_string}"},"query-input":"required name=search_term_string"}],"inLanguage":"es"},{"@type":"Person","@id":"https:\/\/www.ull.es\/portal\/noticias\/#\/schema\/person\/b2b1a89d43ffa609e591f7df8ef3e817","name":"gaprsa","image":{"@type":"ImageObject","inLanguage":"es","@id":"https:\/\/www.ull.es\/portal\/noticias\/#\/schema\/person\/image\/","url":"https:\/\/secure.gravatar.com\/avatar\/443820550921091458b4823867723b3d?s=96&d=mm&r=g","contentUrl":"https:\/\/secure.gravatar.com\/avatar\/443820550921091458b4823867723b3d?s=96&d=mm&r=g","caption":"gaprsa"},"url":"https:\/\/www.ull.es\/portal\/noticias\/author\/gaprsa\/"}]}},"primary_category":{"id":2765,"name":"Portada ULL","slug":"portada-ull","link":"https:\/\/www.ull.es\/portal\/noticias\/category\/portada-ull\/"},"featured_image_thumbnail_url":"https:\/\/www.ull.es\/portal\/noticias\/wp-content\/uploads\/sites\/13\/2018\/07\/Reunion-coord-Erasmus-06-300x182.jpg","_links":{"self":[{"href":"https:\/\/www.ull.es\/portal\/noticias\/wp-json\/wp\/v2\/posts\/38669"}],"collection":[{"href":"https:\/\/www.ull.es\/portal\/noticias\/wp-json\/wp\/v2\/posts"}],"about":[{"href":"https:\/\/www.ull.es\/portal\/noticias\/wp-json\/wp\/v2\/types\/post"}],"author":[{"embeddable":true,"href":"https:\/\/www.ull.es\/portal\/noticias\/wp-json\/wp\/v2\/users\/23"}],"replies":[{"embeddable":true,"href":"https:\/\/www.ull.es\/portal\/noticias\/wp-json\/wp\/v2\/comments?post=38669"}],"version-history":[{"count":6,"href":"https:\/\/www.ull.es\/portal\/noticias\/wp-json\/wp\/v2\/posts\/38669\/revisions"}],"predecessor-version":[{"id":38677,"href":"https:\/\/www.ull.es\/portal\/noticias\/wp-json\/wp\/v2\/posts\/38669\/revisions\/38677"}],"wp:featuredmedia":[{"embeddable":true,"href":"https:\/\/www.ull.es\/portal\/noticias\/wp-json\/wp\/v2\/media\/38671"}],"wp:attachment":[{"href":"https:\/\/www.ull.es\/portal\/noticias\/wp-json\/wp\/v2\/media?parent=38669"}],"wp:term":[{"taxonomy":"category","embeddable":true,"href":"https:\/\/www.ull.es\/portal\/noticias\/wp-json\/wp\/v2\/categories?post=38669"},{"taxonomy":"post_tag","embeddable":true,"href":"https:\/\/www.ull.es\/portal\/noticias\/wp-json\/wp\/v2\/tags?post=38669"}],"curies":[{"name":"wp","href":"https:\/\/api.w.org\/{rel}","templated":true}]}}