{"id":38835,"date":"2018-08-06T12:49:56","date_gmt":"2018-08-06T12:49:56","guid":{"rendered":"https:\/\/www.ull.es\/portal\/noticias\/?p=38835"},"modified":"2018-08-06T12:49:56","modified_gmt":"2018-08-06T12:49:56","slug":"ull-cierra-hasta-el-27-de-agosto","status":"publish","type":"post","link":"https:\/\/www.ull.es\/portal\/noticias\/2018\/ull-cierra-hasta-el-27-de-agosto\/","title":{"rendered":"La Universidad de La Laguna cierra sus instalaciones hasta el pr\u00f3ximo lunes 27 de agosto"},"content":{"rendered":"<p>La Universidad de La Laguna cesar\u00e1 toda la actividad en sus servicios e instalaciones desde hoy, lunes 6 de agosto a las 21 horas, hasta el lunes 27 de agosto a las 06 horas. De este modo, la instituci\u00f3n mantiene su pol\u00edtica de cierres en periodos vacacionales con el prop\u00f3sito de contener sus gastos y racionalizar sus servicios.<\/p>\n<p>De este modo, todas las dependencias del centro permanecer\u00e1n inaccesibles e inactivas hasta la fecha de reapertura, con algunas excepciones, como determinados laboratorios con muestras vivas que necesitan atenci\u00f3n contante y varias salas de estudios que abrir\u00e1n las 24 horas durante el periodo vacacional: las ubicadas en los dos edificios de Servicios al Alumnado ULL-CajaCanarias en los campus de Anchieta y de Guajara, y la de la Secci\u00f3n de N\u00e1utica, M\u00e1quinas y Radioelectr\u00f3nica Naval.<\/p>\n<p>Est\u00e1 previsto que, si se detectara que estas salas no fueran suficientes para cubrir todas las necesidades de aforo, tambi\u00e9n se abrir\u00e1 el aula de estudio de la Secci\u00f3n de Ingenier\u00eda Agraria.<\/p>\n<p>Los colegios mayores ya est\u00e1n cerrados y solamente quedar\u00e1 habilitada la Residencia Parque de las Islas para aquellas las personas que hayan sido previamente autorizadas por el Vicerrectorado de Estudiantes.<\/p>\n<p>La Sede Electr\u00f3nica, el sitio web institucional y el sistema de correo electr\u00f3nico permanecer\u00e1n operativos, aunque la tramitaci\u00f3n de cualquier solicitud quedar\u00e1 en suspenso hasta el lunes 27 de agosto, con la reapertura del centro acad\u00e9mico. En todo caso, de cara a cualquier tipo de tr\u00e1mite que conlleve plazos, cabe recordar que el Consejo de Gobierno del centro docente declar\u00f3 inh\u00e1bil el periodo comprendido entre los d\u00edas 7 y 24 de agosto, ambos incluidos.<\/p>\n<p>Para resolver cualquier duda o eventualidad, la instituci\u00f3n ha habilitado la cuenta de correo electr\u00f3nico <a href=\"mailto:cierre@ull.es\" target=\"_blank\" rel=\"noopener\">cierre@ull.es<\/a>.<\/p>\n","protected":false},"excerpt":{"rendered":"<p>La Universidad de La Laguna cesar\u00e1 toda la actividad en sus servicios e instalaciones desde hoy, lunes 6 de agosto&#8230;<\/p>\n","protected":false},"author":21,"featured_media":35858,"comment_status":"closed","ping_status":"closed","sticky":false,"template":"","format":"standard","meta":{"inline_featured_image":false,"footnotes":""},"categories":[345,4048,4204,3898,3701,3924,3778,3799,3906,3725,3994,4040,3699,348,2752,2753,2755,2754,2765],"tags":[3320,823,4658,2598],"acf":[],"yoast_head":"<!-- This site is optimized with the Yoast SEO plugin v21.3 - https:\/\/yoast.com\/wordpress\/plugins\/seo\/ -->\n<title>La ULL cierra sus instalaciones hasta el pr\u00f3ximo lunes 27 de agosto<\/title>\n<meta name=\"description\" content=\"La Universidad de La Laguna cesar\u00e1 toda la actividad en sus servicios e instalaciones desde el lunes 6 de agosto a las 21 horas hasta el lunes 27 de agosto a las 6 horas, dentro de su pol\u00edtica de cierres en periodos vacacionales con el prop\u00f3sito de contener sus gastos y racionalizar sus servicios.\" \/>\n<meta name=\"robots\" content=\"index, follow, max-snippet:-1, max-image-preview:large, max-video-preview:-1\" \/>\n<link rel=\"canonical\" href=\"https:\/\/www.ull.es\/portal\/noticias\/2018\/ull-cierra-hasta-el-27-de-agosto\/\" \/>\n<meta property=\"og:locale\" content=\"es_ES\" \/>\n<meta property=\"og:type\" content=\"article\" \/>\n<meta property=\"og:title\" content=\"La ULL cierra sus instalaciones hasta el pr\u00f3ximo lunes 27 de agosto\" \/>\n<meta property=\"og:description\" content=\"La Universidad de La Laguna cesar\u00e1 toda la actividad en sus servicios e instalaciones desde el lunes 6 de agosto a las 21 horas hasta el lunes 27 de agosto a las 6 horas, dentro de su pol\u00edtica de cierres en periodos vacacionales con el prop\u00f3sito de contener sus gastos y racionalizar sus servicios.\" \/>\n<meta property=\"og:url\" content=\"https:\/\/www.ull.es\/portal\/noticias\/2018\/ull-cierra-hasta-el-27-de-agosto\/\" \/>\n<meta property=\"og:site_name\" content=\"ULL - Noticias\" \/>\n<meta property=\"article:publisher\" content=\"https:\/\/www.facebook.com\/universidaddelalaguna\/\" \/>\n<meta property=\"article:published_time\" content=\"2018-08-06T12:49:56+00:00\" \/>\n<meta property=\"og:image\" content=\"https:\/\/www.ull.es\/portal\/noticias\/wp-content\/uploads\/sites\/13\/2018\/03\/rectorado-ull.jpg\" \/>\n\t<meta property=\"og:image:width\" content=\"1200\" \/>\n\t<meta property=\"og:image:height\" content=\"800\" \/>\n\t<meta property=\"og:image:type\" content=\"image\/jpeg\" \/>\n<meta name=\"author\" content=\"prensa2\" \/>\n<meta name=\"twitter:card\" content=\"summary_large_image\" \/>\n<meta name=\"twitter:creator\" content=\"@CanalULL\" \/>\n<meta name=\"twitter:site\" content=\"@CanalULL\" \/>\n<meta name=\"twitter:label1\" content=\"Escrito por\" \/>\n\t<meta name=\"twitter:data1\" content=\"prensa2\" \/>\n\t<meta name=\"twitter:label2\" content=\"Tiempo de lectura\" \/>\n\t<meta name=\"twitter:data2\" content=\"2 minutos\" \/>\n<script type=\"application\/ld+json\" class=\"yoast-schema-graph\">{\"@context\":\"https:\/\/schema.org\",\"@graph\":[{\"@type\":\"WebPage\",\"@id\":\"https:\/\/www.ull.es\/portal\/noticias\/2018\/ull-cierra-hasta-el-27-de-agosto\/\",\"url\":\"https:\/\/www.ull.es\/portal\/noticias\/2018\/ull-cierra-hasta-el-27-de-agosto\/\",\"name\":\"La ULL cierra sus instalaciones hasta el pr\u00f3ximo lunes 27 de agosto\",\"isPartOf\":{\"@id\":\"https:\/\/www.ull.es\/portal\/noticias\/#website\"},\"datePublished\":\"2018-08-06T12:49:56+00:00\",\"dateModified\":\"2018-08-06T12:49:56+00:00\",\"author\":{\"@id\":\"https:\/\/www.ull.es\/portal\/noticias\/#\/schema\/person\/c3b2aa857797592927a03740d6664376\"},\"description\":\"La Universidad de La Laguna cesar\u00e1 toda la actividad en sus servicios e instalaciones desde el lunes 6 de agosto a las 21 horas hasta el lunes 27 de agosto a las 6 horas, dentro de su pol\u00edtica de cierres en periodos vacacionales con el prop\u00f3sito de contener sus gastos y racionalizar sus servicios.\",\"breadcrumb\":{\"@id\":\"https:\/\/www.ull.es\/portal\/noticias\/2018\/ull-cierra-hasta-el-27-de-agosto\/#breadcrumb\"},\"inLanguage\":\"es\",\"potentialAction\":[{\"@type\":\"ReadAction\",\"target\":[\"https:\/\/www.ull.es\/portal\/noticias\/2018\/ull-cierra-hasta-el-27-de-agosto\/\"]}]},{\"@type\":\"BreadcrumbList\",\"@id\":\"https:\/\/www.ull.es\/portal\/noticias\/2018\/ull-cierra-hasta-el-27-de-agosto\/#breadcrumb\",\"itemListElement\":[{\"@type\":\"ListItem\",\"position\":1,\"name\":\"Portada\",\"item\":\"https:\/\/www.ull.es\/portal\/noticias\/\"},{\"@type\":\"ListItem\",\"position\":2,\"name\":\"La Universidad de La Laguna cierra sus instalaciones hasta el pr\u00f3ximo lunes 27 de agosto\"}]},{\"@type\":\"WebSite\",\"@id\":\"https:\/\/www.ull.es\/portal\/noticias\/#website\",\"url\":\"https:\/\/www.ull.es\/portal\/noticias\/\",\"name\":\"ULL - Noticias\",\"description\":\"\",\"potentialAction\":[{\"@type\":\"SearchAction\",\"target\":{\"@type\":\"EntryPoint\",\"urlTemplate\":\"https:\/\/www.ull.es\/portal\/noticias\/?s={search_term_string}\"},\"query-input\":\"required name=search_term_string\"}],\"inLanguage\":\"es\"},{\"@type\":\"Person\",\"@id\":\"https:\/\/www.ull.es\/portal\/noticias\/#\/schema\/person\/c3b2aa857797592927a03740d6664376\",\"name\":\"prensa2\",\"image\":{\"@type\":\"ImageObject\",\"inLanguage\":\"es\",\"@id\":\"https:\/\/www.ull.es\/portal\/noticias\/#\/schema\/person\/image\/\",\"url\":\"https:\/\/secure.gravatar.com\/avatar\/b58f310a5de5feb33d1e026d2493f23c?s=96&d=mm&r=g\",\"contentUrl\":\"https:\/\/secure.gravatar.com\/avatar\/b58f310a5de5feb33d1e026d2493f23c?s=96&d=mm&r=g\",\"caption\":\"prensa2\"},\"url\":\"https:\/\/www.ull.es\/portal\/noticias\/author\/prensa2\/\"}]}<\/script>\n<!-- \/ Yoast SEO plugin. -->","yoast_head_json":{"title":"La ULL cierra sus instalaciones hasta el pr\u00f3ximo lunes 27 de agosto","description":"La Universidad de La Laguna cesar\u00e1 toda la actividad en sus servicios e instalaciones desde el lunes 6 de agosto a las 21 horas hasta el lunes 27 de agosto a las 6 horas, dentro de su pol\u00edtica de cierres en periodos vacacionales con el prop\u00f3sito de contener sus gastos y racionalizar sus servicios.","robots":{"index":"index","follow":"follow","max-snippet":"max-snippet:-1","max-image-preview":"max-image-preview:large","max-video-preview":"max-video-preview:-1"},"canonical":"https:\/\/www.ull.es\/portal\/noticias\/2018\/ull-cierra-hasta-el-27-de-agosto\/","og_locale":"es_ES","og_type":"article","og_title":"La ULL cierra sus instalaciones hasta el pr\u00f3ximo lunes 27 de agosto","og_description":"La Universidad de La Laguna cesar\u00e1 toda la actividad en sus servicios e instalaciones desde el lunes 6 de agosto a las 21 horas hasta el lunes 27 de agosto a las 6 horas, dentro de su pol\u00edtica de cierres en periodos vacacionales con el prop\u00f3sito de contener sus gastos y racionalizar sus servicios.","og_url":"https:\/\/www.ull.es\/portal\/noticias\/2018\/ull-cierra-hasta-el-27-de-agosto\/","og_site_name":"ULL - Noticias","article_publisher":"https:\/\/www.facebook.com\/universidaddelalaguna\/","article_published_time":"2018-08-06T12:49:56+00:00","og_image":[{"width":1200,"height":800,"url":"https:\/\/www.ull.es\/portal\/noticias\/wp-content\/uploads\/sites\/13\/2018\/03\/rectorado-ull.jpg","type":"image\/jpeg"}],"author":"prensa2","twitter_card":"summary_large_image","twitter_creator":"@CanalULL","twitter_site":"@CanalULL","twitter_misc":{"Escrito por":"prensa2","Tiempo de lectura":"2 minutos"},"schema":{"@context":"https:\/\/schema.org","@graph":[{"@type":"WebPage","@id":"https:\/\/www.ull.es\/portal\/noticias\/2018\/ull-cierra-hasta-el-27-de-agosto\/","url":"https:\/\/www.ull.es\/portal\/noticias\/2018\/ull-cierra-hasta-el-27-de-agosto\/","name":"La ULL cierra sus instalaciones hasta el pr\u00f3ximo lunes 27 de agosto","isPartOf":{"@id":"https:\/\/www.ull.es\/portal\/noticias\/#website"},"datePublished":"2018-08-06T12:49:56+00:00","dateModified":"2018-08-06T12:49:56+00:00","author":{"@id":"https:\/\/www.ull.es\/portal\/noticias\/#\/schema\/person\/c3b2aa857797592927a03740d6664376"},"description":"La Universidad de La Laguna cesar\u00e1 toda la actividad en sus servicios e instalaciones desde el lunes 6 de agosto a las 21 horas hasta el lunes 27 de agosto a las 6 horas, dentro de su pol\u00edtica de cierres en periodos vacacionales con el prop\u00f3sito de contener sus gastos y racionalizar sus servicios.","breadcrumb":{"@id":"https:\/\/www.ull.es\/portal\/noticias\/2018\/ull-cierra-hasta-el-27-de-agosto\/#breadcrumb"},"inLanguage":"es","potentialAction":[{"@type":"ReadAction","target":["https:\/\/www.ull.es\/portal\/noticias\/2018\/ull-cierra-hasta-el-27-de-agosto\/"]}]},{"@type":"BreadcrumbList","@id":"https:\/\/www.ull.es\/portal\/noticias\/2018\/ull-cierra-hasta-el-27-de-agosto\/#breadcrumb","itemListElement":[{"@type":"ListItem","position":1,"name":"Portada","item":"https:\/\/www.ull.es\/portal\/noticias\/"},{"@type":"ListItem","position":2,"name":"La Universidad de La Laguna cierra sus instalaciones hasta el pr\u00f3ximo lunes 27 de agosto"}]},{"@type":"WebSite","@id":"https:\/\/www.ull.es\/portal\/noticias\/#website","url":"https:\/\/www.ull.es\/portal\/noticias\/","name":"ULL - Noticias","description":"","potentialAction":[{"@type":"SearchAction","target":{"@type":"EntryPoint","urlTemplate":"https:\/\/www.ull.es\/portal\/noticias\/?s={search_term_string}"},"query-input":"required name=search_term_string"}],"inLanguage":"es"},{"@type":"Person","@id":"https:\/\/www.ull.es\/portal\/noticias\/#\/schema\/person\/c3b2aa857797592927a03740d6664376","name":"prensa2","image":{"@type":"ImageObject","inLanguage":"es","@id":"https:\/\/www.ull.es\/portal\/noticias\/#\/schema\/person\/image\/","url":"https:\/\/secure.gravatar.com\/avatar\/b58f310a5de5feb33d1e026d2493f23c?s=96&d=mm&r=g","contentUrl":"https:\/\/secure.gravatar.com\/avatar\/b58f310a5de5feb33d1e026d2493f23c?s=96&d=mm&r=g","caption":"prensa2"},"url":"https:\/\/www.ull.es\/portal\/noticias\/author\/prensa2\/"}]}},"primary_category":{"id":348,"name":"Instituci\u00f3n","slug":"institucion","link":"https:\/\/www.ull.es\/portal\/noticias\/category\/institucion\/"},"featured_image_thumbnail_url":"https:\/\/www.ull.es\/portal\/noticias\/wp-content\/uploads\/sites\/13\/2018\/03\/rectorado-ull-300x200.jpg","_links":{"self":[{"href":"https:\/\/www.ull.es\/portal\/noticias\/wp-json\/wp\/v2\/posts\/38835"}],"collection":[{"href":"https:\/\/www.ull.es\/portal\/noticias\/wp-json\/wp\/v2\/posts"}],"about":[{"href":"https:\/\/www.ull.es\/portal\/noticias\/wp-json\/wp\/v2\/types\/post"}],"author":[{"embeddable":true,"href":"https:\/\/www.ull.es\/portal\/noticias\/wp-json\/wp\/v2\/users\/21"}],"replies":[{"embeddable":true,"href":"https:\/\/www.ull.es\/portal\/noticias\/wp-json\/wp\/v2\/comments?post=38835"}],"version-history":[{"count":1,"href":"https:\/\/www.ull.es\/portal\/noticias\/wp-json\/wp\/v2\/posts\/38835\/revisions"}],"predecessor-version":[{"id":38836,"href":"https:\/\/www.ull.es\/portal\/noticias\/wp-json\/wp\/v2\/posts\/38835\/revisions\/38836"}],"wp:featuredmedia":[{"embeddable":true,"href":"https:\/\/www.ull.es\/portal\/noticias\/wp-json\/wp\/v2\/media\/35858"}],"wp:attachment":[{"href":"https:\/\/www.ull.es\/portal\/noticias\/wp-json\/wp\/v2\/media?parent=38835"}],"wp:term":[{"taxonomy":"category","embeddable":true,"href":"https:\/\/www.ull.es\/portal\/noticias\/wp-json\/wp\/v2\/categories?post=38835"},{"taxonomy":"post_tag","embeddable":true,"href":"https:\/\/www.ull.es\/portal\/noticias\/wp-json\/wp\/v2\/tags?post=38835"}],"curies":[{"name":"wp","href":"https:\/\/api.w.org\/{rel}","templated":true}]}}