{"id":38930,"date":"2018-09-05T09:33:48","date_gmt":"2018-09-05T09:33:48","guid":{"rendered":"https:\/\/www.ull.es\/portal\/noticias\/?p=38930"},"modified":"2018-09-07T11:58:41","modified_gmt":"2018-09-07T11:58:41","slug":"el-24-de-septiembre-tendran-lugar-las-jornadas-de-bienvenida-para-el-estudiantado-de-nuevo-ingreso-en-la-facultad-de-ciencias","status":"publish","type":"post","link":"https:\/\/www.ull.es\/portal\/noticias\/2018\/el-24-de-septiembre-tendran-lugar-las-jornadas-de-bienvenida-para-el-estudiantado-de-nuevo-ingreso-en-la-facultad-de-ciencias\/","title":{"rendered":"El 24 de septiembre tendr\u00e1n lugar las Jornadas de Bienvenida para el estudiantado de nuevo ingreso en la Facultad de Ciencias"},"content":{"rendered":"<p>El 24 de septiembre tendr\u00e1n lugar las Jornadas de Bienvenida para el estudiantado de nuevo ingreso en la Facultad de Ciencias. En ellas se impartir\u00e1 una charla de informaci\u00f3n general de la ULL por el personal del Servicio de Informaci\u00f3n y Orientaci\u00f3n (SIO).<\/p>\n<p>Para m\u00e1s informaci\u00f3n pincha este <a href=\"https:\/\/drive.google.com\/open?id=1QadYx1gvPG0tCaWXLTwe0XuMdrNvPrtW\" target=\"_blank\" rel=\"noopener\">enlace.<\/a><\/p>\n<p>&nbsp;<\/p>\n","protected":false},"excerpt":{"rendered":"<p>El 24 de septiembre tendr\u00e1n lugar las Jornadas de Bienvenida para el estudiantado de nuevo ingreso en la Facultad de&#8230;<\/p>\n","protected":false},"author":65,"featured_media":0,"comment_status":"closed","ping_status":"closed","sticky":false,"template":"","format":"standard","meta":{"inline_featured_image":false,"footnotes":""},"categories":[3925,3856,3857,3858,3859,3860],"tags":[],"acf":[],"yoast_head":"<!-- This site is optimized with the Yoast SEO plugin v21.3 - https:\/\/yoast.com\/wordpress\/plugins\/seo\/ -->\n<title>El 24 de septiembre tendr\u00e1n lugar las Jornadas de Bienvenida para el estudiantado de nuevo ingreso en la Facultad de Ciencias - ULL - Noticias<\/title>\n<meta name=\"robots\" content=\"index, follow, max-snippet:-1, max-image-preview:large, max-video-preview:-1\" \/>\n<link rel=\"canonical\" href=\"https:\/\/www.ull.es\/portal\/noticias\/2018\/el-24-de-septiembre-tendran-lugar-las-jornadas-de-bienvenida-para-el-estudiantado-de-nuevo-ingreso-en-la-facultad-de-ciencias\/\" \/>\n<meta property=\"og:locale\" content=\"es_ES\" \/>\n<meta property=\"og:type\" content=\"article\" \/>\n<meta property=\"og:title\" content=\"El 24 de septiembre tendr\u00e1n lugar las Jornadas de Bienvenida para el estudiantado de nuevo ingreso en la Facultad de Ciencias - ULL - Noticias\" \/>\n<meta property=\"og:description\" content=\"El 24 de septiembre tendr\u00e1n lugar las Jornadas de Bienvenida para el estudiantado de nuevo ingreso en la Facultad de...\" \/>\n<meta property=\"og:url\" content=\"https:\/\/www.ull.es\/portal\/noticias\/2018\/el-24-de-septiembre-tendran-lugar-las-jornadas-de-bienvenida-para-el-estudiantado-de-nuevo-ingreso-en-la-facultad-de-ciencias\/\" \/>\n<meta property=\"og:site_name\" content=\"ULL - Noticias\" \/>\n<meta property=\"article:publisher\" content=\"https:\/\/www.facebook.com\/universidaddelalaguna\/\" \/>\n<meta property=\"article:published_time\" content=\"2018-09-05T09:33:48+00:00\" \/>\n<meta property=\"article:modified_time\" content=\"2018-09-07T11:58:41+00:00\" \/>\n<meta property=\"og:image\" content=\"https:\/\/www.ull.es\/portal\/noticias\/wp-content\/uploads\/sites\/13\/2023\/06\/logo-redimensionado.png\" \/>\n\t<meta property=\"og:image:width\" content=\"1200\" \/>\n\t<meta property=\"og:image:height\" content=\"630\" \/>\n\t<meta property=\"og:image:type\" content=\"image\/png\" \/>\n<meta name=\"author\" content=\"gcom4\" \/>\n<meta name=\"twitter:card\" content=\"summary_large_image\" \/>\n<meta name=\"twitter:creator\" content=\"@CanalULL\" \/>\n<meta name=\"twitter:site\" content=\"@CanalULL\" \/>\n<meta name=\"twitter:label1\" content=\"Escrito por\" \/>\n\t<meta name=\"twitter:data1\" content=\"gcom4\" \/>\n<script type=\"application\/ld+json\" class=\"yoast-schema-graph\">{\"@context\":\"https:\/\/schema.org\",\"@graph\":[{\"@type\":\"WebPage\",\"@id\":\"https:\/\/www.ull.es\/portal\/noticias\/2018\/el-24-de-septiembre-tendran-lugar-las-jornadas-de-bienvenida-para-el-estudiantado-de-nuevo-ingreso-en-la-facultad-de-ciencias\/\",\"url\":\"https:\/\/www.ull.es\/portal\/noticias\/2018\/el-24-de-septiembre-tendran-lugar-las-jornadas-de-bienvenida-para-el-estudiantado-de-nuevo-ingreso-en-la-facultad-de-ciencias\/\",\"name\":\"El 24 de septiembre tendr\u00e1n lugar las Jornadas de Bienvenida para el estudiantado de nuevo ingreso en la Facultad de Ciencias - ULL - Noticias\",\"isPartOf\":{\"@id\":\"https:\/\/www.ull.es\/portal\/noticias\/#website\"},\"datePublished\":\"2018-09-05T09:33:48+00:00\",\"dateModified\":\"2018-09-07T11:58:41+00:00\",\"author\":{\"@id\":\"https:\/\/www.ull.es\/portal\/noticias\/#\/schema\/person\/9924518fb1ad37d4428e7b5d6f311773\"},\"breadcrumb\":{\"@id\":\"https:\/\/www.ull.es\/portal\/noticias\/2018\/el-24-de-septiembre-tendran-lugar-las-jornadas-de-bienvenida-para-el-estudiantado-de-nuevo-ingreso-en-la-facultad-de-ciencias\/#breadcrumb\"},\"inLanguage\":\"es\",\"potentialAction\":[{\"@type\":\"ReadAction\",\"target\":[\"https:\/\/www.ull.es\/portal\/noticias\/2018\/el-24-de-septiembre-tendran-lugar-las-jornadas-de-bienvenida-para-el-estudiantado-de-nuevo-ingreso-en-la-facultad-de-ciencias\/\"]}]},{\"@type\":\"BreadcrumbList\",\"@id\":\"https:\/\/www.ull.es\/portal\/noticias\/2018\/el-24-de-septiembre-tendran-lugar-las-jornadas-de-bienvenida-para-el-estudiantado-de-nuevo-ingreso-en-la-facultad-de-ciencias\/#breadcrumb\",\"itemListElement\":[{\"@type\":\"ListItem\",\"position\":1,\"name\":\"Portada\",\"item\":\"https:\/\/www.ull.es\/portal\/noticias\/\"},{\"@type\":\"ListItem\",\"position\":2,\"name\":\"El 24 de septiembre tendr\u00e1n lugar las Jornadas de Bienvenida para el estudiantado de nuevo ingreso en la Facultad de Ciencias\"}]},{\"@type\":\"WebSite\",\"@id\":\"https:\/\/www.ull.es\/portal\/noticias\/#website\",\"url\":\"https:\/\/www.ull.es\/portal\/noticias\/\",\"name\":\"ULL - Noticias\",\"description\":\"\",\"potentialAction\":[{\"@type\":\"SearchAction\",\"target\":{\"@type\":\"EntryPoint\",\"urlTemplate\":\"https:\/\/www.ull.es\/portal\/noticias\/?s={search_term_string}\"},\"query-input\":\"required name=search_term_string\"}],\"inLanguage\":\"es\"},{\"@type\":\"Person\",\"@id\":\"https:\/\/www.ull.es\/portal\/noticias\/#\/schema\/person\/9924518fb1ad37d4428e7b5d6f311773\",\"name\":\"gcom4\",\"image\":{\"@type\":\"ImageObject\",\"inLanguage\":\"es\",\"@id\":\"https:\/\/www.ull.es\/portal\/noticias\/#\/schema\/person\/image\/\",\"url\":\"https:\/\/secure.gravatar.com\/avatar\/a5d1f5573f10617ccfcc209aaf6aa7fb?s=96&d=mm&r=g\",\"contentUrl\":\"https:\/\/secure.gravatar.com\/avatar\/a5d1f5573f10617ccfcc209aaf6aa7fb?s=96&d=mm&r=g\",\"caption\":\"gcom4\"},\"url\":\"https:\/\/www.ull.es\/portal\/noticias\/author\/gcom4\/\"}]}<\/script>\n<!-- \/ Yoast SEO plugin. -->","yoast_head_json":{"title":"El 24 de septiembre tendr\u00e1n lugar las Jornadas de Bienvenida para el estudiantado de nuevo ingreso en la Facultad de Ciencias - ULL - Noticias","robots":{"index":"index","follow":"follow","max-snippet":"max-snippet:-1","max-image-preview":"max-image-preview:large","max-video-preview":"max-video-preview:-1"},"canonical":"https:\/\/www.ull.es\/portal\/noticias\/2018\/el-24-de-septiembre-tendran-lugar-las-jornadas-de-bienvenida-para-el-estudiantado-de-nuevo-ingreso-en-la-facultad-de-ciencias\/","og_locale":"es_ES","og_type":"article","og_title":"El 24 de septiembre tendr\u00e1n lugar las Jornadas de Bienvenida para el estudiantado de nuevo ingreso en la Facultad de Ciencias - ULL - Noticias","og_description":"El 24 de septiembre tendr\u00e1n lugar las Jornadas de Bienvenida para el estudiantado de nuevo ingreso en la Facultad de...","og_url":"https:\/\/www.ull.es\/portal\/noticias\/2018\/el-24-de-septiembre-tendran-lugar-las-jornadas-de-bienvenida-para-el-estudiantado-de-nuevo-ingreso-en-la-facultad-de-ciencias\/","og_site_name":"ULL - Noticias","article_publisher":"https:\/\/www.facebook.com\/universidaddelalaguna\/","article_published_time":"2018-09-05T09:33:48+00:00","article_modified_time":"2018-09-07T11:58:41+00:00","og_image":[{"width":1200,"height":630,"url":"https:\/\/www.ull.es\/portal\/noticias\/wp-content\/uploads\/sites\/13\/2023\/06\/logo-redimensionado.png","type":"image\/png"}],"author":"gcom4","twitter_card":"summary_large_image","twitter_creator":"@CanalULL","twitter_site":"@CanalULL","twitter_misc":{"Escrito por":"gcom4"},"schema":{"@context":"https:\/\/schema.org","@graph":[{"@type":"WebPage","@id":"https:\/\/www.ull.es\/portal\/noticias\/2018\/el-24-de-septiembre-tendran-lugar-las-jornadas-de-bienvenida-para-el-estudiantado-de-nuevo-ingreso-en-la-facultad-de-ciencias\/","url":"https:\/\/www.ull.es\/portal\/noticias\/2018\/el-24-de-septiembre-tendran-lugar-las-jornadas-de-bienvenida-para-el-estudiantado-de-nuevo-ingreso-en-la-facultad-de-ciencias\/","name":"El 24 de septiembre tendr\u00e1n lugar las Jornadas de Bienvenida para el estudiantado de nuevo ingreso en la Facultad de Ciencias - ULL - Noticias","isPartOf":{"@id":"https:\/\/www.ull.es\/portal\/noticias\/#website"},"datePublished":"2018-09-05T09:33:48+00:00","dateModified":"2018-09-07T11:58:41+00:00","author":{"@id":"https:\/\/www.ull.es\/portal\/noticias\/#\/schema\/person\/9924518fb1ad37d4428e7b5d6f311773"},"breadcrumb":{"@id":"https:\/\/www.ull.es\/portal\/noticias\/2018\/el-24-de-septiembre-tendran-lugar-las-jornadas-de-bienvenida-para-el-estudiantado-de-nuevo-ingreso-en-la-facultad-de-ciencias\/#breadcrumb"},"inLanguage":"es","potentialAction":[{"@type":"ReadAction","target":["https:\/\/www.ull.es\/portal\/noticias\/2018\/el-24-de-septiembre-tendran-lugar-las-jornadas-de-bienvenida-para-el-estudiantado-de-nuevo-ingreso-en-la-facultad-de-ciencias\/"]}]},{"@type":"BreadcrumbList","@id":"https:\/\/www.ull.es\/portal\/noticias\/2018\/el-24-de-septiembre-tendran-lugar-las-jornadas-de-bienvenida-para-el-estudiantado-de-nuevo-ingreso-en-la-facultad-de-ciencias\/#breadcrumb","itemListElement":[{"@type":"ListItem","position":1,"name":"Portada","item":"https:\/\/www.ull.es\/portal\/noticias\/"},{"@type":"ListItem","position":2,"name":"El 24 de septiembre tendr\u00e1n lugar las Jornadas de Bienvenida para el estudiantado de nuevo ingreso en la Facultad de Ciencias"}]},{"@type":"WebSite","@id":"https:\/\/www.ull.es\/portal\/noticias\/#website","url":"https:\/\/www.ull.es\/portal\/noticias\/","name":"ULL - Noticias","description":"","potentialAction":[{"@type":"SearchAction","target":{"@type":"EntryPoint","urlTemplate":"https:\/\/www.ull.es\/portal\/noticias\/?s={search_term_string}"},"query-input":"required name=search_term_string"}],"inLanguage":"es"},{"@type":"Person","@id":"https:\/\/www.ull.es\/portal\/noticias\/#\/schema\/person\/9924518fb1ad37d4428e7b5d6f311773","name":"gcom4","image":{"@type":"ImageObject","inLanguage":"es","@id":"https:\/\/www.ull.es\/portal\/noticias\/#\/schema\/person\/image\/","url":"https:\/\/secure.gravatar.com\/avatar\/a5d1f5573f10617ccfcc209aaf6aa7fb?s=96&d=mm&r=g","contentUrl":"https:\/\/secure.gravatar.com\/avatar\/a5d1f5573f10617ccfcc209aaf6aa7fb?s=96&d=mm&r=g","caption":"gcom4"},"url":"https:\/\/www.ull.es\/portal\/noticias\/author\/gcom4\/"}]}},"primary_category":{"id":3856,"name":"Grado en Biolog\u00eda","slug":"grado-en-biologia","link":"https:\/\/www.ull.es\/portal\/noticias\/category\/noticias-grados\/grado-en-biologia\/"},"featured_image_thumbnail_url":null,"_links":{"self":[{"href":"https:\/\/www.ull.es\/portal\/noticias\/wp-json\/wp\/v2\/posts\/38930"}],"collection":[{"href":"https:\/\/www.ull.es\/portal\/noticias\/wp-json\/wp\/v2\/posts"}],"about":[{"href":"https:\/\/www.ull.es\/portal\/noticias\/wp-json\/wp\/v2\/types\/post"}],"author":[{"embeddable":true,"href":"https:\/\/www.ull.es\/portal\/noticias\/wp-json\/wp\/v2\/users\/65"}],"replies":[{"embeddable":true,"href":"https:\/\/www.ull.es\/portal\/noticias\/wp-json\/wp\/v2\/comments?post=38930"}],"version-history":[{"count":1,"href":"https:\/\/www.ull.es\/portal\/noticias\/wp-json\/wp\/v2\/posts\/38930\/revisions"}],"predecessor-version":[{"id":38931,"href":"https:\/\/www.ull.es\/portal\/noticias\/wp-json\/wp\/v2\/posts\/38930\/revisions\/38931"}],"wp:attachment":[{"href":"https:\/\/www.ull.es\/portal\/noticias\/wp-json\/wp\/v2\/media?parent=38930"}],"wp:term":[{"taxonomy":"category","embeddable":true,"href":"https:\/\/www.ull.es\/portal\/noticias\/wp-json\/wp\/v2\/categories?post=38930"},{"taxonomy":"post_tag","embeddable":true,"href":"https:\/\/www.ull.es\/portal\/noticias\/wp-json\/wp\/v2\/tags?post=38930"}],"curies":[{"name":"wp","href":"https:\/\/api.w.org\/{rel}","templated":true}]}}