{"id":39010,"date":"2018-09-07T09:44:18","date_gmt":"2018-09-07T09:44:18","guid":{"rendered":"https:\/\/www.ull.es\/portal\/noticias\/?p=39010"},"modified":"2018-09-11T08:27:25","modified_gmt":"2018-09-11T08:27:25","slug":"la-universidad-de-la-laguna-formaliza-su-adhesion-al-grupo-compostela","status":"publish","type":"post","link":"https:\/\/www.ull.es\/portal\/noticias\/2018\/la-universidad-de-la-laguna-formaliza-su-adhesion-al-grupo-compostela\/","title":{"rendered":"La Universidad de La Laguna formaliza su adhesi\u00f3n al Grupo Compostela"},"content":{"rendered":"<p>La Universidad de La Laguna ya forma parte del <a href=\"http:\/\/www2.usc.es\/gcompostela\/en\/index.html\" target=\"_blank\" rel=\"noopener\">Grupo Compostela de Universidades<\/a> (GCU), tras formalizar su adhesi\u00f3n en una reuni\u00f3n celebrada ayer d\u00eda 6 en Salamanca, en el marco de la XXIV Asamblea General de esta red internacional que promueve la colaboraci\u00f3n entre sus miembros. El encuentro, que abundar\u00e1 durante dos d\u00edas en la responsabilidad social en la educaci\u00f3n superior, estuvo presidido por el rector anfitri\u00f3n, Ricardo Rivero; el presidente del Grupo Compostela, Marek Kr\u0119glewski, y la secretaria ejecutiva, Teresa Carballeira Rivera, adem\u00e1s de los rectores de las universidades de Burgos, Santiago de Compostela y Sevilla.<\/p>\n<p>El Grupo Compostela de Universidades parte de una iniciativa de la Universidad de Santiago de Compostela de formar una red internacional y colaborativa, que se ha expandido considerablemente y que, actualmente, cuenta con 40 universidades extranjeras y 22 nacionales. Esta asociaci\u00f3n sin fines de lucro tiene como objetivo fomentar la cooperaci\u00f3n y promover el di\u00e1logo entre sus miembros en relaci\u00f3n a todas las \u00e1reas de conocimiento de la educaci\u00f3n superior, actuando como una plataforma que acoge los proyectos colaborativos de sus integrantes y participando, adem\u00e1s, en actividades diversas como entidad independiente.<\/p>\n<p>Adem\u00e1s, los miembros del Grupo Compostela de Universidades tienen acceso a una amplia base de datos, al intercambio de buenas pr\u00e1cticas, al contacto con otras redes, instituciones p\u00fablicas y empresas y al reconocimiento y promoci\u00f3n de estrategias internacionales, entre otros beneficios.<\/p>\n<p>El proceso de adhesi\u00f3n de la Universidad de La Laguna a esta red se inici\u00f3 en 2017 y forma parte de la estrategia de internacionalizaci\u00f3n de la instituci\u00f3n, que no solamente tendr\u00e1 la oportunidad de realizar nuevas colaboraciones internacionales a ra\u00edz de este acuerdo, sino tambi\u00e9n de estrechar las relaciones con otros centros con los que ya tiene convenios internacionales y que tambi\u00e9n forman parte del grupo.<\/p>\n<p>El vicerrector de Tecnolog\u00edas de la Informaci\u00f3n y las Comunicaciones, Francisco de Sande, fue el encargado de recoger el diploma acreditativo de la uni\u00f3n de la Universidad de La Laguna a este colectivo internacional de centros de educaci\u00f3n superior.<\/p>\n<p>La principal novedad del encuentro de este a\u00f1o, incluido en la programaci\u00f3n oficial del VIII Centenario de la Universidad de Salamanca, es la \u2018Compostela Connection\u2019, una actividad orientada a facilitar el establecimiento de contactos profesionales entre los asistentes, que tendr\u00e1n adem\u00e1s la oportunidad de presentar sus iniciativas y proyectos, informa el Gabinete de Comunicaci\u00f3n de la Universidad de Salamanca.<\/p>\n<p>Los foros de debate Di\u00e1logos Compostela en Educaci\u00f3n Superior y Compostela Caf\u00e9 son ya una constante en los encuentros anuales del Grupo Compostela de Universidades. En la V edici\u00f3n de los Di\u00e1logos Compostela diversos expertos ilustrar\u00e1n el presente, pasado y futuro de la responsabilidad social corporativa en la educaci\u00f3n superior. En las mesas redondas de la IV edici\u00f3n de los Compostela Caf\u00e9 se abordar\u00e1n temas como el acceso universal a la educaci\u00f3n superior y el multiling\u00fcismo, la igualdad y la sostenibilidad en la universidad, indica la misma fuente.<\/p>\n","protected":false},"excerpt":{"rendered":"<p>La Universidad de La Laguna ya forma parte del Grupo Compostela de Universidades (GCU), tras formalizar su adhesi\u00f3n en una&#8230;<\/p>\n","protected":false},"author":23,"featured_media":39088,"comment_status":"closed","ping_status":"closed","sticky":false,"template":"","format":"standard","meta":{"inline_featured_image":false,"footnotes":""},"categories":[345,349,2765],"tags":[4701,4700],"acf":[],"yoast_head":"<!-- This site is optimized with the Yoast SEO plugin v21.3 - https:\/\/yoast.com\/wordpress\/plugins\/seo\/ -->\n<title>La Universidad de La Laguna formaliza su adhesi\u00f3n al Grupo Compostela - ULL - Noticias<\/title>\n<meta name=\"robots\" content=\"index, follow, max-snippet:-1, max-image-preview:large, max-video-preview:-1\" \/>\n<link rel=\"canonical\" href=\"https:\/\/www.ull.es\/portal\/noticias\/2018\/la-universidad-de-la-laguna-formaliza-su-adhesion-al-grupo-compostela\/\" \/>\n<meta property=\"og:locale\" content=\"es_ES\" \/>\n<meta property=\"og:type\" content=\"article\" \/>\n<meta property=\"og:title\" content=\"La Universidad de La Laguna formaliza su adhesi\u00f3n al Grupo Compostela - ULL - Noticias\" \/>\n<meta property=\"og:description\" content=\"La Universidad de La Laguna ya forma parte del Grupo Compostela de Universidades (GCU), tras formalizar su adhesi\u00f3n en una...\" \/>\n<meta property=\"og:url\" content=\"https:\/\/www.ull.es\/portal\/noticias\/2018\/la-universidad-de-la-laguna-formaliza-su-adhesion-al-grupo-compostela\/\" \/>\n<meta property=\"og:site_name\" content=\"ULL - Noticias\" \/>\n<meta property=\"article:publisher\" content=\"https:\/\/www.facebook.com\/universidaddelalaguna\/\" \/>\n<meta property=\"article:published_time\" content=\"2018-09-07T09:44:18+00:00\" \/>\n<meta property=\"article:modified_time\" content=\"2018-09-11T08:27:25+00:00\" \/>\n<meta property=\"og:image\" content=\"https:\/\/www.ull.es\/portal\/noticias\/wp-content\/uploads\/sites\/13\/2018\/09\/grupo-compostela.jpg\" \/>\n\t<meta property=\"og:image:width\" content=\"1200\" \/>\n\t<meta property=\"og:image:height\" content=\"800\" \/>\n\t<meta property=\"og:image:type\" content=\"image\/jpeg\" \/>\n<meta name=\"author\" content=\"gaprsa\" \/>\n<meta name=\"twitter:card\" content=\"summary_large_image\" \/>\n<meta name=\"twitter:creator\" content=\"@CanalULL\" \/>\n<meta name=\"twitter:site\" content=\"@CanalULL\" \/>\n<meta name=\"twitter:label1\" content=\"Escrito por\" \/>\n\t<meta name=\"twitter:data1\" content=\"gaprsa\" \/>\n\t<meta name=\"twitter:label2\" content=\"Tiempo de lectura\" \/>\n\t<meta name=\"twitter:data2\" content=\"3 minutos\" \/>\n<script type=\"application\/ld+json\" class=\"yoast-schema-graph\">{\"@context\":\"https:\/\/schema.org\",\"@graph\":[{\"@type\":\"WebPage\",\"@id\":\"https:\/\/www.ull.es\/portal\/noticias\/2018\/la-universidad-de-la-laguna-formaliza-su-adhesion-al-grupo-compostela\/\",\"url\":\"https:\/\/www.ull.es\/portal\/noticias\/2018\/la-universidad-de-la-laguna-formaliza-su-adhesion-al-grupo-compostela\/\",\"name\":\"La Universidad de La Laguna formaliza su adhesi\u00f3n al Grupo Compostela - ULL - Noticias\",\"isPartOf\":{\"@id\":\"https:\/\/www.ull.es\/portal\/noticias\/#website\"},\"datePublished\":\"2018-09-07T09:44:18+00:00\",\"dateModified\":\"2018-09-11T08:27:25+00:00\",\"author\":{\"@id\":\"https:\/\/www.ull.es\/portal\/noticias\/#\/schema\/person\/b2b1a89d43ffa609e591f7df8ef3e817\"},\"breadcrumb\":{\"@id\":\"https:\/\/www.ull.es\/portal\/noticias\/2018\/la-universidad-de-la-laguna-formaliza-su-adhesion-al-grupo-compostela\/#breadcrumb\"},\"inLanguage\":\"es\",\"potentialAction\":[{\"@type\":\"ReadAction\",\"target\":[\"https:\/\/www.ull.es\/portal\/noticias\/2018\/la-universidad-de-la-laguna-formaliza-su-adhesion-al-grupo-compostela\/\"]}]},{\"@type\":\"BreadcrumbList\",\"@id\":\"https:\/\/www.ull.es\/portal\/noticias\/2018\/la-universidad-de-la-laguna-formaliza-su-adhesion-al-grupo-compostela\/#breadcrumb\",\"itemListElement\":[{\"@type\":\"ListItem\",\"position\":1,\"name\":\"Portada\",\"item\":\"https:\/\/www.ull.es\/portal\/noticias\/\"},{\"@type\":\"ListItem\",\"position\":2,\"name\":\"La Universidad de La Laguna formaliza su adhesi\u00f3n al Grupo Compostela\"}]},{\"@type\":\"WebSite\",\"@id\":\"https:\/\/www.ull.es\/portal\/noticias\/#website\",\"url\":\"https:\/\/www.ull.es\/portal\/noticias\/\",\"name\":\"ULL - Noticias\",\"description\":\"\",\"potentialAction\":[{\"@type\":\"SearchAction\",\"target\":{\"@type\":\"EntryPoint\",\"urlTemplate\":\"https:\/\/www.ull.es\/portal\/noticias\/?s={search_term_string}\"},\"query-input\":\"required name=search_term_string\"}],\"inLanguage\":\"es\"},{\"@type\":\"Person\",\"@id\":\"https:\/\/www.ull.es\/portal\/noticias\/#\/schema\/person\/b2b1a89d43ffa609e591f7df8ef3e817\",\"name\":\"gaprsa\",\"image\":{\"@type\":\"ImageObject\",\"inLanguage\":\"es\",\"@id\":\"https:\/\/www.ull.es\/portal\/noticias\/#\/schema\/person\/image\/\",\"url\":\"https:\/\/secure.gravatar.com\/avatar\/443820550921091458b4823867723b3d?s=96&d=mm&r=g\",\"contentUrl\":\"https:\/\/secure.gravatar.com\/avatar\/443820550921091458b4823867723b3d?s=96&d=mm&r=g\",\"caption\":\"gaprsa\"},\"url\":\"https:\/\/www.ull.es\/portal\/noticias\/author\/gaprsa\/\"}]}<\/script>\n<!-- \/ Yoast SEO plugin. -->","yoast_head_json":{"title":"La Universidad de La Laguna formaliza su adhesi\u00f3n al Grupo Compostela - ULL - Noticias","robots":{"index":"index","follow":"follow","max-snippet":"max-snippet:-1","max-image-preview":"max-image-preview:large","max-video-preview":"max-video-preview:-1"},"canonical":"https:\/\/www.ull.es\/portal\/noticias\/2018\/la-universidad-de-la-laguna-formaliza-su-adhesion-al-grupo-compostela\/","og_locale":"es_ES","og_type":"article","og_title":"La Universidad de La Laguna formaliza su adhesi\u00f3n al Grupo Compostela - ULL - Noticias","og_description":"La Universidad de La Laguna ya forma parte del Grupo Compostela de Universidades (GCU), tras formalizar su adhesi\u00f3n en una...","og_url":"https:\/\/www.ull.es\/portal\/noticias\/2018\/la-universidad-de-la-laguna-formaliza-su-adhesion-al-grupo-compostela\/","og_site_name":"ULL - Noticias","article_publisher":"https:\/\/www.facebook.com\/universidaddelalaguna\/","article_published_time":"2018-09-07T09:44:18+00:00","article_modified_time":"2018-09-11T08:27:25+00:00","og_image":[{"width":1200,"height":800,"url":"https:\/\/www.ull.es\/portal\/noticias\/wp-content\/uploads\/sites\/13\/2018\/09\/grupo-compostela.jpg","type":"image\/jpeg"}],"author":"gaprsa","twitter_card":"summary_large_image","twitter_creator":"@CanalULL","twitter_site":"@CanalULL","twitter_misc":{"Escrito por":"gaprsa","Tiempo de lectura":"3 minutos"},"schema":{"@context":"https:\/\/schema.org","@graph":[{"@type":"WebPage","@id":"https:\/\/www.ull.es\/portal\/noticias\/2018\/la-universidad-de-la-laguna-formaliza-su-adhesion-al-grupo-compostela\/","url":"https:\/\/www.ull.es\/portal\/noticias\/2018\/la-universidad-de-la-laguna-formaliza-su-adhesion-al-grupo-compostela\/","name":"La Universidad de La Laguna formaliza su adhesi\u00f3n al Grupo Compostela - ULL - Noticias","isPartOf":{"@id":"https:\/\/www.ull.es\/portal\/noticias\/#website"},"datePublished":"2018-09-07T09:44:18+00:00","dateModified":"2018-09-11T08:27:25+00:00","author":{"@id":"https:\/\/www.ull.es\/portal\/noticias\/#\/schema\/person\/b2b1a89d43ffa609e591f7df8ef3e817"},"breadcrumb":{"@id":"https:\/\/www.ull.es\/portal\/noticias\/2018\/la-universidad-de-la-laguna-formaliza-su-adhesion-al-grupo-compostela\/#breadcrumb"},"inLanguage":"es","potentialAction":[{"@type":"ReadAction","target":["https:\/\/www.ull.es\/portal\/noticias\/2018\/la-universidad-de-la-laguna-formaliza-su-adhesion-al-grupo-compostela\/"]}]},{"@type":"BreadcrumbList","@id":"https:\/\/www.ull.es\/portal\/noticias\/2018\/la-universidad-de-la-laguna-formaliza-su-adhesion-al-grupo-compostela\/#breadcrumb","itemListElement":[{"@type":"ListItem","position":1,"name":"Portada","item":"https:\/\/www.ull.es\/portal\/noticias\/"},{"@type":"ListItem","position":2,"name":"La Universidad de La Laguna formaliza su adhesi\u00f3n al Grupo Compostela"}]},{"@type":"WebSite","@id":"https:\/\/www.ull.es\/portal\/noticias\/#website","url":"https:\/\/www.ull.es\/portal\/noticias\/","name":"ULL - Noticias","description":"","potentialAction":[{"@type":"SearchAction","target":{"@type":"EntryPoint","urlTemplate":"https:\/\/www.ull.es\/portal\/noticias\/?s={search_term_string}"},"query-input":"required name=search_term_string"}],"inLanguage":"es"},{"@type":"Person","@id":"https:\/\/www.ull.es\/portal\/noticias\/#\/schema\/person\/b2b1a89d43ffa609e591f7df8ef3e817","name":"gaprsa","image":{"@type":"ImageObject","inLanguage":"es","@id":"https:\/\/www.ull.es\/portal\/noticias\/#\/schema\/person\/image\/","url":"https:\/\/secure.gravatar.com\/avatar\/443820550921091458b4823867723b3d?s=96&d=mm&r=g","contentUrl":"https:\/\/secure.gravatar.com\/avatar\/443820550921091458b4823867723b3d?s=96&d=mm&r=g","caption":"gaprsa"},"url":"https:\/\/www.ull.es\/portal\/noticias\/author\/gaprsa\/"}]}},"primary_category":{"id":2765,"name":"Portada ULL","slug":"portada-ull","link":"https:\/\/www.ull.es\/portal\/noticias\/category\/portada-ull\/"},"featured_image_thumbnail_url":"https:\/\/www.ull.es\/portal\/noticias\/wp-content\/uploads\/sites\/13\/2018\/09\/grupo-compostela-300x200.jpg","_links":{"self":[{"href":"https:\/\/www.ull.es\/portal\/noticias\/wp-json\/wp\/v2\/posts\/39010"}],"collection":[{"href":"https:\/\/www.ull.es\/portal\/noticias\/wp-json\/wp\/v2\/posts"}],"about":[{"href":"https:\/\/www.ull.es\/portal\/noticias\/wp-json\/wp\/v2\/types\/post"}],"author":[{"embeddable":true,"href":"https:\/\/www.ull.es\/portal\/noticias\/wp-json\/wp\/v2\/users\/23"}],"replies":[{"embeddable":true,"href":"https:\/\/www.ull.es\/portal\/noticias\/wp-json\/wp\/v2\/comments?post=39010"}],"version-history":[{"count":3,"href":"https:\/\/www.ull.es\/portal\/noticias\/wp-json\/wp\/v2\/posts\/39010\/revisions"}],"predecessor-version":[{"id":39014,"href":"https:\/\/www.ull.es\/portal\/noticias\/wp-json\/wp\/v2\/posts\/39010\/revisions\/39014"}],"wp:featuredmedia":[{"embeddable":true,"href":"https:\/\/www.ull.es\/portal\/noticias\/wp-json\/wp\/v2\/media\/39088"}],"wp:attachment":[{"href":"https:\/\/www.ull.es\/portal\/noticias\/wp-json\/wp\/v2\/media?parent=39010"}],"wp:term":[{"taxonomy":"category","embeddable":true,"href":"https:\/\/www.ull.es\/portal\/noticias\/wp-json\/wp\/v2\/categories?post=39010"},{"taxonomy":"post_tag","embeddable":true,"href":"https:\/\/www.ull.es\/portal\/noticias\/wp-json\/wp\/v2\/tags?post=39010"}],"curies":[{"name":"wp","href":"https:\/\/api.w.org\/{rel}","templated":true}]}}