{"id":39102,"date":"2018-09-11T11:20:35","date_gmt":"2018-09-11T11:20:35","guid":{"rendered":"https:\/\/www.ull.es\/portal\/noticias\/?p=39102"},"modified":"2018-09-11T11:20:35","modified_gmt":"2018-09-11T11:20:35","slug":"un-profesor-de-la-ull-elegido-como-tecnico-de-asesoramiento-cientifico-del-parlamento","status":"publish","type":"post","link":"https:\/\/www.ull.es\/portal\/noticias\/2018\/un-profesor-de-la-ull-elegido-como-tecnico-de-asesoramiento-cientifico-del-parlamento\/","title":{"rendered":"Un profesor de la ULL, elegido como t\u00e9cnico de asesoramiento cient\u00edfico del Parlamento"},"content":{"rendered":"<p>El profesor de la Universidad de La Laguna Mois\u00e9s Garc\u00eda Arencibia ha sido elegido para formar parte del grupo de 25 espa\u00f1oles que participar\u00e1 como t\u00e9cnico de asesoramiento cient\u00edfico del Parlamento espa\u00f1ol en la iniciativa <a href=\"https:\/\/www.cienciaenelparlamento.org\/\" target=\"_blank\" rel=\"noopener\">Ciencia en el Parlamento<\/a>, cuyo primer evento tendr\u00e1 lugar en noviembre, en los actos de celebraci\u00f3n del 40 aniversario de la Constituci\u00f3n.<\/p>\n<p>Garc\u00eda Arencibia, profesor ayudante doctor del Departamento de Bioqu\u00edmica, Microbiolog\u00eda, Biolog\u00eda Celular y Gen\u00e9tica, es el \u00fanico canario que forma parte de este grupo, que pretende ayudar a que detr\u00e1s de las decisiones pol\u00edticas haya siempre evidencias cient\u00edficas y un conocimiento informado y, as\u00ed, lograr acercar la ciencia la c\u00e1mara legislativa y a la gesti\u00f3n p\u00fablica.<\/p>\n<p>Es una de las 25 personas con mejor curr\u00edculo de los que concurrieron a esta convocatoria en el mes de marzo y de mayor experiencia en divulgaci\u00f3n y comunicaci\u00f3n cient\u00edfica tanto al p\u00fablico general como al sector de la pol\u00edtica.\u00a0\u00a0En su elecci\u00f3n influy\u00f3 su experiencia cient\u00edfica y divulgadora, al tiempo que tambi\u00e9n se valor\u00f3 otros \u00e1mbitos como su conocimiento objetivo de la gesti\u00f3n pol\u00edtica o el asesoramiento profesional.<\/p>\n<p>Ciencia en el Parlamento, apoyado por la FECYT, es una iniciativa ciudadana independiente nacida de un peque\u00f1o grupo de cient\u00edficos que hoy goza de plena robustez, con el aval de m\u00e1s de un centenar de instituciones, el apoyo de todos los partidos pol\u00edticos y el grueso de la comunidad cient\u00edfica, y para cuyos primeros eventos ya hay m\u00e1s de dos mil personas inscritas.<\/p>\n<p>La idea es introducir la ciencia y la evidencia cient\u00edfica en el quehacer diario de los pol\u00edticos que conforman la c\u00e1mara legislativa. Para ello, los t\u00e9cnicos asesores ya recibieron en el mes de julio el primer taller de preparaci\u00f3n, que vers\u00f3 sobre asesor\u00eda y comunicaci\u00f3n y en breve se celebrar\u00e1 otro acerca del funcionamiento interno de las c\u00e1maras parlamentarias, qu\u00e9 agentes interact\u00faan con ellas y tambi\u00e9n para realizar ensayos contando con varios de los diputados que participar\u00e1n en las jornadas de noviembre.<\/p>\n<p>El sistema de trabajo ser\u00eda formar una suerte de patronato de pol\u00edticos y cient\u00edficos, quienes identificar\u00edan un tema en el que la ciencia podr\u00eda ayudar en la gesti\u00f3n p\u00fablica. A partir de ah\u00ed, los t\u00e9cnicos de asesoramiento cient\u00edfico recopilar\u00edan un primer borrador del documento de evidencias y se reunir\u00edan posteriormente con 25-30 expertos en la materia.<\/p>\n<p>Tras esas reuniones, el resumen del documento de evidencias se reducir\u00eda a no m\u00e1s de cinco p\u00e1ginas y ser\u00eda revisado por expertos independientes. As\u00ed, la primera promoci\u00f3n de asesores cient\u00edficos parlamentarios preparar\u00eda una versi\u00f3n consolidada que ser\u00eda presentada a los grupos pol\u00edticos.<\/p>\n","protected":false},"excerpt":{"rendered":"<p>El profesor de la Universidad de La Laguna Mois\u00e9s Garc\u00eda Arencibia ha sido elegido para formar parte del grupo de&#8230;<\/p>\n","protected":false},"author":23,"featured_media":39105,"comment_status":"closed","ping_status":"closed","sticky":false,"template":"","format":"standard","meta":{"inline_featured_image":false,"footnotes":""},"categories":[345,348,350,2765],"tags":[1227,4703],"acf":[],"yoast_head":"<!-- This site is optimized with the Yoast SEO plugin v21.3 - https:\/\/yoast.com\/wordpress\/plugins\/seo\/ -->\n<title>Un profesor de la ULL, elegido como t\u00e9cnico de asesoramiento cient\u00edfico del Parlamento - ULL - Noticias<\/title>\n<meta name=\"robots\" content=\"index, follow, max-snippet:-1, max-image-preview:large, max-video-preview:-1\" \/>\n<link rel=\"canonical\" href=\"https:\/\/www.ull.es\/portal\/noticias\/2018\/un-profesor-de-la-ull-elegido-como-tecnico-de-asesoramiento-cientifico-del-parlamento\/\" \/>\n<meta property=\"og:locale\" content=\"es_ES\" \/>\n<meta property=\"og:type\" content=\"article\" \/>\n<meta property=\"og:title\" content=\"Un profesor de la ULL, elegido como t\u00e9cnico de asesoramiento cient\u00edfico del Parlamento - ULL - Noticias\" \/>\n<meta property=\"og:description\" content=\"El profesor de la Universidad de La Laguna Mois\u00e9s Garc\u00eda Arencibia ha sido elegido para formar parte del grupo de...\" \/>\n<meta property=\"og:url\" content=\"https:\/\/www.ull.es\/portal\/noticias\/2018\/un-profesor-de-la-ull-elegido-como-tecnico-de-asesoramiento-cientifico-del-parlamento\/\" \/>\n<meta property=\"og:site_name\" content=\"ULL - Noticias\" \/>\n<meta property=\"article:publisher\" content=\"https:\/\/www.facebook.com\/universidaddelalaguna\/\" \/>\n<meta property=\"article:published_time\" content=\"2018-09-11T11:20:35+00:00\" \/>\n<meta property=\"og:image\" content=\"https:\/\/www.ull.es\/portal\/noticias\/wp-content\/uploads\/sites\/13\/2018\/09\/profesor-ull_asesor-cientifico-del-parlamento-con-microfono.jpg\" \/>\n\t<meta property=\"og:image:width\" content=\"1600\" \/>\n\t<meta property=\"og:image:height\" content=\"1067\" \/>\n\t<meta property=\"og:image:type\" content=\"image\/jpeg\" \/>\n<meta name=\"author\" content=\"gaprsa\" \/>\n<meta name=\"twitter:card\" content=\"summary_large_image\" \/>\n<meta name=\"twitter:creator\" content=\"@CanalULL\" \/>\n<meta name=\"twitter:site\" content=\"@CanalULL\" \/>\n<meta name=\"twitter:label1\" content=\"Escrito por\" \/>\n\t<meta name=\"twitter:data1\" content=\"gaprsa\" \/>\n\t<meta name=\"twitter:label2\" content=\"Tiempo de lectura\" \/>\n\t<meta name=\"twitter:data2\" content=\"2 minutos\" \/>\n<script type=\"application\/ld+json\" class=\"yoast-schema-graph\">{\"@context\":\"https:\/\/schema.org\",\"@graph\":[{\"@type\":\"WebPage\",\"@id\":\"https:\/\/www.ull.es\/portal\/noticias\/2018\/un-profesor-de-la-ull-elegido-como-tecnico-de-asesoramiento-cientifico-del-parlamento\/\",\"url\":\"https:\/\/www.ull.es\/portal\/noticias\/2018\/un-profesor-de-la-ull-elegido-como-tecnico-de-asesoramiento-cientifico-del-parlamento\/\",\"name\":\"Un profesor de la ULL, elegido como t\u00e9cnico de asesoramiento cient\u00edfico del Parlamento - ULL - Noticias\",\"isPartOf\":{\"@id\":\"https:\/\/www.ull.es\/portal\/noticias\/#website\"},\"datePublished\":\"2018-09-11T11:20:35+00:00\",\"dateModified\":\"2018-09-11T11:20:35+00:00\",\"author\":{\"@id\":\"https:\/\/www.ull.es\/portal\/noticias\/#\/schema\/person\/b2b1a89d43ffa609e591f7df8ef3e817\"},\"breadcrumb\":{\"@id\":\"https:\/\/www.ull.es\/portal\/noticias\/2018\/un-profesor-de-la-ull-elegido-como-tecnico-de-asesoramiento-cientifico-del-parlamento\/#breadcrumb\"},\"inLanguage\":\"es\",\"potentialAction\":[{\"@type\":\"ReadAction\",\"target\":[\"https:\/\/www.ull.es\/portal\/noticias\/2018\/un-profesor-de-la-ull-elegido-como-tecnico-de-asesoramiento-cientifico-del-parlamento\/\"]}]},{\"@type\":\"BreadcrumbList\",\"@id\":\"https:\/\/www.ull.es\/portal\/noticias\/2018\/un-profesor-de-la-ull-elegido-como-tecnico-de-asesoramiento-cientifico-del-parlamento\/#breadcrumb\",\"itemListElement\":[{\"@type\":\"ListItem\",\"position\":1,\"name\":\"Portada\",\"item\":\"https:\/\/www.ull.es\/portal\/noticias\/\"},{\"@type\":\"ListItem\",\"position\":2,\"name\":\"Un profesor de la ULL, elegido como t\u00e9cnico de asesoramiento cient\u00edfico del Parlamento\"}]},{\"@type\":\"WebSite\",\"@id\":\"https:\/\/www.ull.es\/portal\/noticias\/#website\",\"url\":\"https:\/\/www.ull.es\/portal\/noticias\/\",\"name\":\"ULL - Noticias\",\"description\":\"\",\"potentialAction\":[{\"@type\":\"SearchAction\",\"target\":{\"@type\":\"EntryPoint\",\"urlTemplate\":\"https:\/\/www.ull.es\/portal\/noticias\/?s={search_term_string}\"},\"query-input\":\"required name=search_term_string\"}],\"inLanguage\":\"es\"},{\"@type\":\"Person\",\"@id\":\"https:\/\/www.ull.es\/portal\/noticias\/#\/schema\/person\/b2b1a89d43ffa609e591f7df8ef3e817\",\"name\":\"gaprsa\",\"image\":{\"@type\":\"ImageObject\",\"inLanguage\":\"es\",\"@id\":\"https:\/\/www.ull.es\/portal\/noticias\/#\/schema\/person\/image\/\",\"url\":\"https:\/\/secure.gravatar.com\/avatar\/443820550921091458b4823867723b3d?s=96&d=mm&r=g\",\"contentUrl\":\"https:\/\/secure.gravatar.com\/avatar\/443820550921091458b4823867723b3d?s=96&d=mm&r=g\",\"caption\":\"gaprsa\"},\"url\":\"https:\/\/www.ull.es\/portal\/noticias\/author\/gaprsa\/\"}]}<\/script>\n<!-- \/ Yoast SEO plugin. -->","yoast_head_json":{"title":"Un profesor de la ULL, elegido como t\u00e9cnico de asesoramiento cient\u00edfico del Parlamento - ULL - Noticias","robots":{"index":"index","follow":"follow","max-snippet":"max-snippet:-1","max-image-preview":"max-image-preview:large","max-video-preview":"max-video-preview:-1"},"canonical":"https:\/\/www.ull.es\/portal\/noticias\/2018\/un-profesor-de-la-ull-elegido-como-tecnico-de-asesoramiento-cientifico-del-parlamento\/","og_locale":"es_ES","og_type":"article","og_title":"Un profesor de la ULL, elegido como t\u00e9cnico de asesoramiento cient\u00edfico del Parlamento - ULL - Noticias","og_description":"El profesor de la Universidad de La Laguna Mois\u00e9s Garc\u00eda Arencibia ha sido elegido para formar parte del grupo de...","og_url":"https:\/\/www.ull.es\/portal\/noticias\/2018\/un-profesor-de-la-ull-elegido-como-tecnico-de-asesoramiento-cientifico-del-parlamento\/","og_site_name":"ULL - Noticias","article_publisher":"https:\/\/www.facebook.com\/universidaddelalaguna\/","article_published_time":"2018-09-11T11:20:35+00:00","og_image":[{"width":1600,"height":1067,"url":"https:\/\/www.ull.es\/portal\/noticias\/wp-content\/uploads\/sites\/13\/2018\/09\/profesor-ull_asesor-cientifico-del-parlamento-con-microfono.jpg","type":"image\/jpeg"}],"author":"gaprsa","twitter_card":"summary_large_image","twitter_creator":"@CanalULL","twitter_site":"@CanalULL","twitter_misc":{"Escrito por":"gaprsa","Tiempo de lectura":"2 minutos"},"schema":{"@context":"https:\/\/schema.org","@graph":[{"@type":"WebPage","@id":"https:\/\/www.ull.es\/portal\/noticias\/2018\/un-profesor-de-la-ull-elegido-como-tecnico-de-asesoramiento-cientifico-del-parlamento\/","url":"https:\/\/www.ull.es\/portal\/noticias\/2018\/un-profesor-de-la-ull-elegido-como-tecnico-de-asesoramiento-cientifico-del-parlamento\/","name":"Un profesor de la ULL, elegido como t\u00e9cnico de asesoramiento cient\u00edfico del Parlamento - ULL - Noticias","isPartOf":{"@id":"https:\/\/www.ull.es\/portal\/noticias\/#website"},"datePublished":"2018-09-11T11:20:35+00:00","dateModified":"2018-09-11T11:20:35+00:00","author":{"@id":"https:\/\/www.ull.es\/portal\/noticias\/#\/schema\/person\/b2b1a89d43ffa609e591f7df8ef3e817"},"breadcrumb":{"@id":"https:\/\/www.ull.es\/portal\/noticias\/2018\/un-profesor-de-la-ull-elegido-como-tecnico-de-asesoramiento-cientifico-del-parlamento\/#breadcrumb"},"inLanguage":"es","potentialAction":[{"@type":"ReadAction","target":["https:\/\/www.ull.es\/portal\/noticias\/2018\/un-profesor-de-la-ull-elegido-como-tecnico-de-asesoramiento-cientifico-del-parlamento\/"]}]},{"@type":"BreadcrumbList","@id":"https:\/\/www.ull.es\/portal\/noticias\/2018\/un-profesor-de-la-ull-elegido-como-tecnico-de-asesoramiento-cientifico-del-parlamento\/#breadcrumb","itemListElement":[{"@type":"ListItem","position":1,"name":"Portada","item":"https:\/\/www.ull.es\/portal\/noticias\/"},{"@type":"ListItem","position":2,"name":"Un profesor de la ULL, elegido como t\u00e9cnico de asesoramiento cient\u00edfico del Parlamento"}]},{"@type":"WebSite","@id":"https:\/\/www.ull.es\/portal\/noticias\/#website","url":"https:\/\/www.ull.es\/portal\/noticias\/","name":"ULL - Noticias","description":"","potentialAction":[{"@type":"SearchAction","target":{"@type":"EntryPoint","urlTemplate":"https:\/\/www.ull.es\/portal\/noticias\/?s={search_term_string}"},"query-input":"required name=search_term_string"}],"inLanguage":"es"},{"@type":"Person","@id":"https:\/\/www.ull.es\/portal\/noticias\/#\/schema\/person\/b2b1a89d43ffa609e591f7df8ef3e817","name":"gaprsa","image":{"@type":"ImageObject","inLanguage":"es","@id":"https:\/\/www.ull.es\/portal\/noticias\/#\/schema\/person\/image\/","url":"https:\/\/secure.gravatar.com\/avatar\/443820550921091458b4823867723b3d?s=96&d=mm&r=g","contentUrl":"https:\/\/secure.gravatar.com\/avatar\/443820550921091458b4823867723b3d?s=96&d=mm&r=g","caption":"gaprsa"},"url":"https:\/\/www.ull.es\/portal\/noticias\/author\/gaprsa\/"}]}},"primary_category":{"id":345,"name":"Destacado","slug":"destacado","link":"https:\/\/www.ull.es\/portal\/noticias\/category\/destacado\/"},"featured_image_thumbnail_url":"https:\/\/www.ull.es\/portal\/noticias\/wp-content\/uploads\/sites\/13\/2018\/09\/profesor-ull_asesor-cientifico-del-parlamento-con-microfono-300x200.jpg","_links":{"self":[{"href":"https:\/\/www.ull.es\/portal\/noticias\/wp-json\/wp\/v2\/posts\/39102"}],"collection":[{"href":"https:\/\/www.ull.es\/portal\/noticias\/wp-json\/wp\/v2\/posts"}],"about":[{"href":"https:\/\/www.ull.es\/portal\/noticias\/wp-json\/wp\/v2\/types\/post"}],"author":[{"embeddable":true,"href":"https:\/\/www.ull.es\/portal\/noticias\/wp-json\/wp\/v2\/users\/23"}],"replies":[{"embeddable":true,"href":"https:\/\/www.ull.es\/portal\/noticias\/wp-json\/wp\/v2\/comments?post=39102"}],"version-history":[{"count":1,"href":"https:\/\/www.ull.es\/portal\/noticias\/wp-json\/wp\/v2\/posts\/39102\/revisions"}],"predecessor-version":[{"id":39103,"href":"https:\/\/www.ull.es\/portal\/noticias\/wp-json\/wp\/v2\/posts\/39102\/revisions\/39103"}],"wp:featuredmedia":[{"embeddable":true,"href":"https:\/\/www.ull.es\/portal\/noticias\/wp-json\/wp\/v2\/media\/39105"}],"wp:attachment":[{"href":"https:\/\/www.ull.es\/portal\/noticias\/wp-json\/wp\/v2\/media?parent=39102"}],"wp:term":[{"taxonomy":"category","embeddable":true,"href":"https:\/\/www.ull.es\/portal\/noticias\/wp-json\/wp\/v2\/categories?post=39102"},{"taxonomy":"post_tag","embeddable":true,"href":"https:\/\/www.ull.es\/portal\/noticias\/wp-json\/wp\/v2\/tags?post=39102"}],"curies":[{"name":"wp","href":"https:\/\/api.w.org\/{rel}","templated":true}]}}