{"id":39184,"date":"2018-09-13T12:27:45","date_gmt":"2018-09-13T12:27:45","guid":{"rendered":"https:\/\/www.ull.es\/portal\/noticias\/?p=39184"},"modified":"2018-09-13T12:27:45","modified_gmt":"2018-09-13T12:27:45","slug":"la-universidad-de-la-laguna-asiste-en-ginebra-al-mayor-evento-sobre-educacion-superior-de-europa","status":"publish","type":"post","link":"https:\/\/www.ull.es\/portal\/noticias\/2018\/la-universidad-de-la-laguna-asiste-en-ginebra-al-mayor-evento-sobre-educacion-superior-de-europa\/","title":{"rendered":"La Universidad de La Laguna asiste en Ginebra al mayor evento sobre educaci\u00f3n superior de Europa"},"content":{"rendered":"<p>Los directores de Movilidad Internacional y Convenios y Convocatorias Internacionales, Jos\u00e9 Francisco Sigut y Carlos Trujillo, respectivamente, asisten estos d\u00edas en Ginebra en representaci\u00f3n de la Universidad de La Laguna al mayor evento sobre educaci\u00f3n superior que se celebra en Europa, la feria EAIE .<\/p>\n<p style=\"text-align: center;\"><a href=\"https:\/\/drive.google.com\/open?id=1D_t7Yu5hrr0KO7kbsUtHO0K6kM8NQNbT\" target=\"_blank\" rel=\"noopener\"><strong>Galer\u00eda de im\u00e1genes<\/strong><\/a><\/p>\n<p>El encuentro cumple su trig\u00e9sima edici\u00f3n, y tiene lugar en el Palacio de Exposiciones y Congresos de Ginebra hasta ma\u00f1ana 14 de septiembre. Asisten alrededor de 5.500 representantes de m\u00e1s de 230 instituciones de educaci\u00f3n superior, agencias gubernamentales y empresas del sector privado, quienes participan con un puesto informativo.<\/p>\n<p>La Universidad de La Laguna, al igual que en la edici\u00f3n pasada, participa junto a la Universidad de Las Palmas de Gran Canaria en un \u2018stand\u2019 compartido que representa a las universidades p\u00fablicas canarias dentro del espacio reservado para el SEPIE (Servicio Espa\u00f1ol para la Internacionalizaci\u00f3n de la Educaci\u00f3n), y que incluye tambi\u00e9n a las universidades p\u00fablicas de Andaluc\u00eda, Universidad Pontificia de Comillas, universidades de Galicia, Universidad Cat\u00f3lica de Murcia y la Universidad del Pa\u00eds Vasco.<\/p>\n<p>La cita acoge igualmente una veintena de \u2018workshops\u2019 o talleres centrados en diferentes temas, tales como admisiones y acreditaciones, programas con financiaci\u00f3n europea, estrategia y liderazgo, aprendizaje, ense\u00f1anza y curriculum, marketing y captaci\u00f3n de estudiantes, movilidad, redes de contactos entre universidades, refugiados y experiencia de los estudiantes. Se celebran adem\u00e1s 21 actividades para reforzar las relaciones entre las entidades participantes y cuatro visitas a los campus de universidades suizas.<\/p>\n<p>Los directivos pertenecientes al Vicerrectorado de Internacionalizaci\u00f3n de la Universidad de La Laguna han mantenido reuniones con representantes de universidades de Chile, Argentina, Ecuador, M\u00e9xico y Colombia, para la renovaci\u00f3n o suscripci\u00f3n de nuevos convenios. En concreto, se procedi\u00f3 a la entrega en mano del convenio original firmado por todas las partes implicadas con la Universidad Cat\u00f3lica del Maule en Chile y la Universidad de Monterrey en M\u00e9xico.<\/p>\n<p>Aparte de estos pa\u00edses iberoamericanos, tambi\u00e9n se han celebrado citas con otros centros educativos como University of Southern Denmark, University of\u00a0Leeds, Cracow University of Economics, University of South Bohemia, Universit\u00e9 Paris Sud, para la suscripci\u00f3n de nuevos convenios o ampliar los ya existentes en \u00e1reas con intereses comunes.<\/p>\n<p>&nbsp;<\/p>\n","protected":false},"excerpt":{"rendered":"<p>Los directores de Movilidad Internacional y Convenios y Convocatorias Internacionales, Jos\u00e9 Francisco Sigut y Carlos Trujillo, respectivamente, asisten estos d\u00edas&#8230;<\/p>\n","protected":false},"author":65,"featured_media":39187,"comment_status":"closed","ping_status":"closed","sticky":false,"template":"","format":"standard","meta":{"inline_featured_image":false,"footnotes":""},"categories":[345,349,2765],"tags":[4721,3746],"acf":[],"yoast_head":"<!-- This site is optimized with the Yoast SEO plugin v21.3 - https:\/\/yoast.com\/wordpress\/plugins\/seo\/ -->\n<title>La Universidad de La Laguna asiste en Ginebra al mayor evento sobre educaci\u00f3n superior de Europa - ULL - Noticias<\/title>\n<meta name=\"robots\" content=\"index, follow, max-snippet:-1, max-image-preview:large, max-video-preview:-1\" \/>\n<link rel=\"canonical\" href=\"https:\/\/www.ull.es\/portal\/noticias\/2018\/la-universidad-de-la-laguna-asiste-en-ginebra-al-mayor-evento-sobre-educacion-superior-de-europa\/\" \/>\n<meta property=\"og:locale\" content=\"es_ES\" \/>\n<meta property=\"og:type\" content=\"article\" \/>\n<meta property=\"og:title\" content=\"La Universidad de La Laguna asiste en Ginebra al mayor evento sobre educaci\u00f3n superior de Europa - ULL - Noticias\" \/>\n<meta property=\"og:description\" content=\"Los directores de Movilidad Internacional y Convenios y Convocatorias Internacionales, Jos\u00e9 Francisco Sigut y Carlos Trujillo, respectivamente, asisten estos d\u00edas...\" \/>\n<meta property=\"og:url\" content=\"https:\/\/www.ull.es\/portal\/noticias\/2018\/la-universidad-de-la-laguna-asiste-en-ginebra-al-mayor-evento-sobre-educacion-superior-de-europa\/\" \/>\n<meta property=\"og:site_name\" content=\"ULL - Noticias\" \/>\n<meta property=\"article:publisher\" content=\"https:\/\/www.facebook.com\/universidaddelalaguna\/\" \/>\n<meta property=\"article:published_time\" content=\"2018-09-13T12:27:45+00:00\" \/>\n<meta property=\"og:image\" content=\"https:\/\/www.ull.es\/portal\/noticias\/wp-content\/uploads\/sites\/13\/2018\/09\/IMG_3600.jpg\" \/>\n\t<meta property=\"og:image:width\" content=\"1200\" \/>\n\t<meta property=\"og:image:height\" content=\"800\" \/>\n\t<meta property=\"og:image:type\" content=\"image\/jpeg\" \/>\n<meta name=\"author\" content=\"gcom4\" \/>\n<meta name=\"twitter:card\" content=\"summary_large_image\" \/>\n<meta name=\"twitter:creator\" content=\"@CanalULL\" \/>\n<meta name=\"twitter:site\" content=\"@CanalULL\" \/>\n<meta name=\"twitter:label1\" content=\"Escrito por\" \/>\n\t<meta name=\"twitter:data1\" content=\"gcom4\" \/>\n\t<meta name=\"twitter:label2\" content=\"Tiempo de lectura\" \/>\n\t<meta name=\"twitter:data2\" content=\"2 minutos\" \/>\n<script type=\"application\/ld+json\" class=\"yoast-schema-graph\">{\"@context\":\"https:\/\/schema.org\",\"@graph\":[{\"@type\":\"WebPage\",\"@id\":\"https:\/\/www.ull.es\/portal\/noticias\/2018\/la-universidad-de-la-laguna-asiste-en-ginebra-al-mayor-evento-sobre-educacion-superior-de-europa\/\",\"url\":\"https:\/\/www.ull.es\/portal\/noticias\/2018\/la-universidad-de-la-laguna-asiste-en-ginebra-al-mayor-evento-sobre-educacion-superior-de-europa\/\",\"name\":\"La Universidad de La Laguna asiste en Ginebra al mayor evento sobre educaci\u00f3n superior de Europa - ULL - Noticias\",\"isPartOf\":{\"@id\":\"https:\/\/www.ull.es\/portal\/noticias\/#website\"},\"datePublished\":\"2018-09-13T12:27:45+00:00\",\"dateModified\":\"2018-09-13T12:27:45+00:00\",\"author\":{\"@id\":\"https:\/\/www.ull.es\/portal\/noticias\/#\/schema\/person\/9924518fb1ad37d4428e7b5d6f311773\"},\"breadcrumb\":{\"@id\":\"https:\/\/www.ull.es\/portal\/noticias\/2018\/la-universidad-de-la-laguna-asiste-en-ginebra-al-mayor-evento-sobre-educacion-superior-de-europa\/#breadcrumb\"},\"inLanguage\":\"es\",\"potentialAction\":[{\"@type\":\"ReadAction\",\"target\":[\"https:\/\/www.ull.es\/portal\/noticias\/2018\/la-universidad-de-la-laguna-asiste-en-ginebra-al-mayor-evento-sobre-educacion-superior-de-europa\/\"]}]},{\"@type\":\"BreadcrumbList\",\"@id\":\"https:\/\/www.ull.es\/portal\/noticias\/2018\/la-universidad-de-la-laguna-asiste-en-ginebra-al-mayor-evento-sobre-educacion-superior-de-europa\/#breadcrumb\",\"itemListElement\":[{\"@type\":\"ListItem\",\"position\":1,\"name\":\"Portada\",\"item\":\"https:\/\/www.ull.es\/portal\/noticias\/\"},{\"@type\":\"ListItem\",\"position\":2,\"name\":\"La Universidad de La Laguna asiste en Ginebra al mayor evento sobre educaci\u00f3n superior de Europa\"}]},{\"@type\":\"WebSite\",\"@id\":\"https:\/\/www.ull.es\/portal\/noticias\/#website\",\"url\":\"https:\/\/www.ull.es\/portal\/noticias\/\",\"name\":\"ULL - Noticias\",\"description\":\"\",\"potentialAction\":[{\"@type\":\"SearchAction\",\"target\":{\"@type\":\"EntryPoint\",\"urlTemplate\":\"https:\/\/www.ull.es\/portal\/noticias\/?s={search_term_string}\"},\"query-input\":\"required name=search_term_string\"}],\"inLanguage\":\"es\"},{\"@type\":\"Person\",\"@id\":\"https:\/\/www.ull.es\/portal\/noticias\/#\/schema\/person\/9924518fb1ad37d4428e7b5d6f311773\",\"name\":\"gcom4\",\"image\":{\"@type\":\"ImageObject\",\"inLanguage\":\"es\",\"@id\":\"https:\/\/www.ull.es\/portal\/noticias\/#\/schema\/person\/image\/\",\"url\":\"https:\/\/secure.gravatar.com\/avatar\/a5d1f5573f10617ccfcc209aaf6aa7fb?s=96&d=mm&r=g\",\"contentUrl\":\"https:\/\/secure.gravatar.com\/avatar\/a5d1f5573f10617ccfcc209aaf6aa7fb?s=96&d=mm&r=g\",\"caption\":\"gcom4\"},\"url\":\"https:\/\/www.ull.es\/portal\/noticias\/author\/gcom4\/\"}]}<\/script>\n<!-- \/ Yoast SEO plugin. -->","yoast_head_json":{"title":"La Universidad de La Laguna asiste en Ginebra al mayor evento sobre educaci\u00f3n superior de Europa - ULL - Noticias","robots":{"index":"index","follow":"follow","max-snippet":"max-snippet:-1","max-image-preview":"max-image-preview:large","max-video-preview":"max-video-preview:-1"},"canonical":"https:\/\/www.ull.es\/portal\/noticias\/2018\/la-universidad-de-la-laguna-asiste-en-ginebra-al-mayor-evento-sobre-educacion-superior-de-europa\/","og_locale":"es_ES","og_type":"article","og_title":"La Universidad de La Laguna asiste en Ginebra al mayor evento sobre educaci\u00f3n superior de Europa - ULL - Noticias","og_description":"Los directores de Movilidad Internacional y Convenios y Convocatorias Internacionales, Jos\u00e9 Francisco Sigut y Carlos Trujillo, respectivamente, asisten estos d\u00edas...","og_url":"https:\/\/www.ull.es\/portal\/noticias\/2018\/la-universidad-de-la-laguna-asiste-en-ginebra-al-mayor-evento-sobre-educacion-superior-de-europa\/","og_site_name":"ULL - Noticias","article_publisher":"https:\/\/www.facebook.com\/universidaddelalaguna\/","article_published_time":"2018-09-13T12:27:45+00:00","og_image":[{"width":1200,"height":800,"url":"https:\/\/www.ull.es\/portal\/noticias\/wp-content\/uploads\/sites\/13\/2018\/09\/IMG_3600.jpg","type":"image\/jpeg"}],"author":"gcom4","twitter_card":"summary_large_image","twitter_creator":"@CanalULL","twitter_site":"@CanalULL","twitter_misc":{"Escrito por":"gcom4","Tiempo de lectura":"2 minutos"},"schema":{"@context":"https:\/\/schema.org","@graph":[{"@type":"WebPage","@id":"https:\/\/www.ull.es\/portal\/noticias\/2018\/la-universidad-de-la-laguna-asiste-en-ginebra-al-mayor-evento-sobre-educacion-superior-de-europa\/","url":"https:\/\/www.ull.es\/portal\/noticias\/2018\/la-universidad-de-la-laguna-asiste-en-ginebra-al-mayor-evento-sobre-educacion-superior-de-europa\/","name":"La Universidad de La Laguna asiste en Ginebra al mayor evento sobre educaci\u00f3n superior de Europa - ULL - Noticias","isPartOf":{"@id":"https:\/\/www.ull.es\/portal\/noticias\/#website"},"datePublished":"2018-09-13T12:27:45+00:00","dateModified":"2018-09-13T12:27:45+00:00","author":{"@id":"https:\/\/www.ull.es\/portal\/noticias\/#\/schema\/person\/9924518fb1ad37d4428e7b5d6f311773"},"breadcrumb":{"@id":"https:\/\/www.ull.es\/portal\/noticias\/2018\/la-universidad-de-la-laguna-asiste-en-ginebra-al-mayor-evento-sobre-educacion-superior-de-europa\/#breadcrumb"},"inLanguage":"es","potentialAction":[{"@type":"ReadAction","target":["https:\/\/www.ull.es\/portal\/noticias\/2018\/la-universidad-de-la-laguna-asiste-en-ginebra-al-mayor-evento-sobre-educacion-superior-de-europa\/"]}]},{"@type":"BreadcrumbList","@id":"https:\/\/www.ull.es\/portal\/noticias\/2018\/la-universidad-de-la-laguna-asiste-en-ginebra-al-mayor-evento-sobre-educacion-superior-de-europa\/#breadcrumb","itemListElement":[{"@type":"ListItem","position":1,"name":"Portada","item":"https:\/\/www.ull.es\/portal\/noticias\/"},{"@type":"ListItem","position":2,"name":"La Universidad de La Laguna asiste en Ginebra al mayor evento sobre educaci\u00f3n superior de Europa"}]},{"@type":"WebSite","@id":"https:\/\/www.ull.es\/portal\/noticias\/#website","url":"https:\/\/www.ull.es\/portal\/noticias\/","name":"ULL - Noticias","description":"","potentialAction":[{"@type":"SearchAction","target":{"@type":"EntryPoint","urlTemplate":"https:\/\/www.ull.es\/portal\/noticias\/?s={search_term_string}"},"query-input":"required name=search_term_string"}],"inLanguage":"es"},{"@type":"Person","@id":"https:\/\/www.ull.es\/portal\/noticias\/#\/schema\/person\/9924518fb1ad37d4428e7b5d6f311773","name":"gcom4","image":{"@type":"ImageObject","inLanguage":"es","@id":"https:\/\/www.ull.es\/portal\/noticias\/#\/schema\/person\/image\/","url":"https:\/\/secure.gravatar.com\/avatar\/a5d1f5573f10617ccfcc209aaf6aa7fb?s=96&d=mm&r=g","contentUrl":"https:\/\/secure.gravatar.com\/avatar\/a5d1f5573f10617ccfcc209aaf6aa7fb?s=96&d=mm&r=g","caption":"gcom4"},"url":"https:\/\/www.ull.es\/portal\/noticias\/author\/gcom4\/"}]}},"primary_category":{"id":2765,"name":"Portada ULL","slug":"portada-ull","link":"https:\/\/www.ull.es\/portal\/noticias\/category\/portada-ull\/"},"featured_image_thumbnail_url":"https:\/\/www.ull.es\/portal\/noticias\/wp-content\/uploads\/sites\/13\/2018\/09\/IMG_3600-300x200.jpg","_links":{"self":[{"href":"https:\/\/www.ull.es\/portal\/noticias\/wp-json\/wp\/v2\/posts\/39184"}],"collection":[{"href":"https:\/\/www.ull.es\/portal\/noticias\/wp-json\/wp\/v2\/posts"}],"about":[{"href":"https:\/\/www.ull.es\/portal\/noticias\/wp-json\/wp\/v2\/types\/post"}],"author":[{"embeddable":true,"href":"https:\/\/www.ull.es\/portal\/noticias\/wp-json\/wp\/v2\/users\/65"}],"replies":[{"embeddable":true,"href":"https:\/\/www.ull.es\/portal\/noticias\/wp-json\/wp\/v2\/comments?post=39184"}],"version-history":[{"count":1,"href":"https:\/\/www.ull.es\/portal\/noticias\/wp-json\/wp\/v2\/posts\/39184\/revisions"}],"predecessor-version":[{"id":39189,"href":"https:\/\/www.ull.es\/portal\/noticias\/wp-json\/wp\/v2\/posts\/39184\/revisions\/39189"}],"wp:featuredmedia":[{"embeddable":true,"href":"https:\/\/www.ull.es\/portal\/noticias\/wp-json\/wp\/v2\/media\/39187"}],"wp:attachment":[{"href":"https:\/\/www.ull.es\/portal\/noticias\/wp-json\/wp\/v2\/media?parent=39184"}],"wp:term":[{"taxonomy":"category","embeddable":true,"href":"https:\/\/www.ull.es\/portal\/noticias\/wp-json\/wp\/v2\/categories?post=39184"},{"taxonomy":"post_tag","embeddable":true,"href":"https:\/\/www.ull.es\/portal\/noticias\/wp-json\/wp\/v2\/tags?post=39184"}],"curies":[{"name":"wp","href":"https:\/\/api.w.org\/{rel}","templated":true}]}}