{"id":39782,"date":"2018-10-09T12:47:17","date_gmt":"2018-10-09T12:47:17","guid":{"rendered":"https:\/\/www.ull.es\/portal\/noticias\/?p=39782"},"modified":"2018-10-09T12:47:17","modified_gmt":"2018-10-09T12:47:17","slug":"la-ull-organiza-una-jornada-para-analizar-el-impacto-economico-de-los-desastres","status":"publish","type":"post","link":"https:\/\/www.ull.es\/portal\/noticias\/2018\/la-ull-organiza-una-jornada-para-analizar-el-impacto-economico-de-los-desastres\/","title":{"rendered":"La ULL organiza una jornada para analizar el impacto econ\u00f3mico de los desastres"},"content":{"rendered":"<p>La Universidad de La Laguna cuenta desde hace a\u00f1os con una C\u00e1tedra Cultural de Reducci\u00f3n del Riesgo de Desastres y Ciudades Resilientes que, vinculada al Vicerrectorado de Relaciones con la Sociedad, lleva a cabo un programa peri\u00f3dico de actuaciones de diverso tipo para analizar las vertientes que conlleva el acaecimiento de un hecho extraordinario que supera lo habitual y que pone en jaque a la sociedad donde tiene lugar.<\/p>\n<p>Esta c\u00e1tedra, dirigida por el profesor de Geograf\u00eda Pedro Dorta Antequera y que ya ha recibido el reconocimiento de la ONU, celebra cada a\u00f1o, en el mes de octubre, una intensa jornada de trabajo para conmemorar el D\u00eda Internacional de la Reducci\u00f3n del Riesgo de Desastre (RRD), declarado por la organizaci\u00f3n internacional, de tal forma que en diversas partes del mundo multitud de organismos llevan a cabo programas de prevenci\u00f3n y an\u00e1lisis.<\/p>\n<p>En esta edici\u00f3n, la Universidad de La Laguna, con el apoyo de la Consejer\u00eda de Pol\u00edtica Territorial, Sostenibilidad y Seguridad del Gobierno de Canarias, pondr\u00e1 su atenci\u00f3n en el impacto econ\u00f3mico que generan los desastres y en c\u00f3mo pueden aminorarse. La jornada, de car\u00e1cter gratuita, tendr\u00e1 lugar ma\u00f1ana mi\u00e9rcoles 10 de octubre en Presidencia del Ejecutivo regional, a partir de las 10 horas. Al acto de inauguraci\u00f3n acudir\u00e1n el vicerrector de Relaciones con la Sociedad, Francisco Garc\u00eda, y la viceconsejera de Medio Ambiente y Seguridad, Blanca P\u00e9rez.<\/p>\n<p><strong>Programa<\/strong><\/p>\n<p>Sesi\u00f3n de Apertura. 10 horas.<\/p>\n<p>La reducci\u00f3n del riesgo de desastres y el Marco de Sendai. 10:15 &#8211; 10:35 h. Imparte: Jaime D\u00edaz Pacheco. Doctor, investigador de la C\u00e1tedra.<\/p>\n<p>Reflexiones sobre los da\u00f1os de los desastres de origen clim\u00e1tico en Canarias. 10:35 &#8211; 10:55 h. Imparte: Pedro Dorta Antequera. Director de la C\u00e1tedra.<\/p>\n<p>La adaptaci\u00f3n del cambio clim\u00e1tico en Canarias. 10:55 &#8211; 11:15 h. Imparte: Abel L\u00f3pez D\u00edez. Investigador de la C\u00e1tedra.<\/p>\n<p>La resiliencia en la articulaci\u00f3n del borrador de la Ley de cambio global y clim\u00e1tico. 11:15 &#8211; 11:35 h. Imparte: Pedro Luis Rodr\u00edguez Leal. Viceconsejer\u00eda de Medio Ambiente, Gobierno de Canarias.<\/p>\n<p>Mesa redonda. 11:35 &#8211; 12:00 h.<\/p>\n","protected":false},"excerpt":{"rendered":"<p>La Universidad de La Laguna cuenta desde hace a\u00f1os con una C\u00e1tedra Cultural de Reducci\u00f3n del Riesgo de Desastres y&#8230;<\/p>\n","protected":false},"author":23,"featured_media":39784,"comment_status":"closed","ping_status":"closed","sticky":false,"template":"","format":"standard","meta":{"inline_featured_image":false,"footnotes":""},"categories":[345,3428,348,2765],"tags":[4306,2730,4828,2267],"acf":[],"yoast_head":"<!-- This site is optimized with the Yoast SEO plugin v21.3 - https:\/\/yoast.com\/wordpress\/plugins\/seo\/ -->\n<title>La ULL organiza una jornada para analizar el impacto econ\u00f3mico de los desastres - ULL - Noticias<\/title>\n<meta name=\"robots\" content=\"index, follow, max-snippet:-1, max-image-preview:large, max-video-preview:-1\" \/>\n<link rel=\"canonical\" href=\"https:\/\/www.ull.es\/portal\/noticias\/2018\/la-ull-organiza-una-jornada-para-analizar-el-impacto-economico-de-los-desastres\/\" \/>\n<meta property=\"og:locale\" content=\"es_ES\" \/>\n<meta property=\"og:type\" content=\"article\" \/>\n<meta property=\"og:title\" content=\"La ULL organiza una jornada para analizar el impacto econ\u00f3mico de los desastres - ULL - Noticias\" \/>\n<meta property=\"og:description\" content=\"La Universidad de La Laguna cuenta desde hace a\u00f1os con una C\u00e1tedra Cultural de Reducci\u00f3n del Riesgo de Desastres y...\" \/>\n<meta property=\"og:url\" content=\"https:\/\/www.ull.es\/portal\/noticias\/2018\/la-ull-organiza-una-jornada-para-analizar-el-impacto-economico-de-los-desastres\/\" \/>\n<meta property=\"og:site_name\" content=\"ULL - Noticias\" \/>\n<meta property=\"article:publisher\" content=\"https:\/\/www.facebook.com\/universidaddelalaguna\/\" \/>\n<meta property=\"article:published_time\" content=\"2018-10-09T12:47:17+00:00\" \/>\n<meta property=\"og:image\" content=\"https:\/\/www.ull.es\/portal\/noticias\/wp-content\/uploads\/sites\/13\/2018\/10\/REDUCCIONDESASTRES_AGENDA.jpg\" \/>\n\t<meta property=\"og:image:width\" content=\"700\" \/>\n\t<meta property=\"og:image:height\" content=\"350\" \/>\n\t<meta property=\"og:image:type\" content=\"image\/jpeg\" \/>\n<meta name=\"author\" content=\"gaprsa\" \/>\n<meta name=\"twitter:card\" content=\"summary_large_image\" \/>\n<meta name=\"twitter:creator\" content=\"@CanalULL\" \/>\n<meta name=\"twitter:site\" content=\"@CanalULL\" \/>\n<meta name=\"twitter:label1\" content=\"Escrito por\" \/>\n\t<meta name=\"twitter:data1\" content=\"gaprsa\" \/>\n\t<meta name=\"twitter:label2\" content=\"Tiempo de lectura\" \/>\n\t<meta name=\"twitter:data2\" content=\"2 minutos\" \/>\n<script type=\"application\/ld+json\" class=\"yoast-schema-graph\">{\"@context\":\"https:\/\/schema.org\",\"@graph\":[{\"@type\":\"WebPage\",\"@id\":\"https:\/\/www.ull.es\/portal\/noticias\/2018\/la-ull-organiza-una-jornada-para-analizar-el-impacto-economico-de-los-desastres\/\",\"url\":\"https:\/\/www.ull.es\/portal\/noticias\/2018\/la-ull-organiza-una-jornada-para-analizar-el-impacto-economico-de-los-desastres\/\",\"name\":\"La ULL organiza una jornada para analizar el impacto econ\u00f3mico de los desastres - ULL - Noticias\",\"isPartOf\":{\"@id\":\"https:\/\/www.ull.es\/portal\/noticias\/#website\"},\"datePublished\":\"2018-10-09T12:47:17+00:00\",\"dateModified\":\"2018-10-09T12:47:17+00:00\",\"author\":{\"@id\":\"https:\/\/www.ull.es\/portal\/noticias\/#\/schema\/person\/b2b1a89d43ffa609e591f7df8ef3e817\"},\"breadcrumb\":{\"@id\":\"https:\/\/www.ull.es\/portal\/noticias\/2018\/la-ull-organiza-una-jornada-para-analizar-el-impacto-economico-de-los-desastres\/#breadcrumb\"},\"inLanguage\":\"es\",\"potentialAction\":[{\"@type\":\"ReadAction\",\"target\":[\"https:\/\/www.ull.es\/portal\/noticias\/2018\/la-ull-organiza-una-jornada-para-analizar-el-impacto-economico-de-los-desastres\/\"]}]},{\"@type\":\"BreadcrumbList\",\"@id\":\"https:\/\/www.ull.es\/portal\/noticias\/2018\/la-ull-organiza-una-jornada-para-analizar-el-impacto-economico-de-los-desastres\/#breadcrumb\",\"itemListElement\":[{\"@type\":\"ListItem\",\"position\":1,\"name\":\"Portada\",\"item\":\"https:\/\/www.ull.es\/portal\/noticias\/\"},{\"@type\":\"ListItem\",\"position\":2,\"name\":\"La ULL organiza una jornada para analizar el impacto econ\u00f3mico de los desastres\"}]},{\"@type\":\"WebSite\",\"@id\":\"https:\/\/www.ull.es\/portal\/noticias\/#website\",\"url\":\"https:\/\/www.ull.es\/portal\/noticias\/\",\"name\":\"ULL - Noticias\",\"description\":\"\",\"potentialAction\":[{\"@type\":\"SearchAction\",\"target\":{\"@type\":\"EntryPoint\",\"urlTemplate\":\"https:\/\/www.ull.es\/portal\/noticias\/?s={search_term_string}\"},\"query-input\":\"required name=search_term_string\"}],\"inLanguage\":\"es\"},{\"@type\":\"Person\",\"@id\":\"https:\/\/www.ull.es\/portal\/noticias\/#\/schema\/person\/b2b1a89d43ffa609e591f7df8ef3e817\",\"name\":\"gaprsa\",\"image\":{\"@type\":\"ImageObject\",\"inLanguage\":\"es\",\"@id\":\"https:\/\/www.ull.es\/portal\/noticias\/#\/schema\/person\/image\/\",\"url\":\"https:\/\/secure.gravatar.com\/avatar\/443820550921091458b4823867723b3d?s=96&d=mm&r=g\",\"contentUrl\":\"https:\/\/secure.gravatar.com\/avatar\/443820550921091458b4823867723b3d?s=96&d=mm&r=g\",\"caption\":\"gaprsa\"},\"url\":\"https:\/\/www.ull.es\/portal\/noticias\/author\/gaprsa\/\"}]}<\/script>\n<!-- \/ Yoast SEO plugin. -->","yoast_head_json":{"title":"La ULL organiza una jornada para analizar el impacto econ\u00f3mico de los desastres - ULL - Noticias","robots":{"index":"index","follow":"follow","max-snippet":"max-snippet:-1","max-image-preview":"max-image-preview:large","max-video-preview":"max-video-preview:-1"},"canonical":"https:\/\/www.ull.es\/portal\/noticias\/2018\/la-ull-organiza-una-jornada-para-analizar-el-impacto-economico-de-los-desastres\/","og_locale":"es_ES","og_type":"article","og_title":"La ULL organiza una jornada para analizar el impacto econ\u00f3mico de los desastres - ULL - Noticias","og_description":"La Universidad de La Laguna cuenta desde hace a\u00f1os con una C\u00e1tedra Cultural de Reducci\u00f3n del Riesgo de Desastres y...","og_url":"https:\/\/www.ull.es\/portal\/noticias\/2018\/la-ull-organiza-una-jornada-para-analizar-el-impacto-economico-de-los-desastres\/","og_site_name":"ULL - Noticias","article_publisher":"https:\/\/www.facebook.com\/universidaddelalaguna\/","article_published_time":"2018-10-09T12:47:17+00:00","og_image":[{"width":700,"height":350,"url":"https:\/\/www.ull.es\/portal\/noticias\/wp-content\/uploads\/sites\/13\/2018\/10\/REDUCCIONDESASTRES_AGENDA.jpg","type":"image\/jpeg"}],"author":"gaprsa","twitter_card":"summary_large_image","twitter_creator":"@CanalULL","twitter_site":"@CanalULL","twitter_misc":{"Escrito por":"gaprsa","Tiempo de lectura":"2 minutos"},"schema":{"@context":"https:\/\/schema.org","@graph":[{"@type":"WebPage","@id":"https:\/\/www.ull.es\/portal\/noticias\/2018\/la-ull-organiza-una-jornada-para-analizar-el-impacto-economico-de-los-desastres\/","url":"https:\/\/www.ull.es\/portal\/noticias\/2018\/la-ull-organiza-una-jornada-para-analizar-el-impacto-economico-de-los-desastres\/","name":"La ULL organiza una jornada para analizar el impacto econ\u00f3mico de los desastres - ULL - Noticias","isPartOf":{"@id":"https:\/\/www.ull.es\/portal\/noticias\/#website"},"datePublished":"2018-10-09T12:47:17+00:00","dateModified":"2018-10-09T12:47:17+00:00","author":{"@id":"https:\/\/www.ull.es\/portal\/noticias\/#\/schema\/person\/b2b1a89d43ffa609e591f7df8ef3e817"},"breadcrumb":{"@id":"https:\/\/www.ull.es\/portal\/noticias\/2018\/la-ull-organiza-una-jornada-para-analizar-el-impacto-economico-de-los-desastres\/#breadcrumb"},"inLanguage":"es","potentialAction":[{"@type":"ReadAction","target":["https:\/\/www.ull.es\/portal\/noticias\/2018\/la-ull-organiza-una-jornada-para-analizar-el-impacto-economico-de-los-desastres\/"]}]},{"@type":"BreadcrumbList","@id":"https:\/\/www.ull.es\/portal\/noticias\/2018\/la-ull-organiza-una-jornada-para-analizar-el-impacto-economico-de-los-desastres\/#breadcrumb","itemListElement":[{"@type":"ListItem","position":1,"name":"Portada","item":"https:\/\/www.ull.es\/portal\/noticias\/"},{"@type":"ListItem","position":2,"name":"La ULL organiza una jornada para analizar el impacto econ\u00f3mico de los desastres"}]},{"@type":"WebSite","@id":"https:\/\/www.ull.es\/portal\/noticias\/#website","url":"https:\/\/www.ull.es\/portal\/noticias\/","name":"ULL - Noticias","description":"","potentialAction":[{"@type":"SearchAction","target":{"@type":"EntryPoint","urlTemplate":"https:\/\/www.ull.es\/portal\/noticias\/?s={search_term_string}"},"query-input":"required name=search_term_string"}],"inLanguage":"es"},{"@type":"Person","@id":"https:\/\/www.ull.es\/portal\/noticias\/#\/schema\/person\/b2b1a89d43ffa609e591f7df8ef3e817","name":"gaprsa","image":{"@type":"ImageObject","inLanguage":"es","@id":"https:\/\/www.ull.es\/portal\/noticias\/#\/schema\/person\/image\/","url":"https:\/\/secure.gravatar.com\/avatar\/443820550921091458b4823867723b3d?s=96&d=mm&r=g","contentUrl":"https:\/\/secure.gravatar.com\/avatar\/443820550921091458b4823867723b3d?s=96&d=mm&r=g","caption":"gaprsa"},"url":"https:\/\/www.ull.es\/portal\/noticias\/author\/gaprsa\/"}]}},"primary_category":{"id":345,"name":"Destacado","slug":"destacado","link":"https:\/\/www.ull.es\/portal\/noticias\/category\/destacado\/"},"featured_image_thumbnail_url":"https:\/\/www.ull.es\/portal\/noticias\/wp-content\/uploads\/sites\/13\/2018\/10\/REDUCCIONDESASTRES_AGENDA-300x150.jpg","_links":{"self":[{"href":"https:\/\/www.ull.es\/portal\/noticias\/wp-json\/wp\/v2\/posts\/39782"}],"collection":[{"href":"https:\/\/www.ull.es\/portal\/noticias\/wp-json\/wp\/v2\/posts"}],"about":[{"href":"https:\/\/www.ull.es\/portal\/noticias\/wp-json\/wp\/v2\/types\/post"}],"author":[{"embeddable":true,"href":"https:\/\/www.ull.es\/portal\/noticias\/wp-json\/wp\/v2\/users\/23"}],"replies":[{"embeddable":true,"href":"https:\/\/www.ull.es\/portal\/noticias\/wp-json\/wp\/v2\/comments?post=39782"}],"version-history":[{"count":1,"href":"https:\/\/www.ull.es\/portal\/noticias\/wp-json\/wp\/v2\/posts\/39782\/revisions"}],"predecessor-version":[{"id":39783,"href":"https:\/\/www.ull.es\/portal\/noticias\/wp-json\/wp\/v2\/posts\/39782\/revisions\/39783"}],"wp:featuredmedia":[{"embeddable":true,"href":"https:\/\/www.ull.es\/portal\/noticias\/wp-json\/wp\/v2\/media\/39784"}],"wp:attachment":[{"href":"https:\/\/www.ull.es\/portal\/noticias\/wp-json\/wp\/v2\/media?parent=39782"}],"wp:term":[{"taxonomy":"category","embeddable":true,"href":"https:\/\/www.ull.es\/portal\/noticias\/wp-json\/wp\/v2\/categories?post=39782"},{"taxonomy":"post_tag","embeddable":true,"href":"https:\/\/www.ull.es\/portal\/noticias\/wp-json\/wp\/v2\/tags?post=39782"}],"curies":[{"name":"wp","href":"https:\/\/api.w.org\/{rel}","templated":true}]}}