{"id":39791,"date":"2018-10-10T08:41:54","date_gmt":"2018-10-10T08:41:54","guid":{"rendered":"https:\/\/www.ull.es\/portal\/noticias\/?p=39791"},"modified":"2018-10-10T08:41:54","modified_gmt":"2018-10-10T08:41:54","slug":"el-programa-de-fomento-de-la-cultura-emprendedora-idealo-vuelve-para-agitar-las-aulas","status":"publish","type":"post","link":"https:\/\/www.ull.es\/portal\/noticias\/2018\/el-programa-de-fomento-de-la-cultura-emprendedora-idealo-vuelve-para-agitar-las-aulas\/","title":{"rendered":"El programa de fomento de la cultura emprendedora \u201cId\u00e9alo!\u201d vuelve para agitar las aulas"},"content":{"rendered":"<p>El programa de fomento de la cultura emprendedora entre la juventud de la Isla, \u201cId\u00e9alo!\u201d, se consolida con una segunda edici\u00f3n. Esto es consecuencia de los buenos resultados cosechados en el curso acad\u00e9mico 2017\/18, primer a\u00f1o de andadura de este proyecto que comenz\u00f3 con un car\u00e1cter experimental como una acci\u00f3n de innovaci\u00f3n educativa.<\/p>\n<p>Con <em>Id\u00e9alo!<\/em> el alumnado de centros de Educaci\u00f3n Secundaria, Bachillerato y Formaci\u00f3n Profesional se embarca en la creaci\u00f3n de una iniciativa de car\u00e1cter emprendedora, es decir, una posible idea de negocio con la condici\u00f3n necesaria de que estas tengan un car\u00e1cter innovador. Este proceso se plantea de forma sencilla y divertida, mediante actividades grupales y con el uso fundamental del v\u00eddeo como herramienta creativa y de exposici\u00f3n de los proyectos resultantes. En todo momento el profesorado es el encargado de guiar y motivar a los grupos; para ello reciben una formaci\u00f3n espec\u00edfica y un asesoramiento constante por parte del equipo de la Unidad de Emprendimiento de la Fundaci\u00f3n General. De esta forma, el profesorado se capacita para introducir la cultura del emprendimiento en sus clases, incluso una vez finalizada la participaci\u00f3n en <em>Ide\u00e1lo!<\/em><\/p>\n<p>Se emplea la metodolog\u00eda <em>Lean Startup<\/em> para el &#8216;emprendimiento \u00e1gil&#8217;, trabajando por equipos, buscando necesidades o problemas en el entorno para crear soluciones que puedan convertir en ideas de negocio innovadoras. Mientras se participa se desarrolla el sentido de la iniciativa y esp\u00edritu emprendedor, as\u00ed como otros conocimientos, habilidades, destrezas y actitudes personales y profesionales.<\/p>\n<p><strong>Participaci\u00f3n sorprendente<\/strong><\/p>\n<p>El a\u00f1o pasado, con el proyecto reci\u00e9n creado, se pudo observar la expectaci\u00f3n y buena recepci\u00f3n que este tipo de acciones educativas tienen entre la comunidad educativa. Participaron un total de veintitr\u00e9s centros de todo Tenerife, con la implicaci\u00f3n directa de treinta y dos profesores.<\/p>\n<p>Esto se tradujo en 544 estudiantes participando de forma simult\u00e1nea. Tras pasar por la fase de creaci\u00f3n de la idea empresarial los chicos y chicas tienen que decidir qu\u00e9 quieren transmitir, c\u00f3mo quieren vender su propuesta. Para ello, tras una formaci\u00f3n sencilla en el uso de herramientas de edici\u00f3n audiovisual, crean un v\u00eddeo con el que tratar\u00e1n de convencer a sus p\u00fablicos potenciales. En la pasada edici\u00f3n se contabilizaron un total de 93 v\u00eddeos. Finalmente, todos votan a trav\u00e9s del canal de v\u00eddeo <em>youtube<\/em> y se seleccionan varias piezas que compiten en un concurso final.<\/p>\n<p>Con estos resultados positivos, <em>Id\u00e9alo!<\/em> suma colaboradores en su segunda oportunidad. En esta edici\u00f3n entra a apoyar el proyecto la Fundaci\u00f3n Disa en el \u00e1mbito insular y el Ayuntamiento de Arona, que se encargar\u00e1 de que se desarrolle en los centros de su municipio. Asimismo, se consolida el compromiso de la Consejer\u00eda de Educaci\u00f3n del Gobierno de Canarias.<\/p>\n<p>(Texto e imagen cedidos).<\/p>\n<p>&nbsp;<\/p>\n<p>&#8212;<\/p>\n","protected":false},"excerpt":{"rendered":"<p>El programa de fomento de la cultura emprendedora entre la juventud de la Isla, \u201cId\u00e9alo!\u201d, se consolida con una segunda&#8230;<\/p>\n","protected":false},"author":23,"featured_media":39792,"comment_status":"closed","ping_status":"closed","sticky":false,"template":"","format":"standard","meta":{"inline_featured_image":false,"footnotes":""},"categories":[343,345,348,2765],"tags":[3613,1330,3887],"acf":[],"yoast_head":"<!-- This site is optimized with the Yoast SEO plugin v21.3 - https:\/\/yoast.com\/wordpress\/plugins\/seo\/ -->\n<title>El programa de fomento de la cultura emprendedora \u201cId\u00e9alo!\u201d vuelve para agitar las aulas - ULL - Noticias<\/title>\n<meta name=\"robots\" content=\"index, follow, max-snippet:-1, max-image-preview:large, max-video-preview:-1\" \/>\n<link rel=\"canonical\" href=\"https:\/\/www.ull.es\/portal\/noticias\/2018\/el-programa-de-fomento-de-la-cultura-emprendedora-idealo-vuelve-para-agitar-las-aulas\/\" \/>\n<meta property=\"og:locale\" content=\"es_ES\" \/>\n<meta property=\"og:type\" content=\"article\" \/>\n<meta property=\"og:title\" content=\"El programa de fomento de la cultura emprendedora \u201cId\u00e9alo!\u201d vuelve para agitar las aulas - ULL - Noticias\" \/>\n<meta property=\"og:description\" content=\"El programa de fomento de la cultura emprendedora entre la juventud de la Isla, \u201cId\u00e9alo!\u201d, se consolida con una segunda...\" \/>\n<meta property=\"og:url\" content=\"https:\/\/www.ull.es\/portal\/noticias\/2018\/el-programa-de-fomento-de-la-cultura-emprendedora-idealo-vuelve-para-agitar-las-aulas\/\" \/>\n<meta property=\"og:site_name\" content=\"ULL - Noticias\" \/>\n<meta property=\"article:publisher\" content=\"https:\/\/www.facebook.com\/universidaddelalaguna\/\" \/>\n<meta property=\"article:published_time\" content=\"2018-10-10T08:41:54+00:00\" \/>\n<meta property=\"og:image\" content=\"https:\/\/www.ull.es\/portal\/noticias\/wp-content\/uploads\/sites\/13\/2018\/10\/idealo.jpg\" \/>\n\t<meta property=\"og:image:width\" content=\"1413\" \/>\n\t<meta property=\"og:image:height\" content=\"836\" \/>\n\t<meta property=\"og:image:type\" content=\"image\/jpeg\" \/>\n<meta name=\"author\" content=\"gaprsa\" \/>\n<meta name=\"twitter:card\" content=\"summary_large_image\" \/>\n<meta name=\"twitter:creator\" content=\"@CanalULL\" \/>\n<meta name=\"twitter:site\" content=\"@CanalULL\" \/>\n<meta name=\"twitter:label1\" content=\"Escrito por\" \/>\n\t<meta name=\"twitter:data1\" content=\"gaprsa\" \/>\n\t<meta name=\"twitter:label2\" content=\"Tiempo de lectura\" \/>\n\t<meta name=\"twitter:data2\" content=\"2 minutos\" \/>\n<script type=\"application\/ld+json\" class=\"yoast-schema-graph\">{\"@context\":\"https:\/\/schema.org\",\"@graph\":[{\"@type\":\"WebPage\",\"@id\":\"https:\/\/www.ull.es\/portal\/noticias\/2018\/el-programa-de-fomento-de-la-cultura-emprendedora-idealo-vuelve-para-agitar-las-aulas\/\",\"url\":\"https:\/\/www.ull.es\/portal\/noticias\/2018\/el-programa-de-fomento-de-la-cultura-emprendedora-idealo-vuelve-para-agitar-las-aulas\/\",\"name\":\"El programa de fomento de la cultura emprendedora \u201cId\u00e9alo!\u201d vuelve para agitar las aulas - ULL - Noticias\",\"isPartOf\":{\"@id\":\"https:\/\/www.ull.es\/portal\/noticias\/#website\"},\"datePublished\":\"2018-10-10T08:41:54+00:00\",\"dateModified\":\"2018-10-10T08:41:54+00:00\",\"author\":{\"@id\":\"https:\/\/www.ull.es\/portal\/noticias\/#\/schema\/person\/b2b1a89d43ffa609e591f7df8ef3e817\"},\"breadcrumb\":{\"@id\":\"https:\/\/www.ull.es\/portal\/noticias\/2018\/el-programa-de-fomento-de-la-cultura-emprendedora-idealo-vuelve-para-agitar-las-aulas\/#breadcrumb\"},\"inLanguage\":\"es\",\"potentialAction\":[{\"@type\":\"ReadAction\",\"target\":[\"https:\/\/www.ull.es\/portal\/noticias\/2018\/el-programa-de-fomento-de-la-cultura-emprendedora-idealo-vuelve-para-agitar-las-aulas\/\"]}]},{\"@type\":\"BreadcrumbList\",\"@id\":\"https:\/\/www.ull.es\/portal\/noticias\/2018\/el-programa-de-fomento-de-la-cultura-emprendedora-idealo-vuelve-para-agitar-las-aulas\/#breadcrumb\",\"itemListElement\":[{\"@type\":\"ListItem\",\"position\":1,\"name\":\"Portada\",\"item\":\"https:\/\/www.ull.es\/portal\/noticias\/\"},{\"@type\":\"ListItem\",\"position\":2,\"name\":\"El programa de fomento de la cultura emprendedora \u201cId\u00e9alo!\u201d vuelve para agitar las aulas\"}]},{\"@type\":\"WebSite\",\"@id\":\"https:\/\/www.ull.es\/portal\/noticias\/#website\",\"url\":\"https:\/\/www.ull.es\/portal\/noticias\/\",\"name\":\"ULL - Noticias\",\"description\":\"\",\"potentialAction\":[{\"@type\":\"SearchAction\",\"target\":{\"@type\":\"EntryPoint\",\"urlTemplate\":\"https:\/\/www.ull.es\/portal\/noticias\/?s={search_term_string}\"},\"query-input\":\"required name=search_term_string\"}],\"inLanguage\":\"es\"},{\"@type\":\"Person\",\"@id\":\"https:\/\/www.ull.es\/portal\/noticias\/#\/schema\/person\/b2b1a89d43ffa609e591f7df8ef3e817\",\"name\":\"gaprsa\",\"image\":{\"@type\":\"ImageObject\",\"inLanguage\":\"es\",\"@id\":\"https:\/\/www.ull.es\/portal\/noticias\/#\/schema\/person\/image\/\",\"url\":\"https:\/\/secure.gravatar.com\/avatar\/443820550921091458b4823867723b3d?s=96&d=mm&r=g\",\"contentUrl\":\"https:\/\/secure.gravatar.com\/avatar\/443820550921091458b4823867723b3d?s=96&d=mm&r=g\",\"caption\":\"gaprsa\"},\"url\":\"https:\/\/www.ull.es\/portal\/noticias\/author\/gaprsa\/\"}]}<\/script>\n<!-- \/ Yoast SEO plugin. -->","yoast_head_json":{"title":"El programa de fomento de la cultura emprendedora \u201cId\u00e9alo!\u201d vuelve para agitar las aulas - ULL - Noticias","robots":{"index":"index","follow":"follow","max-snippet":"max-snippet:-1","max-image-preview":"max-image-preview:large","max-video-preview":"max-video-preview:-1"},"canonical":"https:\/\/www.ull.es\/portal\/noticias\/2018\/el-programa-de-fomento-de-la-cultura-emprendedora-idealo-vuelve-para-agitar-las-aulas\/","og_locale":"es_ES","og_type":"article","og_title":"El programa de fomento de la cultura emprendedora \u201cId\u00e9alo!\u201d vuelve para agitar las aulas - ULL - Noticias","og_description":"El programa de fomento de la cultura emprendedora entre la juventud de la Isla, \u201cId\u00e9alo!\u201d, se consolida con una segunda...","og_url":"https:\/\/www.ull.es\/portal\/noticias\/2018\/el-programa-de-fomento-de-la-cultura-emprendedora-idealo-vuelve-para-agitar-las-aulas\/","og_site_name":"ULL - Noticias","article_publisher":"https:\/\/www.facebook.com\/universidaddelalaguna\/","article_published_time":"2018-10-10T08:41:54+00:00","og_image":[{"width":1413,"height":836,"url":"https:\/\/www.ull.es\/portal\/noticias\/wp-content\/uploads\/sites\/13\/2018\/10\/idealo.jpg","type":"image\/jpeg"}],"author":"gaprsa","twitter_card":"summary_large_image","twitter_creator":"@CanalULL","twitter_site":"@CanalULL","twitter_misc":{"Escrito por":"gaprsa","Tiempo de lectura":"2 minutos"},"schema":{"@context":"https:\/\/schema.org","@graph":[{"@type":"WebPage","@id":"https:\/\/www.ull.es\/portal\/noticias\/2018\/el-programa-de-fomento-de-la-cultura-emprendedora-idealo-vuelve-para-agitar-las-aulas\/","url":"https:\/\/www.ull.es\/portal\/noticias\/2018\/el-programa-de-fomento-de-la-cultura-emprendedora-idealo-vuelve-para-agitar-las-aulas\/","name":"El programa de fomento de la cultura emprendedora \u201cId\u00e9alo!\u201d vuelve para agitar las aulas - ULL - Noticias","isPartOf":{"@id":"https:\/\/www.ull.es\/portal\/noticias\/#website"},"datePublished":"2018-10-10T08:41:54+00:00","dateModified":"2018-10-10T08:41:54+00:00","author":{"@id":"https:\/\/www.ull.es\/portal\/noticias\/#\/schema\/person\/b2b1a89d43ffa609e591f7df8ef3e817"},"breadcrumb":{"@id":"https:\/\/www.ull.es\/portal\/noticias\/2018\/el-programa-de-fomento-de-la-cultura-emprendedora-idealo-vuelve-para-agitar-las-aulas\/#breadcrumb"},"inLanguage":"es","potentialAction":[{"@type":"ReadAction","target":["https:\/\/www.ull.es\/portal\/noticias\/2018\/el-programa-de-fomento-de-la-cultura-emprendedora-idealo-vuelve-para-agitar-las-aulas\/"]}]},{"@type":"BreadcrumbList","@id":"https:\/\/www.ull.es\/portal\/noticias\/2018\/el-programa-de-fomento-de-la-cultura-emprendedora-idealo-vuelve-para-agitar-las-aulas\/#breadcrumb","itemListElement":[{"@type":"ListItem","position":1,"name":"Portada","item":"https:\/\/www.ull.es\/portal\/noticias\/"},{"@type":"ListItem","position":2,"name":"El programa de fomento de la cultura emprendedora \u201cId\u00e9alo!\u201d vuelve para agitar las aulas"}]},{"@type":"WebSite","@id":"https:\/\/www.ull.es\/portal\/noticias\/#website","url":"https:\/\/www.ull.es\/portal\/noticias\/","name":"ULL - Noticias","description":"","potentialAction":[{"@type":"SearchAction","target":{"@type":"EntryPoint","urlTemplate":"https:\/\/www.ull.es\/portal\/noticias\/?s={search_term_string}"},"query-input":"required name=search_term_string"}],"inLanguage":"es"},{"@type":"Person","@id":"https:\/\/www.ull.es\/portal\/noticias\/#\/schema\/person\/b2b1a89d43ffa609e591f7df8ef3e817","name":"gaprsa","image":{"@type":"ImageObject","inLanguage":"es","@id":"https:\/\/www.ull.es\/portal\/noticias\/#\/schema\/person\/image\/","url":"https:\/\/secure.gravatar.com\/avatar\/443820550921091458b4823867723b3d?s=96&d=mm&r=g","contentUrl":"https:\/\/secure.gravatar.com\/avatar\/443820550921091458b4823867723b3d?s=96&d=mm&r=g","caption":"gaprsa"},"url":"https:\/\/www.ull.es\/portal\/noticias\/author\/gaprsa\/"}]}},"primary_category":{"id":2765,"name":"Portada ULL","slug":"portada-ull","link":"https:\/\/www.ull.es\/portal\/noticias\/category\/portada-ull\/"},"featured_image_thumbnail_url":"https:\/\/www.ull.es\/portal\/noticias\/wp-content\/uploads\/sites\/13\/2018\/10\/idealo-300x177.jpg","_links":{"self":[{"href":"https:\/\/www.ull.es\/portal\/noticias\/wp-json\/wp\/v2\/posts\/39791"}],"collection":[{"href":"https:\/\/www.ull.es\/portal\/noticias\/wp-json\/wp\/v2\/posts"}],"about":[{"href":"https:\/\/www.ull.es\/portal\/noticias\/wp-json\/wp\/v2\/types\/post"}],"author":[{"embeddable":true,"href":"https:\/\/www.ull.es\/portal\/noticias\/wp-json\/wp\/v2\/users\/23"}],"replies":[{"embeddable":true,"href":"https:\/\/www.ull.es\/portal\/noticias\/wp-json\/wp\/v2\/comments?post=39791"}],"version-history":[{"count":1,"href":"https:\/\/www.ull.es\/portal\/noticias\/wp-json\/wp\/v2\/posts\/39791\/revisions"}],"predecessor-version":[{"id":39793,"href":"https:\/\/www.ull.es\/portal\/noticias\/wp-json\/wp\/v2\/posts\/39791\/revisions\/39793"}],"wp:featuredmedia":[{"embeddable":true,"href":"https:\/\/www.ull.es\/portal\/noticias\/wp-json\/wp\/v2\/media\/39792"}],"wp:attachment":[{"href":"https:\/\/www.ull.es\/portal\/noticias\/wp-json\/wp\/v2\/media?parent=39791"}],"wp:term":[{"taxonomy":"category","embeddable":true,"href":"https:\/\/www.ull.es\/portal\/noticias\/wp-json\/wp\/v2\/categories?post=39791"},{"taxonomy":"post_tag","embeddable":true,"href":"https:\/\/www.ull.es\/portal\/noticias\/wp-json\/wp\/v2\/tags?post=39791"}],"curies":[{"name":"wp","href":"https:\/\/api.w.org\/{rel}","templated":true}]}}