{"id":39930,"date":"2018-10-17T12:44:02","date_gmt":"2018-10-17T12:44:02","guid":{"rendered":"https:\/\/www.ull.es\/portal\/noticias\/?p=39930"},"modified":"2018-10-17T12:44:02","modified_gmt":"2018-10-17T12:44:02","slug":"centro-de-documentacion-europea-renovado","status":"publish","type":"post","link":"https:\/\/www.ull.es\/portal\/noticias\/2018\/centro-de-documentacion-europea-renovado\/","title":{"rendered":"La UE renueva la confianza en la ULL para mantener en la instituci\u00f3n un Centro de Documentaci\u00f3n Europea"},"content":{"rendered":"<div id=\"attachment_39931\" style=\"width: 310px\" class=\"wp-caption alignleft\"><a href=\"https:\/\/www.ull.es\/portal\/noticias\/wp-content\/uploads\/sites\/13\/2018\/10\/cde.jpg\" target=\"_blank\" rel=\"noopener\" target=\"_blank\" rel=\"noopener\"><img aria-describedby=\"caption-attachment-39931\" decoding=\"async\" loading=\"lazy\" class=\"wp-image-39931 size-medium\" src=\"https:\/\/www.ull.es\/portal\/noticias\/wp-content\/uploads\/sites\/13\/2018\/10\/cde-300x200.jpg\" alt=\"Centro de Documentaci\u00f3n Europea\" width=\"300\" height=\"200\" srcset=\"https:\/\/www.ull.es\/portal\/noticias\/wp-content\/uploads\/sites\/13\/2018\/10\/cde-300x200.jpg 300w, https:\/\/www.ull.es\/portal\/noticias\/wp-content\/uploads\/sites\/13\/2018\/10\/cde-768x512.jpg 768w, https:\/\/www.ull.es\/portal\/noticias\/wp-content\/uploads\/sites\/13\/2018\/10\/cde-1024x683.jpg 1024w, https:\/\/www.ull.es\/portal\/noticias\/wp-content\/uploads\/sites\/13\/2018\/10\/cde-375x250.jpg 375w, https:\/\/www.ull.es\/portal\/noticias\/wp-content\/uploads\/sites\/13\/2018\/10\/cde-750x500.jpg 750w, https:\/\/www.ull.es\/portal\/noticias\/wp-content\/uploads\/sites\/13\/2018\/10\/cde-1140x760.jpg 1140w, https:\/\/www.ull.es\/portal\/noticias\/wp-content\/uploads\/sites\/13\/2018\/10\/cde.jpg 1200w\" sizes=\"(max-width: 300px) 100vw, 300px\" \/><\/a><p id=\"caption-attachment-39931\" class=\"wp-caption-text\">Portada de la web del Centro de Documentaci\u00f3n Europea ULL<\/p><\/div>\n<p>La Universidad de La Laguna y la Uni\u00f3n Europea, a trav\u00e9s de la Comisi\u00f3n Europea, han suscrito un convenio de asociaci\u00f3n mediante el cual se asegura la continuidad y funcionamiento del <a href=\"https:\/\/www.ull.es\/oucu\/cde\/\" target=\"_blank\" rel=\"noopener\" target=\"_blank\" rel=\"noopener\">Centro de Documentaci\u00f3n Europea<\/a> actualmente en funcionamiento en la instituci\u00f3n acad\u00e9mica, tras haber superado satisfactoriamente un proceso de evaluaci\u00f3n.<\/p>\n<p>La directora acad\u00e9mica del Centro de Documentaci\u00f3n Europa en la Universidad de La Laguna es la profesora Ruth Martin\u00f3n, del Departamento de Derecho P\u00fablico y Privado Especial y Derecho de la Empresa, quien explica que la firma de este convenio es la finalizaci\u00f3n de un proceso iniciado en primavera. La Comisi\u00f3n Europea acometi\u00f3 en 2018 la renovaci\u00f3n de su red de este tipo de centros, para lo cual abri\u00f3 un proceso de evaluaci\u00f3n para comprobar el funcionamiento de los ya existentes, como era el caso de la ULL, y abrir la posibilidad de que otras entidades que no lo ten\u00edan aspiraran a abrir uno.<\/p>\n<p>La evaluaci\u00f3n era rigurosa y, como explica Martin\u00f3n, ha habido centros que no la han superado y por ello han tenido que cerrar. En el caso del Centro de Documentaci\u00f3n Europea de la Universidad de La Laguna, su responsable envi\u00f3 la informaci\u00f3n solicitada a finales de junio y en septiembre se le comunic\u00f3 que hab\u00eda superado el proceso, si bien la firma del convenio de asociaci\u00f3n no se ha producido hasta este mes de octubre.<\/p>\n<p>Los Centros de Documentaci\u00f3n Europea son p\u00fablicos, es decir, est\u00e1n abiertos a toda la ciudadan\u00eda. Su prop\u00f3sito inicial era el de recibir y poner a disposici\u00f3n de la ciudadan\u00eda toda la documentaci\u00f3n oficial que emanaba de las instituciones europeas.<\/p>\n<p>Con el paso de los a\u00f1os y la mayor digitalizaci\u00f3n de dichos recursos, las funciones de estas entidades se han ampliado y ahora tambi\u00e9n promueven estudios e investigaciones sobre la UE, organizan visitas y actividades de divulgaci\u00f3n sobre las instituciones europeas, o bien apoyan las actividades que lleve a cabo el centro Europe Direct m\u00e1s cercano que, en el caso de Tenerife, depende directamente del Gobierno de Canarias.<\/p>\n<p>Mediante este convenio, la Universidad de La laguna est\u00e1 obligada a proporcionar un espacio f\u00edsico que aloje el centro, que en la actualidad se ubica en la Facultad de Derecho, correr con los costes de su funcionamiento y equipamiento, promocionar adecuadamente la existencia de esta infraestructura, y cumplir con los objetivos de atenci\u00f3n a la ciudadan\u00eda, consulta, investigaci\u00f3n y difusi\u00f3n de todo lo concerniente a la Uni\u00f3n Europea.<\/p>\n<p>Por su parte, la Comisi\u00f3n Europea dar\u00e1 acceso a toda la documentaci\u00f3n institucional, apoyar\u00e1 la estructura de la red de Centros de Documentaci\u00f3n Europea, facilitar\u00e1 formaci\u00f3n necesaria para su actividad, y prestar\u00e1 apoyo para actividades como la organizaci\u00f3n local de eventos informativos, como los denominados Di\u00e1logos Ciudadanos, o de visitas a las instituciones europeas, organizadas a trav\u00e9s del propio centro de visitas de la comisi\u00f3n.<\/p>\n","protected":false},"excerpt":{"rendered":"<p>La Universidad de La Laguna y la Uni\u00f3n Europea, a trav\u00e9s de la Comisi\u00f3n Europea, han suscrito un convenio de&#8230;<\/p>\n","protected":false},"author":21,"featured_media":39931,"comment_status":"closed","ping_status":"closed","sticky":false,"template":"","format":"image","meta":{"inline_featured_image":false,"footnotes":""},"categories":[3773,345,349,2765],"tags":[4874,792,4875,4876,4877,2524,2550],"acf":[],"yoast_head":"<!-- This site is optimized with the Yoast SEO plugin v21.3 - https:\/\/yoast.com\/wordpress\/plugins\/seo\/ -->\n<title>La UE renueva la confianza en el Centro de Documentaci\u00f3n Europea ULL<\/title>\n<meta name=\"description\" content=\"La ULL y la Uni\u00f3n Europea, a trav\u00e9s de la Comisi\u00f3n Europea, han suscrito un convenio de asociaci\u00f3n mediante el cual se asegura la continuidad y funcionamiento del Centro de Documentaci\u00f3n Europea actualmente en funcionamiento en la instituci\u00f3n acad\u00e9mica, tras haber superado satisfactoriamente un proceso de evaluaci\u00f3n.\" \/>\n<meta name=\"robots\" content=\"index, follow, max-snippet:-1, max-image-preview:large, max-video-preview:-1\" \/>\n<link rel=\"canonical\" href=\"https:\/\/www.ull.es\/portal\/noticias\/2018\/centro-de-documentacion-europea-renovado\/\" \/>\n<meta property=\"og:locale\" content=\"es_ES\" \/>\n<meta property=\"og:type\" content=\"article\" \/>\n<meta property=\"og:title\" content=\"La UE renueva la confianza en el Centro de Documentaci\u00f3n Europea ULL\" \/>\n<meta property=\"og:description\" content=\"La ULL y la Uni\u00f3n Europea, a trav\u00e9s de la Comisi\u00f3n Europea, han suscrito un convenio de asociaci\u00f3n mediante el cual se asegura la continuidad y funcionamiento del Centro de Documentaci\u00f3n Europea actualmente en funcionamiento en la instituci\u00f3n acad\u00e9mica, tras haber superado satisfactoriamente un proceso de evaluaci\u00f3n.\" \/>\n<meta property=\"og:url\" content=\"https:\/\/www.ull.es\/portal\/noticias\/2018\/centro-de-documentacion-europea-renovado\/\" \/>\n<meta property=\"og:site_name\" content=\"ULL - Noticias\" \/>\n<meta property=\"article:publisher\" content=\"https:\/\/www.facebook.com\/universidaddelalaguna\/\" \/>\n<meta property=\"article:published_time\" content=\"2018-10-17T12:44:02+00:00\" \/>\n<meta property=\"og:image\" content=\"https:\/\/www.ull.es\/portal\/noticias\/wp-content\/uploads\/sites\/13\/2018\/10\/cde.jpg\" \/>\n\t<meta property=\"og:image:width\" content=\"1200\" \/>\n\t<meta property=\"og:image:height\" content=\"800\" \/>\n\t<meta property=\"og:image:type\" content=\"image\/jpeg\" \/>\n<meta name=\"author\" content=\"prensa2\" \/>\n<meta name=\"twitter:card\" content=\"summary_large_image\" \/>\n<meta name=\"twitter:creator\" content=\"@CanalULL\" \/>\n<meta name=\"twitter:site\" content=\"@CanalULL\" \/>\n<meta name=\"twitter:label1\" content=\"Escrito por\" \/>\n\t<meta name=\"twitter:data1\" content=\"prensa2\" \/>\n\t<meta name=\"twitter:label2\" content=\"Tiempo de lectura\" \/>\n\t<meta name=\"twitter:data2\" content=\"3 minutos\" \/>\n<script type=\"application\/ld+json\" class=\"yoast-schema-graph\">{\"@context\":\"https:\/\/schema.org\",\"@graph\":[{\"@type\":\"WebPage\",\"@id\":\"https:\/\/www.ull.es\/portal\/noticias\/2018\/centro-de-documentacion-europea-renovado\/\",\"url\":\"https:\/\/www.ull.es\/portal\/noticias\/2018\/centro-de-documentacion-europea-renovado\/\",\"name\":\"La UE renueva la confianza en el Centro de Documentaci\u00f3n Europea ULL\",\"isPartOf\":{\"@id\":\"https:\/\/www.ull.es\/portal\/noticias\/#website\"},\"datePublished\":\"2018-10-17T12:44:02+00:00\",\"dateModified\":\"2018-10-17T12:44:02+00:00\",\"author\":{\"@id\":\"https:\/\/www.ull.es\/portal\/noticias\/#\/schema\/person\/c3b2aa857797592927a03740d6664376\"},\"description\":\"La ULL y la Uni\u00f3n Europea, a trav\u00e9s de la Comisi\u00f3n Europea, han suscrito un convenio de asociaci\u00f3n mediante el cual se asegura la continuidad y funcionamiento del Centro de Documentaci\u00f3n Europea actualmente en funcionamiento en la instituci\u00f3n acad\u00e9mica, tras haber superado satisfactoriamente un proceso de evaluaci\u00f3n.\",\"breadcrumb\":{\"@id\":\"https:\/\/www.ull.es\/portal\/noticias\/2018\/centro-de-documentacion-europea-renovado\/#breadcrumb\"},\"inLanguage\":\"es\",\"potentialAction\":[{\"@type\":\"ReadAction\",\"target\":[\"https:\/\/www.ull.es\/portal\/noticias\/2018\/centro-de-documentacion-europea-renovado\/\"]}]},{\"@type\":\"BreadcrumbList\",\"@id\":\"https:\/\/www.ull.es\/portal\/noticias\/2018\/centro-de-documentacion-europea-renovado\/#breadcrumb\",\"itemListElement\":[{\"@type\":\"ListItem\",\"position\":1,\"name\":\"Portada\",\"item\":\"https:\/\/www.ull.es\/portal\/noticias\/\"},{\"@type\":\"ListItem\",\"position\":2,\"name\":\"La UE renueva la confianza en la ULL para mantener en la instituci\u00f3n un Centro de Documentaci\u00f3n Europea\"}]},{\"@type\":\"WebSite\",\"@id\":\"https:\/\/www.ull.es\/portal\/noticias\/#website\",\"url\":\"https:\/\/www.ull.es\/portal\/noticias\/\",\"name\":\"ULL - Noticias\",\"description\":\"\",\"potentialAction\":[{\"@type\":\"SearchAction\",\"target\":{\"@type\":\"EntryPoint\",\"urlTemplate\":\"https:\/\/www.ull.es\/portal\/noticias\/?s={search_term_string}\"},\"query-input\":\"required name=search_term_string\"}],\"inLanguage\":\"es\"},{\"@type\":\"Person\",\"@id\":\"https:\/\/www.ull.es\/portal\/noticias\/#\/schema\/person\/c3b2aa857797592927a03740d6664376\",\"name\":\"prensa2\",\"image\":{\"@type\":\"ImageObject\",\"inLanguage\":\"es\",\"@id\":\"https:\/\/www.ull.es\/portal\/noticias\/#\/schema\/person\/image\/\",\"url\":\"https:\/\/secure.gravatar.com\/avatar\/b58f310a5de5feb33d1e026d2493f23c?s=96&d=mm&r=g\",\"contentUrl\":\"https:\/\/secure.gravatar.com\/avatar\/b58f310a5de5feb33d1e026d2493f23c?s=96&d=mm&r=g\",\"caption\":\"prensa2\"},\"url\":\"https:\/\/www.ull.es\/portal\/noticias\/author\/prensa2\/\"}]}<\/script>\n<!-- \/ Yoast SEO plugin. -->","yoast_head_json":{"title":"La UE renueva la confianza en el Centro de Documentaci\u00f3n Europea ULL","description":"La ULL y la Uni\u00f3n Europea, a trav\u00e9s de la Comisi\u00f3n Europea, han suscrito un convenio de asociaci\u00f3n mediante el cual se asegura la continuidad y funcionamiento del Centro de Documentaci\u00f3n Europea actualmente en funcionamiento en la instituci\u00f3n acad\u00e9mica, tras haber superado satisfactoriamente un proceso de evaluaci\u00f3n.","robots":{"index":"index","follow":"follow","max-snippet":"max-snippet:-1","max-image-preview":"max-image-preview:large","max-video-preview":"max-video-preview:-1"},"canonical":"https:\/\/www.ull.es\/portal\/noticias\/2018\/centro-de-documentacion-europea-renovado\/","og_locale":"es_ES","og_type":"article","og_title":"La UE renueva la confianza en el Centro de Documentaci\u00f3n Europea ULL","og_description":"La ULL y la Uni\u00f3n Europea, a trav\u00e9s de la Comisi\u00f3n Europea, han suscrito un convenio de asociaci\u00f3n mediante el cual se asegura la continuidad y funcionamiento del Centro de Documentaci\u00f3n Europea actualmente en funcionamiento en la instituci\u00f3n acad\u00e9mica, tras haber superado satisfactoriamente un proceso de evaluaci\u00f3n.","og_url":"https:\/\/www.ull.es\/portal\/noticias\/2018\/centro-de-documentacion-europea-renovado\/","og_site_name":"ULL - Noticias","article_publisher":"https:\/\/www.facebook.com\/universidaddelalaguna\/","article_published_time":"2018-10-17T12:44:02+00:00","og_image":[{"width":1200,"height":800,"url":"https:\/\/www.ull.es\/portal\/noticias\/wp-content\/uploads\/sites\/13\/2018\/10\/cde.jpg","type":"image\/jpeg"}],"author":"prensa2","twitter_card":"summary_large_image","twitter_creator":"@CanalULL","twitter_site":"@CanalULL","twitter_misc":{"Escrito por":"prensa2","Tiempo de lectura":"3 minutos"},"schema":{"@context":"https:\/\/schema.org","@graph":[{"@type":"WebPage","@id":"https:\/\/www.ull.es\/portal\/noticias\/2018\/centro-de-documentacion-europea-renovado\/","url":"https:\/\/www.ull.es\/portal\/noticias\/2018\/centro-de-documentacion-europea-renovado\/","name":"La UE renueva la confianza en el Centro de Documentaci\u00f3n Europea ULL","isPartOf":{"@id":"https:\/\/www.ull.es\/portal\/noticias\/#website"},"datePublished":"2018-10-17T12:44:02+00:00","dateModified":"2018-10-17T12:44:02+00:00","author":{"@id":"https:\/\/www.ull.es\/portal\/noticias\/#\/schema\/person\/c3b2aa857797592927a03740d6664376"},"description":"La ULL y la Uni\u00f3n Europea, a trav\u00e9s de la Comisi\u00f3n Europea, han suscrito un convenio de asociaci\u00f3n mediante el cual se asegura la continuidad y funcionamiento del Centro de Documentaci\u00f3n Europea actualmente en funcionamiento en la instituci\u00f3n acad\u00e9mica, tras haber superado satisfactoriamente un proceso de evaluaci\u00f3n.","breadcrumb":{"@id":"https:\/\/www.ull.es\/portal\/noticias\/2018\/centro-de-documentacion-europea-renovado\/#breadcrumb"},"inLanguage":"es","potentialAction":[{"@type":"ReadAction","target":["https:\/\/www.ull.es\/portal\/noticias\/2018\/centro-de-documentacion-europea-renovado\/"]}]},{"@type":"BreadcrumbList","@id":"https:\/\/www.ull.es\/portal\/noticias\/2018\/centro-de-documentacion-europea-renovado\/#breadcrumb","itemListElement":[{"@type":"ListItem","position":1,"name":"Portada","item":"https:\/\/www.ull.es\/portal\/noticias\/"},{"@type":"ListItem","position":2,"name":"La UE renueva la confianza en la ULL para mantener en la instituci\u00f3n un Centro de Documentaci\u00f3n Europea"}]},{"@type":"WebSite","@id":"https:\/\/www.ull.es\/portal\/noticias\/#website","url":"https:\/\/www.ull.es\/portal\/noticias\/","name":"ULL - Noticias","description":"","potentialAction":[{"@type":"SearchAction","target":{"@type":"EntryPoint","urlTemplate":"https:\/\/www.ull.es\/portal\/noticias\/?s={search_term_string}"},"query-input":"required name=search_term_string"}],"inLanguage":"es"},{"@type":"Person","@id":"https:\/\/www.ull.es\/portal\/noticias\/#\/schema\/person\/c3b2aa857797592927a03740d6664376","name":"prensa2","image":{"@type":"ImageObject","inLanguage":"es","@id":"https:\/\/www.ull.es\/portal\/noticias\/#\/schema\/person\/image\/","url":"https:\/\/secure.gravatar.com\/avatar\/b58f310a5de5feb33d1e026d2493f23c?s=96&d=mm&r=g","contentUrl":"https:\/\/secure.gravatar.com\/avatar\/b58f310a5de5feb33d1e026d2493f23c?s=96&d=mm&r=g","caption":"prensa2"},"url":"https:\/\/www.ull.es\/portal\/noticias\/author\/prensa2\/"}]}},"primary_category":{"id":349,"name":"Internacionalizaci\u00f3n","slug":"internacionalizacion","link":"https:\/\/www.ull.es\/portal\/noticias\/category\/internacionalizacion\/"},"featured_image_thumbnail_url":"https:\/\/www.ull.es\/portal\/noticias\/wp-content\/uploads\/sites\/13\/2018\/10\/cde-300x200.jpg","_links":{"self":[{"href":"https:\/\/www.ull.es\/portal\/noticias\/wp-json\/wp\/v2\/posts\/39930"}],"collection":[{"href":"https:\/\/www.ull.es\/portal\/noticias\/wp-json\/wp\/v2\/posts"}],"about":[{"href":"https:\/\/www.ull.es\/portal\/noticias\/wp-json\/wp\/v2\/types\/post"}],"author":[{"embeddable":true,"href":"https:\/\/www.ull.es\/portal\/noticias\/wp-json\/wp\/v2\/users\/21"}],"replies":[{"embeddable":true,"href":"https:\/\/www.ull.es\/portal\/noticias\/wp-json\/wp\/v2\/comments?post=39930"}],"version-history":[{"count":1,"href":"https:\/\/www.ull.es\/portal\/noticias\/wp-json\/wp\/v2\/posts\/39930\/revisions"}],"predecessor-version":[{"id":39932,"href":"https:\/\/www.ull.es\/portal\/noticias\/wp-json\/wp\/v2\/posts\/39930\/revisions\/39932"}],"wp:featuredmedia":[{"embeddable":true,"href":"https:\/\/www.ull.es\/portal\/noticias\/wp-json\/wp\/v2\/media\/39931"}],"wp:attachment":[{"href":"https:\/\/www.ull.es\/portal\/noticias\/wp-json\/wp\/v2\/media?parent=39930"}],"wp:term":[{"taxonomy":"category","embeddable":true,"href":"https:\/\/www.ull.es\/portal\/noticias\/wp-json\/wp\/v2\/categories?post=39930"},{"taxonomy":"post_tag","embeddable":true,"href":"https:\/\/www.ull.es\/portal\/noticias\/wp-json\/wp\/v2\/tags?post=39930"}],"curies":[{"name":"wp","href":"https:\/\/api.w.org\/{rel}","templated":true}]}}