{"id":39967,"date":"2018-10-18T14:14:17","date_gmt":"2018-10-18T14:14:17","guid":{"rendered":"https:\/\/www.ull.es\/portal\/noticias\/?p=39967"},"modified":"2024-01-26T11:24:31","modified_gmt":"2024-01-26T11:24:31","slug":"programas-para-mayores-ull-usc","status":"publish","type":"post","link":"https:\/\/www.ull.es\/portal\/noticias\/2018\/programas-para-mayores-ull-usc\/","title":{"rendered":"Los Programas para Mayores de las universidades de La Laguna y Santiago realizan un intercambio de estudiantes"},"content":{"rendered":"<p>Los Programas para Personas Mayores de las universidades de La Laguna y de Santiago de Compostela han acordado realizar una actividad de intercambio de alumnado que ha comenzado esta semana, con la visita de catorce estudiantes del centro gallego a la instituci\u00f3n tinerfe\u00f1a. En noviembre ser\u00e1n veinte los alumnos de la instituci\u00f3n canaria quienes se desplacen durante cinco d\u00edas a Galicia.<\/p>\n<p style=\"text-align: center;\"><a href=\"https:\/\/drive.google.com\/drive\/folders\/17DQ9ddNbxfzWJUwPbILwt-UlJczimSFW?usp=sharing\" target=\"_blank\" rel=\"noopener\" target=\"_blank\" rel=\"noopener\"><strong>Galer\u00eda de im\u00e1genes<\/strong><\/a><\/p>\n<p>El rector de la ULL, Antonio Martin\u00f3n, y el vicerrector de Relaciones con la Sociedad, Francisco Garc\u00eda, ofrecieron hoy, jueves 18 de octubre, una peque\u00f1a recepci\u00f3n a estos visitantes, celebrada en la sede universitaria de la calle Viana.<\/p>\n<p>El rector reflexion\u00f3 que, gracias a estos programas destinados a personas mayores de 50 a\u00f1os que proliferan en muchas universidades espa\u00f1olas, se puede dar la circunstancia de que abuelos y nietos coincidan en el mismo campus. Sobre Santiago de Compostela, se\u00f1al\u00f3 que era un ejemplo para la instituci\u00f3n que dirige, pues se trata de una ciudad totalmente identificada con su universidad, lo cual es una de las aspiraciones de la propia Universidad de La Laguna en relaci\u00f3n a su ciudad matriz.<\/p>\n<p>El vicerrector de Relaciones con la Sociedad puso este tipo de programas como ejemplo de una universidad moderna que se ha ido adaptando para responder a una demanda social muy concreta. Record\u00f3 que \u00e9l mismo ha sido docente de este tipo de formaci\u00f3n y por ello es consciente de la \u201ccalidad y calidez\u201d de su alumnado.<\/p>\n<p>En la recepci\u00f3n tambi\u00e9n estuvo presente Jos\u00e9 Arnay, director acad\u00e9mico de los Estudios Universitarios para Personas Adultas y Mayores, que es la denominaci\u00f3n de este programa en la Universidad de La Laguna. Record\u00f3 que, a pesar de que este es el d\u00e9cimo noveno curso que se imparte, hasta la fecha no se hab\u00eda realizado un intercambio con otra universidad. Por ello, felicit\u00f3 a los invitados gallegos por ser \u201cpioneros\u201d y manifest\u00f3 su intenci\u00f3n de regularizar esta actividad a partir de ahora, con uno o dos intercambios por curso.<br \/>\nTeresa Rodr\u00edguez L\u00f3pez, coordinadora del Programa Para Mayores en el Campus de Lugo de la Universidad de Santiago de Compostela, resalt\u00f3 la importancia de esta formaci\u00f3n y reclam\u00f3 que su alumnado tuviera una mayor consideraci\u00f3n como un colectivo m\u00e1s dentro de la comunidad universitaria. Destac\u00f3 que se trata de un tipo de estudiantes especialmente implicado y motivado, \u201cque no est\u00e1 siempre pendiente del m\u00f3vil,<\/p>\n<p>Durante estos d\u00edas de intercambio, el alumnado visitante combinar\u00e1 las actividades l\u00fadicas y tur\u00edsticas en horario de ma\u00f1ana y noche con la asistencia por las tardes a las clases del programa impartidas en la Universidad de La Laguna.<\/p>\n","protected":false},"excerpt":{"rendered":"<p>Los Programas para Personas Mayores de las universidades de La Laguna y de Santiago de Compostela han acordado realizar una&#8230;<\/p>\n","protected":false},"author":21,"featured_media":39968,"comment_status":"closed","ping_status":"closed","sticky":false,"template":"","format":"standard","meta":{"inline_featured_image":false,"footnotes":""},"categories":[345,346,2765,10657],"tags":[4889,4888,1867,2175],"acf":[],"yoast_head":"<!-- This site is optimized with the Yoast SEO plugin v21.3 - https:\/\/yoast.com\/wordpress\/plugins\/seo\/ -->\n<title>Los Programas para Mayores de la ULL y la USC realizan un intercambio<\/title>\n<meta name=\"description\" content=\"Los Programas para Personas Mayores de las universidades de La Laguna y de Santiago de Compostela han acordado realizar una actividad de intercambio de alumnado que ha comenzado esta semana, con la visita de catorce estudiantes del centro gallego a la instituci\u00f3n tinerfe\u00f1a.\" \/>\n<meta name=\"robots\" content=\"index, follow, max-snippet:-1, max-image-preview:large, max-video-preview:-1\" \/>\n<link rel=\"canonical\" href=\"https:\/\/www.ull.es\/portal\/noticias\/2018\/programas-para-mayores-ull-usc\/\" \/>\n<meta property=\"og:locale\" content=\"es_ES\" \/>\n<meta property=\"og:type\" content=\"article\" \/>\n<meta property=\"og:title\" content=\"Los Programas para Mayores de la ULL y la USC realizan un intercambio\" \/>\n<meta property=\"og:description\" content=\"Los Programas para Personas Mayores de las universidades de La Laguna y de Santiago de Compostela han acordado realizar una actividad de intercambio de alumnado que ha comenzado esta semana, con la visita de catorce estudiantes del centro gallego a la instituci\u00f3n tinerfe\u00f1a.\" \/>\n<meta property=\"og:url\" content=\"https:\/\/www.ull.es\/portal\/noticias\/2018\/programas-para-mayores-ull-usc\/\" \/>\n<meta property=\"og:site_name\" content=\"ULL - Noticias\" \/>\n<meta property=\"article:publisher\" content=\"https:\/\/www.facebook.com\/universidaddelalaguna\/\" \/>\n<meta property=\"article:published_time\" content=\"2018-10-18T14:14:17+00:00\" \/>\n<meta property=\"article:modified_time\" content=\"2024-01-26T11:24:31+00:00\" \/>\n<meta property=\"og:image\" content=\"https:\/\/www.ull.es\/portal\/noticias\/wp-content\/uploads\/sites\/13\/2018\/10\/Visita-Mayores-Santiago-17.jpg\" \/>\n\t<meta property=\"og:image:width\" content=\"1024\" \/>\n\t<meta property=\"og:image:height\" content=\"683\" \/>\n\t<meta property=\"og:image:type\" content=\"image\/jpeg\" \/>\n<meta name=\"author\" content=\"prensa2\" \/>\n<meta name=\"twitter:card\" content=\"summary_large_image\" \/>\n<meta name=\"twitter:creator\" content=\"@CanalULL\" \/>\n<meta name=\"twitter:site\" content=\"@CanalULL\" \/>\n<meta name=\"twitter:label1\" content=\"Escrito por\" \/>\n\t<meta name=\"twitter:data1\" content=\"prensa2\" \/>\n\t<meta name=\"twitter:label2\" content=\"Tiempo de lectura\" \/>\n\t<meta name=\"twitter:data2\" content=\"2 minutos\" \/>\n<script type=\"application\/ld+json\" class=\"yoast-schema-graph\">{\"@context\":\"https:\/\/schema.org\",\"@graph\":[{\"@type\":\"WebPage\",\"@id\":\"https:\/\/www.ull.es\/portal\/noticias\/2018\/programas-para-mayores-ull-usc\/\",\"url\":\"https:\/\/www.ull.es\/portal\/noticias\/2018\/programas-para-mayores-ull-usc\/\",\"name\":\"Los Programas para Mayores de la ULL y la USC realizan un intercambio\",\"isPartOf\":{\"@id\":\"https:\/\/www.ull.es\/portal\/noticias\/#website\"},\"datePublished\":\"2018-10-18T14:14:17+00:00\",\"dateModified\":\"2024-01-26T11:24:31+00:00\",\"author\":{\"@id\":\"https:\/\/www.ull.es\/portal\/noticias\/#\/schema\/person\/c3b2aa857797592927a03740d6664376\"},\"description\":\"Los Programas para Personas Mayores de las universidades de La Laguna y de Santiago de Compostela han acordado realizar una actividad de intercambio de alumnado que ha comenzado esta semana, con la visita de catorce estudiantes del centro gallego a la instituci\u00f3n tinerfe\u00f1a.\",\"breadcrumb\":{\"@id\":\"https:\/\/www.ull.es\/portal\/noticias\/2018\/programas-para-mayores-ull-usc\/#breadcrumb\"},\"inLanguage\":\"es\",\"potentialAction\":[{\"@type\":\"ReadAction\",\"target\":[\"https:\/\/www.ull.es\/portal\/noticias\/2018\/programas-para-mayores-ull-usc\/\"]}]},{\"@type\":\"BreadcrumbList\",\"@id\":\"https:\/\/www.ull.es\/portal\/noticias\/2018\/programas-para-mayores-ull-usc\/#breadcrumb\",\"itemListElement\":[{\"@type\":\"ListItem\",\"position\":1,\"name\":\"Portada\",\"item\":\"https:\/\/www.ull.es\/portal\/noticias\/\"},{\"@type\":\"ListItem\",\"position\":2,\"name\":\"Los Programas para Mayores de las universidades de La Laguna y Santiago realizan un intercambio de estudiantes\"}]},{\"@type\":\"WebSite\",\"@id\":\"https:\/\/www.ull.es\/portal\/noticias\/#website\",\"url\":\"https:\/\/www.ull.es\/portal\/noticias\/\",\"name\":\"ULL - Noticias\",\"description\":\"\",\"potentialAction\":[{\"@type\":\"SearchAction\",\"target\":{\"@type\":\"EntryPoint\",\"urlTemplate\":\"https:\/\/www.ull.es\/portal\/noticias\/?s={search_term_string}\"},\"query-input\":\"required name=search_term_string\"}],\"inLanguage\":\"es\"},{\"@type\":\"Person\",\"@id\":\"https:\/\/www.ull.es\/portal\/noticias\/#\/schema\/person\/c3b2aa857797592927a03740d6664376\",\"name\":\"prensa2\",\"image\":{\"@type\":\"ImageObject\",\"inLanguage\":\"es\",\"@id\":\"https:\/\/www.ull.es\/portal\/noticias\/#\/schema\/person\/image\/\",\"url\":\"https:\/\/secure.gravatar.com\/avatar\/b58f310a5de5feb33d1e026d2493f23c?s=96&d=mm&r=g\",\"contentUrl\":\"https:\/\/secure.gravatar.com\/avatar\/b58f310a5de5feb33d1e026d2493f23c?s=96&d=mm&r=g\",\"caption\":\"prensa2\"},\"url\":\"https:\/\/www.ull.es\/portal\/noticias\/author\/prensa2\/\"}]}<\/script>\n<!-- \/ Yoast SEO plugin. -->","yoast_head_json":{"title":"Los Programas para Mayores de la ULL y la USC realizan un intercambio","description":"Los Programas para Personas Mayores de las universidades de La Laguna y de Santiago de Compostela han acordado realizar una actividad de intercambio de alumnado que ha comenzado esta semana, con la visita de catorce estudiantes del centro gallego a la instituci\u00f3n tinerfe\u00f1a.","robots":{"index":"index","follow":"follow","max-snippet":"max-snippet:-1","max-image-preview":"max-image-preview:large","max-video-preview":"max-video-preview:-1"},"canonical":"https:\/\/www.ull.es\/portal\/noticias\/2018\/programas-para-mayores-ull-usc\/","og_locale":"es_ES","og_type":"article","og_title":"Los Programas para Mayores de la ULL y la USC realizan un intercambio","og_description":"Los Programas para Personas Mayores de las universidades de La Laguna y de Santiago de Compostela han acordado realizar una actividad de intercambio de alumnado que ha comenzado esta semana, con la visita de catorce estudiantes del centro gallego a la instituci\u00f3n tinerfe\u00f1a.","og_url":"https:\/\/www.ull.es\/portal\/noticias\/2018\/programas-para-mayores-ull-usc\/","og_site_name":"ULL - Noticias","article_publisher":"https:\/\/www.facebook.com\/universidaddelalaguna\/","article_published_time":"2018-10-18T14:14:17+00:00","article_modified_time":"2024-01-26T11:24:31+00:00","og_image":[{"width":1024,"height":683,"url":"https:\/\/www.ull.es\/portal\/noticias\/wp-content\/uploads\/sites\/13\/2018\/10\/Visita-Mayores-Santiago-17.jpg","type":"image\/jpeg"}],"author":"prensa2","twitter_card":"summary_large_image","twitter_creator":"@CanalULL","twitter_site":"@CanalULL","twitter_misc":{"Escrito por":"prensa2","Tiempo de lectura":"2 minutos"},"schema":{"@context":"https:\/\/schema.org","@graph":[{"@type":"WebPage","@id":"https:\/\/www.ull.es\/portal\/noticias\/2018\/programas-para-mayores-ull-usc\/","url":"https:\/\/www.ull.es\/portal\/noticias\/2018\/programas-para-mayores-ull-usc\/","name":"Los Programas para Mayores de la ULL y la USC realizan un intercambio","isPartOf":{"@id":"https:\/\/www.ull.es\/portal\/noticias\/#website"},"datePublished":"2018-10-18T14:14:17+00:00","dateModified":"2024-01-26T11:24:31+00:00","author":{"@id":"https:\/\/www.ull.es\/portal\/noticias\/#\/schema\/person\/c3b2aa857797592927a03740d6664376"},"description":"Los Programas para Personas Mayores de las universidades de La Laguna y de Santiago de Compostela han acordado realizar una actividad de intercambio de alumnado que ha comenzado esta semana, con la visita de catorce estudiantes del centro gallego a la instituci\u00f3n tinerfe\u00f1a.","breadcrumb":{"@id":"https:\/\/www.ull.es\/portal\/noticias\/2018\/programas-para-mayores-ull-usc\/#breadcrumb"},"inLanguage":"es","potentialAction":[{"@type":"ReadAction","target":["https:\/\/www.ull.es\/portal\/noticias\/2018\/programas-para-mayores-ull-usc\/"]}]},{"@type":"BreadcrumbList","@id":"https:\/\/www.ull.es\/portal\/noticias\/2018\/programas-para-mayores-ull-usc\/#breadcrumb","itemListElement":[{"@type":"ListItem","position":1,"name":"Portada","item":"https:\/\/www.ull.es\/portal\/noticias\/"},{"@type":"ListItem","position":2,"name":"Los Programas para Mayores de las universidades de La Laguna y Santiago realizan un intercambio de estudiantes"}]},{"@type":"WebSite","@id":"https:\/\/www.ull.es\/portal\/noticias\/#website","url":"https:\/\/www.ull.es\/portal\/noticias\/","name":"ULL - Noticias","description":"","potentialAction":[{"@type":"SearchAction","target":{"@type":"EntryPoint","urlTemplate":"https:\/\/www.ull.es\/portal\/noticias\/?s={search_term_string}"},"query-input":"required name=search_term_string"}],"inLanguage":"es"},{"@type":"Person","@id":"https:\/\/www.ull.es\/portal\/noticias\/#\/schema\/person\/c3b2aa857797592927a03740d6664376","name":"prensa2","image":{"@type":"ImageObject","inLanguage":"es","@id":"https:\/\/www.ull.es\/portal\/noticias\/#\/schema\/person\/image\/","url":"https:\/\/secure.gravatar.com\/avatar\/b58f310a5de5feb33d1e026d2493f23c?s=96&d=mm&r=g","contentUrl":"https:\/\/secure.gravatar.com\/avatar\/b58f310a5de5feb33d1e026d2493f23c?s=96&d=mm&r=g","caption":"prensa2"},"url":"https:\/\/www.ull.es\/portal\/noticias\/author\/prensa2\/"}]}},"primary_category":{"id":346,"name":"Docencia","slug":"docencia","link":"https:\/\/www.ull.es\/portal\/noticias\/category\/docencia\/"},"featured_image_thumbnail_url":"https:\/\/www.ull.es\/portal\/noticias\/wp-content\/uploads\/sites\/13\/2018\/10\/Visita-Mayores-Santiago-17-300x200.jpg","_links":{"self":[{"href":"https:\/\/www.ull.es\/portal\/noticias\/wp-json\/wp\/v2\/posts\/39967"}],"collection":[{"href":"https:\/\/www.ull.es\/portal\/noticias\/wp-json\/wp\/v2\/posts"}],"about":[{"href":"https:\/\/www.ull.es\/portal\/noticias\/wp-json\/wp\/v2\/types\/post"}],"author":[{"embeddable":true,"href":"https:\/\/www.ull.es\/portal\/noticias\/wp-json\/wp\/v2\/users\/21"}],"replies":[{"embeddable":true,"href":"https:\/\/www.ull.es\/portal\/noticias\/wp-json\/wp\/v2\/comments?post=39967"}],"version-history":[{"count":2,"href":"https:\/\/www.ull.es\/portal\/noticias\/wp-json\/wp\/v2\/posts\/39967\/revisions"}],"predecessor-version":[{"id":73776,"href":"https:\/\/www.ull.es\/portal\/noticias\/wp-json\/wp\/v2\/posts\/39967\/revisions\/73776"}],"wp:featuredmedia":[{"embeddable":true,"href":"https:\/\/www.ull.es\/portal\/noticias\/wp-json\/wp\/v2\/media\/39968"}],"wp:attachment":[{"href":"https:\/\/www.ull.es\/portal\/noticias\/wp-json\/wp\/v2\/media?parent=39967"}],"wp:term":[{"taxonomy":"category","embeddable":true,"href":"https:\/\/www.ull.es\/portal\/noticias\/wp-json\/wp\/v2\/categories?post=39967"},{"taxonomy":"post_tag","embeddable":true,"href":"https:\/\/www.ull.es\/portal\/noticias\/wp-json\/wp\/v2\/tags?post=39967"}],"curies":[{"name":"wp","href":"https:\/\/api.w.org\/{rel}","templated":true}]}}