{"id":40097,"date":"2018-10-24T07:45:49","date_gmt":"2018-10-24T07:45:49","guid":{"rendered":"https:\/\/www.ull.es\/portal\/noticias\/?p=40097"},"modified":"2018-10-24T09:08:42","modified_gmt":"2018-10-24T09:08:42","slug":"inscripciones-open-call-alastria","status":"publish","type":"post","link":"https:\/\/www.ull.es\/portal\/noticias\/2018\/inscripciones-open-call-alastria\/","title":{"rendered":"El plazo para inscribirse en el Open Call de Alastria finaliza el mi\u00e9rcoles 31 de octubre"},"content":{"rendered":"<p>El <a href=\"https:\/\/medium.com\/@alastria_es\/open-call-alastria-2f09f6865717\" target=\"_blank\" rel=\"noopener\" target=\"_blank\" rel=\"noopener\">Open Call 2018 (AOC)<\/a>, propuesto por la Comisi\u00f3n de Innovaci\u00f3n y Talento de Alastria, ha sido dise\u00f1ado para integrar distintas iniciativas que fomenten el emprendimiento a trav\u00e9s de la innovaci\u00f3n, desarrollo y formaci\u00f3n en Blockchain. Este concurso, que se llevar\u00e1 a cabo en diferentes periodos, se extender\u00e1 hasta el pr\u00f3ximo 19 de noviembre y su inscripci\u00f3n estar\u00e1 abierta hasta el 31 de octubre.<\/p>\n<p>El concurso consta de tres retos diferentes, que se organizan en funci\u00f3n de las tem\u00e1ticas seleccionadas, todas ellas pertenecientes a diferentes sectores de la econom\u00eda, como son los casos de turismo, educaci\u00f3n y transporte y log\u00edstica.<\/p>\n<p>La convocatoria se replica en los 10 Ecosistemas de Coordinaci\u00f3n (ECO) de Alastria, repartidos por toda Espa\u00f1a, entre los que se encuentra ECO Canarias, coordinado por la <a href=\"https:\/\/fg.ull.es\/\" target=\"_blank\" rel=\"noopener\" target=\"_blank\" rel=\"noopener\">Fundaci\u00f3n General de la ULL<\/a>. \u00c9ste se encargar\u00e1 de elegir a los dos finalistas y tambi\u00e9n al proyecto ganador en Canarias. La idea es que haya un ganador por cada uno de los 10 ECO, quien recibir\u00e1 un premio en met\u00e1lico de 1.200 euros.<\/p>\n<p>El Open Call se divide en dos fases, una te\u00f3rica y otra de desarrollo, y est\u00e1 destinado a estudiantes,<em> startups<\/em> y desarrolladores con inter\u00e9s en iniciarse en el mundo Blockchain. Cabe destacar que las personas participantes deber\u00e1n implicarse en el desarrollo de soluciones de casos reales sobre la tesnet del consorcio.<\/p>\n<p>Tras la clausura del periodo de inscripci\u00f3n (31 de octubre), cada ECO elegir\u00e1 a 2 finalistas, que entrar\u00e1n en la fase de desarrollo. El Eco de Canarias seleccionar\u00e1 a sus dos finalistas el 4 de noviembre, quienes iniciar\u00e1n, el d\u00eda 5 de noviembre, la fase de desarrollo de sendos prototipos.<\/p>\n<p>Seg\u00fan el calendario del Open Cal\u2019, la finalizaci\u00f3n para el desarrollo de la segunda fase se producir\u00e1 el 18 de noviembre, mientras que, el 19, se llevar\u00e1 a cabo la presentaci\u00f3n de los finalistas y la selecci\u00f3n del ganador (Demo Day).<\/p>\n<p>El l\u00edder del ECO de Canarias, Julio Brito, director Gerente de la Fundaci\u00f3n General de la Universidad de la Laguna, explic\u00f3 que \u201cla reciente creaci\u00f3n del ECO se refuerza con este Open Call\u00bb y espera que se invite a la creaci\u00f3n de \u201cun ecosistema que convoque al sector privado y a las universidades en un fin com\u00fan, generando eficiencias para el futuro\u201d.<\/p>\n<p>Por su parte, la l\u00edder de la Comisi\u00f3n de Innovaci\u00f3n y Talento de Alastria, Carmen Chicharro, explica que se trata de una din\u00e1mica es sencilla: \u201cSi soy una startup que tengo una soluci\u00f3n de dom\u00f3tica, puedo utilizar la tesnet de Alastria para generar un prototipo de Smart Contact, en un proceso de registro, pago o generaci\u00f3n de validaciones. Si mi startup tiene una soluci\u00f3n de trazabilidad, puedo utilizar la tesnet de Alastria para identificar alimentos y sus atributos, realizar su seguimiento y controlar su autenticidad\u201d.<\/p>\n<p>En conclusi\u00f3n, el objetivo principal de esta convocatoria es conseguir que las personas participantes utilicen la tesnet de Alastria, la cual est\u00e1 estabilizada y operativa para desarrollos.<\/p>\n<p>Las personas interesadas en participar en el AOC 2018, podr\u00e1n consultar sus dudas enviando un correo electr\u00f3nico a ecocanarias@fg.ull.es.<\/p>\n","protected":false},"excerpt":{"rendered":"<p>El Open Call 2018 (AOC), propuesto por la Comisi\u00f3n de Innovaci\u00f3n y Talento de Alastria, ha sido dise\u00f1ado para integrar&#8230;<\/p>\n","protected":false},"author":21,"featured_media":40098,"comment_status":"closed","ping_status":"closed","sticky":false,"template":"","format":"standard","meta":{"inline_featured_image":false,"footnotes":""},"categories":[345,348,2765],"tags":[4908,4909,1261,1262,4907],"acf":[],"yoast_head":"<!-- This site is optimized with the Yoast SEO plugin v21.3 - https:\/\/yoast.com\/wordpress\/plugins\/seo\/ -->\n<title>La inscripci\u00f3n en el Open Call de Alastria finaliza el 31 de octubre<\/title>\n<meta name=\"robots\" content=\"index, follow, max-snippet:-1, max-image-preview:large, max-video-preview:-1\" \/>\n<link rel=\"canonical\" href=\"https:\/\/www.ull.es\/portal\/noticias\/2018\/inscripciones-open-call-alastria\/\" \/>\n<meta property=\"og:locale\" content=\"es_ES\" \/>\n<meta property=\"og:type\" content=\"article\" \/>\n<meta property=\"og:title\" content=\"La inscripci\u00f3n en el Open Call de Alastria finaliza el 31 de octubre\" \/>\n<meta property=\"og:description\" content=\"El Open Call 2018 (AOC), propuesto por la Comisi\u00f3n de Innovaci\u00f3n y Talento de Alastria, ha sido dise\u00f1ado para integrar...\" \/>\n<meta property=\"og:url\" content=\"https:\/\/www.ull.es\/portal\/noticias\/2018\/inscripciones-open-call-alastria\/\" \/>\n<meta property=\"og:site_name\" content=\"ULL - Noticias\" \/>\n<meta property=\"article:publisher\" content=\"https:\/\/www.facebook.com\/universidaddelalaguna\/\" \/>\n<meta property=\"article:published_time\" content=\"2018-10-24T07:45:49+00:00\" \/>\n<meta property=\"article:modified_time\" content=\"2018-10-24T09:08:42+00:00\" \/>\n<meta property=\"og:image\" content=\"https:\/\/www.ull.es\/portal\/noticias\/wp-content\/uploads\/sites\/13\/2018\/10\/Alastria-OC-4.png\" \/>\n\t<meta property=\"og:image:width\" content=\"1024\" \/>\n\t<meta property=\"og:image:height\" content=\"512\" \/>\n\t<meta property=\"og:image:type\" content=\"image\/png\" \/>\n<meta name=\"author\" content=\"prensa2\" \/>\n<meta name=\"twitter:card\" content=\"summary_large_image\" \/>\n<meta name=\"twitter:creator\" content=\"@CanalULL\" \/>\n<meta name=\"twitter:site\" content=\"@CanalULL\" \/>\n<meta name=\"twitter:label1\" content=\"Escrito por\" \/>\n\t<meta name=\"twitter:data1\" content=\"prensa2\" \/>\n\t<meta name=\"twitter:label2\" content=\"Tiempo de lectura\" \/>\n\t<meta name=\"twitter:data2\" content=\"3 minutos\" \/>\n<script type=\"application\/ld+json\" class=\"yoast-schema-graph\">{\"@context\":\"https:\/\/schema.org\",\"@graph\":[{\"@type\":\"WebPage\",\"@id\":\"https:\/\/www.ull.es\/portal\/noticias\/2018\/inscripciones-open-call-alastria\/\",\"url\":\"https:\/\/www.ull.es\/portal\/noticias\/2018\/inscripciones-open-call-alastria\/\",\"name\":\"La inscripci\u00f3n en el Open Call de Alastria finaliza el 31 de octubre\",\"isPartOf\":{\"@id\":\"https:\/\/www.ull.es\/portal\/noticias\/#website\"},\"datePublished\":\"2018-10-24T07:45:49+00:00\",\"dateModified\":\"2018-10-24T09:08:42+00:00\",\"author\":{\"@id\":\"https:\/\/www.ull.es\/portal\/noticias\/#\/schema\/person\/c3b2aa857797592927a03740d6664376\"},\"breadcrumb\":{\"@id\":\"https:\/\/www.ull.es\/portal\/noticias\/2018\/inscripciones-open-call-alastria\/#breadcrumb\"},\"inLanguage\":\"es\",\"potentialAction\":[{\"@type\":\"ReadAction\",\"target\":[\"https:\/\/www.ull.es\/portal\/noticias\/2018\/inscripciones-open-call-alastria\/\"]}]},{\"@type\":\"BreadcrumbList\",\"@id\":\"https:\/\/www.ull.es\/portal\/noticias\/2018\/inscripciones-open-call-alastria\/#breadcrumb\",\"itemListElement\":[{\"@type\":\"ListItem\",\"position\":1,\"name\":\"Portada\",\"item\":\"https:\/\/www.ull.es\/portal\/noticias\/\"},{\"@type\":\"ListItem\",\"position\":2,\"name\":\"El plazo para inscribirse en el Open Call de Alastria finaliza el mi\u00e9rcoles 31 de octubre\"}]},{\"@type\":\"WebSite\",\"@id\":\"https:\/\/www.ull.es\/portal\/noticias\/#website\",\"url\":\"https:\/\/www.ull.es\/portal\/noticias\/\",\"name\":\"ULL - Noticias\",\"description\":\"\",\"potentialAction\":[{\"@type\":\"SearchAction\",\"target\":{\"@type\":\"EntryPoint\",\"urlTemplate\":\"https:\/\/www.ull.es\/portal\/noticias\/?s={search_term_string}\"},\"query-input\":\"required name=search_term_string\"}],\"inLanguage\":\"es\"},{\"@type\":\"Person\",\"@id\":\"https:\/\/www.ull.es\/portal\/noticias\/#\/schema\/person\/c3b2aa857797592927a03740d6664376\",\"name\":\"prensa2\",\"image\":{\"@type\":\"ImageObject\",\"inLanguage\":\"es\",\"@id\":\"https:\/\/www.ull.es\/portal\/noticias\/#\/schema\/person\/image\/\",\"url\":\"https:\/\/secure.gravatar.com\/avatar\/b58f310a5de5feb33d1e026d2493f23c?s=96&d=mm&r=g\",\"contentUrl\":\"https:\/\/secure.gravatar.com\/avatar\/b58f310a5de5feb33d1e026d2493f23c?s=96&d=mm&r=g\",\"caption\":\"prensa2\"},\"url\":\"https:\/\/www.ull.es\/portal\/noticias\/author\/prensa2\/\"}]}<\/script>\n<!-- \/ Yoast SEO plugin. -->","yoast_head_json":{"title":"La inscripci\u00f3n en el Open Call de Alastria finaliza el 31 de octubre","robots":{"index":"index","follow":"follow","max-snippet":"max-snippet:-1","max-image-preview":"max-image-preview:large","max-video-preview":"max-video-preview:-1"},"canonical":"https:\/\/www.ull.es\/portal\/noticias\/2018\/inscripciones-open-call-alastria\/","og_locale":"es_ES","og_type":"article","og_title":"La inscripci\u00f3n en el Open Call de Alastria finaliza el 31 de octubre","og_description":"El Open Call 2018 (AOC), propuesto por la Comisi\u00f3n de Innovaci\u00f3n y Talento de Alastria, ha sido dise\u00f1ado para integrar...","og_url":"https:\/\/www.ull.es\/portal\/noticias\/2018\/inscripciones-open-call-alastria\/","og_site_name":"ULL - Noticias","article_publisher":"https:\/\/www.facebook.com\/universidaddelalaguna\/","article_published_time":"2018-10-24T07:45:49+00:00","article_modified_time":"2018-10-24T09:08:42+00:00","og_image":[{"width":1024,"height":512,"url":"https:\/\/www.ull.es\/portal\/noticias\/wp-content\/uploads\/sites\/13\/2018\/10\/Alastria-OC-4.png","type":"image\/png"}],"author":"prensa2","twitter_card":"summary_large_image","twitter_creator":"@CanalULL","twitter_site":"@CanalULL","twitter_misc":{"Escrito por":"prensa2","Tiempo de lectura":"3 minutos"},"schema":{"@context":"https:\/\/schema.org","@graph":[{"@type":"WebPage","@id":"https:\/\/www.ull.es\/portal\/noticias\/2018\/inscripciones-open-call-alastria\/","url":"https:\/\/www.ull.es\/portal\/noticias\/2018\/inscripciones-open-call-alastria\/","name":"La inscripci\u00f3n en el Open Call de Alastria finaliza el 31 de octubre","isPartOf":{"@id":"https:\/\/www.ull.es\/portal\/noticias\/#website"},"datePublished":"2018-10-24T07:45:49+00:00","dateModified":"2018-10-24T09:08:42+00:00","author":{"@id":"https:\/\/www.ull.es\/portal\/noticias\/#\/schema\/person\/c3b2aa857797592927a03740d6664376"},"breadcrumb":{"@id":"https:\/\/www.ull.es\/portal\/noticias\/2018\/inscripciones-open-call-alastria\/#breadcrumb"},"inLanguage":"es","potentialAction":[{"@type":"ReadAction","target":["https:\/\/www.ull.es\/portal\/noticias\/2018\/inscripciones-open-call-alastria\/"]}]},{"@type":"BreadcrumbList","@id":"https:\/\/www.ull.es\/portal\/noticias\/2018\/inscripciones-open-call-alastria\/#breadcrumb","itemListElement":[{"@type":"ListItem","position":1,"name":"Portada","item":"https:\/\/www.ull.es\/portal\/noticias\/"},{"@type":"ListItem","position":2,"name":"El plazo para inscribirse en el Open Call de Alastria finaliza el mi\u00e9rcoles 31 de octubre"}]},{"@type":"WebSite","@id":"https:\/\/www.ull.es\/portal\/noticias\/#website","url":"https:\/\/www.ull.es\/portal\/noticias\/","name":"ULL - Noticias","description":"","potentialAction":[{"@type":"SearchAction","target":{"@type":"EntryPoint","urlTemplate":"https:\/\/www.ull.es\/portal\/noticias\/?s={search_term_string}"},"query-input":"required name=search_term_string"}],"inLanguage":"es"},{"@type":"Person","@id":"https:\/\/www.ull.es\/portal\/noticias\/#\/schema\/person\/c3b2aa857797592927a03740d6664376","name":"prensa2","image":{"@type":"ImageObject","inLanguage":"es","@id":"https:\/\/www.ull.es\/portal\/noticias\/#\/schema\/person\/image\/","url":"https:\/\/secure.gravatar.com\/avatar\/b58f310a5de5feb33d1e026d2493f23c?s=96&d=mm&r=g","contentUrl":"https:\/\/secure.gravatar.com\/avatar\/b58f310a5de5feb33d1e026d2493f23c?s=96&d=mm&r=g","caption":"prensa2"},"url":"https:\/\/www.ull.es\/portal\/noticias\/author\/prensa2\/"}]}},"primary_category":{"id":348,"name":"Instituci\u00f3n","slug":"institucion","link":"https:\/\/www.ull.es\/portal\/noticias\/category\/institucion\/"},"featured_image_thumbnail_url":"https:\/\/www.ull.es\/portal\/noticias\/wp-content\/uploads\/sites\/13\/2018\/10\/Alastria-OC-4-300x150.png","_links":{"self":[{"href":"https:\/\/www.ull.es\/portal\/noticias\/wp-json\/wp\/v2\/posts\/40097"}],"collection":[{"href":"https:\/\/www.ull.es\/portal\/noticias\/wp-json\/wp\/v2\/posts"}],"about":[{"href":"https:\/\/www.ull.es\/portal\/noticias\/wp-json\/wp\/v2\/types\/post"}],"author":[{"embeddable":true,"href":"https:\/\/www.ull.es\/portal\/noticias\/wp-json\/wp\/v2\/users\/21"}],"replies":[{"embeddable":true,"href":"https:\/\/www.ull.es\/portal\/noticias\/wp-json\/wp\/v2\/comments?post=40097"}],"version-history":[{"count":1,"href":"https:\/\/www.ull.es\/portal\/noticias\/wp-json\/wp\/v2\/posts\/40097\/revisions"}],"predecessor-version":[{"id":40099,"href":"https:\/\/www.ull.es\/portal\/noticias\/wp-json\/wp\/v2\/posts\/40097\/revisions\/40099"}],"wp:featuredmedia":[{"embeddable":true,"href":"https:\/\/www.ull.es\/portal\/noticias\/wp-json\/wp\/v2\/media\/40098"}],"wp:attachment":[{"href":"https:\/\/www.ull.es\/portal\/noticias\/wp-json\/wp\/v2\/media?parent=40097"}],"wp:term":[{"taxonomy":"category","embeddable":true,"href":"https:\/\/www.ull.es\/portal\/noticias\/wp-json\/wp\/v2\/categories?post=40097"},{"taxonomy":"post_tag","embeddable":true,"href":"https:\/\/www.ull.es\/portal\/noticias\/wp-json\/wp\/v2\/tags?post=40097"}],"curies":[{"name":"wp","href":"https:\/\/api.w.org\/{rel}","templated":true}]}}