{"id":40301,"date":"2018-11-02T08:40:12","date_gmt":"2018-11-02T08:40:12","guid":{"rendered":"https:\/\/www.ull.es\/portal\/noticias\/?p=40301"},"modified":"2018-11-02T08:41:13","modified_gmt":"2018-11-02T08:41:13","slug":"concierto-solidario-de-la-parranda-ixemad-a-beneficio-de-la-asociacion-de-cancer-de-mama-de-tenerife-amate","status":"publish","type":"post","link":"https:\/\/www.ull.es\/portal\/noticias\/2018\/concierto-solidario-de-la-parranda-ixemad-a-beneficio-de-la-asociacion-de-cancer-de-mama-de-tenerife-amate\/","title":{"rendered":"Concierto solidario de la Parranda Ixemad a beneficio de la asociaci\u00f3n de c\u00e1ncer de mama de Tenerife \u00c1MATE"},"content":{"rendered":"<p>El Paraninfo de la Universidad de La Laguna (ULL) se vestir\u00e1 de rosa ma\u00f1ana,\u00a0 3 de noviembre, a partir de las 21:00 horas, para acoger un concierto solidario cuyos beneficios ir\u00e1n destinados a la asociaci\u00f3n de c\u00e1ncer de mama de Tenerife <a href=\"http:\/\/amate-tenerife.com\" target=\"_blank\" rel=\"noopener\"><strong>\u00c1MATE<\/strong><\/a>. El encuentro est\u00e1 organizado por la Parranda Ixemad coincidiendo con la celebraci\u00f3n de su IX aniversario.<\/p>\n<p>La entrada consiste en un donativo de 6 euros que es necesario hacer efectivo contactando directamente con el grupo musical a trav\u00e9s de su p\u00e1gina de <a href=\"https:\/\/www.facebook.com\/parranda.ixemad\/\" target=\"_blank\" rel=\"noopener\"><strong>Facebook<\/strong><\/a>, en el tel\u00e9fono 676358912 o en la direcci\u00f3n de correo electr\u00f3nico <a href=\"mailto:parrandaixemad@hotmail.com\" target=\"_blank\" rel=\"noopener\">parrandaixemad@hotmail.com<\/a>. Para los que no puedan asistir al recital, pero deseen colaborar, se ha habilitado una fila 0 en el n\u00famero de cuenta ES71 2100 1515 6702 0031 9065.<\/p>\n<p>El concierto promete muchas sorpresas, adem\u00e1s de diferentes invitados que acompa\u00f1ar\u00e1n en el escenario a los 35 integrantes de la parranda lagunera que combina folclore tradicional y moderno. Solistas tan destacados de la m\u00fasica tradicional canaria como Vicky L\u00f3pez, Miriam Jim\u00e9nez, Javier Arbelo, Jos\u00e9 Santana, Ruyman Mesa y Pedro Manuel Afonso han querido con su presencia apoyar a todas las familias que tienen que enfrentarse en alg\u00fan momento de sus vidas a un c\u00e1ncer de mama.<\/p>\n<p>La asociaci\u00f3n de c\u00e1ncer de mama de Tenerife \u00c1MATE lleva m\u00e1s de una d\u00e9cada prestando diferentes servicios a personas afectadas por esta enfermedad, de la que cada a\u00f1o se detectan una media de 27.000 nuevos casos en Espa\u00f1a. El colectivo tiene en marcha varios proyectos relacionados con la est\u00e9tica reparadora oncol\u00f3gica, la fisioteria, la psicooncolog\u00eda y la atenci\u00f3n social.<\/p>\n<p>Tambi\u00e9n desarrollan una intensa actividad ofreciendo charlas sobre prevenci\u00f3n y detecci\u00f3n precoz; jornadas y mesas informativas sobre diferentes aspectos del c\u00e1ncer; as\u00ed como talleres de h\u00e1bitos saludables, colocaci\u00f3n de pa\u00f1uelos, maquillaje, cuidados y confecci\u00f3n de almohadas del coraz\u00f3n, un coj\u00edn para ser usado tras la intervenci\u00f3n quir\u00fargica que evita el roce del brazo con la herida y ayuda a sostener el brazo y los m\u00fasculos del hombro.<\/p>\n<p>\u00c1MATE Tenerife atiende tanto a mujeres como a hombres. Estos \u00faltimos, seg\u00fan datos de la propia asociaci\u00f3n, suponen un 10% de los casos.<\/p>\n","protected":false},"excerpt":{"rendered":"<p>El Paraninfo de la Universidad de La Laguna (ULL) se vestir\u00e1 de rosa ma\u00f1ana,\u00a0 3 de noviembre, a partir de&#8230;<\/p>\n","protected":false},"author":65,"featured_media":40304,"comment_status":"closed","ping_status":"closed","sticky":false,"template":"","format":"standard","meta":{"inline_featured_image":false,"footnotes":""},"categories":[344,345,2765],"tags":[4948,4947,3745,4949],"acf":[],"yoast_head":"<!-- This site is optimized with the Yoast SEO plugin v21.3 - https:\/\/yoast.com\/wordpress\/plugins\/seo\/ -->\n<title>Concierto solidario de la Parranda Ixemad a beneficio de la asociaci\u00f3n de c\u00e1ncer de mama de Tenerife \u00c1MATE - ULL - Noticias<\/title>\n<meta name=\"robots\" content=\"index, follow, max-snippet:-1, max-image-preview:large, max-video-preview:-1\" \/>\n<link rel=\"canonical\" href=\"https:\/\/www.ull.es\/portal\/noticias\/2018\/concierto-solidario-de-la-parranda-ixemad-a-beneficio-de-la-asociacion-de-cancer-de-mama-de-tenerife-amate\/\" \/>\n<meta property=\"og:locale\" content=\"es_ES\" \/>\n<meta property=\"og:type\" content=\"article\" \/>\n<meta property=\"og:title\" content=\"Concierto solidario de la Parranda Ixemad a beneficio de la asociaci\u00f3n de c\u00e1ncer de mama de Tenerife \u00c1MATE - ULL - Noticias\" \/>\n<meta property=\"og:description\" content=\"El Paraninfo de la Universidad de La Laguna (ULL) se vestir\u00e1 de rosa ma\u00f1ana,\u00a0 3 de noviembre, a partir de...\" \/>\n<meta property=\"og:url\" content=\"https:\/\/www.ull.es\/portal\/noticias\/2018\/concierto-solidario-de-la-parranda-ixemad-a-beneficio-de-la-asociacion-de-cancer-de-mama-de-tenerife-amate\/\" \/>\n<meta property=\"og:site_name\" content=\"ULL - Noticias\" \/>\n<meta property=\"article:publisher\" content=\"https:\/\/www.facebook.com\/universidaddelalaguna\/\" \/>\n<meta property=\"article:published_time\" content=\"2018-11-02T08:40:12+00:00\" \/>\n<meta property=\"article:modified_time\" content=\"2018-11-02T08:41:13+00:00\" \/>\n<meta property=\"og:image\" content=\"https:\/\/www.ull.es\/portal\/noticias\/wp-content\/uploads\/sites\/13\/2018\/11\/ConciertoSolidario_IXEMAD.jpg\" \/>\n\t<meta property=\"og:image:width\" content=\"1330\" \/>\n\t<meta property=\"og:image:height\" content=\"768\" \/>\n\t<meta property=\"og:image:type\" content=\"image\/jpeg\" \/>\n<meta name=\"author\" content=\"gcom4\" \/>\n<meta name=\"twitter:card\" content=\"summary_large_image\" \/>\n<meta name=\"twitter:creator\" content=\"@CanalULL\" \/>\n<meta name=\"twitter:site\" content=\"@CanalULL\" \/>\n<meta name=\"twitter:label1\" content=\"Escrito por\" \/>\n\t<meta name=\"twitter:data1\" content=\"gcom4\" \/>\n\t<meta name=\"twitter:label2\" content=\"Tiempo de lectura\" \/>\n\t<meta name=\"twitter:data2\" content=\"2 minutos\" \/>\n<script type=\"application\/ld+json\" class=\"yoast-schema-graph\">{\"@context\":\"https:\/\/schema.org\",\"@graph\":[{\"@type\":\"WebPage\",\"@id\":\"https:\/\/www.ull.es\/portal\/noticias\/2018\/concierto-solidario-de-la-parranda-ixemad-a-beneficio-de-la-asociacion-de-cancer-de-mama-de-tenerife-amate\/\",\"url\":\"https:\/\/www.ull.es\/portal\/noticias\/2018\/concierto-solidario-de-la-parranda-ixemad-a-beneficio-de-la-asociacion-de-cancer-de-mama-de-tenerife-amate\/\",\"name\":\"Concierto solidario de la Parranda Ixemad a beneficio de la asociaci\u00f3n de c\u00e1ncer de mama de Tenerife \u00c1MATE - ULL - Noticias\",\"isPartOf\":{\"@id\":\"https:\/\/www.ull.es\/portal\/noticias\/#website\"},\"datePublished\":\"2018-11-02T08:40:12+00:00\",\"dateModified\":\"2018-11-02T08:41:13+00:00\",\"author\":{\"@id\":\"https:\/\/www.ull.es\/portal\/noticias\/#\/schema\/person\/9924518fb1ad37d4428e7b5d6f311773\"},\"breadcrumb\":{\"@id\":\"https:\/\/www.ull.es\/portal\/noticias\/2018\/concierto-solidario-de-la-parranda-ixemad-a-beneficio-de-la-asociacion-de-cancer-de-mama-de-tenerife-amate\/#breadcrumb\"},\"inLanguage\":\"es\",\"potentialAction\":[{\"@type\":\"ReadAction\",\"target\":[\"https:\/\/www.ull.es\/portal\/noticias\/2018\/concierto-solidario-de-la-parranda-ixemad-a-beneficio-de-la-asociacion-de-cancer-de-mama-de-tenerife-amate\/\"]}]},{\"@type\":\"BreadcrumbList\",\"@id\":\"https:\/\/www.ull.es\/portal\/noticias\/2018\/concierto-solidario-de-la-parranda-ixemad-a-beneficio-de-la-asociacion-de-cancer-de-mama-de-tenerife-amate\/#breadcrumb\",\"itemListElement\":[{\"@type\":\"ListItem\",\"position\":1,\"name\":\"Portada\",\"item\":\"https:\/\/www.ull.es\/portal\/noticias\/\"},{\"@type\":\"ListItem\",\"position\":2,\"name\":\"Concierto solidario de la Parranda Ixemad a beneficio de la asociaci\u00f3n de c\u00e1ncer de mama de Tenerife \u00c1MATE\"}]},{\"@type\":\"WebSite\",\"@id\":\"https:\/\/www.ull.es\/portal\/noticias\/#website\",\"url\":\"https:\/\/www.ull.es\/portal\/noticias\/\",\"name\":\"ULL - Noticias\",\"description\":\"\",\"potentialAction\":[{\"@type\":\"SearchAction\",\"target\":{\"@type\":\"EntryPoint\",\"urlTemplate\":\"https:\/\/www.ull.es\/portal\/noticias\/?s={search_term_string}\"},\"query-input\":\"required name=search_term_string\"}],\"inLanguage\":\"es\"},{\"@type\":\"Person\",\"@id\":\"https:\/\/www.ull.es\/portal\/noticias\/#\/schema\/person\/9924518fb1ad37d4428e7b5d6f311773\",\"name\":\"gcom4\",\"image\":{\"@type\":\"ImageObject\",\"inLanguage\":\"es\",\"@id\":\"https:\/\/www.ull.es\/portal\/noticias\/#\/schema\/person\/image\/\",\"url\":\"https:\/\/secure.gravatar.com\/avatar\/a5d1f5573f10617ccfcc209aaf6aa7fb?s=96&d=mm&r=g\",\"contentUrl\":\"https:\/\/secure.gravatar.com\/avatar\/a5d1f5573f10617ccfcc209aaf6aa7fb?s=96&d=mm&r=g\",\"caption\":\"gcom4\"},\"url\":\"https:\/\/www.ull.es\/portal\/noticias\/author\/gcom4\/\"}]}<\/script>\n<!-- \/ Yoast SEO plugin. -->","yoast_head_json":{"title":"Concierto solidario de la Parranda Ixemad a beneficio de la asociaci\u00f3n de c\u00e1ncer de mama de Tenerife \u00c1MATE - ULL - Noticias","robots":{"index":"index","follow":"follow","max-snippet":"max-snippet:-1","max-image-preview":"max-image-preview:large","max-video-preview":"max-video-preview:-1"},"canonical":"https:\/\/www.ull.es\/portal\/noticias\/2018\/concierto-solidario-de-la-parranda-ixemad-a-beneficio-de-la-asociacion-de-cancer-de-mama-de-tenerife-amate\/","og_locale":"es_ES","og_type":"article","og_title":"Concierto solidario de la Parranda Ixemad a beneficio de la asociaci\u00f3n de c\u00e1ncer de mama de Tenerife \u00c1MATE - ULL - Noticias","og_description":"El Paraninfo de la Universidad de La Laguna (ULL) se vestir\u00e1 de rosa ma\u00f1ana,\u00a0 3 de noviembre, a partir de...","og_url":"https:\/\/www.ull.es\/portal\/noticias\/2018\/concierto-solidario-de-la-parranda-ixemad-a-beneficio-de-la-asociacion-de-cancer-de-mama-de-tenerife-amate\/","og_site_name":"ULL - Noticias","article_publisher":"https:\/\/www.facebook.com\/universidaddelalaguna\/","article_published_time":"2018-11-02T08:40:12+00:00","article_modified_time":"2018-11-02T08:41:13+00:00","og_image":[{"width":1330,"height":768,"url":"https:\/\/www.ull.es\/portal\/noticias\/wp-content\/uploads\/sites\/13\/2018\/11\/ConciertoSolidario_IXEMAD.jpg","type":"image\/jpeg"}],"author":"gcom4","twitter_card":"summary_large_image","twitter_creator":"@CanalULL","twitter_site":"@CanalULL","twitter_misc":{"Escrito por":"gcom4","Tiempo de lectura":"2 minutos"},"schema":{"@context":"https:\/\/schema.org","@graph":[{"@type":"WebPage","@id":"https:\/\/www.ull.es\/portal\/noticias\/2018\/concierto-solidario-de-la-parranda-ixemad-a-beneficio-de-la-asociacion-de-cancer-de-mama-de-tenerife-amate\/","url":"https:\/\/www.ull.es\/portal\/noticias\/2018\/concierto-solidario-de-la-parranda-ixemad-a-beneficio-de-la-asociacion-de-cancer-de-mama-de-tenerife-amate\/","name":"Concierto solidario de la Parranda Ixemad a beneficio de la asociaci\u00f3n de c\u00e1ncer de mama de Tenerife \u00c1MATE - ULL - Noticias","isPartOf":{"@id":"https:\/\/www.ull.es\/portal\/noticias\/#website"},"datePublished":"2018-11-02T08:40:12+00:00","dateModified":"2018-11-02T08:41:13+00:00","author":{"@id":"https:\/\/www.ull.es\/portal\/noticias\/#\/schema\/person\/9924518fb1ad37d4428e7b5d6f311773"},"breadcrumb":{"@id":"https:\/\/www.ull.es\/portal\/noticias\/2018\/concierto-solidario-de-la-parranda-ixemad-a-beneficio-de-la-asociacion-de-cancer-de-mama-de-tenerife-amate\/#breadcrumb"},"inLanguage":"es","potentialAction":[{"@type":"ReadAction","target":["https:\/\/www.ull.es\/portal\/noticias\/2018\/concierto-solidario-de-la-parranda-ixemad-a-beneficio-de-la-asociacion-de-cancer-de-mama-de-tenerife-amate\/"]}]},{"@type":"BreadcrumbList","@id":"https:\/\/www.ull.es\/portal\/noticias\/2018\/concierto-solidario-de-la-parranda-ixemad-a-beneficio-de-la-asociacion-de-cancer-de-mama-de-tenerife-amate\/#breadcrumb","itemListElement":[{"@type":"ListItem","position":1,"name":"Portada","item":"https:\/\/www.ull.es\/portal\/noticias\/"},{"@type":"ListItem","position":2,"name":"Concierto solidario de la Parranda Ixemad a beneficio de la asociaci\u00f3n de c\u00e1ncer de mama de Tenerife \u00c1MATE"}]},{"@type":"WebSite","@id":"https:\/\/www.ull.es\/portal\/noticias\/#website","url":"https:\/\/www.ull.es\/portal\/noticias\/","name":"ULL - Noticias","description":"","potentialAction":[{"@type":"SearchAction","target":{"@type":"EntryPoint","urlTemplate":"https:\/\/www.ull.es\/portal\/noticias\/?s={search_term_string}"},"query-input":"required name=search_term_string"}],"inLanguage":"es"},{"@type":"Person","@id":"https:\/\/www.ull.es\/portal\/noticias\/#\/schema\/person\/9924518fb1ad37d4428e7b5d6f311773","name":"gcom4","image":{"@type":"ImageObject","inLanguage":"es","@id":"https:\/\/www.ull.es\/portal\/noticias\/#\/schema\/person\/image\/","url":"https:\/\/secure.gravatar.com\/avatar\/a5d1f5573f10617ccfcc209aaf6aa7fb?s=96&d=mm&r=g","contentUrl":"https:\/\/secure.gravatar.com\/avatar\/a5d1f5573f10617ccfcc209aaf6aa7fb?s=96&d=mm&r=g","caption":"gcom4"},"url":"https:\/\/www.ull.es\/portal\/noticias\/author\/gcom4\/"}]}},"primary_category":{"id":2765,"name":"Portada ULL","slug":"portada-ull","link":"https:\/\/www.ull.es\/portal\/noticias\/category\/portada-ull\/"},"featured_image_thumbnail_url":"https:\/\/www.ull.es\/portal\/noticias\/wp-content\/uploads\/sites\/13\/2018\/11\/ConciertoSolidario_IXEMAD-300x173.jpg","_links":{"self":[{"href":"https:\/\/www.ull.es\/portal\/noticias\/wp-json\/wp\/v2\/posts\/40301"}],"collection":[{"href":"https:\/\/www.ull.es\/portal\/noticias\/wp-json\/wp\/v2\/posts"}],"about":[{"href":"https:\/\/www.ull.es\/portal\/noticias\/wp-json\/wp\/v2\/types\/post"}],"author":[{"embeddable":true,"href":"https:\/\/www.ull.es\/portal\/noticias\/wp-json\/wp\/v2\/users\/65"}],"replies":[{"embeddable":true,"href":"https:\/\/www.ull.es\/portal\/noticias\/wp-json\/wp\/v2\/comments?post=40301"}],"version-history":[{"count":1,"href":"https:\/\/www.ull.es\/portal\/noticias\/wp-json\/wp\/v2\/posts\/40301\/revisions"}],"predecessor-version":[{"id":40302,"href":"https:\/\/www.ull.es\/portal\/noticias\/wp-json\/wp\/v2\/posts\/40301\/revisions\/40302"}],"wp:featuredmedia":[{"embeddable":true,"href":"https:\/\/www.ull.es\/portal\/noticias\/wp-json\/wp\/v2\/media\/40304"}],"wp:attachment":[{"href":"https:\/\/www.ull.es\/portal\/noticias\/wp-json\/wp\/v2\/media?parent=40301"}],"wp:term":[{"taxonomy":"category","embeddable":true,"href":"https:\/\/www.ull.es\/portal\/noticias\/wp-json\/wp\/v2\/categories?post=40301"},{"taxonomy":"post_tag","embeddable":true,"href":"https:\/\/www.ull.es\/portal\/noticias\/wp-json\/wp\/v2\/tags?post=40301"}],"curies":[{"name":"wp","href":"https:\/\/api.w.org\/{rel}","templated":true}]}}