{"id":40363,"date":"2018-11-06T14:26:38","date_gmt":"2018-11-06T14:26:38","guid":{"rendered":"https:\/\/www.ull.es\/portal\/noticias\/?p=40363"},"modified":"2018-11-06T14:34:53","modified_gmt":"2018-11-06T14:34:53","slug":"teatro-luces-de-bohemia-paraninfo","status":"publish","type":"post","link":"https:\/\/www.ull.es\/portal\/noticias\/2018\/teatro-luces-de-bohemia-paraninfo\/","title":{"rendered":"Teatro cl\u00e1sico de Sevilla llega al Paraninfo con dos funciones de \u00abLuces de Bohemia\u00bb de Valle-Incl\u00e1n"},"content":{"rendered":"<p>El Paraninfo de la Universidad de La Laguna (ULL) acoger\u00e1 la representaci\u00f3n de la obra teatral <em>Luces de Bohemia<\/em> de Ram\u00f3n Mar\u00eda del Valle-Incl\u00e1n, a cargo de la compa\u00f1\u00eda Teatro Cl\u00e1sico de Sevilla, dentro de la programaci\u00f3n de la segunda edici\u00f3n del Festival de Tenerife. Habr\u00e1 dos funciones los d\u00edas 7 y 8 de noviembre a las 20:30 horas.<\/p>\n<p><em>Luces de Bohemia<\/em> es una producci\u00f3n de gran magnitud en la que el escritor gallego ofrece un fresco de la Espa\u00f1a burguesa y bohemia de principios de siglo XX a trav\u00e9s de Max Estrella, un escritor anciano y ciego que pasa sus horas m\u00e1s bajas. La obra es un claro ejemplo del estilo que convirti\u00f3 al autor en uno de los grandes en la historia de la literatura: el esperpento. Un g\u00e9nero caracterizado por la deformaci\u00f3n grotesca de la realidad para dar lugar a la farsa, la caricatura y lo rid\u00edculo.<\/p>\n<p>Publicada por primera vez en 1920, pero no representada en un teatro hasta 1970, <em>Luces de Bohemia<\/em> es el retrato de una \u00e9poca que se descompone con unos personajes cuya \u00fanica \u00e9tica parece ser la de la subsistencia. Su fuerte cr\u00edtica social, sin embargo, tiene plena vigencia y puede trasladarse en varios sentidos a la sociedad actual.<\/p>\n<p>Teatro Cl\u00e1sico de Sevilla la estren\u00f3 del 18 al 22 de octubre de 2017 en el Teatro Lope de Vega de Sevilla con todas las entradas agotadas durante esos cinco d\u00edas. El montaje ha recibido este a\u00f1o ocho Premios Lorca, adem\u00e1s de ocho nominaciones a los Premios Max de las Artes Esc\u00e9nicas y el Premio a la Mejor Escenograf\u00eda del Festival de Palencia 2018. Cuenta con la direcci\u00f3n de Alfonso Zurro y la interpretaci\u00f3n de Roberto Quintana, Manuel Monteagudo, Amparo Mar\u00edn, Juan Motilla, Rebeca Torres, Juanfra Ju\u00e1rez, Antonio Campos, Jos\u00e9 Luis Bustillo y Silvia Beaterio.<\/p>\n<p>Las entradas est\u00e1n a la venta en la p\u00e1gina del <a href=\"https:\/\/festivaltenerife.com\/eventos\/luces-de-bohemia-2\/\" target=\"_blank\" rel=\"noopener\" target=\"_blank\" rel=\"noopener\"><strong>Festival de Tenerife<\/strong><\/a> a precios que van de los 22 a 26 euros. Existen descuentos especiales para grupos a partir de cinco personas.<\/p>\n<p><strong>Festival de Tenerife hasta el 15 de diciembre<\/strong><\/p>\n<p><a href=\"https:\/\/festivaltenerife.com\" target=\"_blank\" rel=\"noopener\" target=\"_blank\" rel=\"noopener\"><strong>Festival de Tenerife<\/strong><\/a> llega a su segunda edicio\u0301n centra\u0301ndose en las artes esce\u0301nicas como eje central de su propuesta. El Cabildo de Tenerife junto a los Ayuntamientos de Santa Cruz y La Laguna programar\u00e1n hasta el 15 de diciembre un total de 41 funciones de 26 especta\u0301culos con el claro objetivo de potenciar la agenda cultural en ambas ciudades.<\/p>\n<p>El Auditorio de Tenerife y el Teatro Guimer\u00e1, en Santa Cruz, as\u00ed como el Teatro Leal y el Paraninfo universitario en La Laguna son las cuatro sedes estables de la programaci\u00f3n del festival. Este a\u00f1o incorpora, adem\u00e1s, producciones propias con la intenci\u00f3n de mostrar las habilidades y el talento de los creadores canarios, asi\u0301 como de abrir una ventana a la comercializacio\u0301n y distribucio\u0301n de dichas piezas en otros festivales del territorio nacional.<\/p>\n","protected":false},"excerpt":{"rendered":"<p>El Paraninfo de la Universidad de La Laguna (ULL) acoger\u00e1 la representaci\u00f3n de la obra teatral Luces de Bohemia de&#8230;<\/p>\n","protected":false},"author":67,"featured_media":40364,"comment_status":"closed","ping_status":"closed","sticky":false,"template":"","format":"standard","meta":{"inline_featured_image":false,"footnotes":""},"categories":[344,345,2765],"tags":[4969,2047,2452,4970],"acf":[],"yoast_head":"<!-- This site is optimized with the Yoast SEO plugin v21.3 - https:\/\/yoast.com\/wordpress\/plugins\/seo\/ -->\n<title>Teatro cl\u00e1sico de Sevilla llega al Paraninfo con dos funciones de &quot;Luces de Bohemia&quot; de Valle-Incl\u00e1n<\/title>\n<meta name=\"description\" content=\"El Paraninfo de la Universidad de La Laguna (ULL) acoger\u00e1 la representaci\u00f3n de la obra teatral Luces de Bohemia de Ram\u00f3n Mar\u00eda del Valle-Incl\u00e1n, a cargo de la compa\u00f1\u00eda Teatro Cl\u00e1sico de Sevilla, dentro de la programaci\u00f3n de la 2\u00aa edici\u00f3n del Festival de Tenerife. Ser\u00e1 el 7 y el 8 de noviembre a las 20:30h.\" \/>\n<meta name=\"robots\" content=\"index, follow, max-snippet:-1, max-image-preview:large, max-video-preview:-1\" \/>\n<link rel=\"canonical\" href=\"https:\/\/www.ull.es\/portal\/noticias\/2018\/teatro-luces-de-bohemia-paraninfo\/\" \/>\n<meta property=\"og:locale\" content=\"es_ES\" \/>\n<meta property=\"og:type\" content=\"article\" \/>\n<meta property=\"og:title\" content=\"Teatro cl\u00e1sico de Sevilla llega al Paraninfo con dos funciones de &quot;Luces de Bohemia&quot; de Valle-Incl\u00e1n\" \/>\n<meta property=\"og:description\" content=\"El Paraninfo de la Universidad de La Laguna (ULL) acoger\u00e1 la representaci\u00f3n de la obra teatral Luces de Bohemia de Ram\u00f3n Mar\u00eda del Valle-Incl\u00e1n, a cargo de la compa\u00f1\u00eda Teatro Cl\u00e1sico de Sevilla, dentro de la programaci\u00f3n de la 2\u00aa edici\u00f3n del Festival de Tenerife. Ser\u00e1 el 7 y el 8 de noviembre a las 20:30h.\" \/>\n<meta property=\"og:url\" content=\"https:\/\/www.ull.es\/portal\/noticias\/2018\/teatro-luces-de-bohemia-paraninfo\/\" \/>\n<meta property=\"og:site_name\" content=\"ULL - Noticias\" \/>\n<meta property=\"article:publisher\" content=\"https:\/\/www.facebook.com\/universidaddelalaguna\/\" \/>\n<meta property=\"article:published_time\" content=\"2018-11-06T14:26:38+00:00\" \/>\n<meta property=\"article:modified_time\" content=\"2018-11-06T14:34:53+00:00\" \/>\n<meta property=\"og:image\" content=\"https:\/\/www.ull.es\/portal\/noticias\/wp-content\/uploads\/sites\/13\/2018\/11\/LucesdeBohemia_agenda.jpg\" \/>\n\t<meta property=\"og:image:width\" content=\"700\" \/>\n\t<meta property=\"og:image:height\" content=\"350\" \/>\n\t<meta property=\"og:image:type\" content=\"image\/jpeg\" \/>\n<meta name=\"author\" content=\"gcom5\" \/>\n<meta name=\"twitter:card\" content=\"summary_large_image\" \/>\n<meta name=\"twitter:creator\" content=\"@CanalULL\" \/>\n<meta name=\"twitter:site\" content=\"@CanalULL\" \/>\n<meta name=\"twitter:label1\" content=\"Escrito por\" \/>\n\t<meta name=\"twitter:data1\" content=\"gcom5\" \/>\n\t<meta name=\"twitter:label2\" content=\"Tiempo de lectura\" \/>\n\t<meta name=\"twitter:data2\" content=\"3 minutos\" \/>\n<script type=\"application\/ld+json\" class=\"yoast-schema-graph\">{\"@context\":\"https:\/\/schema.org\",\"@graph\":[{\"@type\":\"WebPage\",\"@id\":\"https:\/\/www.ull.es\/portal\/noticias\/2018\/teatro-luces-de-bohemia-paraninfo\/\",\"url\":\"https:\/\/www.ull.es\/portal\/noticias\/2018\/teatro-luces-de-bohemia-paraninfo\/\",\"name\":\"Teatro cl\u00e1sico de Sevilla llega al Paraninfo con dos funciones de \\\"Luces de Bohemia\\\" de Valle-Incl\u00e1n\",\"isPartOf\":{\"@id\":\"https:\/\/www.ull.es\/portal\/noticias\/#website\"},\"datePublished\":\"2018-11-06T14:26:38+00:00\",\"dateModified\":\"2018-11-06T14:34:53+00:00\",\"author\":{\"@id\":\"https:\/\/www.ull.es\/portal\/noticias\/#\/schema\/person\/8027c6c4687adc2c90dc1532715d34df\"},\"description\":\"El Paraninfo de la Universidad de La Laguna (ULL) acoger\u00e1 la representaci\u00f3n de la obra teatral Luces de Bohemia de Ram\u00f3n Mar\u00eda del Valle-Incl\u00e1n, a cargo de la compa\u00f1\u00eda Teatro Cl\u00e1sico de Sevilla, dentro de la programaci\u00f3n de la 2\u00aa edici\u00f3n del Festival de Tenerife. Ser\u00e1 el 7 y el 8 de noviembre a las 20:30h.\",\"breadcrumb\":{\"@id\":\"https:\/\/www.ull.es\/portal\/noticias\/2018\/teatro-luces-de-bohemia-paraninfo\/#breadcrumb\"},\"inLanguage\":\"es\",\"potentialAction\":[{\"@type\":\"ReadAction\",\"target\":[\"https:\/\/www.ull.es\/portal\/noticias\/2018\/teatro-luces-de-bohemia-paraninfo\/\"]}]},{\"@type\":\"BreadcrumbList\",\"@id\":\"https:\/\/www.ull.es\/portal\/noticias\/2018\/teatro-luces-de-bohemia-paraninfo\/#breadcrumb\",\"itemListElement\":[{\"@type\":\"ListItem\",\"position\":1,\"name\":\"Portada\",\"item\":\"https:\/\/www.ull.es\/portal\/noticias\/\"},{\"@type\":\"ListItem\",\"position\":2,\"name\":\"Teatro cl\u00e1sico de Sevilla llega al Paraninfo con dos funciones de \u00abLuces de Bohemia\u00bb de Valle-Incl\u00e1n\"}]},{\"@type\":\"WebSite\",\"@id\":\"https:\/\/www.ull.es\/portal\/noticias\/#website\",\"url\":\"https:\/\/www.ull.es\/portal\/noticias\/\",\"name\":\"ULL - Noticias\",\"description\":\"\",\"potentialAction\":[{\"@type\":\"SearchAction\",\"target\":{\"@type\":\"EntryPoint\",\"urlTemplate\":\"https:\/\/www.ull.es\/portal\/noticias\/?s={search_term_string}\"},\"query-input\":\"required name=search_term_string\"}],\"inLanguage\":\"es\"},{\"@type\":\"Person\",\"@id\":\"https:\/\/www.ull.es\/portal\/noticias\/#\/schema\/person\/8027c6c4687adc2c90dc1532715d34df\",\"name\":\"gcom5\",\"image\":{\"@type\":\"ImageObject\",\"inLanguage\":\"es\",\"@id\":\"https:\/\/www.ull.es\/portal\/noticias\/#\/schema\/person\/image\/\",\"url\":\"https:\/\/secure.gravatar.com\/avatar\/8b3777f8048001fa57b88338ce5605b9?s=96&d=mm&r=g\",\"contentUrl\":\"https:\/\/secure.gravatar.com\/avatar\/8b3777f8048001fa57b88338ce5605b9?s=96&d=mm&r=g\",\"caption\":\"gcom5\"},\"url\":\"https:\/\/www.ull.es\/portal\/noticias\/author\/gcom5\/\"}]}<\/script>\n<!-- \/ Yoast SEO plugin. -->","yoast_head_json":{"title":"Teatro cl\u00e1sico de Sevilla llega al Paraninfo con dos funciones de \"Luces de Bohemia\" de Valle-Incl\u00e1n","description":"El Paraninfo de la Universidad de La Laguna (ULL) acoger\u00e1 la representaci\u00f3n de la obra teatral Luces de Bohemia de Ram\u00f3n Mar\u00eda del Valle-Incl\u00e1n, a cargo de la compa\u00f1\u00eda Teatro Cl\u00e1sico de Sevilla, dentro de la programaci\u00f3n de la 2\u00aa edici\u00f3n del Festival de Tenerife. Ser\u00e1 el 7 y el 8 de noviembre a las 20:30h.","robots":{"index":"index","follow":"follow","max-snippet":"max-snippet:-1","max-image-preview":"max-image-preview:large","max-video-preview":"max-video-preview:-1"},"canonical":"https:\/\/www.ull.es\/portal\/noticias\/2018\/teatro-luces-de-bohemia-paraninfo\/","og_locale":"es_ES","og_type":"article","og_title":"Teatro cl\u00e1sico de Sevilla llega al Paraninfo con dos funciones de \"Luces de Bohemia\" de Valle-Incl\u00e1n","og_description":"El Paraninfo de la Universidad de La Laguna (ULL) acoger\u00e1 la representaci\u00f3n de la obra teatral Luces de Bohemia de Ram\u00f3n Mar\u00eda del Valle-Incl\u00e1n, a cargo de la compa\u00f1\u00eda Teatro Cl\u00e1sico de Sevilla, dentro de la programaci\u00f3n de la 2\u00aa edici\u00f3n del Festival de Tenerife. Ser\u00e1 el 7 y el 8 de noviembre a las 20:30h.","og_url":"https:\/\/www.ull.es\/portal\/noticias\/2018\/teatro-luces-de-bohemia-paraninfo\/","og_site_name":"ULL - Noticias","article_publisher":"https:\/\/www.facebook.com\/universidaddelalaguna\/","article_published_time":"2018-11-06T14:26:38+00:00","article_modified_time":"2018-11-06T14:34:53+00:00","og_image":[{"width":700,"height":350,"url":"https:\/\/www.ull.es\/portal\/noticias\/wp-content\/uploads\/sites\/13\/2018\/11\/LucesdeBohemia_agenda.jpg","type":"image\/jpeg"}],"author":"gcom5","twitter_card":"summary_large_image","twitter_creator":"@CanalULL","twitter_site":"@CanalULL","twitter_misc":{"Escrito por":"gcom5","Tiempo de lectura":"3 minutos"},"schema":{"@context":"https:\/\/schema.org","@graph":[{"@type":"WebPage","@id":"https:\/\/www.ull.es\/portal\/noticias\/2018\/teatro-luces-de-bohemia-paraninfo\/","url":"https:\/\/www.ull.es\/portal\/noticias\/2018\/teatro-luces-de-bohemia-paraninfo\/","name":"Teatro cl\u00e1sico de Sevilla llega al Paraninfo con dos funciones de \"Luces de Bohemia\" de Valle-Incl\u00e1n","isPartOf":{"@id":"https:\/\/www.ull.es\/portal\/noticias\/#website"},"datePublished":"2018-11-06T14:26:38+00:00","dateModified":"2018-11-06T14:34:53+00:00","author":{"@id":"https:\/\/www.ull.es\/portal\/noticias\/#\/schema\/person\/8027c6c4687adc2c90dc1532715d34df"},"description":"El Paraninfo de la Universidad de La Laguna (ULL) acoger\u00e1 la representaci\u00f3n de la obra teatral Luces de Bohemia de Ram\u00f3n Mar\u00eda del Valle-Incl\u00e1n, a cargo de la compa\u00f1\u00eda Teatro Cl\u00e1sico de Sevilla, dentro de la programaci\u00f3n de la 2\u00aa edici\u00f3n del Festival de Tenerife. Ser\u00e1 el 7 y el 8 de noviembre a las 20:30h.","breadcrumb":{"@id":"https:\/\/www.ull.es\/portal\/noticias\/2018\/teatro-luces-de-bohemia-paraninfo\/#breadcrumb"},"inLanguage":"es","potentialAction":[{"@type":"ReadAction","target":["https:\/\/www.ull.es\/portal\/noticias\/2018\/teatro-luces-de-bohemia-paraninfo\/"]}]},{"@type":"BreadcrumbList","@id":"https:\/\/www.ull.es\/portal\/noticias\/2018\/teatro-luces-de-bohemia-paraninfo\/#breadcrumb","itemListElement":[{"@type":"ListItem","position":1,"name":"Portada","item":"https:\/\/www.ull.es\/portal\/noticias\/"},{"@type":"ListItem","position":2,"name":"Teatro cl\u00e1sico de Sevilla llega al Paraninfo con dos funciones de \u00abLuces de Bohemia\u00bb de Valle-Incl\u00e1n"}]},{"@type":"WebSite","@id":"https:\/\/www.ull.es\/portal\/noticias\/#website","url":"https:\/\/www.ull.es\/portal\/noticias\/","name":"ULL - Noticias","description":"","potentialAction":[{"@type":"SearchAction","target":{"@type":"EntryPoint","urlTemplate":"https:\/\/www.ull.es\/portal\/noticias\/?s={search_term_string}"},"query-input":"required name=search_term_string"}],"inLanguage":"es"},{"@type":"Person","@id":"https:\/\/www.ull.es\/portal\/noticias\/#\/schema\/person\/8027c6c4687adc2c90dc1532715d34df","name":"gcom5","image":{"@type":"ImageObject","inLanguage":"es","@id":"https:\/\/www.ull.es\/portal\/noticias\/#\/schema\/person\/image\/","url":"https:\/\/secure.gravatar.com\/avatar\/8b3777f8048001fa57b88338ce5605b9?s=96&d=mm&r=g","contentUrl":"https:\/\/secure.gravatar.com\/avatar\/8b3777f8048001fa57b88338ce5605b9?s=96&d=mm&r=g","caption":"gcom5"},"url":"https:\/\/www.ull.es\/portal\/noticias\/author\/gcom5\/"}]}},"primary_category":{"id":344,"name":"Cultura","slug":"cultura","link":"https:\/\/www.ull.es\/portal\/noticias\/category\/cultura\/"},"featured_image_thumbnail_url":"https:\/\/www.ull.es\/portal\/noticias\/wp-content\/uploads\/sites\/13\/2018\/11\/LucesdeBohemia_agenda-300x150.jpg","_links":{"self":[{"href":"https:\/\/www.ull.es\/portal\/noticias\/wp-json\/wp\/v2\/posts\/40363"}],"collection":[{"href":"https:\/\/www.ull.es\/portal\/noticias\/wp-json\/wp\/v2\/posts"}],"about":[{"href":"https:\/\/www.ull.es\/portal\/noticias\/wp-json\/wp\/v2\/types\/post"}],"author":[{"embeddable":true,"href":"https:\/\/www.ull.es\/portal\/noticias\/wp-json\/wp\/v2\/users\/67"}],"replies":[{"embeddable":true,"href":"https:\/\/www.ull.es\/portal\/noticias\/wp-json\/wp\/v2\/comments?post=40363"}],"version-history":[{"count":2,"href":"https:\/\/www.ull.es\/portal\/noticias\/wp-json\/wp\/v2\/posts\/40363\/revisions"}],"predecessor-version":[{"id":40366,"href":"https:\/\/www.ull.es\/portal\/noticias\/wp-json\/wp\/v2\/posts\/40363\/revisions\/40366"}],"wp:featuredmedia":[{"embeddable":true,"href":"https:\/\/www.ull.es\/portal\/noticias\/wp-json\/wp\/v2\/media\/40364"}],"wp:attachment":[{"href":"https:\/\/www.ull.es\/portal\/noticias\/wp-json\/wp\/v2\/media?parent=40363"}],"wp:term":[{"taxonomy":"category","embeddable":true,"href":"https:\/\/www.ull.es\/portal\/noticias\/wp-json\/wp\/v2\/categories?post=40363"},{"taxonomy":"post_tag","embeddable":true,"href":"https:\/\/www.ull.es\/portal\/noticias\/wp-json\/wp\/v2\/tags?post=40363"}],"curies":[{"name":"wp","href":"https:\/\/api.w.org\/{rel}","templated":true}]}}