{"id":40369,"date":"2018-11-06T15:54:18","date_gmt":"2018-11-06T15:54:18","guid":{"rendered":"https:\/\/www.ull.es\/portal\/noticias\/?p=40369"},"modified":"2018-11-06T15:54:18","modified_gmt":"2018-11-06T15:54:18","slug":"visita-universidad-catolica-oriente-ull","status":"publish","type":"post","link":"https:\/\/www.ull.es\/portal\/noticias\/2018\/visita-universidad-catolica-oriente-ull\/","title":{"rendered":"Representantes de la colombiana Universidad Cat\u00f3lica de Oriente establecen contactos acad\u00e9micos con la ULL"},"content":{"rendered":"<p>Dos representantes de la Universidad Cat\u00f3lica de Oriente (Colombia) se han reunido hoy, martes 6 de noviembre, con el rector de la Universidad de La Laguna, Antonio Martin\u00f3n, como parte de su visita de dos d\u00edas a la instituci\u00f3n acad\u00e9mica para realizar contactos con que puedan derivar en colaboraciones de investigaci\u00f3n e intercambio acad\u00e9mico. En concreto, la delegaci\u00f3n ha estado compuesta por Diana Mar\u00eda Rodr\u00edguez Carvajal, vicerrectora Acad\u00e9mica de la universidad colombiana, y Carolina Rinc\u00f3n, profesora de Ciencias Econ\u00f3micas.<\/p>\n<p>En la visita han estado acompa\u00f1adas por el director de Secretariado de Proyecci\u00f3n Internacional del Vicerrectorado de Internacionalizaci\u00f3n, Javier Rivero Grandoso. Las invitadas llevan desde ayer en la Universidad de La Laguna y ya han mantenido encuentros con distintos institutos y grupos de investigaci\u00f3n vinculados a la Facultad de Econom\u00eda, Empresa y Turismo, as\u00ed como reuniones con los decanatos de Derecho, Bellas Artes y los responsables de los estudios de Ingenier\u00eda Agraria.<\/p>\n<p>La jornada de hoy, tras la reuni\u00f3n con el rector, incluy\u00f3 visitas al Instituto Universitario de Estudios de las Mujeres, la Fundaci\u00f3n General de la ULL y las secciones de F\u00edsica y de Medicina.<\/p>\n<p>La profesora Rodr\u00edguez Carvajal explica que Canarias es una zona muy apreciada en Am\u00e9rica y que su instituci\u00f3n se decidi\u00f3 a establecer contactos con la Universidad de La laguna tras la celebraci\u00f3n, este mismo a\u00f1o en el centro tinerfe\u00f1o, de la \u00faltima asamblea de la Asociaci\u00f3n Iberoamericana de Posgrado, a la que ella misma acudi\u00f3 y pudo conocer de primera mano las posibilidades de la instituci\u00f3n anfitriona.<\/p>\n<p>De esta visita se espera fortalecer las movilidades tanto de estudiantes como de profesorado, desarrolla proyectos de investigaci\u00f3n en \u00e1reas de inter\u00e9s mutuo, y promover la participaci\u00f3n en posgrados y doctorados.<\/p>\n<p>&nbsp;<\/p>\n","protected":false},"excerpt":{"rendered":"<p>Dos representantes de la Universidad Cat\u00f3lica de Oriente (Colombia) se han reunido hoy, martes 6 de noviembre, con el rector&#8230;<\/p>\n","protected":false},"author":21,"featured_media":40370,"comment_status":"closed","ping_status":"closed","sticky":false,"template":"","format":"standard","meta":{"inline_featured_image":false,"footnotes":""},"categories":[345,3898,4737,3799,3906,4040,349,2765],"tags":[3750,1534,1537,4971],"acf":[],"yoast_head":"<!-- This site is optimized with the Yoast SEO plugin v21.3 - https:\/\/yoast.com\/wordpress\/plugins\/seo\/ -->\n<title>Representantes de Universidad Cat\u00f3lica de Oriente visitan la ULL<\/title>\n<meta name=\"description\" content=\"Lasproesoras de la Universidad Cat\u00f3lica de Oriente (Colombia) Diana Mar\u00eda Rodr\u00edguez Carvajal y Carolina Rinc\u00f3n se han reunido con el rector de la ULL como parte de su visita de dos d\u00edas a la instituci\u00f3n acad\u00e9mica para realizar contactos con que puedan derivar en colaboraciones de investigaci\u00f3n e intercambio acad\u00e9mico.\" \/>\n<meta name=\"robots\" content=\"index, follow, max-snippet:-1, max-image-preview:large, max-video-preview:-1\" \/>\n<link rel=\"canonical\" href=\"https:\/\/www.ull.es\/portal\/noticias\/2018\/visita-universidad-catolica-oriente-ull\/\" \/>\n<meta property=\"og:locale\" content=\"es_ES\" \/>\n<meta property=\"og:type\" content=\"article\" \/>\n<meta property=\"og:title\" content=\"Representantes de Universidad Cat\u00f3lica de Oriente visitan la ULL\" \/>\n<meta property=\"og:description\" content=\"Lasproesoras de la Universidad Cat\u00f3lica de Oriente (Colombia) Diana Mar\u00eda Rodr\u00edguez Carvajal y Carolina Rinc\u00f3n se han reunido con el rector de la ULL como parte de su visita de dos d\u00edas a la instituci\u00f3n acad\u00e9mica para realizar contactos con que puedan derivar en colaboraciones de investigaci\u00f3n e intercambio acad\u00e9mico.\" \/>\n<meta property=\"og:url\" content=\"https:\/\/www.ull.es\/portal\/noticias\/2018\/visita-universidad-catolica-oriente-ull\/\" \/>\n<meta property=\"og:site_name\" content=\"ULL - Noticias\" \/>\n<meta property=\"article:publisher\" content=\"https:\/\/www.facebook.com\/universidaddelalaguna\/\" \/>\n<meta property=\"article:published_time\" content=\"2018-11-06T15:54:18+00:00\" \/>\n<meta property=\"og:image\" content=\"https:\/\/www.ull.es\/portal\/noticias\/wp-content\/uploads\/sites\/13\/2018\/11\/profesoras-universidad-catolica-colombia01.jpg\" \/>\n\t<meta property=\"og:image:width\" content=\"1200\" \/>\n\t<meta property=\"og:image:height\" content=\"800\" \/>\n\t<meta property=\"og:image:type\" content=\"image\/jpeg\" \/>\n<meta name=\"author\" content=\"prensa2\" \/>\n<meta name=\"twitter:card\" content=\"summary_large_image\" \/>\n<meta name=\"twitter:creator\" content=\"@CanalULL\" \/>\n<meta name=\"twitter:site\" content=\"@CanalULL\" \/>\n<meta name=\"twitter:label1\" content=\"Escrito por\" \/>\n\t<meta name=\"twitter:data1\" content=\"prensa2\" \/>\n\t<meta name=\"twitter:label2\" content=\"Tiempo de lectura\" \/>\n\t<meta name=\"twitter:data2\" content=\"2 minutos\" \/>\n<script type=\"application\/ld+json\" class=\"yoast-schema-graph\">{\"@context\":\"https:\/\/schema.org\",\"@graph\":[{\"@type\":\"WebPage\",\"@id\":\"https:\/\/www.ull.es\/portal\/noticias\/2018\/visita-universidad-catolica-oriente-ull\/\",\"url\":\"https:\/\/www.ull.es\/portal\/noticias\/2018\/visita-universidad-catolica-oriente-ull\/\",\"name\":\"Representantes de Universidad Cat\u00f3lica de Oriente visitan la ULL\",\"isPartOf\":{\"@id\":\"https:\/\/www.ull.es\/portal\/noticias\/#website\"},\"datePublished\":\"2018-11-06T15:54:18+00:00\",\"dateModified\":\"2018-11-06T15:54:18+00:00\",\"author\":{\"@id\":\"https:\/\/www.ull.es\/portal\/noticias\/#\/schema\/person\/c3b2aa857797592927a03740d6664376\"},\"description\":\"Lasproesoras de la Universidad Cat\u00f3lica de Oriente (Colombia) Diana Mar\u00eda Rodr\u00edguez Carvajal y Carolina Rinc\u00f3n se han reunido con el rector de la ULL como parte de su visita de dos d\u00edas a la instituci\u00f3n acad\u00e9mica para realizar contactos con que puedan derivar en colaboraciones de investigaci\u00f3n e intercambio acad\u00e9mico.\",\"breadcrumb\":{\"@id\":\"https:\/\/www.ull.es\/portal\/noticias\/2018\/visita-universidad-catolica-oriente-ull\/#breadcrumb\"},\"inLanguage\":\"es\",\"potentialAction\":[{\"@type\":\"ReadAction\",\"target\":[\"https:\/\/www.ull.es\/portal\/noticias\/2018\/visita-universidad-catolica-oriente-ull\/\"]}]},{\"@type\":\"BreadcrumbList\",\"@id\":\"https:\/\/www.ull.es\/portal\/noticias\/2018\/visita-universidad-catolica-oriente-ull\/#breadcrumb\",\"itemListElement\":[{\"@type\":\"ListItem\",\"position\":1,\"name\":\"Portada\",\"item\":\"https:\/\/www.ull.es\/portal\/noticias\/\"},{\"@type\":\"ListItem\",\"position\":2,\"name\":\"Representantes de la colombiana Universidad Cat\u00f3lica de Oriente establecen contactos acad\u00e9micos con la ULL\"}]},{\"@type\":\"WebSite\",\"@id\":\"https:\/\/www.ull.es\/portal\/noticias\/#website\",\"url\":\"https:\/\/www.ull.es\/portal\/noticias\/\",\"name\":\"ULL - Noticias\",\"description\":\"\",\"potentialAction\":[{\"@type\":\"SearchAction\",\"target\":{\"@type\":\"EntryPoint\",\"urlTemplate\":\"https:\/\/www.ull.es\/portal\/noticias\/?s={search_term_string}\"},\"query-input\":\"required name=search_term_string\"}],\"inLanguage\":\"es\"},{\"@type\":\"Person\",\"@id\":\"https:\/\/www.ull.es\/portal\/noticias\/#\/schema\/person\/c3b2aa857797592927a03740d6664376\",\"name\":\"prensa2\",\"image\":{\"@type\":\"ImageObject\",\"inLanguage\":\"es\",\"@id\":\"https:\/\/www.ull.es\/portal\/noticias\/#\/schema\/person\/image\/\",\"url\":\"https:\/\/secure.gravatar.com\/avatar\/b58f310a5de5feb33d1e026d2493f23c?s=96&d=mm&r=g\",\"contentUrl\":\"https:\/\/secure.gravatar.com\/avatar\/b58f310a5de5feb33d1e026d2493f23c?s=96&d=mm&r=g\",\"caption\":\"prensa2\"},\"url\":\"https:\/\/www.ull.es\/portal\/noticias\/author\/prensa2\/\"}]}<\/script>\n<!-- \/ Yoast SEO plugin. -->","yoast_head_json":{"title":"Representantes de Universidad Cat\u00f3lica de Oriente visitan la ULL","description":"Lasproesoras de la Universidad Cat\u00f3lica de Oriente (Colombia) Diana Mar\u00eda Rodr\u00edguez Carvajal y Carolina Rinc\u00f3n se han reunido con el rector de la ULL como parte de su visita de dos d\u00edas a la instituci\u00f3n acad\u00e9mica para realizar contactos con que puedan derivar en colaboraciones de investigaci\u00f3n e intercambio acad\u00e9mico.","robots":{"index":"index","follow":"follow","max-snippet":"max-snippet:-1","max-image-preview":"max-image-preview:large","max-video-preview":"max-video-preview:-1"},"canonical":"https:\/\/www.ull.es\/portal\/noticias\/2018\/visita-universidad-catolica-oriente-ull\/","og_locale":"es_ES","og_type":"article","og_title":"Representantes de Universidad Cat\u00f3lica de Oriente visitan la ULL","og_description":"Lasproesoras de la Universidad Cat\u00f3lica de Oriente (Colombia) Diana Mar\u00eda Rodr\u00edguez Carvajal y Carolina Rinc\u00f3n se han reunido con el rector de la ULL como parte de su visita de dos d\u00edas a la instituci\u00f3n acad\u00e9mica para realizar contactos con que puedan derivar en colaboraciones de investigaci\u00f3n e intercambio acad\u00e9mico.","og_url":"https:\/\/www.ull.es\/portal\/noticias\/2018\/visita-universidad-catolica-oriente-ull\/","og_site_name":"ULL - Noticias","article_publisher":"https:\/\/www.facebook.com\/universidaddelalaguna\/","article_published_time":"2018-11-06T15:54:18+00:00","og_image":[{"width":1200,"height":800,"url":"https:\/\/www.ull.es\/portal\/noticias\/wp-content\/uploads\/sites\/13\/2018\/11\/profesoras-universidad-catolica-colombia01.jpg","type":"image\/jpeg"}],"author":"prensa2","twitter_card":"summary_large_image","twitter_creator":"@CanalULL","twitter_site":"@CanalULL","twitter_misc":{"Escrito por":"prensa2","Tiempo de lectura":"2 minutos"},"schema":{"@context":"https:\/\/schema.org","@graph":[{"@type":"WebPage","@id":"https:\/\/www.ull.es\/portal\/noticias\/2018\/visita-universidad-catolica-oriente-ull\/","url":"https:\/\/www.ull.es\/portal\/noticias\/2018\/visita-universidad-catolica-oriente-ull\/","name":"Representantes de Universidad Cat\u00f3lica de Oriente visitan la ULL","isPartOf":{"@id":"https:\/\/www.ull.es\/portal\/noticias\/#website"},"datePublished":"2018-11-06T15:54:18+00:00","dateModified":"2018-11-06T15:54:18+00:00","author":{"@id":"https:\/\/www.ull.es\/portal\/noticias\/#\/schema\/person\/c3b2aa857797592927a03740d6664376"},"description":"Lasproesoras de la Universidad Cat\u00f3lica de Oriente (Colombia) Diana Mar\u00eda Rodr\u00edguez Carvajal y Carolina Rinc\u00f3n se han reunido con el rector de la ULL como parte de su visita de dos d\u00edas a la instituci\u00f3n acad\u00e9mica para realizar contactos con que puedan derivar en colaboraciones de investigaci\u00f3n e intercambio acad\u00e9mico.","breadcrumb":{"@id":"https:\/\/www.ull.es\/portal\/noticias\/2018\/visita-universidad-catolica-oriente-ull\/#breadcrumb"},"inLanguage":"es","potentialAction":[{"@type":"ReadAction","target":["https:\/\/www.ull.es\/portal\/noticias\/2018\/visita-universidad-catolica-oriente-ull\/"]}]},{"@type":"BreadcrumbList","@id":"https:\/\/www.ull.es\/portal\/noticias\/2018\/visita-universidad-catolica-oriente-ull\/#breadcrumb","itemListElement":[{"@type":"ListItem","position":1,"name":"Portada","item":"https:\/\/www.ull.es\/portal\/noticias\/"},{"@type":"ListItem","position":2,"name":"Representantes de la colombiana Universidad Cat\u00f3lica de Oriente establecen contactos acad\u00e9micos con la ULL"}]},{"@type":"WebSite","@id":"https:\/\/www.ull.es\/portal\/noticias\/#website","url":"https:\/\/www.ull.es\/portal\/noticias\/","name":"ULL - Noticias","description":"","potentialAction":[{"@type":"SearchAction","target":{"@type":"EntryPoint","urlTemplate":"https:\/\/www.ull.es\/portal\/noticias\/?s={search_term_string}"},"query-input":"required name=search_term_string"}],"inLanguage":"es"},{"@type":"Person","@id":"https:\/\/www.ull.es\/portal\/noticias\/#\/schema\/person\/c3b2aa857797592927a03740d6664376","name":"prensa2","image":{"@type":"ImageObject","inLanguage":"es","@id":"https:\/\/www.ull.es\/portal\/noticias\/#\/schema\/person\/image\/","url":"https:\/\/secure.gravatar.com\/avatar\/b58f310a5de5feb33d1e026d2493f23c?s=96&d=mm&r=g","contentUrl":"https:\/\/secure.gravatar.com\/avatar\/b58f310a5de5feb33d1e026d2493f23c?s=96&d=mm&r=g","caption":"prensa2"},"url":"https:\/\/www.ull.es\/portal\/noticias\/author\/prensa2\/"}]}},"primary_category":{"id":349,"name":"Internacionalizaci\u00f3n","slug":"internacionalizacion","link":"https:\/\/www.ull.es\/portal\/noticias\/category\/internacionalizacion\/"},"featured_image_thumbnail_url":"https:\/\/www.ull.es\/portal\/noticias\/wp-content\/uploads\/sites\/13\/2018\/11\/profesoras-universidad-catolica-colombia01-300x200.jpg","_links":{"self":[{"href":"https:\/\/www.ull.es\/portal\/noticias\/wp-json\/wp\/v2\/posts\/40369"}],"collection":[{"href":"https:\/\/www.ull.es\/portal\/noticias\/wp-json\/wp\/v2\/posts"}],"about":[{"href":"https:\/\/www.ull.es\/portal\/noticias\/wp-json\/wp\/v2\/types\/post"}],"author":[{"embeddable":true,"href":"https:\/\/www.ull.es\/portal\/noticias\/wp-json\/wp\/v2\/users\/21"}],"replies":[{"embeddable":true,"href":"https:\/\/www.ull.es\/portal\/noticias\/wp-json\/wp\/v2\/comments?post=40369"}],"version-history":[{"count":1,"href":"https:\/\/www.ull.es\/portal\/noticias\/wp-json\/wp\/v2\/posts\/40369\/revisions"}],"predecessor-version":[{"id":40371,"href":"https:\/\/www.ull.es\/portal\/noticias\/wp-json\/wp\/v2\/posts\/40369\/revisions\/40371"}],"wp:featuredmedia":[{"embeddable":true,"href":"https:\/\/www.ull.es\/portal\/noticias\/wp-json\/wp\/v2\/media\/40370"}],"wp:attachment":[{"href":"https:\/\/www.ull.es\/portal\/noticias\/wp-json\/wp\/v2\/media?parent=40369"}],"wp:term":[{"taxonomy":"category","embeddable":true,"href":"https:\/\/www.ull.es\/portal\/noticias\/wp-json\/wp\/v2\/categories?post=40369"},{"taxonomy":"post_tag","embeddable":true,"href":"https:\/\/www.ull.es\/portal\/noticias\/wp-json\/wp\/v2\/tags?post=40369"}],"curies":[{"name":"wp","href":"https:\/\/api.w.org\/{rel}","templated":true}]}}