{"id":40383,"date":"2018-11-07T09:42:56","date_gmt":"2018-11-07T09:42:56","guid":{"rendered":"https:\/\/www.ull.es\/portal\/noticias\/?p=40383"},"modified":"2018-11-07T09:44:59","modified_gmt":"2018-11-07T09:44:59","slug":"el-profesor-de-enfermeria-de-la-ull-alfonso-garcia-presenta-en-mexico-su-libro-duelo-y-causalidad","status":"publish","type":"post","link":"https:\/\/www.ull.es\/portal\/noticias\/2018\/el-profesor-de-enfermeria-de-la-ull-alfonso-garcia-presenta-en-mexico-su-libro-duelo-y-causalidad\/","title":{"rendered":"El profesor de Enfermer\u00eda de la ULL Alfonso Garc\u00eda presenta en M\u00e9xico su libro \u00abDuelo y Causalidad\u00bb"},"content":{"rendered":"<p><span style=\"font-weight: 400;\"><a href=\"https:\/\/www.ull.es\/portal\/noticias\/wp-content\/uploads\/sites\/13\/2018\/11\/libro-duelo-causalidad-portada-g.jpg\" target=\"_blank\" rel=\"noopener\" target=\"_blank\" rel=\"noopener\"><img decoding=\"async\" loading=\"lazy\" class=\"alignleft wp-image-40385 size-medium\" src=\"https:\/\/www.ull.es\/portal\/noticias\/wp-content\/uploads\/sites\/13\/2018\/11\/libro-duelo-causalidad-portada-g-199x300.jpg\" alt=\"\" width=\"199\" height=\"300\" srcset=\"https:\/\/www.ull.es\/portal\/noticias\/wp-content\/uploads\/sites\/13\/2018\/11\/libro-duelo-causalidad-portada-g-199x300.jpg 199w, https:\/\/www.ull.es\/portal\/noticias\/wp-content\/uploads\/sites\/13\/2018\/11\/libro-duelo-causalidad-portada-g-768x1161.jpg 768w, https:\/\/www.ull.es\/portal\/noticias\/wp-content\/uploads\/sites\/13\/2018\/11\/libro-duelo-causalidad-portada-g-678x1024.jpg 678w, https:\/\/www.ull.es\/portal\/noticias\/wp-content\/uploads\/sites\/13\/2018\/11\/libro-duelo-causalidad-portada-g-375x567.jpg 375w, https:\/\/www.ull.es\/portal\/noticias\/wp-content\/uploads\/sites\/13\/2018\/11\/libro-duelo-causalidad-portada-g-750x1134.jpg 750w, https:\/\/www.ull.es\/portal\/noticias\/wp-content\/uploads\/sites\/13\/2018\/11\/libro-duelo-causalidad-portada-g.jpg 794w\" sizes=\"(max-width: 199px) 100vw, 199px\" \/><\/a>\u00a0Alfonso M. Garc\u00eda Hern\u00e1ndez, profesor de Enfermer\u00eda y Director del M\u00e1ster en Cuidados al final de la vida de la Universidad de La Laguna,\u00a0<\/span><span style=\"font-weight: 400;\">presentar\u00e1 hoy, jueves 7 de noviembre en Ciudad de M\u00e9xico, su libro <\/span><i><span style=\"font-weight: 400;\">Duelo y causalidad<\/span><\/i><span style=\"font-weight: 400;\">, en el marco del IX Congreso Nacional de Tanatolog\u00eda que organiza hasta el pr\u00f3ximo d\u00eda 9 de noviembre el Instituto de Seguridad y Servicios Sociales de los Trabajadores del Estado, M\u00e9xico.<\/span><\/p>\n<p><span style=\"font-weight: 400;\">La causalidad es la idea central de la obra, encuadrada por el autor dentro de la continuidad de v\u00ednculos con el ser querido fallecido. Elemento importante en las experiencias y en la configuraci\u00f3n del duelo y en la vivencia de la p\u00e9rdida, la continuidad es analizada en el contexto de las narrativas y el sentido dado a los fen\u00f3menos causales por personas en duelo. <\/span><\/p>\n<p><span style=\"font-weight: 400;\">El libro se orienta hacia especialistas en duelo y p\u00e9rdida, pero principalmente quiere servir de ayuda para quienes han vivido una p\u00e9rdida importante en sus vidas, en su b\u00fasqueda de sentido y orientaci\u00f3n en pro de caminos resilientes del duelo, que posibiliten aprender a vivir de nuevo, con la mirada puesta en el hoy y en la trascendencia de la vida. <\/span><\/p>\n<p><span style=\"font-weight: 400;\">Durante su estancia en M\u00e9xico, Garc\u00eda Hern\u00e1ndez tambi\u00e9n impartir\u00e1 la conferencia \u201cHablar de la muerte y el morir\u201d, adem\u00e1s del taller formativo \u201cEl duelo: una puesta al d\u00eda te\u00f3rica y metodol\u00f3gica\u201d.<\/span><\/p>\n","protected":false},"excerpt":{"rendered":"<p>\u00a0Alfonso M. Garc\u00eda Hern\u00e1ndez, profesor de Enfermer\u00eda y Director del M\u00e1ster en Cuidados al final de la vida de la&#8230;<\/p>\n","protected":false},"author":65,"featured_media":40384,"comment_status":"closed","ping_status":"closed","sticky":false,"template":"","format":"image","meta":{"inline_featured_image":false,"footnotes":""},"categories":[345,350,2765],"tags":[446,4976,1758,4975],"acf":[],"yoast_head":"<!-- This site is optimized with the Yoast SEO plugin v21.3 - https:\/\/yoast.com\/wordpress\/plugins\/seo\/ -->\n<title>El profesor de Enfermer\u00eda de la ULL Alfonso Garc\u00eda presenta en M\u00e9xico su libro &quot;Duelo y Causalidad&quot; - ULL - Noticias<\/title>\n<meta name=\"robots\" content=\"index, follow, max-snippet:-1, max-image-preview:large, max-video-preview:-1\" \/>\n<link rel=\"canonical\" href=\"https:\/\/www.ull.es\/portal\/noticias\/2018\/el-profesor-de-enfermeria-de-la-ull-alfonso-garcia-presenta-en-mexico-su-libro-duelo-y-causalidad\/\" \/>\n<meta property=\"og:locale\" content=\"es_ES\" \/>\n<meta property=\"og:type\" content=\"article\" \/>\n<meta property=\"og:title\" content=\"El profesor de Enfermer\u00eda de la ULL Alfonso Garc\u00eda presenta en M\u00e9xico su libro &quot;Duelo y Causalidad&quot; - ULL - Noticias\" \/>\n<meta property=\"og:description\" content=\"\u00a0Alfonso M. Garc\u00eda Hern\u00e1ndez, profesor de Enfermer\u00eda y Director del M\u00e1ster en Cuidados al final de la vida de la...\" \/>\n<meta property=\"og:url\" content=\"https:\/\/www.ull.es\/portal\/noticias\/2018\/el-profesor-de-enfermeria-de-la-ull-alfonso-garcia-presenta-en-mexico-su-libro-duelo-y-causalidad\/\" \/>\n<meta property=\"og:site_name\" content=\"ULL - Noticias\" \/>\n<meta property=\"article:publisher\" content=\"https:\/\/www.facebook.com\/universidaddelalaguna\/\" \/>\n<meta property=\"article:published_time\" content=\"2018-11-07T09:42:56+00:00\" \/>\n<meta property=\"article:modified_time\" content=\"2018-11-07T09:44:59+00:00\" \/>\n<meta property=\"og:image\" content=\"https:\/\/www.ull.es\/portal\/noticias\/wp-content\/uploads\/sites\/13\/2018\/11\/libro-duelo-causalidad-portada-recorte.jpg\" \/>\n\t<meta property=\"og:image:width\" content=\"1200\" \/>\n\t<meta property=\"og:image:height\" content=\"800\" \/>\n\t<meta property=\"og:image:type\" content=\"image\/jpeg\" \/>\n<meta name=\"author\" content=\"gcom4\" \/>\n<meta name=\"twitter:card\" content=\"summary_large_image\" \/>\n<meta name=\"twitter:creator\" content=\"@CanalULL\" \/>\n<meta name=\"twitter:site\" content=\"@CanalULL\" \/>\n<meta name=\"twitter:label1\" content=\"Escrito por\" \/>\n\t<meta name=\"twitter:data1\" content=\"gcom4\" \/>\n\t<meta name=\"twitter:label2\" content=\"Tiempo de lectura\" \/>\n\t<meta name=\"twitter:data2\" content=\"1 minuto\" \/>\n<script type=\"application\/ld+json\" class=\"yoast-schema-graph\">{\"@context\":\"https:\/\/schema.org\",\"@graph\":[{\"@type\":\"WebPage\",\"@id\":\"https:\/\/www.ull.es\/portal\/noticias\/2018\/el-profesor-de-enfermeria-de-la-ull-alfonso-garcia-presenta-en-mexico-su-libro-duelo-y-causalidad\/\",\"url\":\"https:\/\/www.ull.es\/portal\/noticias\/2018\/el-profesor-de-enfermeria-de-la-ull-alfonso-garcia-presenta-en-mexico-su-libro-duelo-y-causalidad\/\",\"name\":\"El profesor de Enfermer\u00eda de la ULL Alfonso Garc\u00eda presenta en M\u00e9xico su libro \\\"Duelo y Causalidad\\\" - ULL - Noticias\",\"isPartOf\":{\"@id\":\"https:\/\/www.ull.es\/portal\/noticias\/#website\"},\"datePublished\":\"2018-11-07T09:42:56+00:00\",\"dateModified\":\"2018-11-07T09:44:59+00:00\",\"author\":{\"@id\":\"https:\/\/www.ull.es\/portal\/noticias\/#\/schema\/person\/9924518fb1ad37d4428e7b5d6f311773\"},\"breadcrumb\":{\"@id\":\"https:\/\/www.ull.es\/portal\/noticias\/2018\/el-profesor-de-enfermeria-de-la-ull-alfonso-garcia-presenta-en-mexico-su-libro-duelo-y-causalidad\/#breadcrumb\"},\"inLanguage\":\"es\",\"potentialAction\":[{\"@type\":\"ReadAction\",\"target\":[\"https:\/\/www.ull.es\/portal\/noticias\/2018\/el-profesor-de-enfermeria-de-la-ull-alfonso-garcia-presenta-en-mexico-su-libro-duelo-y-causalidad\/\"]}]},{\"@type\":\"BreadcrumbList\",\"@id\":\"https:\/\/www.ull.es\/portal\/noticias\/2018\/el-profesor-de-enfermeria-de-la-ull-alfonso-garcia-presenta-en-mexico-su-libro-duelo-y-causalidad\/#breadcrumb\",\"itemListElement\":[{\"@type\":\"ListItem\",\"position\":1,\"name\":\"Portada\",\"item\":\"https:\/\/www.ull.es\/portal\/noticias\/\"},{\"@type\":\"ListItem\",\"position\":2,\"name\":\"El profesor de Enfermer\u00eda de la ULL Alfonso Garc\u00eda presenta en M\u00e9xico su libro \u00abDuelo y Causalidad\u00bb\"}]},{\"@type\":\"WebSite\",\"@id\":\"https:\/\/www.ull.es\/portal\/noticias\/#website\",\"url\":\"https:\/\/www.ull.es\/portal\/noticias\/\",\"name\":\"ULL - Noticias\",\"description\":\"\",\"potentialAction\":[{\"@type\":\"SearchAction\",\"target\":{\"@type\":\"EntryPoint\",\"urlTemplate\":\"https:\/\/www.ull.es\/portal\/noticias\/?s={search_term_string}\"},\"query-input\":\"required name=search_term_string\"}],\"inLanguage\":\"es\"},{\"@type\":\"Person\",\"@id\":\"https:\/\/www.ull.es\/portal\/noticias\/#\/schema\/person\/9924518fb1ad37d4428e7b5d6f311773\",\"name\":\"gcom4\",\"image\":{\"@type\":\"ImageObject\",\"inLanguage\":\"es\",\"@id\":\"https:\/\/www.ull.es\/portal\/noticias\/#\/schema\/person\/image\/\",\"url\":\"https:\/\/secure.gravatar.com\/avatar\/a5d1f5573f10617ccfcc209aaf6aa7fb?s=96&d=mm&r=g\",\"contentUrl\":\"https:\/\/secure.gravatar.com\/avatar\/a5d1f5573f10617ccfcc209aaf6aa7fb?s=96&d=mm&r=g\",\"caption\":\"gcom4\"},\"url\":\"https:\/\/www.ull.es\/portal\/noticias\/author\/gcom4\/\"}]}<\/script>\n<!-- \/ Yoast SEO plugin. -->","yoast_head_json":{"title":"El profesor de Enfermer\u00eda de la ULL Alfonso Garc\u00eda presenta en M\u00e9xico su libro \"Duelo y Causalidad\" - ULL - Noticias","robots":{"index":"index","follow":"follow","max-snippet":"max-snippet:-1","max-image-preview":"max-image-preview:large","max-video-preview":"max-video-preview:-1"},"canonical":"https:\/\/www.ull.es\/portal\/noticias\/2018\/el-profesor-de-enfermeria-de-la-ull-alfonso-garcia-presenta-en-mexico-su-libro-duelo-y-causalidad\/","og_locale":"es_ES","og_type":"article","og_title":"El profesor de Enfermer\u00eda de la ULL Alfonso Garc\u00eda presenta en M\u00e9xico su libro \"Duelo y Causalidad\" - ULL - Noticias","og_description":"\u00a0Alfonso M. Garc\u00eda Hern\u00e1ndez, profesor de Enfermer\u00eda y Director del M\u00e1ster en Cuidados al final de la vida de la...","og_url":"https:\/\/www.ull.es\/portal\/noticias\/2018\/el-profesor-de-enfermeria-de-la-ull-alfonso-garcia-presenta-en-mexico-su-libro-duelo-y-causalidad\/","og_site_name":"ULL - Noticias","article_publisher":"https:\/\/www.facebook.com\/universidaddelalaguna\/","article_published_time":"2018-11-07T09:42:56+00:00","article_modified_time":"2018-11-07T09:44:59+00:00","og_image":[{"width":1200,"height":800,"url":"https:\/\/www.ull.es\/portal\/noticias\/wp-content\/uploads\/sites\/13\/2018\/11\/libro-duelo-causalidad-portada-recorte.jpg","type":"image\/jpeg"}],"author":"gcom4","twitter_card":"summary_large_image","twitter_creator":"@CanalULL","twitter_site":"@CanalULL","twitter_misc":{"Escrito por":"gcom4","Tiempo de lectura":"1 minuto"},"schema":{"@context":"https:\/\/schema.org","@graph":[{"@type":"WebPage","@id":"https:\/\/www.ull.es\/portal\/noticias\/2018\/el-profesor-de-enfermeria-de-la-ull-alfonso-garcia-presenta-en-mexico-su-libro-duelo-y-causalidad\/","url":"https:\/\/www.ull.es\/portal\/noticias\/2018\/el-profesor-de-enfermeria-de-la-ull-alfonso-garcia-presenta-en-mexico-su-libro-duelo-y-causalidad\/","name":"El profesor de Enfermer\u00eda de la ULL Alfonso Garc\u00eda presenta en M\u00e9xico su libro \"Duelo y Causalidad\" - ULL - Noticias","isPartOf":{"@id":"https:\/\/www.ull.es\/portal\/noticias\/#website"},"datePublished":"2018-11-07T09:42:56+00:00","dateModified":"2018-11-07T09:44:59+00:00","author":{"@id":"https:\/\/www.ull.es\/portal\/noticias\/#\/schema\/person\/9924518fb1ad37d4428e7b5d6f311773"},"breadcrumb":{"@id":"https:\/\/www.ull.es\/portal\/noticias\/2018\/el-profesor-de-enfermeria-de-la-ull-alfonso-garcia-presenta-en-mexico-su-libro-duelo-y-causalidad\/#breadcrumb"},"inLanguage":"es","potentialAction":[{"@type":"ReadAction","target":["https:\/\/www.ull.es\/portal\/noticias\/2018\/el-profesor-de-enfermeria-de-la-ull-alfonso-garcia-presenta-en-mexico-su-libro-duelo-y-causalidad\/"]}]},{"@type":"BreadcrumbList","@id":"https:\/\/www.ull.es\/portal\/noticias\/2018\/el-profesor-de-enfermeria-de-la-ull-alfonso-garcia-presenta-en-mexico-su-libro-duelo-y-causalidad\/#breadcrumb","itemListElement":[{"@type":"ListItem","position":1,"name":"Portada","item":"https:\/\/www.ull.es\/portal\/noticias\/"},{"@type":"ListItem","position":2,"name":"El profesor de Enfermer\u00eda de la ULL Alfonso Garc\u00eda presenta en M\u00e9xico su libro \u00abDuelo y Causalidad\u00bb"}]},{"@type":"WebSite","@id":"https:\/\/www.ull.es\/portal\/noticias\/#website","url":"https:\/\/www.ull.es\/portal\/noticias\/","name":"ULL - Noticias","description":"","potentialAction":[{"@type":"SearchAction","target":{"@type":"EntryPoint","urlTemplate":"https:\/\/www.ull.es\/portal\/noticias\/?s={search_term_string}"},"query-input":"required name=search_term_string"}],"inLanguage":"es"},{"@type":"Person","@id":"https:\/\/www.ull.es\/portal\/noticias\/#\/schema\/person\/9924518fb1ad37d4428e7b5d6f311773","name":"gcom4","image":{"@type":"ImageObject","inLanguage":"es","@id":"https:\/\/www.ull.es\/portal\/noticias\/#\/schema\/person\/image\/","url":"https:\/\/secure.gravatar.com\/avatar\/a5d1f5573f10617ccfcc209aaf6aa7fb?s=96&d=mm&r=g","contentUrl":"https:\/\/secure.gravatar.com\/avatar\/a5d1f5573f10617ccfcc209aaf6aa7fb?s=96&d=mm&r=g","caption":"gcom4"},"url":"https:\/\/www.ull.es\/portal\/noticias\/author\/gcom4\/"}]}},"primary_category":{"id":350,"name":"Investigaci\u00f3n","slug":"investigacion","link":"https:\/\/www.ull.es\/portal\/noticias\/category\/investigacion\/"},"featured_image_thumbnail_url":"https:\/\/www.ull.es\/portal\/noticias\/wp-content\/uploads\/sites\/13\/2018\/11\/libro-duelo-causalidad-portada-recorte-300x200.jpg","_links":{"self":[{"href":"https:\/\/www.ull.es\/portal\/noticias\/wp-json\/wp\/v2\/posts\/40383"}],"collection":[{"href":"https:\/\/www.ull.es\/portal\/noticias\/wp-json\/wp\/v2\/posts"}],"about":[{"href":"https:\/\/www.ull.es\/portal\/noticias\/wp-json\/wp\/v2\/types\/post"}],"author":[{"embeddable":true,"href":"https:\/\/www.ull.es\/portal\/noticias\/wp-json\/wp\/v2\/users\/65"}],"replies":[{"embeddable":true,"href":"https:\/\/www.ull.es\/portal\/noticias\/wp-json\/wp\/v2\/comments?post=40383"}],"version-history":[{"count":4,"href":"https:\/\/www.ull.es\/portal\/noticias\/wp-json\/wp\/v2\/posts\/40383\/revisions"}],"predecessor-version":[{"id":40387,"href":"https:\/\/www.ull.es\/portal\/noticias\/wp-json\/wp\/v2\/posts\/40383\/revisions\/40387"}],"wp:featuredmedia":[{"embeddable":true,"href":"https:\/\/www.ull.es\/portal\/noticias\/wp-json\/wp\/v2\/media\/40384"}],"wp:attachment":[{"href":"https:\/\/www.ull.es\/portal\/noticias\/wp-json\/wp\/v2\/media?parent=40383"}],"wp:term":[{"taxonomy":"category","embeddable":true,"href":"https:\/\/www.ull.es\/portal\/noticias\/wp-json\/wp\/v2\/categories?post=40383"},{"taxonomy":"post_tag","embeddable":true,"href":"https:\/\/www.ull.es\/portal\/noticias\/wp-json\/wp\/v2\/tags?post=40383"}],"curies":[{"name":"wp","href":"https:\/\/api.w.org\/{rel}","templated":true}]}}