{"id":40417,"date":"2018-11-08T09:53:07","date_gmt":"2018-11-08T09:53:07","guid":{"rendered":"https:\/\/www.ull.es\/portal\/noticias\/?p=40417"},"modified":"2018-11-09T07:40:20","modified_gmt":"2018-11-09T07:40:20","slug":"pedro-gomez-exposicion-arte-geodecia-2014-2018","status":"publish","type":"post","link":"https:\/\/www.ull.es\/portal\/noticias\/2018\/pedro-gomez-exposicion-arte-geodecia-2014-2018\/","title":{"rendered":"Pedro G\u00f3mez expone una selecci\u00f3n de sus esculturas en bronce y dibujos en la Sala de Arte Paraninfo Pablo Gonz\u00e1lez Vera hasta el 26 de noviembre"},"content":{"rendered":"<p>El escultor Pedro G\u00f3mez expone en la Sala de Arte Paraninfo Pablo Gonz\u00e1lez Vera una selecci\u00f3n de sus esculturas en bronce, as\u00ed como una colecci\u00f3n de dibujos. Ambas muestras fueron inauguradas el 3 de noviembre y permanecer\u00e1n abiertas al p\u00fablico hasta el d\u00eda 26 del mismo mes. El horario de visita es de lunes a viernes de 17.00 a 20.00 horas y la entrada es gratuita.<\/p>\n<p style=\"text-align: center;\"><a href=\"https:\/\/drive.google.com\/drive\/folders\/1072hLbkJ2jGv59Wp6OoGt_eohd1kD5Rw?usp=sharing\" target=\"_blank\" rel=\"noopener\" target=\"_blank\" rel=\"noopener\">Galer\u00eda fotogr\u00e1fica<\/a><\/p>\n<p>Bajo el nombre de \u2018Geodesia 2014-2018\u2019, el artista exhibe cinco obras escult\u00f3ricas en las que todo se construye en un entorno repleto de tejido, roca y carne, limitado en un espacio f\u00edsico adornado de una suerte de texturas ficticias dif\u00edciles de identificar. Para el artista, \u201ces ef\u00edmero atrezo que puntualmente adaptamos a nuestros ojos para ocasiones especiales\u201d entrelazando las vetas de la escena con el suelo y el cielo, convirti\u00e9ndose en una sola unidad.<\/p>\n<p>Por su parte, \u2018Dibujos 2006-2011\u2019 recoge 12 dibujos que el autor define como gestos humanos congelados en fino papel y en los que escuetos mordiscos de realidad nos seducen a sentir.<\/p>\n<p>Pedro G\u00f3mez es licenciado en Bellas Artes y profesor de Educaci\u00f3n Pl\u00e1stica y Visual en el colegio Hispano. Su formaci\u00f3n como escultor y grabador comienza incluso antes del inicio de sus estudios universitarios. Colabor\u00f3 con el escultor Manuel Bethencourt en la elaboraci\u00f3n de las esculturas <em>Coraje <\/em>(Santa Cruz de Tenerife, 1997), y en <em>Faro de Maspalomas<\/em> (Telde, 1999).<\/p>\n<p>Desde 1992 participa en exposiciones individuales y colectivas como <em>Mon\u00f3logos en Geodesia<\/em> (Sala Bronzo, 2016), <em>Joyas de Autor<\/em> (Sala Bronzo, 2013), <em>Apocalipsis<\/em> (Sala de Arte Caja Canarias, 2008), <em>Artistas canarios se acercan a nuestra escuela<\/em> (Tegueste, 2004) o <em>Bronce A-2<\/em> (Sala de Arte La Recova, 1996), por citar algunas de las m\u00e1s destacadas.<\/p>\n","protected":false},"excerpt":{"rendered":"<p>El escultor Pedro G\u00f3mez expone en la Sala de Arte Paraninfo Pablo Gonz\u00e1lez Vera una selecci\u00f3n de sus esculturas en&#8230;<\/p>\n","protected":false},"author":67,"featured_media":40419,"comment_status":"closed","ping_status":"closed","sticky":false,"template":"","format":"standard","meta":{"inline_featured_image":false,"footnotes":""},"categories":[344,345,2765],"tags":[1037,3183,1201,4983,2311],"acf":[],"yoast_head":"<!-- This site is optimized with the Yoast SEO plugin v21.3 - https:\/\/yoast.com\/wordpress\/plugins\/seo\/ -->\n<title>Pedro G\u00f3mez expone sus obras en la Sala de Arte Paraninfo Pablo Gonz\u00e1lez Vera<\/title>\n<meta name=\"description\" content=\"El escultor Pedro G\u00f3mez expone en la Sala de Arte Paraninfo Pablo Gonz\u00e1lez Vera una selecci\u00f3n de sus esculturas en bronce, as\u00ed como una colecci\u00f3n de dibujos. Ambas permanecer\u00e1n abiertas al p\u00fablico hasta el d\u00eda 30 del mismo mes. El horario de visita es de lunes a viernes de 17.00 a 20.00 horas y la entrada es gratuita.\" \/>\n<meta name=\"robots\" content=\"index, follow, max-snippet:-1, max-image-preview:large, max-video-preview:-1\" \/>\n<link rel=\"canonical\" href=\"https:\/\/www.ull.es\/portal\/noticias\/2018\/pedro-gomez-exposicion-arte-geodecia-2014-2018\/\" \/>\n<meta property=\"og:locale\" content=\"es_ES\" \/>\n<meta property=\"og:type\" content=\"article\" \/>\n<meta property=\"og:title\" content=\"Pedro G\u00f3mez expone sus obras en la Sala de Arte Paraninfo Pablo Gonz\u00e1lez Vera\" \/>\n<meta property=\"og:description\" content=\"El escultor Pedro G\u00f3mez expone en la Sala de Arte Paraninfo Pablo Gonz\u00e1lez Vera una selecci\u00f3n de sus esculturas en bronce, as\u00ed como una colecci\u00f3n de dibujos. Ambas permanecer\u00e1n abiertas al p\u00fablico hasta el d\u00eda 30 del mismo mes. El horario de visita es de lunes a viernes de 17.00 a 20.00 horas y la entrada es gratuita.\" \/>\n<meta property=\"og:url\" content=\"https:\/\/www.ull.es\/portal\/noticias\/2018\/pedro-gomez-exposicion-arte-geodecia-2014-2018\/\" \/>\n<meta property=\"og:site_name\" content=\"ULL - Noticias\" \/>\n<meta property=\"article:publisher\" content=\"https:\/\/www.facebook.com\/universidaddelalaguna\/\" \/>\n<meta property=\"article:published_time\" content=\"2018-11-08T09:53:07+00:00\" \/>\n<meta property=\"article:modified_time\" content=\"2018-11-09T07:40:20+00:00\" \/>\n<meta property=\"og:image\" content=\"https:\/\/www.ull.es\/portal\/noticias\/wp-content\/uploads\/sites\/13\/2018\/11\/unnamed-8.jpg\" \/>\n\t<meta property=\"og:image:width\" content=\"1024\" \/>\n\t<meta property=\"og:image:height\" content=\"683\" \/>\n\t<meta property=\"og:image:type\" content=\"image\/jpeg\" \/>\n<meta name=\"author\" content=\"gcom5\" \/>\n<meta name=\"twitter:card\" content=\"summary_large_image\" \/>\n<meta name=\"twitter:creator\" content=\"@CanalULL\" \/>\n<meta name=\"twitter:site\" content=\"@CanalULL\" \/>\n<meta name=\"twitter:label1\" content=\"Escrito por\" \/>\n\t<meta name=\"twitter:data1\" content=\"gcom5\" \/>\n\t<meta name=\"twitter:label2\" content=\"Tiempo de lectura\" \/>\n\t<meta name=\"twitter:data2\" content=\"1 minuto\" \/>\n<script type=\"application\/ld+json\" class=\"yoast-schema-graph\">{\"@context\":\"https:\/\/schema.org\",\"@graph\":[{\"@type\":\"WebPage\",\"@id\":\"https:\/\/www.ull.es\/portal\/noticias\/2018\/pedro-gomez-exposicion-arte-geodecia-2014-2018\/\",\"url\":\"https:\/\/www.ull.es\/portal\/noticias\/2018\/pedro-gomez-exposicion-arte-geodecia-2014-2018\/\",\"name\":\"Pedro G\u00f3mez expone sus obras en la Sala de Arte Paraninfo Pablo Gonz\u00e1lez Vera\",\"isPartOf\":{\"@id\":\"https:\/\/www.ull.es\/portal\/noticias\/#website\"},\"datePublished\":\"2018-11-08T09:53:07+00:00\",\"dateModified\":\"2018-11-09T07:40:20+00:00\",\"author\":{\"@id\":\"https:\/\/www.ull.es\/portal\/noticias\/#\/schema\/person\/8027c6c4687adc2c90dc1532715d34df\"},\"description\":\"El escultor Pedro G\u00f3mez expone en la Sala de Arte Paraninfo Pablo Gonz\u00e1lez Vera una selecci\u00f3n de sus esculturas en bronce, as\u00ed como una colecci\u00f3n de dibujos. Ambas permanecer\u00e1n abiertas al p\u00fablico hasta el d\u00eda 30 del mismo mes. El horario de visita es de lunes a viernes de 17.00 a 20.00 horas y la entrada es gratuita.\",\"breadcrumb\":{\"@id\":\"https:\/\/www.ull.es\/portal\/noticias\/2018\/pedro-gomez-exposicion-arte-geodecia-2014-2018\/#breadcrumb\"},\"inLanguage\":\"es\",\"potentialAction\":[{\"@type\":\"ReadAction\",\"target\":[\"https:\/\/www.ull.es\/portal\/noticias\/2018\/pedro-gomez-exposicion-arte-geodecia-2014-2018\/\"]}]},{\"@type\":\"BreadcrumbList\",\"@id\":\"https:\/\/www.ull.es\/portal\/noticias\/2018\/pedro-gomez-exposicion-arte-geodecia-2014-2018\/#breadcrumb\",\"itemListElement\":[{\"@type\":\"ListItem\",\"position\":1,\"name\":\"Portada\",\"item\":\"https:\/\/www.ull.es\/portal\/noticias\/\"},{\"@type\":\"ListItem\",\"position\":2,\"name\":\"Pedro G\u00f3mez expone una selecci\u00f3n de sus esculturas en bronce y dibujos en la Sala de Arte Paraninfo Pablo Gonz\u00e1lez Vera hasta el 26 de noviembre\"}]},{\"@type\":\"WebSite\",\"@id\":\"https:\/\/www.ull.es\/portal\/noticias\/#website\",\"url\":\"https:\/\/www.ull.es\/portal\/noticias\/\",\"name\":\"ULL - Noticias\",\"description\":\"\",\"potentialAction\":[{\"@type\":\"SearchAction\",\"target\":{\"@type\":\"EntryPoint\",\"urlTemplate\":\"https:\/\/www.ull.es\/portal\/noticias\/?s={search_term_string}\"},\"query-input\":\"required name=search_term_string\"}],\"inLanguage\":\"es\"},{\"@type\":\"Person\",\"@id\":\"https:\/\/www.ull.es\/portal\/noticias\/#\/schema\/person\/8027c6c4687adc2c90dc1532715d34df\",\"name\":\"gcom5\",\"image\":{\"@type\":\"ImageObject\",\"inLanguage\":\"es\",\"@id\":\"https:\/\/www.ull.es\/portal\/noticias\/#\/schema\/person\/image\/\",\"url\":\"https:\/\/secure.gravatar.com\/avatar\/8b3777f8048001fa57b88338ce5605b9?s=96&d=mm&r=g\",\"contentUrl\":\"https:\/\/secure.gravatar.com\/avatar\/8b3777f8048001fa57b88338ce5605b9?s=96&d=mm&r=g\",\"caption\":\"gcom5\"},\"url\":\"https:\/\/www.ull.es\/portal\/noticias\/author\/gcom5\/\"}]}<\/script>\n<!-- \/ Yoast SEO plugin. -->","yoast_head_json":{"title":"Pedro G\u00f3mez expone sus obras en la Sala de Arte Paraninfo Pablo Gonz\u00e1lez Vera","description":"El escultor Pedro G\u00f3mez expone en la Sala de Arte Paraninfo Pablo Gonz\u00e1lez Vera una selecci\u00f3n de sus esculturas en bronce, as\u00ed como una colecci\u00f3n de dibujos. Ambas permanecer\u00e1n abiertas al p\u00fablico hasta el d\u00eda 30 del mismo mes. El horario de visita es de lunes a viernes de 17.00 a 20.00 horas y la entrada es gratuita.","robots":{"index":"index","follow":"follow","max-snippet":"max-snippet:-1","max-image-preview":"max-image-preview:large","max-video-preview":"max-video-preview:-1"},"canonical":"https:\/\/www.ull.es\/portal\/noticias\/2018\/pedro-gomez-exposicion-arte-geodecia-2014-2018\/","og_locale":"es_ES","og_type":"article","og_title":"Pedro G\u00f3mez expone sus obras en la Sala de Arte Paraninfo Pablo Gonz\u00e1lez Vera","og_description":"El escultor Pedro G\u00f3mez expone en la Sala de Arte Paraninfo Pablo Gonz\u00e1lez Vera una selecci\u00f3n de sus esculturas en bronce, as\u00ed como una colecci\u00f3n de dibujos. Ambas permanecer\u00e1n abiertas al p\u00fablico hasta el d\u00eda 30 del mismo mes. El horario de visita es de lunes a viernes de 17.00 a 20.00 horas y la entrada es gratuita.","og_url":"https:\/\/www.ull.es\/portal\/noticias\/2018\/pedro-gomez-exposicion-arte-geodecia-2014-2018\/","og_site_name":"ULL - Noticias","article_publisher":"https:\/\/www.facebook.com\/universidaddelalaguna\/","article_published_time":"2018-11-08T09:53:07+00:00","article_modified_time":"2018-11-09T07:40:20+00:00","og_image":[{"width":1024,"height":683,"url":"https:\/\/www.ull.es\/portal\/noticias\/wp-content\/uploads\/sites\/13\/2018\/11\/unnamed-8.jpg","type":"image\/jpeg"}],"author":"gcom5","twitter_card":"summary_large_image","twitter_creator":"@CanalULL","twitter_site":"@CanalULL","twitter_misc":{"Escrito por":"gcom5","Tiempo de lectura":"1 minuto"},"schema":{"@context":"https:\/\/schema.org","@graph":[{"@type":"WebPage","@id":"https:\/\/www.ull.es\/portal\/noticias\/2018\/pedro-gomez-exposicion-arte-geodecia-2014-2018\/","url":"https:\/\/www.ull.es\/portal\/noticias\/2018\/pedro-gomez-exposicion-arte-geodecia-2014-2018\/","name":"Pedro G\u00f3mez expone sus obras en la Sala de Arte Paraninfo Pablo Gonz\u00e1lez Vera","isPartOf":{"@id":"https:\/\/www.ull.es\/portal\/noticias\/#website"},"datePublished":"2018-11-08T09:53:07+00:00","dateModified":"2018-11-09T07:40:20+00:00","author":{"@id":"https:\/\/www.ull.es\/portal\/noticias\/#\/schema\/person\/8027c6c4687adc2c90dc1532715d34df"},"description":"El escultor Pedro G\u00f3mez expone en la Sala de Arte Paraninfo Pablo Gonz\u00e1lez Vera una selecci\u00f3n de sus esculturas en bronce, as\u00ed como una colecci\u00f3n de dibujos. Ambas permanecer\u00e1n abiertas al p\u00fablico hasta el d\u00eda 30 del mismo mes. El horario de visita es de lunes a viernes de 17.00 a 20.00 horas y la entrada es gratuita.","breadcrumb":{"@id":"https:\/\/www.ull.es\/portal\/noticias\/2018\/pedro-gomez-exposicion-arte-geodecia-2014-2018\/#breadcrumb"},"inLanguage":"es","potentialAction":[{"@type":"ReadAction","target":["https:\/\/www.ull.es\/portal\/noticias\/2018\/pedro-gomez-exposicion-arte-geodecia-2014-2018\/"]}]},{"@type":"BreadcrumbList","@id":"https:\/\/www.ull.es\/portal\/noticias\/2018\/pedro-gomez-exposicion-arte-geodecia-2014-2018\/#breadcrumb","itemListElement":[{"@type":"ListItem","position":1,"name":"Portada","item":"https:\/\/www.ull.es\/portal\/noticias\/"},{"@type":"ListItem","position":2,"name":"Pedro G\u00f3mez expone una selecci\u00f3n de sus esculturas en bronce y dibujos en la Sala de Arte Paraninfo Pablo Gonz\u00e1lez Vera hasta el 26 de noviembre"}]},{"@type":"WebSite","@id":"https:\/\/www.ull.es\/portal\/noticias\/#website","url":"https:\/\/www.ull.es\/portal\/noticias\/","name":"ULL - Noticias","description":"","potentialAction":[{"@type":"SearchAction","target":{"@type":"EntryPoint","urlTemplate":"https:\/\/www.ull.es\/portal\/noticias\/?s={search_term_string}"},"query-input":"required name=search_term_string"}],"inLanguage":"es"},{"@type":"Person","@id":"https:\/\/www.ull.es\/portal\/noticias\/#\/schema\/person\/8027c6c4687adc2c90dc1532715d34df","name":"gcom5","image":{"@type":"ImageObject","inLanguage":"es","@id":"https:\/\/www.ull.es\/portal\/noticias\/#\/schema\/person\/image\/","url":"https:\/\/secure.gravatar.com\/avatar\/8b3777f8048001fa57b88338ce5605b9?s=96&d=mm&r=g","contentUrl":"https:\/\/secure.gravatar.com\/avatar\/8b3777f8048001fa57b88338ce5605b9?s=96&d=mm&r=g","caption":"gcom5"},"url":"https:\/\/www.ull.es\/portal\/noticias\/author\/gcom5\/"}]}},"primary_category":{"id":2765,"name":"Portada ULL","slug":"portada-ull","link":"https:\/\/www.ull.es\/portal\/noticias\/category\/portada-ull\/"},"featured_image_thumbnail_url":"https:\/\/www.ull.es\/portal\/noticias\/wp-content\/uploads\/sites\/13\/2018\/11\/unnamed-8-300x200.jpg","_links":{"self":[{"href":"https:\/\/www.ull.es\/portal\/noticias\/wp-json\/wp\/v2\/posts\/40417"}],"collection":[{"href":"https:\/\/www.ull.es\/portal\/noticias\/wp-json\/wp\/v2\/posts"}],"about":[{"href":"https:\/\/www.ull.es\/portal\/noticias\/wp-json\/wp\/v2\/types\/post"}],"author":[{"embeddable":true,"href":"https:\/\/www.ull.es\/portal\/noticias\/wp-json\/wp\/v2\/users\/67"}],"replies":[{"embeddable":true,"href":"https:\/\/www.ull.es\/portal\/noticias\/wp-json\/wp\/v2\/comments?post=40417"}],"version-history":[{"count":2,"href":"https:\/\/www.ull.es\/portal\/noticias\/wp-json\/wp\/v2\/posts\/40417\/revisions"}],"predecessor-version":[{"id":40452,"href":"https:\/\/www.ull.es\/portal\/noticias\/wp-json\/wp\/v2\/posts\/40417\/revisions\/40452"}],"wp:featuredmedia":[{"embeddable":true,"href":"https:\/\/www.ull.es\/portal\/noticias\/wp-json\/wp\/v2\/media\/40419"}],"wp:attachment":[{"href":"https:\/\/www.ull.es\/portal\/noticias\/wp-json\/wp\/v2\/media?parent=40417"}],"wp:term":[{"taxonomy":"category","embeddable":true,"href":"https:\/\/www.ull.es\/portal\/noticias\/wp-json\/wp\/v2\/categories?post=40417"},{"taxonomy":"post_tag","embeddable":true,"href":"https:\/\/www.ull.es\/portal\/noticias\/wp-json\/wp\/v2\/tags?post=40417"}],"curies":[{"name":"wp","href":"https:\/\/api.w.org\/{rel}","templated":true}]}}