{"id":40620,"date":"2018-11-15T13:07:38","date_gmt":"2018-11-15T13:07:38","guid":{"rendered":"https:\/\/www.ull.es\/portal\/noticias\/?p=40620"},"modified":"2018-11-15T13:07:38","modified_gmt":"2018-11-15T13:07:38","slug":"ull-feria-estudiar-en-espana-mexico","status":"publish","type":"post","link":"https:\/\/www.ull.es\/portal\/noticias\/2018\/ull-feria-estudiar-en-espana-mexico\/","title":{"rendered":"La Universidad de La Laguna particip\u00f3 en la feria \u201cEstudiar en Espa\u00f1a\u201d celebrada en M\u00e9xico"},"content":{"rendered":"<p>La Universidad de la Laguna present\u00f3 su oferta acad\u00e9mica en M\u00e9xico junto a otras 40 universidades espa\u00f1ola los d\u00edas 8 y 9 de noviembre para dar a conocer las oportunidades de estudiar al otro lado del Atl\u00e1ntico al alumnado de grado y posgrado mexicano. La Vicerrectora de Internacionalizaci\u00f3n, Carmen rubio Armend\u00e1riz, y el Director de Secretariado de Cooperaci\u00f3n Internacional, Antonio Cano Gin\u00e9s, representaron a la ULL en estas jornadas.<\/p>\n<p>El Vicerrectorado de Internacionalizaci\u00f3n de la ULL ampl\u00eda as\u00ed su presencia en las redes estrat\u00e9gicas de internacionalizaci\u00f3n en Iberoam\u00e9rica, hecho que constituye uno de sus objetivos prioritarios.<\/p>\n<p>El evento, celebrado en el Centro Cultural de Espa\u00f1a en M\u00e9xico, es una iniciativa del SEPIE (Servicio Espa\u00f1ol para la Internacionalizaci\u00f3n de la Educaci\u00f3n) en colaboraci\u00f3n con la Consejer\u00eda de Educaci\u00f3n de la Embajada de Espa\u00f1a en M\u00e9xico e IFEMA, cuyos fines principales son la captaci\u00f3n de estudiantes, profesores e investigadores universitarios provenientes de este pa\u00eds, as\u00ed como la firma de convenios de colaboraci\u00f3n entre instituciones mexicanas y espa\u00f1olas gracias a la celebraci\u00f3n rondas de alianzas celebradas durante estas jornadas de cooperaci\u00f3n universitaria internacional.<\/p>\n<p>En este sentido, la ULL celebr\u00f3 encuentros con sus socios mexicanos y firm\u00f3 nuevos convenios con la Facultad de Medicina de la UNAM, la UNIVDEP, la Universidad del desarrollo empresarial y pedag\u00f3gico y la UAL, Universidad Aut\u00f3noma de La Laguna, entre otros.<\/p>\n<p>Asimismo, se present\u00f3 en estas jornadas el portal Iberobecas.com, que nace para agrupar en una \u00fanica plataforma el mayor n\u00famero de becas y formas de financiaci\u00f3n para la movilidad acad\u00e9mica entre pa\u00edses de Iberoam\u00e9rica.<\/p>\n<p>Seg\u00fan datos de la\u00a0Embajada de Espa\u00f1a en M\u00e9xico, durante el pasado a\u00f1o 2017 se tramitaron alrededor de 10.000 visados de estudios de mexicanos hacia Espa\u00f1a, llegando a m\u00e1s de 40.000 en el \u00faltimo lustro.<\/p>\n<p>La excelente relaci\u00f3n calidad-precio de la educaci\u00f3n universitaria en Canarias y su calidad de vida convierten a la ULL en un destino llamativo para que estudiantes mexicanos cursen cada a\u00f1o distintos itinerarios formativos en nuestra universidad, animados adem\u00e1s por las ventajas de pertenecer a una instituci\u00f3n del Espacio Europeo de Educaci\u00f3n Superior, que permite a este alumnado disfrutar del programa Erasmus+ de la Uni\u00f3n Europea.<\/p>\n","protected":false},"excerpt":{"rendered":"<p>La Universidad de la Laguna present\u00f3 su oferta acad\u00e9mica en M\u00e9xico junto a otras 40 universidades espa\u00f1ola los d\u00edas 8&#8230;<\/p>\n","protected":false},"author":21,"featured_media":40621,"comment_status":"closed","ping_status":"closed","sticky":false,"template":"","format":"standard","meta":{"inline_featured_image":false,"footnotes":""},"categories":[345,349,2765],"tags":[1235,5052],"acf":[],"yoast_head":"<!-- This site is optimized with the Yoast SEO plugin v21.3 - https:\/\/yoast.com\/wordpress\/plugins\/seo\/ -->\n<title>La ULL particip\u00f3 en la feria \u201cEstudiar en Espa\u00f1a\u201d celebrada en M\u00e9xico<\/title>\n<meta name=\"description\" content=\"La ULL present\u00f3 su oferta acad\u00e9mica en la feria &quot;Estudiar en Espa\u00f1a&quot; celebrada en M\u00e9xico, junto a otras 40 universidades espa\u00f1ola los d\u00edas 8 y 9 de noviembre, para dar a conocer las oportunidades de estudiar al otro lado del Atl\u00e1ntico al alumnado de grado y posgrado mexicano.\" \/>\n<meta name=\"robots\" content=\"index, follow, max-snippet:-1, max-image-preview:large, max-video-preview:-1\" \/>\n<link rel=\"canonical\" href=\"https:\/\/www.ull.es\/portal\/noticias\/2018\/ull-feria-estudiar-en-espana-mexico\/\" \/>\n<meta property=\"og:locale\" content=\"es_ES\" \/>\n<meta property=\"og:type\" content=\"article\" \/>\n<meta property=\"og:title\" content=\"La ULL particip\u00f3 en la feria \u201cEstudiar en Espa\u00f1a\u201d celebrada en M\u00e9xico\" \/>\n<meta property=\"og:description\" content=\"La ULL present\u00f3 su oferta acad\u00e9mica en la feria &quot;Estudiar en Espa\u00f1a&quot; celebrada en M\u00e9xico, junto a otras 40 universidades espa\u00f1ola los d\u00edas 8 y 9 de noviembre, para dar a conocer las oportunidades de estudiar al otro lado del Atl\u00e1ntico al alumnado de grado y posgrado mexicano.\" \/>\n<meta property=\"og:url\" content=\"https:\/\/www.ull.es\/portal\/noticias\/2018\/ull-feria-estudiar-en-espana-mexico\/\" \/>\n<meta property=\"og:site_name\" content=\"ULL - Noticias\" \/>\n<meta property=\"article:publisher\" content=\"https:\/\/www.facebook.com\/universidaddelalaguna\/\" \/>\n<meta property=\"article:published_time\" content=\"2018-11-15T13:07:38+00:00\" \/>\n<meta property=\"og:image\" content=\"https:\/\/www.ull.es\/portal\/noticias\/wp-content\/uploads\/sites\/13\/2018\/11\/feria-estudiar-espana-mexico.jpg\" \/>\n\t<meta property=\"og:image:width\" content=\"1200\" \/>\n\t<meta property=\"og:image:height\" content=\"865\" \/>\n\t<meta property=\"og:image:type\" content=\"image\/jpeg\" \/>\n<meta name=\"author\" content=\"prensa2\" \/>\n<meta name=\"twitter:card\" content=\"summary_large_image\" \/>\n<meta name=\"twitter:creator\" content=\"@CanalULL\" \/>\n<meta name=\"twitter:site\" content=\"@CanalULL\" \/>\n<meta name=\"twitter:label1\" content=\"Escrito por\" \/>\n\t<meta name=\"twitter:data1\" content=\"prensa2\" \/>\n\t<meta name=\"twitter:label2\" content=\"Tiempo de lectura\" \/>\n\t<meta name=\"twitter:data2\" content=\"2 minutos\" \/>\n<script type=\"application\/ld+json\" class=\"yoast-schema-graph\">{\"@context\":\"https:\/\/schema.org\",\"@graph\":[{\"@type\":\"WebPage\",\"@id\":\"https:\/\/www.ull.es\/portal\/noticias\/2018\/ull-feria-estudiar-en-espana-mexico\/\",\"url\":\"https:\/\/www.ull.es\/portal\/noticias\/2018\/ull-feria-estudiar-en-espana-mexico\/\",\"name\":\"La ULL particip\u00f3 en la feria \u201cEstudiar en Espa\u00f1a\u201d celebrada en M\u00e9xico\",\"isPartOf\":{\"@id\":\"https:\/\/www.ull.es\/portal\/noticias\/#website\"},\"datePublished\":\"2018-11-15T13:07:38+00:00\",\"dateModified\":\"2018-11-15T13:07:38+00:00\",\"author\":{\"@id\":\"https:\/\/www.ull.es\/portal\/noticias\/#\/schema\/person\/c3b2aa857797592927a03740d6664376\"},\"description\":\"La ULL present\u00f3 su oferta acad\u00e9mica en la feria \\\"Estudiar en Espa\u00f1a\\\" celebrada en M\u00e9xico, junto a otras 40 universidades espa\u00f1ola los d\u00edas 8 y 9 de noviembre, para dar a conocer las oportunidades de estudiar al otro lado del Atl\u00e1ntico al alumnado de grado y posgrado mexicano.\",\"breadcrumb\":{\"@id\":\"https:\/\/www.ull.es\/portal\/noticias\/2018\/ull-feria-estudiar-en-espana-mexico\/#breadcrumb\"},\"inLanguage\":\"es\",\"potentialAction\":[{\"@type\":\"ReadAction\",\"target\":[\"https:\/\/www.ull.es\/portal\/noticias\/2018\/ull-feria-estudiar-en-espana-mexico\/\"]}]},{\"@type\":\"BreadcrumbList\",\"@id\":\"https:\/\/www.ull.es\/portal\/noticias\/2018\/ull-feria-estudiar-en-espana-mexico\/#breadcrumb\",\"itemListElement\":[{\"@type\":\"ListItem\",\"position\":1,\"name\":\"Portada\",\"item\":\"https:\/\/www.ull.es\/portal\/noticias\/\"},{\"@type\":\"ListItem\",\"position\":2,\"name\":\"La Universidad de La Laguna particip\u00f3 en la feria \u201cEstudiar en Espa\u00f1a\u201d celebrada en M\u00e9xico\"}]},{\"@type\":\"WebSite\",\"@id\":\"https:\/\/www.ull.es\/portal\/noticias\/#website\",\"url\":\"https:\/\/www.ull.es\/portal\/noticias\/\",\"name\":\"ULL - Noticias\",\"description\":\"\",\"potentialAction\":[{\"@type\":\"SearchAction\",\"target\":{\"@type\":\"EntryPoint\",\"urlTemplate\":\"https:\/\/www.ull.es\/portal\/noticias\/?s={search_term_string}\"},\"query-input\":\"required name=search_term_string\"}],\"inLanguage\":\"es\"},{\"@type\":\"Person\",\"@id\":\"https:\/\/www.ull.es\/portal\/noticias\/#\/schema\/person\/c3b2aa857797592927a03740d6664376\",\"name\":\"prensa2\",\"image\":{\"@type\":\"ImageObject\",\"inLanguage\":\"es\",\"@id\":\"https:\/\/www.ull.es\/portal\/noticias\/#\/schema\/person\/image\/\",\"url\":\"https:\/\/secure.gravatar.com\/avatar\/b58f310a5de5feb33d1e026d2493f23c?s=96&d=mm&r=g\",\"contentUrl\":\"https:\/\/secure.gravatar.com\/avatar\/b58f310a5de5feb33d1e026d2493f23c?s=96&d=mm&r=g\",\"caption\":\"prensa2\"},\"url\":\"https:\/\/www.ull.es\/portal\/noticias\/author\/prensa2\/\"}]}<\/script>\n<!-- \/ Yoast SEO plugin. -->","yoast_head_json":{"title":"La ULL particip\u00f3 en la feria \u201cEstudiar en Espa\u00f1a\u201d celebrada en M\u00e9xico","description":"La ULL present\u00f3 su oferta acad\u00e9mica en la feria \"Estudiar en Espa\u00f1a\" celebrada en M\u00e9xico, junto a otras 40 universidades espa\u00f1ola los d\u00edas 8 y 9 de noviembre, para dar a conocer las oportunidades de estudiar al otro lado del Atl\u00e1ntico al alumnado de grado y posgrado mexicano.","robots":{"index":"index","follow":"follow","max-snippet":"max-snippet:-1","max-image-preview":"max-image-preview:large","max-video-preview":"max-video-preview:-1"},"canonical":"https:\/\/www.ull.es\/portal\/noticias\/2018\/ull-feria-estudiar-en-espana-mexico\/","og_locale":"es_ES","og_type":"article","og_title":"La ULL particip\u00f3 en la feria \u201cEstudiar en Espa\u00f1a\u201d celebrada en M\u00e9xico","og_description":"La ULL present\u00f3 su oferta acad\u00e9mica en la feria \"Estudiar en Espa\u00f1a\" celebrada en M\u00e9xico, junto a otras 40 universidades espa\u00f1ola los d\u00edas 8 y 9 de noviembre, para dar a conocer las oportunidades de estudiar al otro lado del Atl\u00e1ntico al alumnado de grado y posgrado mexicano.","og_url":"https:\/\/www.ull.es\/portal\/noticias\/2018\/ull-feria-estudiar-en-espana-mexico\/","og_site_name":"ULL - Noticias","article_publisher":"https:\/\/www.facebook.com\/universidaddelalaguna\/","article_published_time":"2018-11-15T13:07:38+00:00","og_image":[{"width":1200,"height":865,"url":"https:\/\/www.ull.es\/portal\/noticias\/wp-content\/uploads\/sites\/13\/2018\/11\/feria-estudiar-espana-mexico.jpg","type":"image\/jpeg"}],"author":"prensa2","twitter_card":"summary_large_image","twitter_creator":"@CanalULL","twitter_site":"@CanalULL","twitter_misc":{"Escrito por":"prensa2","Tiempo de lectura":"2 minutos"},"schema":{"@context":"https:\/\/schema.org","@graph":[{"@type":"WebPage","@id":"https:\/\/www.ull.es\/portal\/noticias\/2018\/ull-feria-estudiar-en-espana-mexico\/","url":"https:\/\/www.ull.es\/portal\/noticias\/2018\/ull-feria-estudiar-en-espana-mexico\/","name":"La ULL particip\u00f3 en la feria \u201cEstudiar en Espa\u00f1a\u201d celebrada en M\u00e9xico","isPartOf":{"@id":"https:\/\/www.ull.es\/portal\/noticias\/#website"},"datePublished":"2018-11-15T13:07:38+00:00","dateModified":"2018-11-15T13:07:38+00:00","author":{"@id":"https:\/\/www.ull.es\/portal\/noticias\/#\/schema\/person\/c3b2aa857797592927a03740d6664376"},"description":"La ULL present\u00f3 su oferta acad\u00e9mica en la feria \"Estudiar en Espa\u00f1a\" celebrada en M\u00e9xico, junto a otras 40 universidades espa\u00f1ola los d\u00edas 8 y 9 de noviembre, para dar a conocer las oportunidades de estudiar al otro lado del Atl\u00e1ntico al alumnado de grado y posgrado mexicano.","breadcrumb":{"@id":"https:\/\/www.ull.es\/portal\/noticias\/2018\/ull-feria-estudiar-en-espana-mexico\/#breadcrumb"},"inLanguage":"es","potentialAction":[{"@type":"ReadAction","target":["https:\/\/www.ull.es\/portal\/noticias\/2018\/ull-feria-estudiar-en-espana-mexico\/"]}]},{"@type":"BreadcrumbList","@id":"https:\/\/www.ull.es\/portal\/noticias\/2018\/ull-feria-estudiar-en-espana-mexico\/#breadcrumb","itemListElement":[{"@type":"ListItem","position":1,"name":"Portada","item":"https:\/\/www.ull.es\/portal\/noticias\/"},{"@type":"ListItem","position":2,"name":"La Universidad de La Laguna particip\u00f3 en la feria \u201cEstudiar en Espa\u00f1a\u201d celebrada en M\u00e9xico"}]},{"@type":"WebSite","@id":"https:\/\/www.ull.es\/portal\/noticias\/#website","url":"https:\/\/www.ull.es\/portal\/noticias\/","name":"ULL - Noticias","description":"","potentialAction":[{"@type":"SearchAction","target":{"@type":"EntryPoint","urlTemplate":"https:\/\/www.ull.es\/portal\/noticias\/?s={search_term_string}"},"query-input":"required name=search_term_string"}],"inLanguage":"es"},{"@type":"Person","@id":"https:\/\/www.ull.es\/portal\/noticias\/#\/schema\/person\/c3b2aa857797592927a03740d6664376","name":"prensa2","image":{"@type":"ImageObject","inLanguage":"es","@id":"https:\/\/www.ull.es\/portal\/noticias\/#\/schema\/person\/image\/","url":"https:\/\/secure.gravatar.com\/avatar\/b58f310a5de5feb33d1e026d2493f23c?s=96&d=mm&r=g","contentUrl":"https:\/\/secure.gravatar.com\/avatar\/b58f310a5de5feb33d1e026d2493f23c?s=96&d=mm&r=g","caption":"prensa2"},"url":"https:\/\/www.ull.es\/portal\/noticias\/author\/prensa2\/"}]}},"primary_category":{"id":345,"name":"Destacado","slug":"destacado","link":"https:\/\/www.ull.es\/portal\/noticias\/category\/destacado\/"},"featured_image_thumbnail_url":"https:\/\/www.ull.es\/portal\/noticias\/wp-content\/uploads\/sites\/13\/2018\/11\/feria-estudiar-espana-mexico-300x216.jpg","_links":{"self":[{"href":"https:\/\/www.ull.es\/portal\/noticias\/wp-json\/wp\/v2\/posts\/40620"}],"collection":[{"href":"https:\/\/www.ull.es\/portal\/noticias\/wp-json\/wp\/v2\/posts"}],"about":[{"href":"https:\/\/www.ull.es\/portal\/noticias\/wp-json\/wp\/v2\/types\/post"}],"author":[{"embeddable":true,"href":"https:\/\/www.ull.es\/portal\/noticias\/wp-json\/wp\/v2\/users\/21"}],"replies":[{"embeddable":true,"href":"https:\/\/www.ull.es\/portal\/noticias\/wp-json\/wp\/v2\/comments?post=40620"}],"version-history":[{"count":1,"href":"https:\/\/www.ull.es\/portal\/noticias\/wp-json\/wp\/v2\/posts\/40620\/revisions"}],"predecessor-version":[{"id":40624,"href":"https:\/\/www.ull.es\/portal\/noticias\/wp-json\/wp\/v2\/posts\/40620\/revisions\/40624"}],"wp:featuredmedia":[{"embeddable":true,"href":"https:\/\/www.ull.es\/portal\/noticias\/wp-json\/wp\/v2\/media\/40621"}],"wp:attachment":[{"href":"https:\/\/www.ull.es\/portal\/noticias\/wp-json\/wp\/v2\/media?parent=40620"}],"wp:term":[{"taxonomy":"category","embeddable":true,"href":"https:\/\/www.ull.es\/portal\/noticias\/wp-json\/wp\/v2\/categories?post=40620"},{"taxonomy":"post_tag","embeddable":true,"href":"https:\/\/www.ull.es\/portal\/noticias\/wp-json\/wp\/v2\/tags?post=40620"}],"curies":[{"name":"wp","href":"https:\/\/api.w.org\/{rel}","templated":true}]}}