{"id":40752,"date":"2018-11-22T08:43:36","date_gmt":"2018-11-22T08:43:36","guid":{"rendered":"https:\/\/www.ull.es\/portal\/noticias\/?p=40752"},"modified":"2018-11-22T08:43:36","modified_gmt":"2018-11-22T08:43:36","slug":"agrupacion-folclorica-universitaria-celebra-35-aniversario-concierto-paraninfo","status":"publish","type":"post","link":"https:\/\/www.ull.es\/portal\/noticias\/2018\/agrupacion-folclorica-universitaria-celebra-35-aniversario-concierto-paraninfo\/","title":{"rendered":"La Agrupaci\u00f3n Folcl\u00f3rica Universitaria (AFU) celebra su 35 aniversario con un concierto en el Paraninfo"},"content":{"rendered":"<p>La <a href=\"https:\/\/www.facebook.com\/afulalaguna\" target=\"_blank\" rel=\"noopener\" target=\"_blank\" rel=\"noopener\">Agrupaci\u00f3n Folcl\u00f3rica Universitaria (AFU)<\/a> celebrar\u00e1 su 35 aniversario con un concierto en el Paraninfo de la Universidad de La Laguna el viernes, 23 de noviembre, a partir de las 21:00 horas. El recital reunir\u00e1 sobre el escenario a m\u00e1s de 350 componentes que han formado parte del grupo a lo largo de m\u00e1s de tres d\u00e9cadas desde su creaci\u00f3n en 1983, entre ellos reconocidas personalidades del folclore canario actual.<\/p>\n<p>El concierto es la expresi\u00f3n final de un ambicioso proyecto que se ha ido gestando durante este \u00faltimo a\u00f1o. Los antiguos directores de toque y baile han vuelto a ocupar su lugar y se han reencontrado con compa\u00f1eros veteranos y actuales para crear, entre todos, un repertorio cargado de historia y emoci\u00f3n. Las entradas pueden adquirirse en la p\u00e1gina web del Paraninfo en <a href=\"https:\/\/www.tomaticket.es\/entradas-afu-concierto-35-aniversario-tenerife\" target=\"_blank\" rel=\"noopener\" target=\"_blank\" rel=\"noopener\">Tomaticket<\/a> al precio de cinco euros.<\/p>\n<p>Este no ser\u00e1 el \u00fanico acto para conmemorar el aniversario del nacimiento de AFU ya que el s\u00e1bado, 24 de noviembre, presentar\u00e1n en el Espacio Cultural La Capilla del Edificio Central de la ULL<em> Por los pasillos de la Universidad. Agrupaci\u00f3n Folcl\u00f3rica Universitaria. La Laguna, 1983-2018. <\/em>El libro invita al lector a viajar en el tiempo para recordar la convulsi\u00f3n pol\u00edtica de la transici\u00f3n, el movimiento estudiantil de los 80 y los cambios acaecidos en la ULL en los \u00faltimos 35 a\u00f1os.<\/p>\n<p>Escrito por varios componentes de AFU de diferentes \u00e9pocas, la obra tambi\u00e9n dedica gran parte de sus p\u00e1ginas a describir el ambiente folcl\u00f3rico y musical, el baile folcl\u00f3rico en las islas, la vestimenta del grupo a lo largo de su andadura y los diferentes espect\u00e1culos presentados en estos 35 a\u00f1os.<\/p>\n<p>AFU naci\u00f3 en 1983 gracias a la iniciativa de un grupo de estudiantes procedentes de distintas islas del Archipi\u00e9lago a los que un\u00eda \u00a0la afici\u00f3n al folclore. Este proyecto cultural es a d\u00eda de hoy un referente en la divulgaci\u00f3n, estudio y recuperaci\u00f3n de las tradiciones populares de Canarias, adem\u00e1s de impulsar el conocimiento del folclore canario entre la comunidad educativa de la ULL.<\/p>\n","protected":false},"excerpt":{"rendered":"<p>La Agrupaci\u00f3n Folcl\u00f3rica Universitaria (AFU) celebrar\u00e1 su 35 aniversario con un concierto en el Paraninfo de la Universidad de La&#8230;<\/p>\n","protected":false},"author":67,"featured_media":40755,"comment_status":"closed","ping_status":"closed","sticky":false,"template":"","format":"standard","meta":{"inline_featured_image":false,"footnotes":""},"categories":[344,345,2765],"tags":[5091,5090,876],"acf":[],"yoast_head":"<!-- This site is optimized with the Yoast SEO plugin v21.3 - https:\/\/yoast.com\/wordpress\/plugins\/seo\/ -->\n<title>La Agrupaci\u00f3n Folcl\u00f3rica Universitaria (AFU) celebra su 35 aniversario con un concierto en el Paraninfo<\/title>\n<meta name=\"description\" content=\"La Agrupaci\u00f3n Folcl\u00f3rica Universitaria (AFU) celebrar\u00e1 su 35 aniversario con un concierto en el Paraninfo de la ULL el viernes, 23 de noviembre, a partir de las 21:00 horas. M\u00e1s de 350 componentes que han formado parte del grupo a lo largo de m\u00e1s de tres d\u00e9cadas desde su creaci\u00f3n en 1983 estar\u00e1n sobre el escenario.\" \/>\n<meta name=\"robots\" content=\"index, follow, max-snippet:-1, max-image-preview:large, max-video-preview:-1\" \/>\n<link rel=\"canonical\" href=\"https:\/\/www.ull.es\/portal\/noticias\/2018\/agrupacion-folclorica-universitaria-celebra-35-aniversario-concierto-paraninfo\/\" \/>\n<meta property=\"og:locale\" content=\"es_ES\" \/>\n<meta property=\"og:type\" content=\"article\" \/>\n<meta property=\"og:title\" content=\"La Agrupaci\u00f3n Folcl\u00f3rica Universitaria (AFU) celebra su 35 aniversario con un concierto en el Paraninfo\" \/>\n<meta property=\"og:description\" content=\"La Agrupaci\u00f3n Folcl\u00f3rica Universitaria (AFU) celebrar\u00e1 su 35 aniversario con un concierto en el Paraninfo de la ULL el viernes, 23 de noviembre, a partir de las 21:00 horas. M\u00e1s de 350 componentes que han formado parte del grupo a lo largo de m\u00e1s de tres d\u00e9cadas desde su creaci\u00f3n en 1983 estar\u00e1n sobre el escenario.\" \/>\n<meta property=\"og:url\" content=\"https:\/\/www.ull.es\/portal\/noticias\/2018\/agrupacion-folclorica-universitaria-celebra-35-aniversario-concierto-paraninfo\/\" \/>\n<meta property=\"og:site_name\" content=\"ULL - Noticias\" \/>\n<meta property=\"article:publisher\" content=\"https:\/\/www.facebook.com\/universidaddelalaguna\/\" \/>\n<meta property=\"article:published_time\" content=\"2018-11-22T08:43:36+00:00\" \/>\n<meta property=\"og:image\" content=\"https:\/\/www.ull.es\/portal\/noticias\/wp-content\/uploads\/sites\/13\/2018\/11\/35aniversarioAFU_agenda.jpg\" \/>\n\t<meta property=\"og:image:width\" content=\"700\" \/>\n\t<meta property=\"og:image:height\" content=\"350\" \/>\n\t<meta property=\"og:image:type\" content=\"image\/jpeg\" \/>\n<meta name=\"author\" content=\"gcom5\" \/>\n<meta name=\"twitter:card\" content=\"summary_large_image\" \/>\n<meta name=\"twitter:creator\" content=\"@CanalULL\" \/>\n<meta name=\"twitter:site\" content=\"@CanalULL\" \/>\n<meta name=\"twitter:label1\" content=\"Escrito por\" \/>\n\t<meta name=\"twitter:data1\" content=\"gcom5\" \/>\n\t<meta name=\"twitter:label2\" content=\"Tiempo de lectura\" \/>\n\t<meta name=\"twitter:data2\" content=\"2 minutos\" \/>\n<script type=\"application\/ld+json\" class=\"yoast-schema-graph\">{\"@context\":\"https:\/\/schema.org\",\"@graph\":[{\"@type\":\"WebPage\",\"@id\":\"https:\/\/www.ull.es\/portal\/noticias\/2018\/agrupacion-folclorica-universitaria-celebra-35-aniversario-concierto-paraninfo\/\",\"url\":\"https:\/\/www.ull.es\/portal\/noticias\/2018\/agrupacion-folclorica-universitaria-celebra-35-aniversario-concierto-paraninfo\/\",\"name\":\"La Agrupaci\u00f3n Folcl\u00f3rica Universitaria (AFU) celebra su 35 aniversario con un concierto en el Paraninfo\",\"isPartOf\":{\"@id\":\"https:\/\/www.ull.es\/portal\/noticias\/#website\"},\"datePublished\":\"2018-11-22T08:43:36+00:00\",\"dateModified\":\"2018-11-22T08:43:36+00:00\",\"author\":{\"@id\":\"https:\/\/www.ull.es\/portal\/noticias\/#\/schema\/person\/8027c6c4687adc2c90dc1532715d34df\"},\"description\":\"La Agrupaci\u00f3n Folcl\u00f3rica Universitaria (AFU) celebrar\u00e1 su 35 aniversario con un concierto en el Paraninfo de la ULL el viernes, 23 de noviembre, a partir de las 21:00 horas. M\u00e1s de 350 componentes que han formado parte del grupo a lo largo de m\u00e1s de tres d\u00e9cadas desde su creaci\u00f3n en 1983 estar\u00e1n sobre el escenario.\",\"breadcrumb\":{\"@id\":\"https:\/\/www.ull.es\/portal\/noticias\/2018\/agrupacion-folclorica-universitaria-celebra-35-aniversario-concierto-paraninfo\/#breadcrumb\"},\"inLanguage\":\"es\",\"potentialAction\":[{\"@type\":\"ReadAction\",\"target\":[\"https:\/\/www.ull.es\/portal\/noticias\/2018\/agrupacion-folclorica-universitaria-celebra-35-aniversario-concierto-paraninfo\/\"]}]},{\"@type\":\"BreadcrumbList\",\"@id\":\"https:\/\/www.ull.es\/portal\/noticias\/2018\/agrupacion-folclorica-universitaria-celebra-35-aniversario-concierto-paraninfo\/#breadcrumb\",\"itemListElement\":[{\"@type\":\"ListItem\",\"position\":1,\"name\":\"Portada\",\"item\":\"https:\/\/www.ull.es\/portal\/noticias\/\"},{\"@type\":\"ListItem\",\"position\":2,\"name\":\"La Agrupaci\u00f3n Folcl\u00f3rica Universitaria (AFU) celebra su 35 aniversario con un concierto en el Paraninfo\"}]},{\"@type\":\"WebSite\",\"@id\":\"https:\/\/www.ull.es\/portal\/noticias\/#website\",\"url\":\"https:\/\/www.ull.es\/portal\/noticias\/\",\"name\":\"ULL - Noticias\",\"description\":\"\",\"potentialAction\":[{\"@type\":\"SearchAction\",\"target\":{\"@type\":\"EntryPoint\",\"urlTemplate\":\"https:\/\/www.ull.es\/portal\/noticias\/?s={search_term_string}\"},\"query-input\":\"required name=search_term_string\"}],\"inLanguage\":\"es\"},{\"@type\":\"Person\",\"@id\":\"https:\/\/www.ull.es\/portal\/noticias\/#\/schema\/person\/8027c6c4687adc2c90dc1532715d34df\",\"name\":\"gcom5\",\"image\":{\"@type\":\"ImageObject\",\"inLanguage\":\"es\",\"@id\":\"https:\/\/www.ull.es\/portal\/noticias\/#\/schema\/person\/image\/\",\"url\":\"https:\/\/secure.gravatar.com\/avatar\/8b3777f8048001fa57b88338ce5605b9?s=96&d=mm&r=g\",\"contentUrl\":\"https:\/\/secure.gravatar.com\/avatar\/8b3777f8048001fa57b88338ce5605b9?s=96&d=mm&r=g\",\"caption\":\"gcom5\"},\"url\":\"https:\/\/www.ull.es\/portal\/noticias\/author\/gcom5\/\"}]}<\/script>\n<!-- \/ Yoast SEO plugin. -->","yoast_head_json":{"title":"La Agrupaci\u00f3n Folcl\u00f3rica Universitaria (AFU) celebra su 35 aniversario con un concierto en el Paraninfo","description":"La Agrupaci\u00f3n Folcl\u00f3rica Universitaria (AFU) celebrar\u00e1 su 35 aniversario con un concierto en el Paraninfo de la ULL el viernes, 23 de noviembre, a partir de las 21:00 horas. M\u00e1s de 350 componentes que han formado parte del grupo a lo largo de m\u00e1s de tres d\u00e9cadas desde su creaci\u00f3n en 1983 estar\u00e1n sobre el escenario.","robots":{"index":"index","follow":"follow","max-snippet":"max-snippet:-1","max-image-preview":"max-image-preview:large","max-video-preview":"max-video-preview:-1"},"canonical":"https:\/\/www.ull.es\/portal\/noticias\/2018\/agrupacion-folclorica-universitaria-celebra-35-aniversario-concierto-paraninfo\/","og_locale":"es_ES","og_type":"article","og_title":"La Agrupaci\u00f3n Folcl\u00f3rica Universitaria (AFU) celebra su 35 aniversario con un concierto en el Paraninfo","og_description":"La Agrupaci\u00f3n Folcl\u00f3rica Universitaria (AFU) celebrar\u00e1 su 35 aniversario con un concierto en el Paraninfo de la ULL el viernes, 23 de noviembre, a partir de las 21:00 horas. M\u00e1s de 350 componentes que han formado parte del grupo a lo largo de m\u00e1s de tres d\u00e9cadas desde su creaci\u00f3n en 1983 estar\u00e1n sobre el escenario.","og_url":"https:\/\/www.ull.es\/portal\/noticias\/2018\/agrupacion-folclorica-universitaria-celebra-35-aniversario-concierto-paraninfo\/","og_site_name":"ULL - Noticias","article_publisher":"https:\/\/www.facebook.com\/universidaddelalaguna\/","article_published_time":"2018-11-22T08:43:36+00:00","og_image":[{"width":700,"height":350,"url":"https:\/\/www.ull.es\/portal\/noticias\/wp-content\/uploads\/sites\/13\/2018\/11\/35aniversarioAFU_agenda.jpg","type":"image\/jpeg"}],"author":"gcom5","twitter_card":"summary_large_image","twitter_creator":"@CanalULL","twitter_site":"@CanalULL","twitter_misc":{"Escrito por":"gcom5","Tiempo de lectura":"2 minutos"},"schema":{"@context":"https:\/\/schema.org","@graph":[{"@type":"WebPage","@id":"https:\/\/www.ull.es\/portal\/noticias\/2018\/agrupacion-folclorica-universitaria-celebra-35-aniversario-concierto-paraninfo\/","url":"https:\/\/www.ull.es\/portal\/noticias\/2018\/agrupacion-folclorica-universitaria-celebra-35-aniversario-concierto-paraninfo\/","name":"La Agrupaci\u00f3n Folcl\u00f3rica Universitaria (AFU) celebra su 35 aniversario con un concierto en el Paraninfo","isPartOf":{"@id":"https:\/\/www.ull.es\/portal\/noticias\/#website"},"datePublished":"2018-11-22T08:43:36+00:00","dateModified":"2018-11-22T08:43:36+00:00","author":{"@id":"https:\/\/www.ull.es\/portal\/noticias\/#\/schema\/person\/8027c6c4687adc2c90dc1532715d34df"},"description":"La Agrupaci\u00f3n Folcl\u00f3rica Universitaria (AFU) celebrar\u00e1 su 35 aniversario con un concierto en el Paraninfo de la ULL el viernes, 23 de noviembre, a partir de las 21:00 horas. M\u00e1s de 350 componentes que han formado parte del grupo a lo largo de m\u00e1s de tres d\u00e9cadas desde su creaci\u00f3n en 1983 estar\u00e1n sobre el escenario.","breadcrumb":{"@id":"https:\/\/www.ull.es\/portal\/noticias\/2018\/agrupacion-folclorica-universitaria-celebra-35-aniversario-concierto-paraninfo\/#breadcrumb"},"inLanguage":"es","potentialAction":[{"@type":"ReadAction","target":["https:\/\/www.ull.es\/portal\/noticias\/2018\/agrupacion-folclorica-universitaria-celebra-35-aniversario-concierto-paraninfo\/"]}]},{"@type":"BreadcrumbList","@id":"https:\/\/www.ull.es\/portal\/noticias\/2018\/agrupacion-folclorica-universitaria-celebra-35-aniversario-concierto-paraninfo\/#breadcrumb","itemListElement":[{"@type":"ListItem","position":1,"name":"Portada","item":"https:\/\/www.ull.es\/portal\/noticias\/"},{"@type":"ListItem","position":2,"name":"La Agrupaci\u00f3n Folcl\u00f3rica Universitaria (AFU) celebra su 35 aniversario con un concierto en el Paraninfo"}]},{"@type":"WebSite","@id":"https:\/\/www.ull.es\/portal\/noticias\/#website","url":"https:\/\/www.ull.es\/portal\/noticias\/","name":"ULL - Noticias","description":"","potentialAction":[{"@type":"SearchAction","target":{"@type":"EntryPoint","urlTemplate":"https:\/\/www.ull.es\/portal\/noticias\/?s={search_term_string}"},"query-input":"required name=search_term_string"}],"inLanguage":"es"},{"@type":"Person","@id":"https:\/\/www.ull.es\/portal\/noticias\/#\/schema\/person\/8027c6c4687adc2c90dc1532715d34df","name":"gcom5","image":{"@type":"ImageObject","inLanguage":"es","@id":"https:\/\/www.ull.es\/portal\/noticias\/#\/schema\/person\/image\/","url":"https:\/\/secure.gravatar.com\/avatar\/8b3777f8048001fa57b88338ce5605b9?s=96&d=mm&r=g","contentUrl":"https:\/\/secure.gravatar.com\/avatar\/8b3777f8048001fa57b88338ce5605b9?s=96&d=mm&r=g","caption":"gcom5"},"url":"https:\/\/www.ull.es\/portal\/noticias\/author\/gcom5\/"}]}},"primary_category":{"id":344,"name":"Cultura","slug":"cultura","link":"https:\/\/www.ull.es\/portal\/noticias\/category\/cultura\/"},"featured_image_thumbnail_url":"https:\/\/www.ull.es\/portal\/noticias\/wp-content\/uploads\/sites\/13\/2018\/11\/35aniversarioAFU_agenda-300x150.jpg","_links":{"self":[{"href":"https:\/\/www.ull.es\/portal\/noticias\/wp-json\/wp\/v2\/posts\/40752"}],"collection":[{"href":"https:\/\/www.ull.es\/portal\/noticias\/wp-json\/wp\/v2\/posts"}],"about":[{"href":"https:\/\/www.ull.es\/portal\/noticias\/wp-json\/wp\/v2\/types\/post"}],"author":[{"embeddable":true,"href":"https:\/\/www.ull.es\/portal\/noticias\/wp-json\/wp\/v2\/users\/67"}],"replies":[{"embeddable":true,"href":"https:\/\/www.ull.es\/portal\/noticias\/wp-json\/wp\/v2\/comments?post=40752"}],"version-history":[{"count":1,"href":"https:\/\/www.ull.es\/portal\/noticias\/wp-json\/wp\/v2\/posts\/40752\/revisions"}],"predecessor-version":[{"id":40756,"href":"https:\/\/www.ull.es\/portal\/noticias\/wp-json\/wp\/v2\/posts\/40752\/revisions\/40756"}],"wp:featuredmedia":[{"embeddable":true,"href":"https:\/\/www.ull.es\/portal\/noticias\/wp-json\/wp\/v2\/media\/40755"}],"wp:attachment":[{"href":"https:\/\/www.ull.es\/portal\/noticias\/wp-json\/wp\/v2\/media?parent=40752"}],"wp:term":[{"taxonomy":"category","embeddable":true,"href":"https:\/\/www.ull.es\/portal\/noticias\/wp-json\/wp\/v2\/categories?post=40752"},{"taxonomy":"post_tag","embeddable":true,"href":"https:\/\/www.ull.es\/portal\/noticias\/wp-json\/wp\/v2\/tags?post=40752"}],"curies":[{"name":"wp","href":"https:\/\/api.w.org\/{rel}","templated":true}]}}