{"id":40801,"date":"2018-11-23T13:12:45","date_gmt":"2018-11-23T13:12:45","guid":{"rendered":"https:\/\/www.ull.es\/portal\/noticias\/?p=40801"},"modified":"2018-11-23T15:07:19","modified_gmt":"2018-11-23T15:07:19","slug":"jornada-prevencion-violencia-de-genero","status":"publish","type":"post","link":"https:\/\/www.ull.es\/portal\/noticias\/2018\/jornada-prevencion-violencia-de-genero\/","title":{"rendered":"La Unidad de Igualdad de la ULL organiza unas jornadas de prevenci\u00f3n y lucha contra la violencia de g\u00e9nero"},"content":{"rendered":"<p><strong>Tambi\u00e9n se ha abierto una exposici\u00f3n del proyecto Feminario y se celebrar\u00e1 un seminario de investigaci\u00f3n sobre prostituci\u00f3n y violencia<\/strong><\/p>\n<p>La Unidad de Igualdad de G\u00e9nero de la Universidad de La Laguna ha organizado el pr\u00f3ximo lunes, 26 de noviembre, la segunda edici\u00f3n de la jornada \u201cY yo, \u00bfqu\u00e9 puedo hacer contra la violencia de g\u00e9nero\u201d, que se celebrar\u00e1 entre las 10:00 y las 13:00 horas en el Sal\u00f3n de Grados de la Facultad de Ciencias Sociales y de la Comunicaci\u00f3n de la instituci\u00f3n acad\u00e9mica.<\/p>\n<p>Esta jornada se enmarca dentro de los actos que diversas instituciones organizan con motivo de la celebraci\u00f3n del D\u00eda Internacional de la Eliminaci\u00f3n de la Violencia contra las Mujeres, que se conmemora cada 25 de noviembre. Por ello, al inicio de la jornada se har\u00e1 lectura del <a href=\"https:\/\/drive.google.com\/open?id=10OlJPHNkbwMi_BqSxteT0YtmZj9sBsPL\" target=\"_blank\" rel=\"noopener\">manifiesto elaborado para la ocasi\u00f3n<\/a> por la Red de Unidades de Igualdad de G\u00e9nero de las Universidades Espa\u00f1olas para la Excelencia Universitaria (RUIGEU), en la que participan cincuenta instituciones acad\u00e9micas.<\/p>\n<p>El manifiesto expresa el compromiso de las universidades espa\u00f1olas en la lucha por la erradicaci\u00f3n de la violencia machista, ejemplificado a trav\u00e9s de su colaboraci\u00f3n con otras instituciones p\u00fablicas y apostando por la formaci\u00f3n de su alumnado en g\u00e9nero. En ese sentido, el texto recuerda la necesidad de que la perspectiva de g\u00e9nero sea transversal en toda la formaci\u00f3n acad\u00e9mica y que, adem\u00e1s, se forme en las aulas a profesionales con perfil cualificado en los procesos derivados de las situaciones de este tipo de violencia.<\/p>\n<p>Como explica la directora de Unidad de Igualdad de G\u00e9nero de la instituci\u00f3n, Laura Aguilera, \u201cel D\u00eda Internacional por la Eliminaci\u00f3n de la Violencia contra las Mujeres no se trata de una celebraci\u00f3n, porque es imposible que lo sea si recordamos que m\u00e1s de cincuenta mujeres, ni\u00f1as y ni\u00f1os han sido asesinadas durante el a\u00f1o 2018 por sus parejas, exparejas y padres. No se puede, pues, celebrar el sufrimiento que miles de mujeres padecen en sus relaciones, familias, entornos laborales y acad\u00e9micos o en las calles, simplemente por el hecho de ser mujeres. Pero s\u00ed es un d\u00eda para recordar a las que est\u00e1n y a las que no, para comunicarle a la sociedad que estamos unidas y queremos ser tratadas con respeto y dignidad\u201d.<\/p>\n<p><strong>Programa<\/strong><\/p>\n<p>El objetivo de la jornada es sensibilizar al alumnado de la Universidad de La Laguna sobre la importancia de la visibilizaci\u00f3n de la violencia de g\u00e9nero y las claves que cada persona puede aportar para su erradicaci\u00f3n. Comenzar\u00e1 con una sesi\u00f3n plenaria en la que se aportar\u00e1 la definici\u00f3n de la violencia de g\u00e9nero, tras la cual el alumnado se dividir\u00e1 en grupos para realizar talleres pr\u00e1cticos que abordar\u00e1n diferentes cuestiones relacionadas con esta lacra social. A su t\u00e9rmino, se aportar\u00e1n las conclusiones extra\u00eddas y se terminar\u00e1 con un debate.<\/p>\n<p>Los talleres ser\u00e1n impartidos por personas con formaci\u00f3n en g\u00e9nero y en participaci\u00f3n social: \u201cAprende un uso no sexista del lenguaje escrito, oral y visual\u201d, por Rub\u00e9n Gonz\u00e1lez Mart\u00edn; \u201cAprende a detectar diferentes formas de violencia de g\u00e9nero\u201d, por Laura Rodr\u00edguez Rodr\u00edguez; y \u201c\u00bfQu\u00e9 mensajes podemos transmitir en nuestro entorno frente a la VG? Haz frente a los mitos\u201d, por Y\u00e9sica Felipe Sim\u00f3n.<\/p>\n<p><strong>Feminario<\/strong><\/p>\n<p><a href=\"https:\/\/www.ull.es\/portal\/noticias\/wp-content\/uploads\/sites\/13\/2018\/11\/jornada-violencia-genero.jpg\" target=\"_blank\" rel=\"noopener\" target=\"_blank\" rel=\"noopener\"><img decoding=\"async\" loading=\"lazy\" class=\"alignleft wp-image-40809 size-medium\" src=\"https:\/\/www.ull.es\/portal\/noticias\/wp-content\/uploads\/sites\/13\/2018\/11\/jornada-violencia-genero-300x200.jpg\" alt=\"\" width=\"300\" height=\"200\" srcset=\"https:\/\/www.ull.es\/portal\/noticias\/wp-content\/uploads\/sites\/13\/2018\/11\/jornada-violencia-genero-300x200.jpg 300w, https:\/\/www.ull.es\/portal\/noticias\/wp-content\/uploads\/sites\/13\/2018\/11\/jornada-violencia-genero-768x512.jpg 768w, https:\/\/www.ull.es\/portal\/noticias\/wp-content\/uploads\/sites\/13\/2018\/11\/jornada-violencia-genero-1024x683.jpg 1024w, https:\/\/www.ull.es\/portal\/noticias\/wp-content\/uploads\/sites\/13\/2018\/11\/jornada-violencia-genero-375x250.jpg 375w, https:\/\/www.ull.es\/portal\/noticias\/wp-content\/uploads\/sites\/13\/2018\/11\/jornada-violencia-genero-750x500.jpg 750w, https:\/\/www.ull.es\/portal\/noticias\/wp-content\/uploads\/sites\/13\/2018\/11\/jornada-violencia-genero-1140x760.jpg 1140w, https:\/\/www.ull.es\/portal\/noticias\/wp-content\/uploads\/sites\/13\/2018\/11\/jornada-violencia-genero.jpg 1200w\" sizes=\"(max-width: 300px) 100vw, 300px\" \/><\/a>Otro acto reivindicativo en torno a la violencia sexista ha estado protagonizado por el proyecto Feminario de la Universidad de la Laguna, consistente en una muestra simb\u00f3lica en la Facultad de Educaci\u00f3n abierta desde hoy, viernes 23 de noviembre, que estar\u00e1 abierta al p\u00fablico hasta el pr\u00f3ximo 10 de diciembre.<\/p>\n<p>En ella, el alumnado de cuarto de del Grado en Pedagog\u00eda de la asignatura \u201cRelaci\u00f3n Familia y Escuela\u201d, impartida por la profesora de la Facultad de Educaci\u00f3n Ana Vega Navarro, ha colocado 46 carteles negros, uno por cada una de las 44 mujeres y dos ni\u00f1as asesinadas este a\u00f1o, imitando a 46 l\u00e1pidas. En cada una de ellas aparece el nombre, la edad, el lugar de procedencia, la fecha del asesinato, as\u00ed como la forma en que fueron asesinadas estas mujeres. Adem\u00e1s, han colgado m\u00e1scaras cubiertas de pintura, roja como una forma de concienciar a la juventud sobre este problema.<\/p>\n<p>\u201cPara el desarrollo de esta actividad, se han implicado tanto los alumnos como las alumnas de esta asignatura, poniendo velas, flores, decorando las m\u00e1scaras y escribiendo el texto de cada l\u00e1pida\u201d, ha comentado Vega.<\/p>\n<p>Adem\u00e1s, el pr\u00f3ximo martes 27 de noviembre a las 10:00, el alumnado de esta asignatura recibir\u00e1 una charla impartida por Lola Delgado, especialista en violencia de g\u00e9nero y, a continuaci\u00f3n, desfilar\u00e1 por la Facultad de Educaci\u00f3n vestido de negro y con caretas blancas con un signo de interrogaci\u00f3n. \u201cHemos cre\u00eddo conveniente poner un interrogante en la cara que pregunte, \u2018\u00bfser\u00e9 yo la siguiente?\u2019. Es una f\u00f3rmula de concienciar a los j\u00f3venes de este problema tan grave que ocurre en la sociedad actual\u201d, ha declarado la profesora.<\/p>\n<p>Feminario es un proyecto de Innovaci\u00f3n Docente dirigido por Ana Vega Navarro y creado por varios profesores de diferentes facultades de la ULL hace m\u00e1s de tres a\u00f1os, con el objetivo de concienciar al alumnado sobre la igualdad, la inclusi\u00f3n y el maltrato machista, entre otros asuntos.<\/p>\n<p><strong>Prostituci\u00f3n y violencia<\/strong><\/p>\n<p>Paralelamente, el Instituto Universitario de Estudios de las Mujeres de la instituci\u00f3n acad\u00e9mica ha organizado un seminario igualmente relacionado con la violencia de g\u00e9nero, titulado <a href=\"https:\/\/drive.google.com\/file\/d\/1kiajPgmBfcgxBe2l6fayjhQwXlt-Ptme\/view\" target=\"_blank\" rel=\"noopener\">\u201cHuellas de exterminio patriarcal. La Prostituci\u00f3n como instrumento normalizador de la violencia\u201d<\/a>, dirigido por la profesora de sociolog\u00eda de la Universidad de La Laguna Esther Torrado Mart\u00edn-Palomino y que se desarrollar\u00e1 se celebrar\u00e1 los d\u00edas 26 y 27 de noviembre, entre las 10 y 20 horas, en el Sal\u00f3n de Actos de la Facultad de Ciencias de la Comunicaci\u00f3n, en el Campus Guajara.<\/p>\n<p>Constar\u00e1 de una serie de conferencias, ponencias y comunicaciones tanto de personas relevantes del \u00e1mbito acad\u00e9mico, como de organizaciones e instituciones sociales, abordando cuestiones relacionadas con el sistema prostitucional, tales como la pornograf\u00eda, la prostituci\u00f3n y la trata de seres humanos.<\/p>\n<p>Tambi\u00e9n servir\u00e1 como marco para la presentaci\u00f3n de los resultados de investigaci\u00f3n de dos proyectos pioneros y novedosos financiados por el Instituto Canario de Igualdad a la Universidad de La Laguna: \u201cDiagn\u00f3sticos sobre la situaci\u00f3n de la prostituci\u00f3n de mujeres en Canarias\u201d y \u201cPercepci\u00f3n social de la prostituci\u00f3n de mujeres en Canarias y an\u00e1lisis de la demanda prostitucional\u201d.<\/p>\n","protected":false},"excerpt":{"rendered":"<p>Tambi\u00e9n se ha abierto una exposici\u00f3n del proyecto Feminario y se celebrar\u00e1 un seminario de investigaci\u00f3n sobre prostituci\u00f3n y violencia&#8230;<\/p>\n","protected":false},"author":23,"featured_media":40804,"comment_status":"closed","ping_status":"closed","sticky":false,"template":"","format":"standard","meta":{"inline_featured_image":false,"footnotes":""},"categories":[345,4966,348,2765],"tags":[1357,5070,2637],"acf":[],"yoast_head":"<!-- This site is optimized with the Yoast SEO plugin v21.3 - https:\/\/yoast.com\/wordpress\/plugins\/seo\/ -->\n<title>La ULL organiza unas jornadas de prevenci\u00f3n de la violencia de g\u00e9nero<\/title>\n<meta name=\"description\" content=\"La Unidad de Igualdad de G\u00e9nero de la ULL ha organizado el pr\u00f3ximo lunes, 26 de noviembre, la segunda edici\u00f3n de la jornada \u201cY yo, \u00bfqu\u00e9 puedo hacer contra la violencia de g\u00e9nero\u201d, que se celebrar\u00e1 entre las 10:00 y las 13:00 horas en la Facultad de Ciencias Sociales y de la Comunicaci\u00f3n de la Instituci\u00f3n Acad\u00e9mica.\" \/>\n<meta name=\"robots\" content=\"index, follow, max-snippet:-1, max-image-preview:large, max-video-preview:-1\" \/>\n<link rel=\"canonical\" href=\"https:\/\/www.ull.es\/portal\/noticias\/2018\/jornada-prevencion-violencia-de-genero\/\" \/>\n<meta property=\"og:locale\" content=\"es_ES\" \/>\n<meta property=\"og:type\" content=\"article\" \/>\n<meta property=\"og:title\" content=\"La ULL organiza unas jornadas de prevenci\u00f3n de la violencia de g\u00e9nero\" \/>\n<meta property=\"og:description\" content=\"La Unidad de Igualdad de G\u00e9nero de la ULL ha organizado el pr\u00f3ximo lunes, 26 de noviembre, la segunda edici\u00f3n de la jornada \u201cY yo, \u00bfqu\u00e9 puedo hacer contra la violencia de g\u00e9nero\u201d, que se celebrar\u00e1 entre las 10:00 y las 13:00 horas en la Facultad de Ciencias Sociales y de la Comunicaci\u00f3n de la Instituci\u00f3n Acad\u00e9mica.\" \/>\n<meta property=\"og:url\" content=\"https:\/\/www.ull.es\/portal\/noticias\/2018\/jornada-prevencion-violencia-de-genero\/\" \/>\n<meta property=\"og:site_name\" content=\"ULL - Noticias\" \/>\n<meta property=\"article:publisher\" content=\"https:\/\/www.facebook.com\/universidaddelalaguna\/\" \/>\n<meta property=\"article:published_time\" content=\"2018-11-23T13:12:45+00:00\" \/>\n<meta property=\"article:modified_time\" content=\"2018-11-23T15:07:19+00:00\" \/>\n<meta property=\"og:image\" content=\"https:\/\/www.ull.es\/portal\/noticias\/wp-content\/uploads\/sites\/13\/2018\/11\/ViolenciaGenero_agenda.jpg\" \/>\n\t<meta property=\"og:image:width\" content=\"700\" \/>\n\t<meta property=\"og:image:height\" content=\"350\" \/>\n\t<meta property=\"og:image:type\" content=\"image\/jpeg\" \/>\n<meta name=\"author\" content=\"gaprsa\" \/>\n<meta name=\"twitter:card\" content=\"summary_large_image\" \/>\n<meta name=\"twitter:creator\" content=\"@CanalULL\" \/>\n<meta name=\"twitter:site\" content=\"@CanalULL\" \/>\n<meta name=\"twitter:label1\" content=\"Escrito por\" \/>\n\t<meta name=\"twitter:data1\" content=\"gaprsa\" \/>\n\t<meta name=\"twitter:label2\" content=\"Tiempo de lectura\" \/>\n\t<meta name=\"twitter:data2\" content=\"6 minutos\" \/>\n<script type=\"application\/ld+json\" class=\"yoast-schema-graph\">{\"@context\":\"https:\/\/schema.org\",\"@graph\":[{\"@type\":\"WebPage\",\"@id\":\"https:\/\/www.ull.es\/portal\/noticias\/2018\/jornada-prevencion-violencia-de-genero\/\",\"url\":\"https:\/\/www.ull.es\/portal\/noticias\/2018\/jornada-prevencion-violencia-de-genero\/\",\"name\":\"La ULL organiza unas jornadas de prevenci\u00f3n de la violencia de g\u00e9nero\",\"isPartOf\":{\"@id\":\"https:\/\/www.ull.es\/portal\/noticias\/#website\"},\"datePublished\":\"2018-11-23T13:12:45+00:00\",\"dateModified\":\"2018-11-23T15:07:19+00:00\",\"author\":{\"@id\":\"https:\/\/www.ull.es\/portal\/noticias\/#\/schema\/person\/b2b1a89d43ffa609e591f7df8ef3e817\"},\"description\":\"La Unidad de Igualdad de G\u00e9nero de la ULL ha organizado el pr\u00f3ximo lunes, 26 de noviembre, la segunda edici\u00f3n de la jornada \u201cY yo, \u00bfqu\u00e9 puedo hacer contra la violencia de g\u00e9nero\u201d, que se celebrar\u00e1 entre las 10:00 y las 13:00 horas en la Facultad de Ciencias Sociales y de la Comunicaci\u00f3n de la Instituci\u00f3n Acad\u00e9mica.\",\"breadcrumb\":{\"@id\":\"https:\/\/www.ull.es\/portal\/noticias\/2018\/jornada-prevencion-violencia-de-genero\/#breadcrumb\"},\"inLanguage\":\"es\",\"potentialAction\":[{\"@type\":\"ReadAction\",\"target\":[\"https:\/\/www.ull.es\/portal\/noticias\/2018\/jornada-prevencion-violencia-de-genero\/\"]}]},{\"@type\":\"BreadcrumbList\",\"@id\":\"https:\/\/www.ull.es\/portal\/noticias\/2018\/jornada-prevencion-violencia-de-genero\/#breadcrumb\",\"itemListElement\":[{\"@type\":\"ListItem\",\"position\":1,\"name\":\"Portada\",\"item\":\"https:\/\/www.ull.es\/portal\/noticias\/\"},{\"@type\":\"ListItem\",\"position\":2,\"name\":\"La Unidad de Igualdad de la ULL organiza unas jornadas de prevenci\u00f3n y lucha contra la violencia de g\u00e9nero\"}]},{\"@type\":\"WebSite\",\"@id\":\"https:\/\/www.ull.es\/portal\/noticias\/#website\",\"url\":\"https:\/\/www.ull.es\/portal\/noticias\/\",\"name\":\"ULL - Noticias\",\"description\":\"\",\"potentialAction\":[{\"@type\":\"SearchAction\",\"target\":{\"@type\":\"EntryPoint\",\"urlTemplate\":\"https:\/\/www.ull.es\/portal\/noticias\/?s={search_term_string}\"},\"query-input\":\"required name=search_term_string\"}],\"inLanguage\":\"es\"},{\"@type\":\"Person\",\"@id\":\"https:\/\/www.ull.es\/portal\/noticias\/#\/schema\/person\/b2b1a89d43ffa609e591f7df8ef3e817\",\"name\":\"gaprsa\",\"image\":{\"@type\":\"ImageObject\",\"inLanguage\":\"es\",\"@id\":\"https:\/\/www.ull.es\/portal\/noticias\/#\/schema\/person\/image\/\",\"url\":\"https:\/\/secure.gravatar.com\/avatar\/443820550921091458b4823867723b3d?s=96&d=mm&r=g\",\"contentUrl\":\"https:\/\/secure.gravatar.com\/avatar\/443820550921091458b4823867723b3d?s=96&d=mm&r=g\",\"caption\":\"gaprsa\"},\"url\":\"https:\/\/www.ull.es\/portal\/noticias\/author\/gaprsa\/\"}]}<\/script>\n<!-- \/ Yoast SEO plugin. -->","yoast_head_json":{"title":"La ULL organiza unas jornadas de prevenci\u00f3n de la violencia de g\u00e9nero","description":"La Unidad de Igualdad de G\u00e9nero de la ULL ha organizado el pr\u00f3ximo lunes, 26 de noviembre, la segunda edici\u00f3n de la jornada \u201cY yo, \u00bfqu\u00e9 puedo hacer contra la violencia de g\u00e9nero\u201d, que se celebrar\u00e1 entre las 10:00 y las 13:00 horas en la Facultad de Ciencias Sociales y de la Comunicaci\u00f3n de la Instituci\u00f3n Acad\u00e9mica.","robots":{"index":"index","follow":"follow","max-snippet":"max-snippet:-1","max-image-preview":"max-image-preview:large","max-video-preview":"max-video-preview:-1"},"canonical":"https:\/\/www.ull.es\/portal\/noticias\/2018\/jornada-prevencion-violencia-de-genero\/","og_locale":"es_ES","og_type":"article","og_title":"La ULL organiza unas jornadas de prevenci\u00f3n de la violencia de g\u00e9nero","og_description":"La Unidad de Igualdad de G\u00e9nero de la ULL ha organizado el pr\u00f3ximo lunes, 26 de noviembre, la segunda edici\u00f3n de la jornada \u201cY yo, \u00bfqu\u00e9 puedo hacer contra la violencia de g\u00e9nero\u201d, que se celebrar\u00e1 entre las 10:00 y las 13:00 horas en la Facultad de Ciencias Sociales y de la Comunicaci\u00f3n de la Instituci\u00f3n Acad\u00e9mica.","og_url":"https:\/\/www.ull.es\/portal\/noticias\/2018\/jornada-prevencion-violencia-de-genero\/","og_site_name":"ULL - Noticias","article_publisher":"https:\/\/www.facebook.com\/universidaddelalaguna\/","article_published_time":"2018-11-23T13:12:45+00:00","article_modified_time":"2018-11-23T15:07:19+00:00","og_image":[{"width":700,"height":350,"url":"https:\/\/www.ull.es\/portal\/noticias\/wp-content\/uploads\/sites\/13\/2018\/11\/ViolenciaGenero_agenda.jpg","type":"image\/jpeg"}],"author":"gaprsa","twitter_card":"summary_large_image","twitter_creator":"@CanalULL","twitter_site":"@CanalULL","twitter_misc":{"Escrito por":"gaprsa","Tiempo de lectura":"6 minutos"},"schema":{"@context":"https:\/\/schema.org","@graph":[{"@type":"WebPage","@id":"https:\/\/www.ull.es\/portal\/noticias\/2018\/jornada-prevencion-violencia-de-genero\/","url":"https:\/\/www.ull.es\/portal\/noticias\/2018\/jornada-prevencion-violencia-de-genero\/","name":"La ULL organiza unas jornadas de prevenci\u00f3n de la violencia de g\u00e9nero","isPartOf":{"@id":"https:\/\/www.ull.es\/portal\/noticias\/#website"},"datePublished":"2018-11-23T13:12:45+00:00","dateModified":"2018-11-23T15:07:19+00:00","author":{"@id":"https:\/\/www.ull.es\/portal\/noticias\/#\/schema\/person\/b2b1a89d43ffa609e591f7df8ef3e817"},"description":"La Unidad de Igualdad de G\u00e9nero de la ULL ha organizado el pr\u00f3ximo lunes, 26 de noviembre, la segunda edici\u00f3n de la jornada \u201cY yo, \u00bfqu\u00e9 puedo hacer contra la violencia de g\u00e9nero\u201d, que se celebrar\u00e1 entre las 10:00 y las 13:00 horas en la Facultad de Ciencias Sociales y de la Comunicaci\u00f3n de la Instituci\u00f3n Acad\u00e9mica.","breadcrumb":{"@id":"https:\/\/www.ull.es\/portal\/noticias\/2018\/jornada-prevencion-violencia-de-genero\/#breadcrumb"},"inLanguage":"es","potentialAction":[{"@type":"ReadAction","target":["https:\/\/www.ull.es\/portal\/noticias\/2018\/jornada-prevencion-violencia-de-genero\/"]}]},{"@type":"BreadcrumbList","@id":"https:\/\/www.ull.es\/portal\/noticias\/2018\/jornada-prevencion-violencia-de-genero\/#breadcrumb","itemListElement":[{"@type":"ListItem","position":1,"name":"Portada","item":"https:\/\/www.ull.es\/portal\/noticias\/"},{"@type":"ListItem","position":2,"name":"La Unidad de Igualdad de la ULL organiza unas jornadas de prevenci\u00f3n y lucha contra la violencia de g\u00e9nero"}]},{"@type":"WebSite","@id":"https:\/\/www.ull.es\/portal\/noticias\/#website","url":"https:\/\/www.ull.es\/portal\/noticias\/","name":"ULL - Noticias","description":"","potentialAction":[{"@type":"SearchAction","target":{"@type":"EntryPoint","urlTemplate":"https:\/\/www.ull.es\/portal\/noticias\/?s={search_term_string}"},"query-input":"required name=search_term_string"}],"inLanguage":"es"},{"@type":"Person","@id":"https:\/\/www.ull.es\/portal\/noticias\/#\/schema\/person\/b2b1a89d43ffa609e591f7df8ef3e817","name":"gaprsa","image":{"@type":"ImageObject","inLanguage":"es","@id":"https:\/\/www.ull.es\/portal\/noticias\/#\/schema\/person\/image\/","url":"https:\/\/secure.gravatar.com\/avatar\/443820550921091458b4823867723b3d?s=96&d=mm&r=g","contentUrl":"https:\/\/secure.gravatar.com\/avatar\/443820550921091458b4823867723b3d?s=96&d=mm&r=g","caption":"gaprsa"},"url":"https:\/\/www.ull.es\/portal\/noticias\/author\/gaprsa\/"}]}},"primary_category":{"id":345,"name":"Destacado","slug":"destacado","link":"https:\/\/www.ull.es\/portal\/noticias\/category\/destacado\/"},"featured_image_thumbnail_url":"https:\/\/www.ull.es\/portal\/noticias\/wp-content\/uploads\/sites\/13\/2018\/11\/ViolenciaGenero_agenda-300x150.jpg","_links":{"self":[{"href":"https:\/\/www.ull.es\/portal\/noticias\/wp-json\/wp\/v2\/posts\/40801"}],"collection":[{"href":"https:\/\/www.ull.es\/portal\/noticias\/wp-json\/wp\/v2\/posts"}],"about":[{"href":"https:\/\/www.ull.es\/portal\/noticias\/wp-json\/wp\/v2\/types\/post"}],"author":[{"embeddable":true,"href":"https:\/\/www.ull.es\/portal\/noticias\/wp-json\/wp\/v2\/users\/23"}],"replies":[{"embeddable":true,"href":"https:\/\/www.ull.es\/portal\/noticias\/wp-json\/wp\/v2\/comments?post=40801"}],"version-history":[{"count":5,"href":"https:\/\/www.ull.es\/portal\/noticias\/wp-json\/wp\/v2\/posts\/40801\/revisions"}],"predecessor-version":[{"id":40811,"href":"https:\/\/www.ull.es\/portal\/noticias\/wp-json\/wp\/v2\/posts\/40801\/revisions\/40811"}],"wp:featuredmedia":[{"embeddable":true,"href":"https:\/\/www.ull.es\/portal\/noticias\/wp-json\/wp\/v2\/media\/40804"}],"wp:attachment":[{"href":"https:\/\/www.ull.es\/portal\/noticias\/wp-json\/wp\/v2\/media?parent=40801"}],"wp:term":[{"taxonomy":"category","embeddable":true,"href":"https:\/\/www.ull.es\/portal\/noticias\/wp-json\/wp\/v2\/categories?post=40801"},{"taxonomy":"post_tag","embeddable":true,"href":"https:\/\/www.ull.es\/portal\/noticias\/wp-json\/wp\/v2\/tags?post=40801"}],"curies":[{"name":"wp","href":"https:\/\/api.w.org\/{rel}","templated":true}]}}