{"id":41289,"date":"2018-12-18T11:33:17","date_gmt":"2018-12-18T11:33:17","guid":{"rendered":"https:\/\/www.ull.es\/portal\/noticias\/?p=41289"},"modified":"2018-12-18T11:33:17","modified_gmt":"2018-12-18T11:33:17","slug":"revista-cedille-monografico-deseo-en-literatura","status":"publish","type":"post","link":"https:\/\/www.ull.es\/portal\/noticias\/2018\/revista-cedille-monografico-deseo-en-literatura\/","title":{"rendered":"La revista de estudios franceses \u00c7\u00e9dille de la ULL publica un monogr\u00e1fico sobre el deseo en la literatura"},"content":{"rendered":"<p><img decoding=\"async\" loading=\"lazy\" class=\"alignleft wp-image-34439 size-medium\" src=\"https:\/\/www.ull.es\/portal\/noticias\/wp-content\/uploads\/sites\/13\/2017\/12\/\u00e7edille-t-300x139.png\" alt=\"\" width=\"300\" height=\"139\" srcset=\"https:\/\/www.ull.es\/portal\/noticias\/wp-content\/uploads\/sites\/13\/2017\/12\/\u00e7edille-t-300x139.png 300w, https:\/\/www.ull.es\/portal\/noticias\/wp-content\/uploads\/sites\/13\/2017\/12\/\u00e7edille-t-375x174.png 375w, https:\/\/www.ull.es\/portal\/noticias\/wp-content\/uploads\/sites\/13\/2017\/12\/\u00e7edille-t.png 480w\" sizes=\"(max-width: 300px) 100vw, 300px\" \/>La Asociaci\u00f3n de Francesistas de la Universidad Espa\u00f1ola, con la colaboraci\u00f3n de la Universidad de La Laguna, acaba de publicar el octavo n\u00famero de la serie \u00abMonograf\u00edas\u00bb de la <a href=\"http:\/\/cedille.webs.ull.es\/\" target=\"_blank\" rel=\"noopener\">revista electr\u00f3nica de estudios franceses \u00c7\u00e9dille<\/a>, que en esta entrega est\u00e1 dedicado a las nociones de deseo y pertenencia en la literatura.<\/p>\n<p>Este volumen, que han coordinado las profesoras Brigitte Le Juez, de la Dublin City University, y H\u00e9l\u00e8ne Rufat, de la Universitat Pompeu Fabra, re\u00fane seis art\u00edculos originales redactados por investigadoras de universidades de Espa\u00f1a, Hungr\u00eda, Irlanda, Italia y Rep\u00fablica de Mauricio.<\/p>\n<p>Los art\u00edculos que integran este n\u00famero monogr\u00e1fico contribuyen significativamente a hacer comprender la necesidad que los seres humanos tienen de reconocerse en diferentes b\u00fasquedas identitarias que pasan, tanto en conjunto como por separado, por el cuestionamiento de los criterios de aceptaci\u00f3n nacionales, religiosos y art\u00edsticos.<\/p>\n<p>As\u00ed, como se\u00f1alan las editoras, los defectos y las potencialidades que se ponen de manifiesto en este volumen prueban que, en un contexto de flujos constantes en lo pol\u00edtico, lo social y lo cultural, no queda otra certeza que la de la (re)construcci\u00f3n permanente de cualquier identidad, ya sea individual o colectiva, para la bueno y para lo malo.<\/p>\n<p>\u00c7\u00e9dille, creada y dirigida en 2005 por el profesor del Departamento de Filolog\u00eda Cl\u00e1sica, Francesa, \u00c1rabe y Rom\u00e1nica de la Universidad de La Laguna Jos\u00e9 M. Oliver Frade, es la primera revista electr\u00f3nica y de acceso abierto de su especialidad editada en Espa\u00f1a. En la actualidad, est\u00e1 indizada y clasificada en las m\u00e1s prestigiosas bases de datos y repertorios nacionales (MIAR, Carhus Plus, CIRC, InD\u00cdCEs, RESH, Dialnet, REDIB, CSIC, etc.) e internacionales (Scopus, SCimago, ESCI [Web of Science], DOAJ, ERIH+, MLA, CAPES, EBSCO, ProQuest, etc.). Adem\u00e1s, desde 2016 cuenta con el sello de calidad que otorga la FECyT.<\/p>\n<p>Es de destacar, igualmente, que en el recientemente publicado \u00ab<a href=\"http:\/\/doi.org\/10.13140\/RG.2.2.19303.29603\" target=\"_blank\" rel=\"noopener\">\u00cdndice H de las Revistas Cient\u00edficas Espa\u00f1olas seg\u00fan Google Scholar Metrics (2013-2017)<\/a>\u00ab, \u00c7\u00e9dille figura como la primera revista de estudios franceses.<\/p>\n<p>&nbsp;<\/p>\n","protected":false},"excerpt":{"rendered":"<p>La Asociaci\u00f3n de Francesistas de la Universidad Espa\u00f1ola, con la colaboraci\u00f3n de la Universidad de La Laguna, acaba de publicar&#8230;<\/p>\n","protected":false},"author":21,"featured_media":34439,"comment_status":"closed","ping_status":"closed","sticky":false,"template":"","format":"standard","meta":{"inline_featured_image":false,"footnotes":""},"categories":[345,3994,3381,350,2765],"tags":[782,1267,5188],"acf":[],"yoast_head":"<!-- This site is optimized with the Yoast SEO plugin v21.3 - https:\/\/yoast.com\/wordpress\/plugins\/seo\/ -->\n<title>La revista \u00c7\u00e9dille publica un monogr\u00e1fico sobre el deseo en la literatura<\/title>\n<meta name=\"description\" content=\"La Asociaci\u00f3n de Francesistas de la Universidad Espa\u00f1ola, con la colaboraci\u00f3n de la Universidad de La Laguna, acaba de publicar el octavo n\u00famero de la serie &quot;Monograf\u00edas&quot; de la revista electr\u00f3nica de estudios franceses \u00c7\u00e9dille, que en esta entrega est\u00e1 dedicado a las nociones de deseo y pertenencia en la literatura.\" \/>\n<meta name=\"robots\" content=\"index, follow, max-snippet:-1, max-image-preview:large, max-video-preview:-1\" \/>\n<link rel=\"canonical\" href=\"https:\/\/www.ull.es\/portal\/noticias\/2018\/revista-cedille-monografico-deseo-en-literatura\/\" \/>\n<meta property=\"og:locale\" content=\"es_ES\" \/>\n<meta property=\"og:type\" content=\"article\" \/>\n<meta property=\"og:title\" content=\"La revista \u00c7\u00e9dille publica un monogr\u00e1fico sobre el deseo en la literatura\" \/>\n<meta property=\"og:description\" content=\"La Asociaci\u00f3n de Francesistas de la Universidad Espa\u00f1ola, con la colaboraci\u00f3n de la Universidad de La Laguna, acaba de publicar el octavo n\u00famero de la serie &quot;Monograf\u00edas&quot; de la revista electr\u00f3nica de estudios franceses \u00c7\u00e9dille, que en esta entrega est\u00e1 dedicado a las nociones de deseo y pertenencia en la literatura.\" \/>\n<meta property=\"og:url\" content=\"https:\/\/www.ull.es\/portal\/noticias\/2018\/revista-cedille-monografico-deseo-en-literatura\/\" \/>\n<meta property=\"og:site_name\" content=\"ULL - Noticias\" \/>\n<meta property=\"article:publisher\" content=\"https:\/\/www.facebook.com\/universidaddelalaguna\/\" \/>\n<meta property=\"article:published_time\" content=\"2018-12-18T11:33:17+00:00\" \/>\n<meta property=\"og:image\" content=\"https:\/\/www.ull.es\/portal\/noticias\/wp-content\/uploads\/sites\/13\/2017\/12\/\u00e7edille-t.png\" \/>\n\t<meta property=\"og:image:width\" content=\"480\" \/>\n\t<meta property=\"og:image:height\" content=\"223\" \/>\n\t<meta property=\"og:image:type\" content=\"image\/png\" \/>\n<meta name=\"author\" content=\"prensa2\" \/>\n<meta name=\"twitter:card\" content=\"summary_large_image\" \/>\n<meta name=\"twitter:creator\" content=\"@CanalULL\" \/>\n<meta name=\"twitter:site\" content=\"@CanalULL\" \/>\n<meta name=\"twitter:label1\" content=\"Escrito por\" \/>\n\t<meta name=\"twitter:data1\" content=\"prensa2\" \/>\n\t<meta name=\"twitter:label2\" content=\"Tiempo de lectura\" \/>\n\t<meta name=\"twitter:data2\" content=\"2 minutos\" \/>\n<script type=\"application\/ld+json\" class=\"yoast-schema-graph\">{\"@context\":\"https:\/\/schema.org\",\"@graph\":[{\"@type\":\"WebPage\",\"@id\":\"https:\/\/www.ull.es\/portal\/noticias\/2018\/revista-cedille-monografico-deseo-en-literatura\/\",\"url\":\"https:\/\/www.ull.es\/portal\/noticias\/2018\/revista-cedille-monografico-deseo-en-literatura\/\",\"name\":\"La revista \u00c7\u00e9dille publica un monogr\u00e1fico sobre el deseo en la literatura\",\"isPartOf\":{\"@id\":\"https:\/\/www.ull.es\/portal\/noticias\/#website\"},\"datePublished\":\"2018-12-18T11:33:17+00:00\",\"dateModified\":\"2018-12-18T11:33:17+00:00\",\"author\":{\"@id\":\"https:\/\/www.ull.es\/portal\/noticias\/#\/schema\/person\/c3b2aa857797592927a03740d6664376\"},\"description\":\"La Asociaci\u00f3n de Francesistas de la Universidad Espa\u00f1ola, con la colaboraci\u00f3n de la Universidad de La Laguna, acaba de publicar el octavo n\u00famero de la serie \\\"Monograf\u00edas\\\" de la revista electr\u00f3nica de estudios franceses \u00c7\u00e9dille, que en esta entrega est\u00e1 dedicado a las nociones de deseo y pertenencia en la literatura.\",\"breadcrumb\":{\"@id\":\"https:\/\/www.ull.es\/portal\/noticias\/2018\/revista-cedille-monografico-deseo-en-literatura\/#breadcrumb\"},\"inLanguage\":\"es\",\"potentialAction\":[{\"@type\":\"ReadAction\",\"target\":[\"https:\/\/www.ull.es\/portal\/noticias\/2018\/revista-cedille-monografico-deseo-en-literatura\/\"]}]},{\"@type\":\"BreadcrumbList\",\"@id\":\"https:\/\/www.ull.es\/portal\/noticias\/2018\/revista-cedille-monografico-deseo-en-literatura\/#breadcrumb\",\"itemListElement\":[{\"@type\":\"ListItem\",\"position\":1,\"name\":\"Portada\",\"item\":\"https:\/\/www.ull.es\/portal\/noticias\/\"},{\"@type\":\"ListItem\",\"position\":2,\"name\":\"La revista de estudios franceses \u00c7\u00e9dille de la ULL publica un monogr\u00e1fico sobre el deseo en la literatura\"}]},{\"@type\":\"WebSite\",\"@id\":\"https:\/\/www.ull.es\/portal\/noticias\/#website\",\"url\":\"https:\/\/www.ull.es\/portal\/noticias\/\",\"name\":\"ULL - Noticias\",\"description\":\"\",\"potentialAction\":[{\"@type\":\"SearchAction\",\"target\":{\"@type\":\"EntryPoint\",\"urlTemplate\":\"https:\/\/www.ull.es\/portal\/noticias\/?s={search_term_string}\"},\"query-input\":\"required name=search_term_string\"}],\"inLanguage\":\"es\"},{\"@type\":\"Person\",\"@id\":\"https:\/\/www.ull.es\/portal\/noticias\/#\/schema\/person\/c3b2aa857797592927a03740d6664376\",\"name\":\"prensa2\",\"image\":{\"@type\":\"ImageObject\",\"inLanguage\":\"es\",\"@id\":\"https:\/\/www.ull.es\/portal\/noticias\/#\/schema\/person\/image\/\",\"url\":\"https:\/\/secure.gravatar.com\/avatar\/b58f310a5de5feb33d1e026d2493f23c?s=96&d=mm&r=g\",\"contentUrl\":\"https:\/\/secure.gravatar.com\/avatar\/b58f310a5de5feb33d1e026d2493f23c?s=96&d=mm&r=g\",\"caption\":\"prensa2\"},\"url\":\"https:\/\/www.ull.es\/portal\/noticias\/author\/prensa2\/\"}]}<\/script>\n<!-- \/ Yoast SEO plugin. -->","yoast_head_json":{"title":"La revista \u00c7\u00e9dille publica un monogr\u00e1fico sobre el deseo en la literatura","description":"La Asociaci\u00f3n de Francesistas de la Universidad Espa\u00f1ola, con la colaboraci\u00f3n de la Universidad de La Laguna, acaba de publicar el octavo n\u00famero de la serie \"Monograf\u00edas\" de la revista electr\u00f3nica de estudios franceses \u00c7\u00e9dille, que en esta entrega est\u00e1 dedicado a las nociones de deseo y pertenencia en la literatura.","robots":{"index":"index","follow":"follow","max-snippet":"max-snippet:-1","max-image-preview":"max-image-preview:large","max-video-preview":"max-video-preview:-1"},"canonical":"https:\/\/www.ull.es\/portal\/noticias\/2018\/revista-cedille-monografico-deseo-en-literatura\/","og_locale":"es_ES","og_type":"article","og_title":"La revista \u00c7\u00e9dille publica un monogr\u00e1fico sobre el deseo en la literatura","og_description":"La Asociaci\u00f3n de Francesistas de la Universidad Espa\u00f1ola, con la colaboraci\u00f3n de la Universidad de La Laguna, acaba de publicar el octavo n\u00famero de la serie \"Monograf\u00edas\" de la revista electr\u00f3nica de estudios franceses \u00c7\u00e9dille, que en esta entrega est\u00e1 dedicado a las nociones de deseo y pertenencia en la literatura.","og_url":"https:\/\/www.ull.es\/portal\/noticias\/2018\/revista-cedille-monografico-deseo-en-literatura\/","og_site_name":"ULL - Noticias","article_publisher":"https:\/\/www.facebook.com\/universidaddelalaguna\/","article_published_time":"2018-12-18T11:33:17+00:00","og_image":[{"width":480,"height":223,"url":"https:\/\/www.ull.es\/portal\/noticias\/wp-content\/uploads\/sites\/13\/2017\/12\/\u00e7edille-t.png","type":"image\/png"}],"author":"prensa2","twitter_card":"summary_large_image","twitter_creator":"@CanalULL","twitter_site":"@CanalULL","twitter_misc":{"Escrito por":"prensa2","Tiempo de lectura":"2 minutos"},"schema":{"@context":"https:\/\/schema.org","@graph":[{"@type":"WebPage","@id":"https:\/\/www.ull.es\/portal\/noticias\/2018\/revista-cedille-monografico-deseo-en-literatura\/","url":"https:\/\/www.ull.es\/portal\/noticias\/2018\/revista-cedille-monografico-deseo-en-literatura\/","name":"La revista \u00c7\u00e9dille publica un monogr\u00e1fico sobre el deseo en la literatura","isPartOf":{"@id":"https:\/\/www.ull.es\/portal\/noticias\/#website"},"datePublished":"2018-12-18T11:33:17+00:00","dateModified":"2018-12-18T11:33:17+00:00","author":{"@id":"https:\/\/www.ull.es\/portal\/noticias\/#\/schema\/person\/c3b2aa857797592927a03740d6664376"},"description":"La Asociaci\u00f3n de Francesistas de la Universidad Espa\u00f1ola, con la colaboraci\u00f3n de la Universidad de La Laguna, acaba de publicar el octavo n\u00famero de la serie \"Monograf\u00edas\" de la revista electr\u00f3nica de estudios franceses \u00c7\u00e9dille, que en esta entrega est\u00e1 dedicado a las nociones de deseo y pertenencia en la literatura.","breadcrumb":{"@id":"https:\/\/www.ull.es\/portal\/noticias\/2018\/revista-cedille-monografico-deseo-en-literatura\/#breadcrumb"},"inLanguage":"es","potentialAction":[{"@type":"ReadAction","target":["https:\/\/www.ull.es\/portal\/noticias\/2018\/revista-cedille-monografico-deseo-en-literatura\/"]}]},{"@type":"BreadcrumbList","@id":"https:\/\/www.ull.es\/portal\/noticias\/2018\/revista-cedille-monografico-deseo-en-literatura\/#breadcrumb","itemListElement":[{"@type":"ListItem","position":1,"name":"Portada","item":"https:\/\/www.ull.es\/portal\/noticias\/"},{"@type":"ListItem","position":2,"name":"La revista de estudios franceses \u00c7\u00e9dille de la ULL publica un monogr\u00e1fico sobre el deseo en la literatura"}]},{"@type":"WebSite","@id":"https:\/\/www.ull.es\/portal\/noticias\/#website","url":"https:\/\/www.ull.es\/portal\/noticias\/","name":"ULL - Noticias","description":"","potentialAction":[{"@type":"SearchAction","target":{"@type":"EntryPoint","urlTemplate":"https:\/\/www.ull.es\/portal\/noticias\/?s={search_term_string}"},"query-input":"required name=search_term_string"}],"inLanguage":"es"},{"@type":"Person","@id":"https:\/\/www.ull.es\/portal\/noticias\/#\/schema\/person\/c3b2aa857797592927a03740d6664376","name":"prensa2","image":{"@type":"ImageObject","inLanguage":"es","@id":"https:\/\/www.ull.es\/portal\/noticias\/#\/schema\/person\/image\/","url":"https:\/\/secure.gravatar.com\/avatar\/b58f310a5de5feb33d1e026d2493f23c?s=96&d=mm&r=g","contentUrl":"https:\/\/secure.gravatar.com\/avatar\/b58f310a5de5feb33d1e026d2493f23c?s=96&d=mm&r=g","caption":"prensa2"},"url":"https:\/\/www.ull.es\/portal\/noticias\/author\/prensa2\/"}]}},"primary_category":{"id":350,"name":"Investigaci\u00f3n","slug":"investigacion","link":"https:\/\/www.ull.es\/portal\/noticias\/category\/investigacion\/"},"featured_image_thumbnail_url":"https:\/\/www.ull.es\/portal\/noticias\/wp-content\/uploads\/sites\/13\/2017\/12\/\u00e7edille-t-300x139.png","_links":{"self":[{"href":"https:\/\/www.ull.es\/portal\/noticias\/wp-json\/wp\/v2\/posts\/41289"}],"collection":[{"href":"https:\/\/www.ull.es\/portal\/noticias\/wp-json\/wp\/v2\/posts"}],"about":[{"href":"https:\/\/www.ull.es\/portal\/noticias\/wp-json\/wp\/v2\/types\/post"}],"author":[{"embeddable":true,"href":"https:\/\/www.ull.es\/portal\/noticias\/wp-json\/wp\/v2\/users\/21"}],"replies":[{"embeddable":true,"href":"https:\/\/www.ull.es\/portal\/noticias\/wp-json\/wp\/v2\/comments?post=41289"}],"version-history":[{"count":2,"href":"https:\/\/www.ull.es\/portal\/noticias\/wp-json\/wp\/v2\/posts\/41289\/revisions"}],"predecessor-version":[{"id":41293,"href":"https:\/\/www.ull.es\/portal\/noticias\/wp-json\/wp\/v2\/posts\/41289\/revisions\/41293"}],"wp:featuredmedia":[{"embeddable":true,"href":"https:\/\/www.ull.es\/portal\/noticias\/wp-json\/wp\/v2\/media\/34439"}],"wp:attachment":[{"href":"https:\/\/www.ull.es\/portal\/noticias\/wp-json\/wp\/v2\/media?parent=41289"}],"wp:term":[{"taxonomy":"category","embeddable":true,"href":"https:\/\/www.ull.es\/portal\/noticias\/wp-json\/wp\/v2\/categories?post=41289"},{"taxonomy":"post_tag","embeddable":true,"href":"https:\/\/www.ull.es\/portal\/noticias\/wp-json\/wp\/v2\/tags?post=41289"}],"curies":[{"name":"wp","href":"https:\/\/api.w.org\/{rel}","templated":true}]}}