{"id":41425,"date":"2018-12-21T13:54:52","date_gmt":"2018-12-21T13:54:52","guid":{"rendered":"https:\/\/www.ull.es\/portal\/noticias\/?p=41425"},"modified":"2018-12-21T13:54:52","modified_gmt":"2018-12-21T13:54:52","slug":"nueva-convocatoria-imp","status":"publish","type":"post","link":"https:\/\/www.ull.es\/portal\/noticias\/2018\/nueva-convocatoria-imp\/","title":{"rendered":"La ULL abre un plazo extraordinario para aceptar candidaturas al Programa Internacional de Mentor\u00eda IMP"},"content":{"rendered":"<p><iframe loading=\"lazy\" width=\"750\" height=\"422\" src=\"https:\/\/www.youtube.com\/embed\/3W6pTA-hvqw?feature=oembed\" frameborder=\"0\" allow=\"accelerometer; autoplay; encrypted-media; gyroscope; picture-in-picture\" allowfullscreen><\/iframe><\/p>\n<p>&nbsp;<\/p>\n<p>El Vicerrectorado de Internacionalizaci\u00f3n de la Universidad de La Laguna gestiona en el centro acad\u00e9mico el Programa Internacional de Mentor\u00eda IMP. La convocatoria para este a\u00f1o ya se hab\u00eda cerrado, pero en aras de llegar a una mayor cantidad de candidaturas, ayer, jueves 20 de diciembre, se ha abierto un plazo extraordinario que permanecer\u00e1 abierto hasta el pr\u00f3ximo 27 de diciembre. La <a href=\"https:\/\/www.ull.es\/portal\/convocatorias\/convocatoria\/resolucion-90-2018-del-vicerrectorado-de-internacionalizacion-de-20-de-octubre-de-2018-por-la-que-se-efectua-mediante-el-procedimiento-de-urgencia-convocatoria-para-la-seleccion-de-40-estudiantes\/\" target=\"_blank\" rel=\"noopener\">convocatoria completa<\/a>, con todos los requisitos y detalles est\u00e1 disponible en la p\u00e1gina web institucional.<\/p>\n<p>El programa IMP facilita que varios estudiantes de posgrado de la ULL de determinadas ramas de conocimiento reciban durante varios meses la tutor\u00eda de investigadores de relevantes instituciones cient\u00edficas y universidades internacionales y, adem\u00e1s, posibilita a algunos de ellos realizar en verano estancias en algunos de dichos centros.<\/p>\n<p>Mediante esta nueva convocatoria, se seleccionar\u00e1n 29 estudiantes de m\u00e1steres oficiales y de primer a\u00f1o de doctorado matriculados durante el curso acad\u00e9mico 2018-2019 para participar en el programa IMP. Concretamente, se seleccionar\u00e1n 6 de la especialidad de Ingenier\u00eda, 8 de la especialidad de Ciencias del Comportamiento y 15 de la especialidad de Biomedicina.<\/p>\n<p>El programa IMP es una iniciativa de la Fundaci\u00f3n Internacional IMFAHE (<em>International Mentoring Foundation for the Advancement of Higher Education<\/em>), con sede en Massachusetts (EE.UU). La ULL firm\u00f3 en 2015 un convenio marco de colaboraci\u00f3n con esta entidad para que el alumnado del centro pudiera participar, a partir del curso 2015- 2016. Para su implantaci\u00f3n en el centro tinerfe\u00f1o, tambi\u00e9n se ha contado con la colaboraci\u00f3n de la Obra Social de \u201cla Caixa\u201d y la Fundaci\u00f3n CajaCanarias.<\/p>\n","protected":false},"excerpt":{"rendered":"<p>&nbsp; El Vicerrectorado de Internacionalizaci\u00f3n de la Universidad de La Laguna gestiona en el centro acad\u00e9mico el Programa Internacional de&#8230;<\/p>\n","protected":false},"author":21,"featured_media":41426,"comment_status":"closed","ping_status":"closed","sticky":false,"template":"","format":"image","meta":{"inline_featured_image":false,"footnotes":""},"categories":[345,349,2753,2765],"tags":[1479,1480,3811],"acf":[],"yoast_head":"<!-- This site is optimized with the Yoast SEO plugin v21.3 - https:\/\/yoast.com\/wordpress\/plugins\/seo\/ -->\n<title>Abierto un plazo extraordinario para el Programa de Mentor\u00eda IMP<\/title>\n<meta name=\"description\" content=\"El Vicerrectorado de Internacionalizaci\u00f3n de la ULL ha abierto hasta el pr\u00f3ximo 27 de diciembre un plazo extraordinario para presentar candidaturas al Programa Internacional de Mentor\u00eda IMP.\" \/>\n<meta name=\"robots\" content=\"index, follow, max-snippet:-1, max-image-preview:large, max-video-preview:-1\" \/>\n<link rel=\"canonical\" href=\"https:\/\/www.ull.es\/portal\/noticias\/2018\/nueva-convocatoria-imp\/\" \/>\n<meta property=\"og:locale\" content=\"es_ES\" \/>\n<meta property=\"og:type\" content=\"article\" \/>\n<meta property=\"og:title\" content=\"Abierto un plazo extraordinario para el Programa de Mentor\u00eda IMP\" \/>\n<meta property=\"og:description\" content=\"El Vicerrectorado de Internacionalizaci\u00f3n de la ULL ha abierto hasta el pr\u00f3ximo 27 de diciembre un plazo extraordinario para presentar candidaturas al Programa Internacional de Mentor\u00eda IMP.\" \/>\n<meta property=\"og:url\" content=\"https:\/\/www.ull.es\/portal\/noticias\/2018\/nueva-convocatoria-imp\/\" \/>\n<meta property=\"og:site_name\" content=\"ULL - Noticias\" \/>\n<meta property=\"article:publisher\" content=\"https:\/\/www.facebook.com\/universidaddelalaguna\/\" \/>\n<meta property=\"article:published_time\" content=\"2018-12-21T13:54:52+00:00\" \/>\n<meta property=\"og:image\" content=\"https:\/\/www.ull.es\/portal\/noticias\/wp-content\/uploads\/sites\/13\/2018\/12\/imp-captura.jpg\" \/>\n\t<meta property=\"og:image:width\" content=\"750\" \/>\n\t<meta property=\"og:image:height\" content=\"412\" \/>\n\t<meta property=\"og:image:type\" content=\"image\/jpeg\" \/>\n<meta name=\"author\" content=\"prensa2\" \/>\n<meta name=\"twitter:card\" content=\"summary_large_image\" \/>\n<meta name=\"twitter:creator\" content=\"@CanalULL\" \/>\n<meta name=\"twitter:site\" content=\"@CanalULL\" \/>\n<meta name=\"twitter:label1\" content=\"Escrito por\" \/>\n\t<meta name=\"twitter:data1\" content=\"prensa2\" \/>\n\t<meta name=\"twitter:label2\" content=\"Tiempo de lectura\" \/>\n\t<meta name=\"twitter:data2\" content=\"1 minuto\" \/>\n<script type=\"application\/ld+json\" class=\"yoast-schema-graph\">{\"@context\":\"https:\/\/schema.org\",\"@graph\":[{\"@type\":\"WebPage\",\"@id\":\"https:\/\/www.ull.es\/portal\/noticias\/2018\/nueva-convocatoria-imp\/\",\"url\":\"https:\/\/www.ull.es\/portal\/noticias\/2018\/nueva-convocatoria-imp\/\",\"name\":\"Abierto un plazo extraordinario para el Programa de Mentor\u00eda IMP\",\"isPartOf\":{\"@id\":\"https:\/\/www.ull.es\/portal\/noticias\/#website\"},\"datePublished\":\"2018-12-21T13:54:52+00:00\",\"dateModified\":\"2018-12-21T13:54:52+00:00\",\"author\":{\"@id\":\"https:\/\/www.ull.es\/portal\/noticias\/#\/schema\/person\/c3b2aa857797592927a03740d6664376\"},\"description\":\"El Vicerrectorado de Internacionalizaci\u00f3n de la ULL ha abierto hasta el pr\u00f3ximo 27 de diciembre un plazo extraordinario para presentar candidaturas al Programa Internacional de Mentor\u00eda IMP.\",\"breadcrumb\":{\"@id\":\"https:\/\/www.ull.es\/portal\/noticias\/2018\/nueva-convocatoria-imp\/#breadcrumb\"},\"inLanguage\":\"es\",\"potentialAction\":[{\"@type\":\"ReadAction\",\"target\":[\"https:\/\/www.ull.es\/portal\/noticias\/2018\/nueva-convocatoria-imp\/\"]}]},{\"@type\":\"BreadcrumbList\",\"@id\":\"https:\/\/www.ull.es\/portal\/noticias\/2018\/nueva-convocatoria-imp\/#breadcrumb\",\"itemListElement\":[{\"@type\":\"ListItem\",\"position\":1,\"name\":\"Portada\",\"item\":\"https:\/\/www.ull.es\/portal\/noticias\/\"},{\"@type\":\"ListItem\",\"position\":2,\"name\":\"La ULL abre un plazo extraordinario para aceptar candidaturas al Programa Internacional de Mentor\u00eda IMP\"}]},{\"@type\":\"WebSite\",\"@id\":\"https:\/\/www.ull.es\/portal\/noticias\/#website\",\"url\":\"https:\/\/www.ull.es\/portal\/noticias\/\",\"name\":\"ULL - Noticias\",\"description\":\"\",\"potentialAction\":[{\"@type\":\"SearchAction\",\"target\":{\"@type\":\"EntryPoint\",\"urlTemplate\":\"https:\/\/www.ull.es\/portal\/noticias\/?s={search_term_string}\"},\"query-input\":\"required name=search_term_string\"}],\"inLanguage\":\"es\"},{\"@type\":\"Person\",\"@id\":\"https:\/\/www.ull.es\/portal\/noticias\/#\/schema\/person\/c3b2aa857797592927a03740d6664376\",\"name\":\"prensa2\",\"image\":{\"@type\":\"ImageObject\",\"inLanguage\":\"es\",\"@id\":\"https:\/\/www.ull.es\/portal\/noticias\/#\/schema\/person\/image\/\",\"url\":\"https:\/\/secure.gravatar.com\/avatar\/b58f310a5de5feb33d1e026d2493f23c?s=96&d=mm&r=g\",\"contentUrl\":\"https:\/\/secure.gravatar.com\/avatar\/b58f310a5de5feb33d1e026d2493f23c?s=96&d=mm&r=g\",\"caption\":\"prensa2\"},\"url\":\"https:\/\/www.ull.es\/portal\/noticias\/author\/prensa2\/\"}]}<\/script>\n<!-- \/ Yoast SEO plugin. -->","yoast_head_json":{"title":"Abierto un plazo extraordinario para el Programa de Mentor\u00eda IMP","description":"El Vicerrectorado de Internacionalizaci\u00f3n de la ULL ha abierto hasta el pr\u00f3ximo 27 de diciembre un plazo extraordinario para presentar candidaturas al Programa Internacional de Mentor\u00eda IMP.","robots":{"index":"index","follow":"follow","max-snippet":"max-snippet:-1","max-image-preview":"max-image-preview:large","max-video-preview":"max-video-preview:-1"},"canonical":"https:\/\/www.ull.es\/portal\/noticias\/2018\/nueva-convocatoria-imp\/","og_locale":"es_ES","og_type":"article","og_title":"Abierto un plazo extraordinario para el Programa de Mentor\u00eda IMP","og_description":"El Vicerrectorado de Internacionalizaci\u00f3n de la ULL ha abierto hasta el pr\u00f3ximo 27 de diciembre un plazo extraordinario para presentar candidaturas al Programa Internacional de Mentor\u00eda IMP.","og_url":"https:\/\/www.ull.es\/portal\/noticias\/2018\/nueva-convocatoria-imp\/","og_site_name":"ULL - Noticias","article_publisher":"https:\/\/www.facebook.com\/universidaddelalaguna\/","article_published_time":"2018-12-21T13:54:52+00:00","og_image":[{"width":750,"height":412,"url":"https:\/\/www.ull.es\/portal\/noticias\/wp-content\/uploads\/sites\/13\/2018\/12\/imp-captura.jpg","type":"image\/jpeg"}],"author":"prensa2","twitter_card":"summary_large_image","twitter_creator":"@CanalULL","twitter_site":"@CanalULL","twitter_misc":{"Escrito por":"prensa2","Tiempo de lectura":"1 minuto"},"schema":{"@context":"https:\/\/schema.org","@graph":[{"@type":"WebPage","@id":"https:\/\/www.ull.es\/portal\/noticias\/2018\/nueva-convocatoria-imp\/","url":"https:\/\/www.ull.es\/portal\/noticias\/2018\/nueva-convocatoria-imp\/","name":"Abierto un plazo extraordinario para el Programa de Mentor\u00eda IMP","isPartOf":{"@id":"https:\/\/www.ull.es\/portal\/noticias\/#website"},"datePublished":"2018-12-21T13:54:52+00:00","dateModified":"2018-12-21T13:54:52+00:00","author":{"@id":"https:\/\/www.ull.es\/portal\/noticias\/#\/schema\/person\/c3b2aa857797592927a03740d6664376"},"description":"El Vicerrectorado de Internacionalizaci\u00f3n de la ULL ha abierto hasta el pr\u00f3ximo 27 de diciembre un plazo extraordinario para presentar candidaturas al Programa Internacional de Mentor\u00eda IMP.","breadcrumb":{"@id":"https:\/\/www.ull.es\/portal\/noticias\/2018\/nueva-convocatoria-imp\/#breadcrumb"},"inLanguage":"es","potentialAction":[{"@type":"ReadAction","target":["https:\/\/www.ull.es\/portal\/noticias\/2018\/nueva-convocatoria-imp\/"]}]},{"@type":"BreadcrumbList","@id":"https:\/\/www.ull.es\/portal\/noticias\/2018\/nueva-convocatoria-imp\/#breadcrumb","itemListElement":[{"@type":"ListItem","position":1,"name":"Portada","item":"https:\/\/www.ull.es\/portal\/noticias\/"},{"@type":"ListItem","position":2,"name":"La ULL abre un plazo extraordinario para aceptar candidaturas al Programa Internacional de Mentor\u00eda IMP"}]},{"@type":"WebSite","@id":"https:\/\/www.ull.es\/portal\/noticias\/#website","url":"https:\/\/www.ull.es\/portal\/noticias\/","name":"ULL - Noticias","description":"","potentialAction":[{"@type":"SearchAction","target":{"@type":"EntryPoint","urlTemplate":"https:\/\/www.ull.es\/portal\/noticias\/?s={search_term_string}"},"query-input":"required name=search_term_string"}],"inLanguage":"es"},{"@type":"Person","@id":"https:\/\/www.ull.es\/portal\/noticias\/#\/schema\/person\/c3b2aa857797592927a03740d6664376","name":"prensa2","image":{"@type":"ImageObject","inLanguage":"es","@id":"https:\/\/www.ull.es\/portal\/noticias\/#\/schema\/person\/image\/","url":"https:\/\/secure.gravatar.com\/avatar\/b58f310a5de5feb33d1e026d2493f23c?s=96&d=mm&r=g","contentUrl":"https:\/\/secure.gravatar.com\/avatar\/b58f310a5de5feb33d1e026d2493f23c?s=96&d=mm&r=g","caption":"prensa2"},"url":"https:\/\/www.ull.es\/portal\/noticias\/author\/prensa2\/"}]}},"primary_category":{"id":345,"name":"Destacado","slug":"destacado","link":"https:\/\/www.ull.es\/portal\/noticias\/category\/destacado\/"},"featured_image_thumbnail_url":"https:\/\/www.ull.es\/portal\/noticias\/wp-content\/uploads\/sites\/13\/2018\/12\/imp-captura-300x165.jpg","_links":{"self":[{"href":"https:\/\/www.ull.es\/portal\/noticias\/wp-json\/wp\/v2\/posts\/41425"}],"collection":[{"href":"https:\/\/www.ull.es\/portal\/noticias\/wp-json\/wp\/v2\/posts"}],"about":[{"href":"https:\/\/www.ull.es\/portal\/noticias\/wp-json\/wp\/v2\/types\/post"}],"author":[{"embeddable":true,"href":"https:\/\/www.ull.es\/portal\/noticias\/wp-json\/wp\/v2\/users\/21"}],"replies":[{"embeddable":true,"href":"https:\/\/www.ull.es\/portal\/noticias\/wp-json\/wp\/v2\/comments?post=41425"}],"version-history":[{"count":1,"href":"https:\/\/www.ull.es\/portal\/noticias\/wp-json\/wp\/v2\/posts\/41425\/revisions"}],"predecessor-version":[{"id":41428,"href":"https:\/\/www.ull.es\/portal\/noticias\/wp-json\/wp\/v2\/posts\/41425\/revisions\/41428"}],"wp:featuredmedia":[{"embeddable":true,"href":"https:\/\/www.ull.es\/portal\/noticias\/wp-json\/wp\/v2\/media\/41426"}],"wp:attachment":[{"href":"https:\/\/www.ull.es\/portal\/noticias\/wp-json\/wp\/v2\/media?parent=41425"}],"wp:term":[{"taxonomy":"category","embeddable":true,"href":"https:\/\/www.ull.es\/portal\/noticias\/wp-json\/wp\/v2\/categories?post=41425"},{"taxonomy":"post_tag","embeddable":true,"href":"https:\/\/www.ull.es\/portal\/noticias\/wp-json\/wp\/v2\/tags?post=41425"}],"curies":[{"name":"wp","href":"https:\/\/api.w.org\/{rel}","templated":true}]}}