{"id":41460,"date":"2018-12-28T09:24:35","date_gmt":"2018-12-28T09:24:35","guid":{"rendered":"https:\/\/www.ull.es\/portal\/noticias\/?p=41460"},"modified":"2018-12-28T08:24:48","modified_gmt":"2018-12-28T08:24:48","slug":"paraninfo-despide-ano-con-una-version-musical-feminista-reivindicativa-de-antigona","status":"publish","type":"post","link":"https:\/\/www.ull.es\/portal\/noticias\/2018\/paraninfo-despide-ano-con-una-version-musical-feminista-reivindicativa-de-antigona\/","title":{"rendered":"El Paraninfo lagunero despide el a\u00f1o con una versi\u00f3n musical, feminista y reivindicativa de \u2018Ant\u00edgona\u2019"},"content":{"rendered":"<p>El Paraninfo de la Universidad de La Laguna despedir\u00e1 la programaci\u00f3n de 2018 con una versi\u00f3n musical, feminista y reivindicativa del cl\u00e1sico de S\u00f3focles, <em>Ant\u00edgona<\/em>. La propuesta llega de la mano de Magua Producciones y la directora tinerfe\u00f1a Ariadna Sim\u00f3 que estrenar\u00e1n esta pieza de teatro musical atemporal el d\u00eda 29 de diciembre a partir de las 20:30 horas.<\/p>\n<p>Las entradas para asistir a este evento est\u00e1n a la venta al precio general de 10 euros en la p\u00e1gina web del Paraninfo en <a href=\"https:\/\/www.tomaticket.es\/entradas-antigona-tenerife\" target=\"_blank\" rel=\"noopener\" target=\"_blank\" rel=\"noopener\"><strong>Tomaticket<\/strong><\/a>.<\/p>\n<p>La compa\u00f1\u00eda teatral revisita el cl\u00e1sico de S\u00f3focles, <em>Ant\u00edgona<\/em>, conocida como la tragedia de las tragedias. La obra muestra la lucha de una mujer revolucionaria en un mundo donde reina el orden establecido por los hombres. La protagonista desaf\u00eda las leyes dictadas por Creonte y se convierte en la hero\u00edna tr\u00e1gica m\u00e1s rebelde, pero m\u00e1s humana, de la dramaturgia universal.<\/p>\n<p>El montaje de Ariadna Sim\u00f3, no obstante, no estar\u00e1 ubicado en tiempo ni en espacio ya que la creadora pretende mostrar el car\u00e1cter actual del discurso cl\u00e1sico y trasladarlo a diferentes escenarios de trinchera hist\u00f3rica y barricada social. En ese sentido, Sim\u00f3 explica que el p\u00fablico asistir\u00e1 a una puesta en escena \u201cfeminista, reivindicativa y controvertida en la que la catarsis est\u00e1 asegurada\u201d.<\/p>\n<p>Ariadna Sim\u00f3 Gonz\u00e1lez es licenciada en Filosof\u00eda por la Universidad de La Laguna, m\u00e1ster en Performance por The Gaiety School of Acting de Dubl\u00edn y doctora en Direcci\u00f3n Esc\u00e9nica de Teatro Musical por The Trinity College. En la actualidad, es directora de Magua Producciones, as\u00ed como de la Escuela Interpretarte y la compa\u00f1\u00eda teatral Amateatro.<\/p>\n","protected":false},"excerpt":{"rendered":"<p>El Paraninfo de la Universidad de La Laguna despedir\u00e1 la programaci\u00f3n de 2018 con una versi\u00f3n musical, feminista y reivindicativa&#8230;<\/p>\n","protected":false},"author":67,"featured_media":41461,"comment_status":"closed","ping_status":"closed","sticky":false,"template":"","format":"standard","meta":{"inline_featured_image":false,"footnotes":""},"categories":[344,345,2765],"tags":[5215,2047,2048,2454],"acf":[],"yoast_head":"<!-- This site is optimized with the Yoast SEO plugin v21.3 - https:\/\/yoast.com\/wordpress\/plugins\/seo\/ -->\n<title>El Paraninfo despide el a\u00f1o con una versi\u00f3n musical, feminista y reivindicativa de \u2018Ant\u00edgona\u2019<\/title>\n<meta name=\"description\" content=\"El Paraninfo de la Universidad de La Laguna despedir\u00e1 la programaci\u00f3n de 2018 con una versi\u00f3n musical, feminista y reivindicativa del cl\u00e1sico de S\u00f3focles, Ant\u00edgona. Esta pieza de teatro musical atemporal el d\u00eda 29 de diciembre a partir de las 20:30 horas de la mano de Magua Producciones y la directora Ariadna Sim\u00f3.\" \/>\n<meta name=\"robots\" content=\"index, follow, max-snippet:-1, max-image-preview:large, max-video-preview:-1\" \/>\n<link rel=\"canonical\" href=\"https:\/\/www.ull.es\/portal\/noticias\/2018\/paraninfo-despide-ano-con-una-version-musical-feminista-reivindicativa-de-antigona\/\" \/>\n<meta property=\"og:locale\" content=\"es_ES\" \/>\n<meta property=\"og:type\" content=\"article\" \/>\n<meta property=\"og:title\" content=\"El Paraninfo despide el a\u00f1o con una versi\u00f3n musical, feminista y reivindicativa de \u2018Ant\u00edgona\u2019\" \/>\n<meta property=\"og:description\" content=\"El Paraninfo de la Universidad de La Laguna despedir\u00e1 la programaci\u00f3n de 2018 con una versi\u00f3n musical, feminista y reivindicativa del cl\u00e1sico de S\u00f3focles, Ant\u00edgona. Esta pieza de teatro musical atemporal el d\u00eda 29 de diciembre a partir de las 20:30 horas de la mano de Magua Producciones y la directora Ariadna Sim\u00f3.\" \/>\n<meta property=\"og:url\" content=\"https:\/\/www.ull.es\/portal\/noticias\/2018\/paraninfo-despide-ano-con-una-version-musical-feminista-reivindicativa-de-antigona\/\" \/>\n<meta property=\"og:site_name\" content=\"ULL - Noticias\" \/>\n<meta property=\"article:publisher\" content=\"https:\/\/www.facebook.com\/universidaddelalaguna\/\" \/>\n<meta property=\"article:published_time\" content=\"2018-12-28T09:24:35+00:00\" \/>\n<meta property=\"article:modified_time\" content=\"2018-12-28T08:24:48+00:00\" \/>\n<meta property=\"og:image\" content=\"https:\/\/www.ull.es\/portal\/noticias\/wp-content\/uploads\/sites\/13\/2018\/12\/Antigona_agenda.jpg\" \/>\n\t<meta property=\"og:image:width\" content=\"700\" \/>\n\t<meta property=\"og:image:height\" content=\"350\" \/>\n\t<meta property=\"og:image:type\" content=\"image\/jpeg\" \/>\n<meta name=\"author\" content=\"gcom5\" \/>\n<meta name=\"twitter:card\" content=\"summary_large_image\" \/>\n<meta name=\"twitter:creator\" content=\"@CanalULL\" \/>\n<meta name=\"twitter:site\" content=\"@CanalULL\" \/>\n<meta name=\"twitter:label1\" content=\"Escrito por\" \/>\n\t<meta name=\"twitter:data1\" content=\"gcom5\" \/>\n\t<meta name=\"twitter:label2\" content=\"Tiempo de lectura\" \/>\n\t<meta name=\"twitter:data2\" content=\"1 minuto\" \/>\n<script type=\"application\/ld+json\" class=\"yoast-schema-graph\">{\"@context\":\"https:\/\/schema.org\",\"@graph\":[{\"@type\":\"WebPage\",\"@id\":\"https:\/\/www.ull.es\/portal\/noticias\/2018\/paraninfo-despide-ano-con-una-version-musical-feminista-reivindicativa-de-antigona\/\",\"url\":\"https:\/\/www.ull.es\/portal\/noticias\/2018\/paraninfo-despide-ano-con-una-version-musical-feminista-reivindicativa-de-antigona\/\",\"name\":\"El Paraninfo despide el a\u00f1o con una versi\u00f3n musical, feminista y reivindicativa de \u2018Ant\u00edgona\u2019\",\"isPartOf\":{\"@id\":\"https:\/\/www.ull.es\/portal\/noticias\/#website\"},\"datePublished\":\"2018-12-28T09:24:35+00:00\",\"dateModified\":\"2018-12-28T08:24:48+00:00\",\"author\":{\"@id\":\"https:\/\/www.ull.es\/portal\/noticias\/#\/schema\/person\/8027c6c4687adc2c90dc1532715d34df\"},\"description\":\"El Paraninfo de la Universidad de La Laguna despedir\u00e1 la programaci\u00f3n de 2018 con una versi\u00f3n musical, feminista y reivindicativa del cl\u00e1sico de S\u00f3focles, Ant\u00edgona. Esta pieza de teatro musical atemporal el d\u00eda 29 de diciembre a partir de las 20:30 horas de la mano de Magua Producciones y la directora Ariadna Sim\u00f3.\",\"breadcrumb\":{\"@id\":\"https:\/\/www.ull.es\/portal\/noticias\/2018\/paraninfo-despide-ano-con-una-version-musical-feminista-reivindicativa-de-antigona\/#breadcrumb\"},\"inLanguage\":\"es\",\"potentialAction\":[{\"@type\":\"ReadAction\",\"target\":[\"https:\/\/www.ull.es\/portal\/noticias\/2018\/paraninfo-despide-ano-con-una-version-musical-feminista-reivindicativa-de-antigona\/\"]}]},{\"@type\":\"BreadcrumbList\",\"@id\":\"https:\/\/www.ull.es\/portal\/noticias\/2018\/paraninfo-despide-ano-con-una-version-musical-feminista-reivindicativa-de-antigona\/#breadcrumb\",\"itemListElement\":[{\"@type\":\"ListItem\",\"position\":1,\"name\":\"Portada\",\"item\":\"https:\/\/www.ull.es\/portal\/noticias\/\"},{\"@type\":\"ListItem\",\"position\":2,\"name\":\"El Paraninfo lagunero despide el a\u00f1o con una versi\u00f3n musical, feminista y reivindicativa de \u2018Ant\u00edgona\u2019\"}]},{\"@type\":\"WebSite\",\"@id\":\"https:\/\/www.ull.es\/portal\/noticias\/#website\",\"url\":\"https:\/\/www.ull.es\/portal\/noticias\/\",\"name\":\"ULL - Noticias\",\"description\":\"\",\"potentialAction\":[{\"@type\":\"SearchAction\",\"target\":{\"@type\":\"EntryPoint\",\"urlTemplate\":\"https:\/\/www.ull.es\/portal\/noticias\/?s={search_term_string}\"},\"query-input\":\"required name=search_term_string\"}],\"inLanguage\":\"es\"},{\"@type\":\"Person\",\"@id\":\"https:\/\/www.ull.es\/portal\/noticias\/#\/schema\/person\/8027c6c4687adc2c90dc1532715d34df\",\"name\":\"gcom5\",\"image\":{\"@type\":\"ImageObject\",\"inLanguage\":\"es\",\"@id\":\"https:\/\/www.ull.es\/portal\/noticias\/#\/schema\/person\/image\/\",\"url\":\"https:\/\/secure.gravatar.com\/avatar\/8b3777f8048001fa57b88338ce5605b9?s=96&d=mm&r=g\",\"contentUrl\":\"https:\/\/secure.gravatar.com\/avatar\/8b3777f8048001fa57b88338ce5605b9?s=96&d=mm&r=g\",\"caption\":\"gcom5\"},\"url\":\"https:\/\/www.ull.es\/portal\/noticias\/author\/gcom5\/\"}]}<\/script>\n<!-- \/ Yoast SEO plugin. -->","yoast_head_json":{"title":"El Paraninfo despide el a\u00f1o con una versi\u00f3n musical, feminista y reivindicativa de \u2018Ant\u00edgona\u2019","description":"El Paraninfo de la Universidad de La Laguna despedir\u00e1 la programaci\u00f3n de 2018 con una versi\u00f3n musical, feminista y reivindicativa del cl\u00e1sico de S\u00f3focles, Ant\u00edgona. Esta pieza de teatro musical atemporal el d\u00eda 29 de diciembre a partir de las 20:30 horas de la mano de Magua Producciones y la directora Ariadna Sim\u00f3.","robots":{"index":"index","follow":"follow","max-snippet":"max-snippet:-1","max-image-preview":"max-image-preview:large","max-video-preview":"max-video-preview:-1"},"canonical":"https:\/\/www.ull.es\/portal\/noticias\/2018\/paraninfo-despide-ano-con-una-version-musical-feminista-reivindicativa-de-antigona\/","og_locale":"es_ES","og_type":"article","og_title":"El Paraninfo despide el a\u00f1o con una versi\u00f3n musical, feminista y reivindicativa de \u2018Ant\u00edgona\u2019","og_description":"El Paraninfo de la Universidad de La Laguna despedir\u00e1 la programaci\u00f3n de 2018 con una versi\u00f3n musical, feminista y reivindicativa del cl\u00e1sico de S\u00f3focles, Ant\u00edgona. Esta pieza de teatro musical atemporal el d\u00eda 29 de diciembre a partir de las 20:30 horas de la mano de Magua Producciones y la directora Ariadna Sim\u00f3.","og_url":"https:\/\/www.ull.es\/portal\/noticias\/2018\/paraninfo-despide-ano-con-una-version-musical-feminista-reivindicativa-de-antigona\/","og_site_name":"ULL - Noticias","article_publisher":"https:\/\/www.facebook.com\/universidaddelalaguna\/","article_published_time":"2018-12-28T09:24:35+00:00","article_modified_time":"2018-12-28T08:24:48+00:00","og_image":[{"width":700,"height":350,"url":"https:\/\/www.ull.es\/portal\/noticias\/wp-content\/uploads\/sites\/13\/2018\/12\/Antigona_agenda.jpg","type":"image\/jpeg"}],"author":"gcom5","twitter_card":"summary_large_image","twitter_creator":"@CanalULL","twitter_site":"@CanalULL","twitter_misc":{"Escrito por":"gcom5","Tiempo de lectura":"1 minuto"},"schema":{"@context":"https:\/\/schema.org","@graph":[{"@type":"WebPage","@id":"https:\/\/www.ull.es\/portal\/noticias\/2018\/paraninfo-despide-ano-con-una-version-musical-feminista-reivindicativa-de-antigona\/","url":"https:\/\/www.ull.es\/portal\/noticias\/2018\/paraninfo-despide-ano-con-una-version-musical-feminista-reivindicativa-de-antigona\/","name":"El Paraninfo despide el a\u00f1o con una versi\u00f3n musical, feminista y reivindicativa de \u2018Ant\u00edgona\u2019","isPartOf":{"@id":"https:\/\/www.ull.es\/portal\/noticias\/#website"},"datePublished":"2018-12-28T09:24:35+00:00","dateModified":"2018-12-28T08:24:48+00:00","author":{"@id":"https:\/\/www.ull.es\/portal\/noticias\/#\/schema\/person\/8027c6c4687adc2c90dc1532715d34df"},"description":"El Paraninfo de la Universidad de La Laguna despedir\u00e1 la programaci\u00f3n de 2018 con una versi\u00f3n musical, feminista y reivindicativa del cl\u00e1sico de S\u00f3focles, Ant\u00edgona. Esta pieza de teatro musical atemporal el d\u00eda 29 de diciembre a partir de las 20:30 horas de la mano de Magua Producciones y la directora Ariadna Sim\u00f3.","breadcrumb":{"@id":"https:\/\/www.ull.es\/portal\/noticias\/2018\/paraninfo-despide-ano-con-una-version-musical-feminista-reivindicativa-de-antigona\/#breadcrumb"},"inLanguage":"es","potentialAction":[{"@type":"ReadAction","target":["https:\/\/www.ull.es\/portal\/noticias\/2018\/paraninfo-despide-ano-con-una-version-musical-feminista-reivindicativa-de-antigona\/"]}]},{"@type":"BreadcrumbList","@id":"https:\/\/www.ull.es\/portal\/noticias\/2018\/paraninfo-despide-ano-con-una-version-musical-feminista-reivindicativa-de-antigona\/#breadcrumb","itemListElement":[{"@type":"ListItem","position":1,"name":"Portada","item":"https:\/\/www.ull.es\/portal\/noticias\/"},{"@type":"ListItem","position":2,"name":"El Paraninfo lagunero despide el a\u00f1o con una versi\u00f3n musical, feminista y reivindicativa de \u2018Ant\u00edgona\u2019"}]},{"@type":"WebSite","@id":"https:\/\/www.ull.es\/portal\/noticias\/#website","url":"https:\/\/www.ull.es\/portal\/noticias\/","name":"ULL - Noticias","description":"","potentialAction":[{"@type":"SearchAction","target":{"@type":"EntryPoint","urlTemplate":"https:\/\/www.ull.es\/portal\/noticias\/?s={search_term_string}"},"query-input":"required name=search_term_string"}],"inLanguage":"es"},{"@type":"Person","@id":"https:\/\/www.ull.es\/portal\/noticias\/#\/schema\/person\/8027c6c4687adc2c90dc1532715d34df","name":"gcom5","image":{"@type":"ImageObject","inLanguage":"es","@id":"https:\/\/www.ull.es\/portal\/noticias\/#\/schema\/person\/image\/","url":"https:\/\/secure.gravatar.com\/avatar\/8b3777f8048001fa57b88338ce5605b9?s=96&d=mm&r=g","contentUrl":"https:\/\/secure.gravatar.com\/avatar\/8b3777f8048001fa57b88338ce5605b9?s=96&d=mm&r=g","caption":"gcom5"},"url":"https:\/\/www.ull.es\/portal\/noticias\/author\/gcom5\/"}]}},"primary_category":{"id":344,"name":"Cultura","slug":"cultura","link":"https:\/\/www.ull.es\/portal\/noticias\/category\/cultura\/"},"featured_image_thumbnail_url":"https:\/\/www.ull.es\/portal\/noticias\/wp-content\/uploads\/sites\/13\/2018\/12\/Antigona_agenda-300x150.jpg","_links":{"self":[{"href":"https:\/\/www.ull.es\/portal\/noticias\/wp-json\/wp\/v2\/posts\/41460"}],"collection":[{"href":"https:\/\/www.ull.es\/portal\/noticias\/wp-json\/wp\/v2\/posts"}],"about":[{"href":"https:\/\/www.ull.es\/portal\/noticias\/wp-json\/wp\/v2\/types\/post"}],"author":[{"embeddable":true,"href":"https:\/\/www.ull.es\/portal\/noticias\/wp-json\/wp\/v2\/users\/67"}],"replies":[{"embeddable":true,"href":"https:\/\/www.ull.es\/portal\/noticias\/wp-json\/wp\/v2\/comments?post=41460"}],"version-history":[{"count":1,"href":"https:\/\/www.ull.es\/portal\/noticias\/wp-json\/wp\/v2\/posts\/41460\/revisions"}],"predecessor-version":[{"id":41462,"href":"https:\/\/www.ull.es\/portal\/noticias\/wp-json\/wp\/v2\/posts\/41460\/revisions\/41462"}],"wp:featuredmedia":[{"embeddable":true,"href":"https:\/\/www.ull.es\/portal\/noticias\/wp-json\/wp\/v2\/media\/41461"}],"wp:attachment":[{"href":"https:\/\/www.ull.es\/portal\/noticias\/wp-json\/wp\/v2\/media?parent=41460"}],"wp:term":[{"taxonomy":"category","embeddable":true,"href":"https:\/\/www.ull.es\/portal\/noticias\/wp-json\/wp\/v2\/categories?post=41460"},{"taxonomy":"post_tag","embeddable":true,"href":"https:\/\/www.ull.es\/portal\/noticias\/wp-json\/wp\/v2\/tags?post=41460"}],"curies":[{"name":"wp","href":"https:\/\/api.w.org\/{rel}","templated":true}]}}