{"id":41464,"date":"2018-12-28T10:36:19","date_gmt":"2018-12-28T10:36:19","guid":{"rendered":"https:\/\/www.ull.es\/portal\/noticias\/?p=41464"},"modified":"2018-12-28T08:57:03","modified_gmt":"2018-12-28T08:57:03","slug":"ull-cierra-sus-instalaciones-desde-28-diciembre-hasta-martes-8-enero","status":"publish","type":"post","link":"https:\/\/www.ull.es\/portal\/noticias\/2018\/ull-cierra-sus-instalaciones-desde-28-diciembre-hasta-martes-8-enero\/","title":{"rendered":"La ULL cierra sus instalaciones desde el 28 de diciembre hasta el martes 8 de enero de 2019"},"content":{"rendered":"<p style=\"background: white; margin: 0cm 0cm 10.15pt 0cm;\"><span style=\"font-family: 'Arial',sans-serif; color: #3d3d3d;\">La Universidad de La Laguna cesar\u00e1 toda la actividad en sus servicios e instalaciones desde, el viernes 28 de diciembre a las 21:00 horas, hasta el martes 8 de enero a las 06:00 horas. De este modo, la instituci\u00f3n mantiene su pol\u00edtica de cierres en periodos vacacionales con el prop\u00f3sito de contener sus gastos y racionalizar sus servicios.<\/span><\/p>\n<p style=\"background: white; box-sizing: border-box; -webkit-font-smoothing: antialiased; font-variant-ligatures: normal; font-variant-caps: normal; orphans: 2; text-align: start; widows: 2; -webkit-text-stroke-width: 0px; text-decoration-style: initial; text-decoration-color: initial; word-spacing: 0px; margin: 0cm 0cm 10.15pt 0cm;\"><span style=\"font-family: 'Arial',sans-serif; color: #3d3d3d;\">De este modo, todas las dependencias del centro permanecer\u00e1n inaccesibles e inactivas hasta la fecha de reapertura, con algunas excepciones, como determinados laboratorios con muestras vivas que necesitan atenci\u00f3n contante y varias salas de estudios que abrir\u00e1n las 24 horas durante el periodo vacacional: las ubicadas en los dos edificios de Servicios al Alumnado ULL-CajaCanarias en los campus de Anchieta y de Guajara, y la de la Secci\u00f3n de N\u00e1utica, M\u00e1quinas y Radioelectr\u00f3nica Naval.<\/span><\/p>\n<p style=\"background: white; box-sizing: border-box; -webkit-font-smoothing: antialiased; font-variant-ligatures: normal; font-variant-caps: normal; orphans: 2; text-align: start; widows: 2; -webkit-text-stroke-width: 0px; text-decoration-style: initial; text-decoration-color: initial; word-spacing: 0px; margin: 0cm 0cm 10.15pt 0cm;\"><span style=\"font-family: 'Arial',sans-serif; color: #3d3d3d;\">Est\u00e1 previsto que, si se detectara que estas salas no fueran suficientes para cubrir todas las necesidades de aforo, tambi\u00e9n se abrir\u00e1 el aula de estudio de la Secci\u00f3n de Ingenier\u00eda Agraria.<\/span><\/p>\n<p style=\"background: white; box-sizing: border-box; -webkit-font-smoothing: antialiased; font-variant-ligatures: normal; font-variant-caps: normal; orphans: 2; text-align: start; widows: 2; -webkit-text-stroke-width: 0px; text-decoration-style: initial; text-decoration-color: initial; word-spacing: 0px; margin: 0cm 0cm 10.15pt 0cm;\"><span style=\"font-family: 'Arial',sans-serif; color: #3d3d3d;\">Los colegios mayores tambi\u00e9n se cerrar\u00e1n y solamente quedar\u00e1 habilitada la Residencia Parque de las Islas para aquellas las personas que hayan sido previamente autorizadas por el Vicerrectorado de Estudiantes.<\/span><\/p>\n<p style=\"background: white; box-sizing: border-box; -webkit-font-smoothing: antialiased; font-variant-ligatures: normal; font-variant-caps: normal; orphans: 2; text-align: start; widows: 2; -webkit-text-stroke-width: 0px; text-decoration-style: initial; text-decoration-color: initial; word-spacing: 0px; margin: 0cm 0cm 10.15pt 0cm;\"><span style=\"font-family: 'Arial',sans-serif; color: #3d3d3d;\">La Sede Electr\u00f3nica, el sitio web institucional y el sistema de correo electr\u00f3nico permanecer\u00e1n operativos, aunque la tramitaci\u00f3n de cualquier solicitud quedar\u00e1 en suspenso hasta el martes 8 de enero, con la reapertura del centro acad\u00e9mico. En todo caso, de cara a cualquier tipo de tr\u00e1mite que conlleve plazos, cabe recordar que en el per\u00edodo de cierre acordado por Consejo de Gobierno,\u00a0entre los d\u00edas 28 de diciembre al 8 de enero, ambos incluidos, los d\u00edas se declaran inh\u00e1biles para los procedimientos internos de la Universidad.<\/span><\/p>\n<p style=\"background: white; box-sizing: border-box; -webkit-font-smoothing: antialiased; font-variant-ligatures: normal; font-variant-caps: normal; orphans: 2; text-align: start; widows: 2; -webkit-text-stroke-width: 0px; text-decoration-style: initial; text-decoration-color: initial; word-spacing: 0px; margin: 0cm 0cm 10.15pt 0cm;\"><span style=\"font-family: 'Arial',sans-serif; color: #3d3d3d;\">Para resolver cualquier duda o eventualidad, la instituci\u00f3n ha habilitado la cuenta de correo electr\u00f3nico\u00a0<a style=\"box-sizing: border-box; transition: all 0.25s ease 0s;\" href=\"mailto:cierre@ull.es\" target=\"_blank\" rel=\"noopener\" target=\"_blank\" rel=\"noopener\"><span style=\"color: #006699; text-decoration: none; text-underline: none;\">cierre@ull.es<\/span><\/a>.<\/span><\/p>\n","protected":false},"excerpt":{"rendered":"<p>La Universidad de La Laguna cesar\u00e1 toda la actividad en sus servicios e instalaciones desde, el viernes 28 de diciembre&#8230;<\/p>\n","protected":false},"author":67,"featured_media":41465,"comment_status":"closed","ping_status":"closed","sticky":false,"template":"","format":"standard","meta":{"inline_featured_image":false,"footnotes":""},"categories":[345,348,2765],"tags":[823],"acf":[],"yoast_head":"<!-- This site is optimized with the Yoast SEO plugin v21.3 - https:\/\/yoast.com\/wordpress\/plugins\/seo\/ -->\n<title>La ULL cierra sus instalaciones desde el 28 de diciembre hasta el martes 8 de enero de 2019<\/title>\n<meta name=\"description\" content=\"La ULL cesar\u00e1 toda la actividad en sus servicios e instalaciones desde, el viernes 28 de diciembre a las 21:00 horas, hasta el martes 8 de enero a las 06:00 horas. La instituci\u00f3n mantiene su pol\u00edtica de cierres en periodos vacacionales con el prop\u00f3sito de contener sus gastos y racionalizar sus servicios.\" \/>\n<meta name=\"robots\" content=\"index, follow, max-snippet:-1, max-image-preview:large, max-video-preview:-1\" \/>\n<link rel=\"canonical\" href=\"https:\/\/www.ull.es\/portal\/noticias\/2018\/ull-cierra-sus-instalaciones-desde-28-diciembre-hasta-martes-8-enero\/\" \/>\n<meta property=\"og:locale\" content=\"es_ES\" \/>\n<meta property=\"og:type\" content=\"article\" \/>\n<meta property=\"og:title\" content=\"La ULL cierra sus instalaciones desde el 28 de diciembre hasta el martes 8 de enero de 2019\" \/>\n<meta property=\"og:description\" content=\"La ULL cesar\u00e1 toda la actividad en sus servicios e instalaciones desde, el viernes 28 de diciembre a las 21:00 horas, hasta el martes 8 de enero a las 06:00 horas. La instituci\u00f3n mantiene su pol\u00edtica de cierres en periodos vacacionales con el prop\u00f3sito de contener sus gastos y racionalizar sus servicios.\" \/>\n<meta property=\"og:url\" content=\"https:\/\/www.ull.es\/portal\/noticias\/2018\/ull-cierra-sus-instalaciones-desde-28-diciembre-hasta-martes-8-enero\/\" \/>\n<meta property=\"og:site_name\" content=\"ULL - Noticias\" \/>\n<meta property=\"article:publisher\" content=\"https:\/\/www.facebook.com\/universidaddelalaguna\/\" \/>\n<meta property=\"article:published_time\" content=\"2018-12-28T10:36:19+00:00\" \/>\n<meta property=\"article:modified_time\" content=\"2018-12-28T08:57:03+00:00\" \/>\n<meta property=\"og:image\" content=\"https:\/\/www.ull.es\/portal\/noticias\/wp-content\/uploads\/sites\/13\/2018\/12\/Economicas-empresariales-01-1024x683.jpg\" \/>\n\t<meta property=\"og:image:width\" content=\"1024\" \/>\n\t<meta property=\"og:image:height\" content=\"683\" \/>\n\t<meta property=\"og:image:type\" content=\"image\/jpeg\" \/>\n<meta name=\"author\" content=\"gcom5\" \/>\n<meta name=\"twitter:card\" content=\"summary_large_image\" \/>\n<meta name=\"twitter:creator\" content=\"@CanalULL\" \/>\n<meta name=\"twitter:site\" content=\"@CanalULL\" \/>\n<meta name=\"twitter:label1\" content=\"Escrito por\" \/>\n\t<meta name=\"twitter:data1\" content=\"gcom5\" \/>\n\t<meta name=\"twitter:label2\" content=\"Tiempo de lectura\" \/>\n\t<meta name=\"twitter:data2\" content=\"2 minutos\" \/>\n<script type=\"application\/ld+json\" class=\"yoast-schema-graph\">{\"@context\":\"https:\/\/schema.org\",\"@graph\":[{\"@type\":\"WebPage\",\"@id\":\"https:\/\/www.ull.es\/portal\/noticias\/2018\/ull-cierra-sus-instalaciones-desde-28-diciembre-hasta-martes-8-enero\/\",\"url\":\"https:\/\/www.ull.es\/portal\/noticias\/2018\/ull-cierra-sus-instalaciones-desde-28-diciembre-hasta-martes-8-enero\/\",\"name\":\"La ULL cierra sus instalaciones desde el 28 de diciembre hasta el martes 8 de enero de 2019\",\"isPartOf\":{\"@id\":\"https:\/\/www.ull.es\/portal\/noticias\/#website\"},\"datePublished\":\"2018-12-28T10:36:19+00:00\",\"dateModified\":\"2018-12-28T08:57:03+00:00\",\"author\":{\"@id\":\"https:\/\/www.ull.es\/portal\/noticias\/#\/schema\/person\/8027c6c4687adc2c90dc1532715d34df\"},\"description\":\"La ULL cesar\u00e1 toda la actividad en sus servicios e instalaciones desde, el viernes 28 de diciembre a las 21:00 horas, hasta el martes 8 de enero a las 06:00 horas. La instituci\u00f3n mantiene su pol\u00edtica de cierres en periodos vacacionales con el prop\u00f3sito de contener sus gastos y racionalizar sus servicios.\",\"breadcrumb\":{\"@id\":\"https:\/\/www.ull.es\/portal\/noticias\/2018\/ull-cierra-sus-instalaciones-desde-28-diciembre-hasta-martes-8-enero\/#breadcrumb\"},\"inLanguage\":\"es\",\"potentialAction\":[{\"@type\":\"ReadAction\",\"target\":[\"https:\/\/www.ull.es\/portal\/noticias\/2018\/ull-cierra-sus-instalaciones-desde-28-diciembre-hasta-martes-8-enero\/\"]}]},{\"@type\":\"BreadcrumbList\",\"@id\":\"https:\/\/www.ull.es\/portal\/noticias\/2018\/ull-cierra-sus-instalaciones-desde-28-diciembre-hasta-martes-8-enero\/#breadcrumb\",\"itemListElement\":[{\"@type\":\"ListItem\",\"position\":1,\"name\":\"Portada\",\"item\":\"https:\/\/www.ull.es\/portal\/noticias\/\"},{\"@type\":\"ListItem\",\"position\":2,\"name\":\"La ULL cierra sus instalaciones desde el 28 de diciembre hasta el martes 8 de enero de 2019\"}]},{\"@type\":\"WebSite\",\"@id\":\"https:\/\/www.ull.es\/portal\/noticias\/#website\",\"url\":\"https:\/\/www.ull.es\/portal\/noticias\/\",\"name\":\"ULL - Noticias\",\"description\":\"\",\"potentialAction\":[{\"@type\":\"SearchAction\",\"target\":{\"@type\":\"EntryPoint\",\"urlTemplate\":\"https:\/\/www.ull.es\/portal\/noticias\/?s={search_term_string}\"},\"query-input\":\"required name=search_term_string\"}],\"inLanguage\":\"es\"},{\"@type\":\"Person\",\"@id\":\"https:\/\/www.ull.es\/portal\/noticias\/#\/schema\/person\/8027c6c4687adc2c90dc1532715d34df\",\"name\":\"gcom5\",\"image\":{\"@type\":\"ImageObject\",\"inLanguage\":\"es\",\"@id\":\"https:\/\/www.ull.es\/portal\/noticias\/#\/schema\/person\/image\/\",\"url\":\"https:\/\/secure.gravatar.com\/avatar\/8b3777f8048001fa57b88338ce5605b9?s=96&d=mm&r=g\",\"contentUrl\":\"https:\/\/secure.gravatar.com\/avatar\/8b3777f8048001fa57b88338ce5605b9?s=96&d=mm&r=g\",\"caption\":\"gcom5\"},\"url\":\"https:\/\/www.ull.es\/portal\/noticias\/author\/gcom5\/\"}]}<\/script>\n<!-- \/ Yoast SEO plugin. -->","yoast_head_json":{"title":"La ULL cierra sus instalaciones desde el 28 de diciembre hasta el martes 8 de enero de 2019","description":"La ULL cesar\u00e1 toda la actividad en sus servicios e instalaciones desde, el viernes 28 de diciembre a las 21:00 horas, hasta el martes 8 de enero a las 06:00 horas. La instituci\u00f3n mantiene su pol\u00edtica de cierres en periodos vacacionales con el prop\u00f3sito de contener sus gastos y racionalizar sus servicios.","robots":{"index":"index","follow":"follow","max-snippet":"max-snippet:-1","max-image-preview":"max-image-preview:large","max-video-preview":"max-video-preview:-1"},"canonical":"https:\/\/www.ull.es\/portal\/noticias\/2018\/ull-cierra-sus-instalaciones-desde-28-diciembre-hasta-martes-8-enero\/","og_locale":"es_ES","og_type":"article","og_title":"La ULL cierra sus instalaciones desde el 28 de diciembre hasta el martes 8 de enero de 2019","og_description":"La ULL cesar\u00e1 toda la actividad en sus servicios e instalaciones desde, el viernes 28 de diciembre a las 21:00 horas, hasta el martes 8 de enero a las 06:00 horas. La instituci\u00f3n mantiene su pol\u00edtica de cierres en periodos vacacionales con el prop\u00f3sito de contener sus gastos y racionalizar sus servicios.","og_url":"https:\/\/www.ull.es\/portal\/noticias\/2018\/ull-cierra-sus-instalaciones-desde-28-diciembre-hasta-martes-8-enero\/","og_site_name":"ULL - Noticias","article_publisher":"https:\/\/www.facebook.com\/universidaddelalaguna\/","article_published_time":"2018-12-28T10:36:19+00:00","article_modified_time":"2018-12-28T08:57:03+00:00","og_image":[{"width":1024,"height":683,"url":"https:\/\/www.ull.es\/portal\/noticias\/wp-content\/uploads\/sites\/13\/2018\/12\/Economicas-empresariales-01-1024x683.jpg","type":"image\/jpeg"}],"author":"gcom5","twitter_card":"summary_large_image","twitter_creator":"@CanalULL","twitter_site":"@CanalULL","twitter_misc":{"Escrito por":"gcom5","Tiempo de lectura":"2 minutos"},"schema":{"@context":"https:\/\/schema.org","@graph":[{"@type":"WebPage","@id":"https:\/\/www.ull.es\/portal\/noticias\/2018\/ull-cierra-sus-instalaciones-desde-28-diciembre-hasta-martes-8-enero\/","url":"https:\/\/www.ull.es\/portal\/noticias\/2018\/ull-cierra-sus-instalaciones-desde-28-diciembre-hasta-martes-8-enero\/","name":"La ULL cierra sus instalaciones desde el 28 de diciembre hasta el martes 8 de enero de 2019","isPartOf":{"@id":"https:\/\/www.ull.es\/portal\/noticias\/#website"},"datePublished":"2018-12-28T10:36:19+00:00","dateModified":"2018-12-28T08:57:03+00:00","author":{"@id":"https:\/\/www.ull.es\/portal\/noticias\/#\/schema\/person\/8027c6c4687adc2c90dc1532715d34df"},"description":"La ULL cesar\u00e1 toda la actividad en sus servicios e instalaciones desde, el viernes 28 de diciembre a las 21:00 horas, hasta el martes 8 de enero a las 06:00 horas. La instituci\u00f3n mantiene su pol\u00edtica de cierres en periodos vacacionales con el prop\u00f3sito de contener sus gastos y racionalizar sus servicios.","breadcrumb":{"@id":"https:\/\/www.ull.es\/portal\/noticias\/2018\/ull-cierra-sus-instalaciones-desde-28-diciembre-hasta-martes-8-enero\/#breadcrumb"},"inLanguage":"es","potentialAction":[{"@type":"ReadAction","target":["https:\/\/www.ull.es\/portal\/noticias\/2018\/ull-cierra-sus-instalaciones-desde-28-diciembre-hasta-martes-8-enero\/"]}]},{"@type":"BreadcrumbList","@id":"https:\/\/www.ull.es\/portal\/noticias\/2018\/ull-cierra-sus-instalaciones-desde-28-diciembre-hasta-martes-8-enero\/#breadcrumb","itemListElement":[{"@type":"ListItem","position":1,"name":"Portada","item":"https:\/\/www.ull.es\/portal\/noticias\/"},{"@type":"ListItem","position":2,"name":"La ULL cierra sus instalaciones desde el 28 de diciembre hasta el martes 8 de enero de 2019"}]},{"@type":"WebSite","@id":"https:\/\/www.ull.es\/portal\/noticias\/#website","url":"https:\/\/www.ull.es\/portal\/noticias\/","name":"ULL - Noticias","description":"","potentialAction":[{"@type":"SearchAction","target":{"@type":"EntryPoint","urlTemplate":"https:\/\/www.ull.es\/portal\/noticias\/?s={search_term_string}"},"query-input":"required name=search_term_string"}],"inLanguage":"es"},{"@type":"Person","@id":"https:\/\/www.ull.es\/portal\/noticias\/#\/schema\/person\/8027c6c4687adc2c90dc1532715d34df","name":"gcom5","image":{"@type":"ImageObject","inLanguage":"es","@id":"https:\/\/www.ull.es\/portal\/noticias\/#\/schema\/person\/image\/","url":"https:\/\/secure.gravatar.com\/avatar\/8b3777f8048001fa57b88338ce5605b9?s=96&d=mm&r=g","contentUrl":"https:\/\/secure.gravatar.com\/avatar\/8b3777f8048001fa57b88338ce5605b9?s=96&d=mm&r=g","caption":"gcom5"},"url":"https:\/\/www.ull.es\/portal\/noticias\/author\/gcom5\/"}]}},"primary_category":{"id":348,"name":"Instituci\u00f3n","slug":"institucion","link":"https:\/\/www.ull.es\/portal\/noticias\/category\/institucion\/"},"featured_image_thumbnail_url":"https:\/\/www.ull.es\/portal\/noticias\/wp-content\/uploads\/sites\/13\/2018\/12\/Economicas-empresariales-01-1024x683-300x200.jpg","_links":{"self":[{"href":"https:\/\/www.ull.es\/portal\/noticias\/wp-json\/wp\/v2\/posts\/41464"}],"collection":[{"href":"https:\/\/www.ull.es\/portal\/noticias\/wp-json\/wp\/v2\/posts"}],"about":[{"href":"https:\/\/www.ull.es\/portal\/noticias\/wp-json\/wp\/v2\/types\/post"}],"author":[{"embeddable":true,"href":"https:\/\/www.ull.es\/portal\/noticias\/wp-json\/wp\/v2\/users\/67"}],"replies":[{"embeddable":true,"href":"https:\/\/www.ull.es\/portal\/noticias\/wp-json\/wp\/v2\/comments?post=41464"}],"version-history":[{"count":1,"href":"https:\/\/www.ull.es\/portal\/noticias\/wp-json\/wp\/v2\/posts\/41464\/revisions"}],"predecessor-version":[{"id":41466,"href":"https:\/\/www.ull.es\/portal\/noticias\/wp-json\/wp\/v2\/posts\/41464\/revisions\/41466"}],"wp:featuredmedia":[{"embeddable":true,"href":"https:\/\/www.ull.es\/portal\/noticias\/wp-json\/wp\/v2\/media\/41465"}],"wp:attachment":[{"href":"https:\/\/www.ull.es\/portal\/noticias\/wp-json\/wp\/v2\/media?parent=41464"}],"wp:term":[{"taxonomy":"category","embeddable":true,"href":"https:\/\/www.ull.es\/portal\/noticias\/wp-json\/wp\/v2\/categories?post=41464"},{"taxonomy":"post_tag","embeddable":true,"href":"https:\/\/www.ull.es\/portal\/noticias\/wp-json\/wp\/v2\/tags?post=41464"}],"curies":[{"name":"wp","href":"https:\/\/api.w.org\/{rel}","templated":true}]}}