{"id":41596,"date":"2019-01-11T15:30:46","date_gmt":"2019-01-11T15:30:46","guid":{"rendered":"https:\/\/www.ull.es\/portal\/noticias\/?p=41596"},"modified":"2019-03-01T14:04:45","modified_gmt":"2019-03-01T14:04:45","slug":"ganadora-concurso-videos-accesibilidad","status":"publish","type":"post","link":"https:\/\/www.ull.es\/portal\/noticias\/2019\/ganadora-concurso-videos-accesibilidad\/","title":{"rendered":"La ganadora del concurso de videos sobre accesibilidad de la ULL advierte de los obst\u00e1culos para personas de movilidad reducida"},"content":{"rendered":"<p>Gwendolen P\u00e9rez, estudiante de Grado en Filosof\u00eda y voluntaria del programa ULL Solidaria del Vicerrectorado de Relaciones con la Sociedad de la Universidad de La Laguna, ha resultado ganadora del Concurso de V\u00eddeos sobre Accesibilidad y Movilidad Sostenible en las Universidades Espa\u00f1olas, organizado por el Grupo de Trabajo Universidad y Movilidad de la CRUE Sostenibilidad y la Red Europea de Universidades por la Movilidad Sostenible U-Mob, con el apoyo del Programa LIFE de la Comisi\u00f3n Europea.<\/p>\n<p>P\u00e9rez recoge en su v\u00eddeo ganador las dificultades para acceder a algunos de los edificios del Campus de Guajara que experimentan las personas con movilidad reducida, poniendo el foco en obst\u00e1culos diarios en el entorno cotidiano de los que dejamos de ser conscientes por la rutina y el h\u00e1bito.<\/p>\n<p>La entrega de premios se celebr\u00f3 esta semana en el Aula Polivalente del Edificio Central y cont\u00f3 con la presencia de la vicerrectora de Infraestructuras y Servicios Universitarios, Norena Mart\u00edn, acompa\u00f1ada de los miembros del jurado: Carlos Jim\u00e9nez, director de la C\u00e1tedra de Medio Ambiente y Desarrollo Sostenible Cabildo de Tenerife-Universidad de La Laguna; Francisco Javier Amador, director de Secretariado de Responsabilidad Social Universitaria; Nira Llarena, responsable del Gabinete de Comunicaci\u00f3n de la Fundaci\u00f3n General de la Universidad de La Laguna; y Bego\u00f1a L\u00f3pez, coordinadora de Competiciones, Instalaciones y Movilidad Sostenible del Servicio de Deportes.<\/p>\n<p>La vicerrectora expres\u00f3 su compromiso con la promoci\u00f3n de la movilidad sostenible entre la comunidad universitaria y el esfuerzo que se realiza desde su vicerrectorado para implementar las medidas necesarias para garantizar una \u00f3ptima accesibilidad a los espacios e infraestructuras de los diferentes campus.<\/p>\n<p>Carlos Jim\u00e9nez resalt\u00f3 la relevancia de estos concursos para poder detectar y solventar deficiencias en las infraestructuras y servicios universitarios y el compromiso demostrado por la ganadora del concurso al querer poner de manifiesto las adversidades que puede enfrentar el estudiantado de movilidad reducida.<\/p>\n<p>Este certamen, incluido en el plan de acciones del Programa Aulas M\u00e1s Sostenibles de la C\u00e1tedra de Medio Ambiente y Desarrollo Sostenible Cabildo de Tenerife &#8211; Universidad de La Laguna, ha sido desarrollado de forma coordinada y apoyado por diferentes sectores de la instituci\u00f3n acad\u00e9mica, como muestra del compromiso compartido con la inclusi\u00f3n de los Objetivos de Desarrollo Sostenible de la Agenda 2030 de la ONU en el contexto universitario.<\/p>\n<p>Particularmente, ha contado con el apoyo del Servicio de Deportes de la Universidad de La Laguna, desde donde se est\u00e1n llevando a cabo distintas iniciativas para promover la movilidad sostenible en el campus universitario.<\/p>\n<p>Este concurso persigue el objetivo de difundir los principios de la accesibilidad y la movilidad sostenible en los campus de las universidades espa\u00f1olas y dar la oportunidad a la comunidad universitaria de aportar su visi\u00f3n de forma creativa, ya que, de forma creciente, la necesidad de acceder a los campus y la oferta de transporte disponible genera intensos flujos de movilidad que se han convertido en uno de los aspectos que m\u00e1s comprometen la sostenibilidad de las universidades.<\/p>\n<p>El v\u00eddeo ganador se encuentra disponible en <a href=\"https:\/\/drive.google.com\/file\/d\/1F_xrKdDfSZPEZ0EeteY7dTehCgTB8hUy\/view\" target=\"_blank\" rel=\"noopener\" target=\"_blank\" rel=\"noopener\">este enlace<\/a>.<\/p>\n","protected":false},"excerpt":{"rendered":"<p>Gwendolen P\u00e9rez, estudiante de Grado en Filosof\u00eda y voluntaria del programa ULL Solidaria del Vicerrectorado de Relaciones con la Sociedad&#8230;<\/p>\n","protected":false},"author":21,"featured_media":41597,"comment_status":"closed","ping_status":"closed","sticky":false,"template":"","format":"standard","meta":{"inline_featured_image":false,"footnotes":""},"categories":[343,5232,345,3994,3873,2753,2765,4452],"tags":[5231,5230,5437,5229,879,3692,4146,4149,5059,3672,3796,2614],"acf":[],"yoast_head":"<!-- This site is optimized with the Yoast SEO plugin v21.3 - https:\/\/yoast.com\/wordpress\/plugins\/seo\/ -->\n<title>Premiado un video que denuncia los obst\u00e1culos para la movilidad reducida<\/title>\n<meta name=\"description\" content=\"Gwendolen P\u00e9rez, estudiante de Grado en Filosof\u00eda y voluntaria del programa ULL Solidaria del Vicerrectorado de Relaciones con la Sociedad de la Universidad de La Laguna, ha resultado ganadora del Concurso de V\u00eddeos sobre Accesibilidad y Movilidad Sostenible en las Universidades Espa\u00f1olas.\" \/>\n<meta name=\"robots\" content=\"index, follow, max-snippet:-1, max-image-preview:large, max-video-preview:-1\" \/>\n<link rel=\"canonical\" href=\"https:\/\/www.ull.es\/portal\/noticias\/2019\/ganadora-concurso-videos-accesibilidad\/\" \/>\n<meta property=\"og:locale\" content=\"es_ES\" \/>\n<meta property=\"og:type\" content=\"article\" \/>\n<meta property=\"og:title\" content=\"Premiado un video que denuncia los obst\u00e1culos para la movilidad reducida\" \/>\n<meta property=\"og:description\" content=\"Gwendolen P\u00e9rez, estudiante de Grado en Filosof\u00eda y voluntaria del programa ULL Solidaria del Vicerrectorado de Relaciones con la Sociedad de la Universidad de La Laguna, ha resultado ganadora del Concurso de V\u00eddeos sobre Accesibilidad y Movilidad Sostenible en las Universidades Espa\u00f1olas.\" \/>\n<meta property=\"og:url\" content=\"https:\/\/www.ull.es\/portal\/noticias\/2019\/ganadora-concurso-videos-accesibilidad\/\" \/>\n<meta property=\"og:site_name\" content=\"ULL - Noticias\" \/>\n<meta property=\"article:publisher\" content=\"https:\/\/www.facebook.com\/universidaddelalaguna\/\" \/>\n<meta property=\"article:published_time\" content=\"2019-01-11T15:30:46+00:00\" \/>\n<meta property=\"article:modified_time\" content=\"2019-03-01T14:04:45+00:00\" \/>\n<meta property=\"og:image\" content=\"https:\/\/www.ull.es\/portal\/noticias\/wp-content\/uploads\/sites\/13\/2019\/01\/premio-video-movilidad.jpg\" \/>\n\t<meta property=\"og:image:width\" content=\"1200\" \/>\n\t<meta property=\"og:image:height\" content=\"800\" \/>\n\t<meta property=\"og:image:type\" content=\"image\/jpeg\" \/>\n<meta name=\"author\" content=\"prensa2\" \/>\n<meta name=\"twitter:card\" content=\"summary_large_image\" \/>\n<meta name=\"twitter:creator\" content=\"@CanalULL\" \/>\n<meta name=\"twitter:site\" content=\"@CanalULL\" \/>\n<meta name=\"twitter:label1\" content=\"Escrito por\" \/>\n\t<meta name=\"twitter:data1\" content=\"prensa2\" \/>\n\t<meta name=\"twitter:label2\" content=\"Tiempo de lectura\" \/>\n\t<meta name=\"twitter:data2\" content=\"3 minutos\" \/>\n<script type=\"application\/ld+json\" class=\"yoast-schema-graph\">{\"@context\":\"https:\/\/schema.org\",\"@graph\":[{\"@type\":\"WebPage\",\"@id\":\"https:\/\/www.ull.es\/portal\/noticias\/2019\/ganadora-concurso-videos-accesibilidad\/\",\"url\":\"https:\/\/www.ull.es\/portal\/noticias\/2019\/ganadora-concurso-videos-accesibilidad\/\",\"name\":\"Premiado un video que denuncia los obst\u00e1culos para la movilidad reducida\",\"isPartOf\":{\"@id\":\"https:\/\/www.ull.es\/portal\/noticias\/#website\"},\"datePublished\":\"2019-01-11T15:30:46+00:00\",\"dateModified\":\"2019-03-01T14:04:45+00:00\",\"author\":{\"@id\":\"https:\/\/www.ull.es\/portal\/noticias\/#\/schema\/person\/c3b2aa857797592927a03740d6664376\"},\"description\":\"Gwendolen P\u00e9rez, estudiante de Grado en Filosof\u00eda y voluntaria del programa ULL Solidaria del Vicerrectorado de Relaciones con la Sociedad de la Universidad de La Laguna, ha resultado ganadora del Concurso de V\u00eddeos sobre Accesibilidad y Movilidad Sostenible en las Universidades Espa\u00f1olas.\",\"breadcrumb\":{\"@id\":\"https:\/\/www.ull.es\/portal\/noticias\/2019\/ganadora-concurso-videos-accesibilidad\/#breadcrumb\"},\"inLanguage\":\"es\",\"potentialAction\":[{\"@type\":\"ReadAction\",\"target\":[\"https:\/\/www.ull.es\/portal\/noticias\/2019\/ganadora-concurso-videos-accesibilidad\/\"]}]},{\"@type\":\"BreadcrumbList\",\"@id\":\"https:\/\/www.ull.es\/portal\/noticias\/2019\/ganadora-concurso-videos-accesibilidad\/#breadcrumb\",\"itemListElement\":[{\"@type\":\"ListItem\",\"position\":1,\"name\":\"Portada\",\"item\":\"https:\/\/www.ull.es\/portal\/noticias\/\"},{\"@type\":\"ListItem\",\"position\":2,\"name\":\"La ganadora del concurso de videos sobre accesibilidad de la ULL advierte de los obst\u00e1culos para personas de movilidad reducida\"}]},{\"@type\":\"WebSite\",\"@id\":\"https:\/\/www.ull.es\/portal\/noticias\/#website\",\"url\":\"https:\/\/www.ull.es\/portal\/noticias\/\",\"name\":\"ULL - Noticias\",\"description\":\"\",\"potentialAction\":[{\"@type\":\"SearchAction\",\"target\":{\"@type\":\"EntryPoint\",\"urlTemplate\":\"https:\/\/www.ull.es\/portal\/noticias\/?s={search_term_string}\"},\"query-input\":\"required name=search_term_string\"}],\"inLanguage\":\"es\"},{\"@type\":\"Person\",\"@id\":\"https:\/\/www.ull.es\/portal\/noticias\/#\/schema\/person\/c3b2aa857797592927a03740d6664376\",\"name\":\"prensa2\",\"image\":{\"@type\":\"ImageObject\",\"inLanguage\":\"es\",\"@id\":\"https:\/\/www.ull.es\/portal\/noticias\/#\/schema\/person\/image\/\",\"url\":\"https:\/\/secure.gravatar.com\/avatar\/b58f310a5de5feb33d1e026d2493f23c?s=96&d=mm&r=g\",\"contentUrl\":\"https:\/\/secure.gravatar.com\/avatar\/b58f310a5de5feb33d1e026d2493f23c?s=96&d=mm&r=g\",\"caption\":\"prensa2\"},\"url\":\"https:\/\/www.ull.es\/portal\/noticias\/author\/prensa2\/\"}]}<\/script>\n<!-- \/ Yoast SEO plugin. -->","yoast_head_json":{"title":"Premiado un video que denuncia los obst\u00e1culos para la movilidad reducida","description":"Gwendolen P\u00e9rez, estudiante de Grado en Filosof\u00eda y voluntaria del programa ULL Solidaria del Vicerrectorado de Relaciones con la Sociedad de la Universidad de La Laguna, ha resultado ganadora del Concurso de V\u00eddeos sobre Accesibilidad y Movilidad Sostenible en las Universidades Espa\u00f1olas.","robots":{"index":"index","follow":"follow","max-snippet":"max-snippet:-1","max-image-preview":"max-image-preview:large","max-video-preview":"max-video-preview:-1"},"canonical":"https:\/\/www.ull.es\/portal\/noticias\/2019\/ganadora-concurso-videos-accesibilidad\/","og_locale":"es_ES","og_type":"article","og_title":"Premiado un video que denuncia los obst\u00e1culos para la movilidad reducida","og_description":"Gwendolen P\u00e9rez, estudiante de Grado en Filosof\u00eda y voluntaria del programa ULL Solidaria del Vicerrectorado de Relaciones con la Sociedad de la Universidad de La Laguna, ha resultado ganadora del Concurso de V\u00eddeos sobre Accesibilidad y Movilidad Sostenible en las Universidades Espa\u00f1olas.","og_url":"https:\/\/www.ull.es\/portal\/noticias\/2019\/ganadora-concurso-videos-accesibilidad\/","og_site_name":"ULL - Noticias","article_publisher":"https:\/\/www.facebook.com\/universidaddelalaguna\/","article_published_time":"2019-01-11T15:30:46+00:00","article_modified_time":"2019-03-01T14:04:45+00:00","og_image":[{"width":1200,"height":800,"url":"https:\/\/www.ull.es\/portal\/noticias\/wp-content\/uploads\/sites\/13\/2019\/01\/premio-video-movilidad.jpg","type":"image\/jpeg"}],"author":"prensa2","twitter_card":"summary_large_image","twitter_creator":"@CanalULL","twitter_site":"@CanalULL","twitter_misc":{"Escrito por":"prensa2","Tiempo de lectura":"3 minutos"},"schema":{"@context":"https:\/\/schema.org","@graph":[{"@type":"WebPage","@id":"https:\/\/www.ull.es\/portal\/noticias\/2019\/ganadora-concurso-videos-accesibilidad\/","url":"https:\/\/www.ull.es\/portal\/noticias\/2019\/ganadora-concurso-videos-accesibilidad\/","name":"Premiado un video que denuncia los obst\u00e1culos para la movilidad reducida","isPartOf":{"@id":"https:\/\/www.ull.es\/portal\/noticias\/#website"},"datePublished":"2019-01-11T15:30:46+00:00","dateModified":"2019-03-01T14:04:45+00:00","author":{"@id":"https:\/\/www.ull.es\/portal\/noticias\/#\/schema\/person\/c3b2aa857797592927a03740d6664376"},"description":"Gwendolen P\u00e9rez, estudiante de Grado en Filosof\u00eda y voluntaria del programa ULL Solidaria del Vicerrectorado de Relaciones con la Sociedad de la Universidad de La Laguna, ha resultado ganadora del Concurso de V\u00eddeos sobre Accesibilidad y Movilidad Sostenible en las Universidades Espa\u00f1olas.","breadcrumb":{"@id":"https:\/\/www.ull.es\/portal\/noticias\/2019\/ganadora-concurso-videos-accesibilidad\/#breadcrumb"},"inLanguage":"es","potentialAction":[{"@type":"ReadAction","target":["https:\/\/www.ull.es\/portal\/noticias\/2019\/ganadora-concurso-videos-accesibilidad\/"]}]},{"@type":"BreadcrumbList","@id":"https:\/\/www.ull.es\/portal\/noticias\/2019\/ganadora-concurso-videos-accesibilidad\/#breadcrumb","itemListElement":[{"@type":"ListItem","position":1,"name":"Portada","item":"https:\/\/www.ull.es\/portal\/noticias\/"},{"@type":"ListItem","position":2,"name":"La ganadora del concurso de videos sobre accesibilidad de la ULL advierte de los obst\u00e1culos para personas de movilidad reducida"}]},{"@type":"WebSite","@id":"https:\/\/www.ull.es\/portal\/noticias\/#website","url":"https:\/\/www.ull.es\/portal\/noticias\/","name":"ULL - Noticias","description":"","potentialAction":[{"@type":"SearchAction","target":{"@type":"EntryPoint","urlTemplate":"https:\/\/www.ull.es\/portal\/noticias\/?s={search_term_string}"},"query-input":"required name=search_term_string"}],"inLanguage":"es"},{"@type":"Person","@id":"https:\/\/www.ull.es\/portal\/noticias\/#\/schema\/person\/c3b2aa857797592927a03740d6664376","name":"prensa2","image":{"@type":"ImageObject","inLanguage":"es","@id":"https:\/\/www.ull.es\/portal\/noticias\/#\/schema\/person\/image\/","url":"https:\/\/secure.gravatar.com\/avatar\/b58f310a5de5feb33d1e026d2493f23c?s=96&d=mm&r=g","contentUrl":"https:\/\/secure.gravatar.com\/avatar\/b58f310a5de5feb33d1e026d2493f23c?s=96&d=mm&r=g","caption":"prensa2"},"url":"https:\/\/www.ull.es\/portal\/noticias\/author\/prensa2\/"}]}},"primary_category":{"id":343,"name":"Alumnado","slug":"alumnado","link":"https:\/\/www.ull.es\/portal\/noticias\/category\/alumnado\/"},"featured_image_thumbnail_url":"https:\/\/www.ull.es\/portal\/noticias\/wp-content\/uploads\/sites\/13\/2019\/01\/premio-video-movilidad-300x200.jpg","_links":{"self":[{"href":"https:\/\/www.ull.es\/portal\/noticias\/wp-json\/wp\/v2\/posts\/41596"}],"collection":[{"href":"https:\/\/www.ull.es\/portal\/noticias\/wp-json\/wp\/v2\/posts"}],"about":[{"href":"https:\/\/www.ull.es\/portal\/noticias\/wp-json\/wp\/v2\/types\/post"}],"author":[{"embeddable":true,"href":"https:\/\/www.ull.es\/portal\/noticias\/wp-json\/wp\/v2\/users\/21"}],"replies":[{"embeddable":true,"href":"https:\/\/www.ull.es\/portal\/noticias\/wp-json\/wp\/v2\/comments?post=41596"}],"version-history":[{"count":4,"href":"https:\/\/www.ull.es\/portal\/noticias\/wp-json\/wp\/v2\/posts\/41596\/revisions"}],"predecessor-version":[{"id":41601,"href":"https:\/\/www.ull.es\/portal\/noticias\/wp-json\/wp\/v2\/posts\/41596\/revisions\/41601"}],"wp:featuredmedia":[{"embeddable":true,"href":"https:\/\/www.ull.es\/portal\/noticias\/wp-json\/wp\/v2\/media\/41597"}],"wp:attachment":[{"href":"https:\/\/www.ull.es\/portal\/noticias\/wp-json\/wp\/v2\/media?parent=41596"}],"wp:term":[{"taxonomy":"category","embeddable":true,"href":"https:\/\/www.ull.es\/portal\/noticias\/wp-json\/wp\/v2\/categories?post=41596"},{"taxonomy":"post_tag","embeddable":true,"href":"https:\/\/www.ull.es\/portal\/noticias\/wp-json\/wp\/v2\/tags?post=41596"}],"curies":[{"name":"wp","href":"https:\/\/api.w.org\/{rel}","templated":true}]}}