{"id":41699,"date":"2019-01-17T09:58:06","date_gmt":"2019-01-17T09:58:06","guid":{"rendered":"https:\/\/www.ull.es\/portal\/noticias\/?p=41699"},"modified":"2019-01-17T13:11:39","modified_gmt":"2019-01-17T13:11:39","slug":"el-alumno-del-master-de-ingenieria-industrial-pedro-lopez-agraciado-con-un-viaje-a-japon-por-el-programa-mirai","status":"publish","type":"post","link":"https:\/\/www.ull.es\/portal\/noticias\/2019\/el-alumno-del-master-de-ingenieria-industrial-pedro-lopez-agraciado-con-un-viaje-a-japon-por-el-programa-mirai\/","title":{"rendered":"El alumno del M\u00e1ster de Ingenier\u00eda Industrial Justo L\u00f3pez, agraciado con un viaje a Jap\u00f3n por el programa Mirai"},"content":{"rendered":"<p>El estudiante del M\u00e1ster en Ingenier\u00eda Industrial de la Universidad de La Laguna Justo Pedro L\u00f3pez Palomo ha sido agraciado con un viaje a Jap\u00f3n durante una semana, a trav\u00e9s de la convocatoria MIRAI, destinada a promocionar la cultura y la industria nipona entre pa\u00edses europeos. Este programa, gestionado por el Vicerrectorado de Internacionalizaci\u00f3n a trav\u00e9s del consulado japon\u00e9s, permitir\u00e1 que el alumno conozca entre el 23 y 30 de enero las principales industrias de algas y construcci\u00f3n de Tokio, al tiempo que se visitar\u00e1 tambi\u00e9n Hiroshima. Justo es uno de los tres estudiantes espa\u00f1oles que ha obtenido esta beca de viaje, a la que se sumar\u00e1n tambi\u00e9n cerca de 40 estudiantes europeos.\u00a0 En la imagen, el director de secretariado de Convenios y Convocatorias Internacionales, Carlos Trujillo, le hace entrega de los billetes de avi\u00f3n.<\/p>\n<p>&nbsp;<\/p>\n","protected":false},"excerpt":{"rendered":"<p>El estudiante del M\u00e1ster en Ingenier\u00eda Industrial de la Universidad de La Laguna Justo Pedro L\u00f3pez Palomo ha sido agraciado&#8230;<\/p>\n","protected":false},"author":23,"featured_media":41701,"comment_status":"closed","ping_status":"closed","sticky":false,"template":"","format":"standard","meta":{"inline_featured_image":false,"footnotes":""},"categories":[345,349,2765],"tags":[2887,5250],"acf":[],"yoast_head":"<!-- This site is optimized with the Yoast SEO plugin v21.3 - https:\/\/yoast.com\/wordpress\/plugins\/seo\/ -->\n<title>El alumno del M\u00e1ster de Ingenier\u00eda Industrial Justo L\u00f3pez, agraciado con un viaje a Jap\u00f3n por el programa Mirai - ULL - Noticias<\/title>\n<meta name=\"description\" content=\"El estudiante del M\u00e1ster en Ingenier\u00eda Industrial de la Universidad de La Laguna Justo Pedro L\u00f3pez Palomo ha sido agraciado con un viaje a Jap\u00f3n durante una semana, a trav\u00e9s de la convocatoria MIRAI, destinada a promocionar la cultura y la industria nipona entre pa\u00edses europeos.\" \/>\n<meta name=\"robots\" content=\"index, follow, max-snippet:-1, max-image-preview:large, max-video-preview:-1\" \/>\n<link rel=\"canonical\" href=\"https:\/\/www.ull.es\/portal\/noticias\/2019\/el-alumno-del-master-de-ingenieria-industrial-pedro-lopez-agraciado-con-un-viaje-a-japon-por-el-programa-mirai\/\" \/>\n<meta property=\"og:locale\" content=\"es_ES\" \/>\n<meta property=\"og:type\" content=\"article\" \/>\n<meta property=\"og:title\" content=\"El alumno del M\u00e1ster de Ingenier\u00eda Industrial Justo L\u00f3pez, agraciado con un viaje a Jap\u00f3n por el programa Mirai - ULL - Noticias\" \/>\n<meta property=\"og:description\" content=\"El estudiante del M\u00e1ster en Ingenier\u00eda Industrial de la Universidad de La Laguna Justo Pedro L\u00f3pez Palomo ha sido agraciado con un viaje a Jap\u00f3n durante una semana, a trav\u00e9s de la convocatoria MIRAI, destinada a promocionar la cultura y la industria nipona entre pa\u00edses europeos.\" \/>\n<meta property=\"og:url\" content=\"https:\/\/www.ull.es\/portal\/noticias\/2019\/el-alumno-del-master-de-ingenieria-industrial-pedro-lopez-agraciado-con-un-viaje-a-japon-por-el-programa-mirai\/\" \/>\n<meta property=\"og:site_name\" content=\"ULL - Noticias\" \/>\n<meta property=\"article:publisher\" content=\"https:\/\/www.facebook.com\/universidaddelalaguna\/\" \/>\n<meta property=\"article:published_time\" content=\"2019-01-17T09:58:06+00:00\" \/>\n<meta property=\"article:modified_time\" content=\"2019-01-17T13:11:39+00:00\" \/>\n<meta property=\"og:image\" content=\"https:\/\/www.ull.es\/portal\/noticias\/wp-content\/uploads\/sites\/13\/2019\/01\/Foto-viaje-a-Jap\u00f3n.jpg\" \/>\n\t<meta property=\"og:image:width\" content=\"1200\" \/>\n\t<meta property=\"og:image:height\" content=\"800\" \/>\n\t<meta property=\"og:image:type\" content=\"image\/jpeg\" \/>\n<meta name=\"author\" content=\"gaprsa\" \/>\n<meta name=\"twitter:card\" content=\"summary_large_image\" \/>\n<meta name=\"twitter:creator\" content=\"@CanalULL\" \/>\n<meta name=\"twitter:site\" content=\"@CanalULL\" \/>\n<meta name=\"twitter:label1\" content=\"Escrito por\" \/>\n\t<meta name=\"twitter:data1\" content=\"gaprsa\" \/>\n\t<meta name=\"twitter:label2\" content=\"Tiempo de lectura\" \/>\n\t<meta name=\"twitter:data2\" content=\"1 minuto\" \/>\n<script type=\"application\/ld+json\" class=\"yoast-schema-graph\">{\"@context\":\"https:\/\/schema.org\",\"@graph\":[{\"@type\":\"WebPage\",\"@id\":\"https:\/\/www.ull.es\/portal\/noticias\/2019\/el-alumno-del-master-de-ingenieria-industrial-pedro-lopez-agraciado-con-un-viaje-a-japon-por-el-programa-mirai\/\",\"url\":\"https:\/\/www.ull.es\/portal\/noticias\/2019\/el-alumno-del-master-de-ingenieria-industrial-pedro-lopez-agraciado-con-un-viaje-a-japon-por-el-programa-mirai\/\",\"name\":\"El alumno del M\u00e1ster de Ingenier\u00eda Industrial Justo L\u00f3pez, agraciado con un viaje a Jap\u00f3n por el programa Mirai - ULL - Noticias\",\"isPartOf\":{\"@id\":\"https:\/\/www.ull.es\/portal\/noticias\/#website\"},\"datePublished\":\"2019-01-17T09:58:06+00:00\",\"dateModified\":\"2019-01-17T13:11:39+00:00\",\"author\":{\"@id\":\"https:\/\/www.ull.es\/portal\/noticias\/#\/schema\/person\/b2b1a89d43ffa609e591f7df8ef3e817\"},\"description\":\"El estudiante del M\u00e1ster en Ingenier\u00eda Industrial de la Universidad de La Laguna Justo Pedro L\u00f3pez Palomo ha sido agraciado con un viaje a Jap\u00f3n durante una semana, a trav\u00e9s de la convocatoria MIRAI, destinada a promocionar la cultura y la industria nipona entre pa\u00edses europeos.\",\"breadcrumb\":{\"@id\":\"https:\/\/www.ull.es\/portal\/noticias\/2019\/el-alumno-del-master-de-ingenieria-industrial-pedro-lopez-agraciado-con-un-viaje-a-japon-por-el-programa-mirai\/#breadcrumb\"},\"inLanguage\":\"es\",\"potentialAction\":[{\"@type\":\"ReadAction\",\"target\":[\"https:\/\/www.ull.es\/portal\/noticias\/2019\/el-alumno-del-master-de-ingenieria-industrial-pedro-lopez-agraciado-con-un-viaje-a-japon-por-el-programa-mirai\/\"]}]},{\"@type\":\"BreadcrumbList\",\"@id\":\"https:\/\/www.ull.es\/portal\/noticias\/2019\/el-alumno-del-master-de-ingenieria-industrial-pedro-lopez-agraciado-con-un-viaje-a-japon-por-el-programa-mirai\/#breadcrumb\",\"itemListElement\":[{\"@type\":\"ListItem\",\"position\":1,\"name\":\"Portada\",\"item\":\"https:\/\/www.ull.es\/portal\/noticias\/\"},{\"@type\":\"ListItem\",\"position\":2,\"name\":\"El alumno del M\u00e1ster de Ingenier\u00eda Industrial Justo L\u00f3pez, agraciado con un viaje a Jap\u00f3n por el programa Mirai\"}]},{\"@type\":\"WebSite\",\"@id\":\"https:\/\/www.ull.es\/portal\/noticias\/#website\",\"url\":\"https:\/\/www.ull.es\/portal\/noticias\/\",\"name\":\"ULL - Noticias\",\"description\":\"\",\"potentialAction\":[{\"@type\":\"SearchAction\",\"target\":{\"@type\":\"EntryPoint\",\"urlTemplate\":\"https:\/\/www.ull.es\/portal\/noticias\/?s={search_term_string}\"},\"query-input\":\"required name=search_term_string\"}],\"inLanguage\":\"es\"},{\"@type\":\"Person\",\"@id\":\"https:\/\/www.ull.es\/portal\/noticias\/#\/schema\/person\/b2b1a89d43ffa609e591f7df8ef3e817\",\"name\":\"gaprsa\",\"image\":{\"@type\":\"ImageObject\",\"inLanguage\":\"es\",\"@id\":\"https:\/\/www.ull.es\/portal\/noticias\/#\/schema\/person\/image\/\",\"url\":\"https:\/\/secure.gravatar.com\/avatar\/443820550921091458b4823867723b3d?s=96&d=mm&r=g\",\"contentUrl\":\"https:\/\/secure.gravatar.com\/avatar\/443820550921091458b4823867723b3d?s=96&d=mm&r=g\",\"caption\":\"gaprsa\"},\"url\":\"https:\/\/www.ull.es\/portal\/noticias\/author\/gaprsa\/\"}]}<\/script>\n<!-- \/ Yoast SEO plugin. -->","yoast_head_json":{"title":"El alumno del M\u00e1ster de Ingenier\u00eda Industrial Justo L\u00f3pez, agraciado con un viaje a Jap\u00f3n por el programa Mirai - ULL - Noticias","description":"El estudiante del M\u00e1ster en Ingenier\u00eda Industrial de la Universidad de La Laguna Justo Pedro L\u00f3pez Palomo ha sido agraciado con un viaje a Jap\u00f3n durante una semana, a trav\u00e9s de la convocatoria MIRAI, destinada a promocionar la cultura y la industria nipona entre pa\u00edses europeos.","robots":{"index":"index","follow":"follow","max-snippet":"max-snippet:-1","max-image-preview":"max-image-preview:large","max-video-preview":"max-video-preview:-1"},"canonical":"https:\/\/www.ull.es\/portal\/noticias\/2019\/el-alumno-del-master-de-ingenieria-industrial-pedro-lopez-agraciado-con-un-viaje-a-japon-por-el-programa-mirai\/","og_locale":"es_ES","og_type":"article","og_title":"El alumno del M\u00e1ster de Ingenier\u00eda Industrial Justo L\u00f3pez, agraciado con un viaje a Jap\u00f3n por el programa Mirai - ULL - Noticias","og_description":"El estudiante del M\u00e1ster en Ingenier\u00eda Industrial de la Universidad de La Laguna Justo Pedro L\u00f3pez Palomo ha sido agraciado con un viaje a Jap\u00f3n durante una semana, a trav\u00e9s de la convocatoria MIRAI, destinada a promocionar la cultura y la industria nipona entre pa\u00edses europeos.","og_url":"https:\/\/www.ull.es\/portal\/noticias\/2019\/el-alumno-del-master-de-ingenieria-industrial-pedro-lopez-agraciado-con-un-viaje-a-japon-por-el-programa-mirai\/","og_site_name":"ULL - Noticias","article_publisher":"https:\/\/www.facebook.com\/universidaddelalaguna\/","article_published_time":"2019-01-17T09:58:06+00:00","article_modified_time":"2019-01-17T13:11:39+00:00","og_image":[{"width":1200,"height":800,"url":"https:\/\/www.ull.es\/portal\/noticias\/wp-content\/uploads\/sites\/13\/2019\/01\/Foto-viaje-a-Jap\u00f3n.jpg","type":"image\/jpeg"}],"author":"gaprsa","twitter_card":"summary_large_image","twitter_creator":"@CanalULL","twitter_site":"@CanalULL","twitter_misc":{"Escrito por":"gaprsa","Tiempo de lectura":"1 minuto"},"schema":{"@context":"https:\/\/schema.org","@graph":[{"@type":"WebPage","@id":"https:\/\/www.ull.es\/portal\/noticias\/2019\/el-alumno-del-master-de-ingenieria-industrial-pedro-lopez-agraciado-con-un-viaje-a-japon-por-el-programa-mirai\/","url":"https:\/\/www.ull.es\/portal\/noticias\/2019\/el-alumno-del-master-de-ingenieria-industrial-pedro-lopez-agraciado-con-un-viaje-a-japon-por-el-programa-mirai\/","name":"El alumno del M\u00e1ster de Ingenier\u00eda Industrial Justo L\u00f3pez, agraciado con un viaje a Jap\u00f3n por el programa Mirai - ULL - Noticias","isPartOf":{"@id":"https:\/\/www.ull.es\/portal\/noticias\/#website"},"datePublished":"2019-01-17T09:58:06+00:00","dateModified":"2019-01-17T13:11:39+00:00","author":{"@id":"https:\/\/www.ull.es\/portal\/noticias\/#\/schema\/person\/b2b1a89d43ffa609e591f7df8ef3e817"},"description":"El estudiante del M\u00e1ster en Ingenier\u00eda Industrial de la Universidad de La Laguna Justo Pedro L\u00f3pez Palomo ha sido agraciado con un viaje a Jap\u00f3n durante una semana, a trav\u00e9s de la convocatoria MIRAI, destinada a promocionar la cultura y la industria nipona entre pa\u00edses europeos.","breadcrumb":{"@id":"https:\/\/www.ull.es\/portal\/noticias\/2019\/el-alumno-del-master-de-ingenieria-industrial-pedro-lopez-agraciado-con-un-viaje-a-japon-por-el-programa-mirai\/#breadcrumb"},"inLanguage":"es","potentialAction":[{"@type":"ReadAction","target":["https:\/\/www.ull.es\/portal\/noticias\/2019\/el-alumno-del-master-de-ingenieria-industrial-pedro-lopez-agraciado-con-un-viaje-a-japon-por-el-programa-mirai\/"]}]},{"@type":"BreadcrumbList","@id":"https:\/\/www.ull.es\/portal\/noticias\/2019\/el-alumno-del-master-de-ingenieria-industrial-pedro-lopez-agraciado-con-un-viaje-a-japon-por-el-programa-mirai\/#breadcrumb","itemListElement":[{"@type":"ListItem","position":1,"name":"Portada","item":"https:\/\/www.ull.es\/portal\/noticias\/"},{"@type":"ListItem","position":2,"name":"El alumno del M\u00e1ster de Ingenier\u00eda Industrial Justo L\u00f3pez, agraciado con un viaje a Jap\u00f3n por el programa Mirai"}]},{"@type":"WebSite","@id":"https:\/\/www.ull.es\/portal\/noticias\/#website","url":"https:\/\/www.ull.es\/portal\/noticias\/","name":"ULL - Noticias","description":"","potentialAction":[{"@type":"SearchAction","target":{"@type":"EntryPoint","urlTemplate":"https:\/\/www.ull.es\/portal\/noticias\/?s={search_term_string}"},"query-input":"required name=search_term_string"}],"inLanguage":"es"},{"@type":"Person","@id":"https:\/\/www.ull.es\/portal\/noticias\/#\/schema\/person\/b2b1a89d43ffa609e591f7df8ef3e817","name":"gaprsa","image":{"@type":"ImageObject","inLanguage":"es","@id":"https:\/\/www.ull.es\/portal\/noticias\/#\/schema\/person\/image\/","url":"https:\/\/secure.gravatar.com\/avatar\/443820550921091458b4823867723b3d?s=96&d=mm&r=g","contentUrl":"https:\/\/secure.gravatar.com\/avatar\/443820550921091458b4823867723b3d?s=96&d=mm&r=g","caption":"gaprsa"},"url":"https:\/\/www.ull.es\/portal\/noticias\/author\/gaprsa\/"}]}},"primary_category":{"id":345,"name":"Destacado","slug":"destacado","link":"https:\/\/www.ull.es\/portal\/noticias\/category\/destacado\/"},"featured_image_thumbnail_url":"https:\/\/www.ull.es\/portal\/noticias\/wp-content\/uploads\/sites\/13\/2019\/01\/Foto-viaje-a-Jap\u00f3n-300x200.jpg","_links":{"self":[{"href":"https:\/\/www.ull.es\/portal\/noticias\/wp-json\/wp\/v2\/posts\/41699"}],"collection":[{"href":"https:\/\/www.ull.es\/portal\/noticias\/wp-json\/wp\/v2\/posts"}],"about":[{"href":"https:\/\/www.ull.es\/portal\/noticias\/wp-json\/wp\/v2\/types\/post"}],"author":[{"embeddable":true,"href":"https:\/\/www.ull.es\/portal\/noticias\/wp-json\/wp\/v2\/users\/23"}],"replies":[{"embeddable":true,"href":"https:\/\/www.ull.es\/portal\/noticias\/wp-json\/wp\/v2\/comments?post=41699"}],"version-history":[{"count":4,"href":"https:\/\/www.ull.es\/portal\/noticias\/wp-json\/wp\/v2\/posts\/41699\/revisions"}],"predecessor-version":[{"id":41704,"href":"https:\/\/www.ull.es\/portal\/noticias\/wp-json\/wp\/v2\/posts\/41699\/revisions\/41704"}],"wp:featuredmedia":[{"embeddable":true,"href":"https:\/\/www.ull.es\/portal\/noticias\/wp-json\/wp\/v2\/media\/41701"}],"wp:attachment":[{"href":"https:\/\/www.ull.es\/portal\/noticias\/wp-json\/wp\/v2\/media?parent=41699"}],"wp:term":[{"taxonomy":"category","embeddable":true,"href":"https:\/\/www.ull.es\/portal\/noticias\/wp-json\/wp\/v2\/categories?post=41699"},{"taxonomy":"post_tag","embeddable":true,"href":"https:\/\/www.ull.es\/portal\/noticias\/wp-json\/wp\/v2\/tags?post=41699"}],"curies":[{"name":"wp","href":"https:\/\/api.w.org\/{rel}","templated":true}]}}