{"id":41733,"date":"2019-01-18T14:54:16","date_gmt":"2019-01-18T14:54:16","guid":{"rendered":"https:\/\/www.ull.es\/portal\/noticias\/?p=41733"},"modified":"2019-01-21T09:06:54","modified_gmt":"2019-01-21T09:06:54","slug":"olimpiada-matematica-espanola-ull","status":"publish","type":"post","link":"https:\/\/www.ull.es\/portal\/noticias\/2019\/olimpiada-matematica-espanola-ull\/","title":{"rendered":"La ULL acoge la 55\u00aa edici\u00f3n de la fase local de la Olimpiada Matem\u00e1tica Espa\u00f1ola"},"content":{"rendered":"<p>La quincuag\u00e9sima quinta edici\u00f3n de la fase local de la Olimpiada Matem\u00e1tica Espa\u00f1ola se ha celebrado hoy, viernes 18 de enero, en el edificio de las secciones de Matem\u00e1ticas y F\u00edsica de la Facultad de Ciencias de la Universidad de La Laguna. Concretamente, se desarroll\u00f3 la prueba correspondiente al distrito universitario de La Laguna, en la cual han participado 36 estudiantes de una docena de centros de Secundaria de la provincia de Santa Cruz de Tenerife.<\/p>\n<p>La prueba consisti\u00f3 en la resoluci\u00f3n de seis problemas y estuvo dirigida a alumnado matriculado actualmente en Bachillerato y, excepcionalmente, en tercer y cuarto curso de Educaci\u00f3n Secundaria Obligatoria, si ha sido avalado por su profesorado y destaque por sus capacidades.<\/p>\n<p>De esta prueba saldr\u00e1 parte del equipo de tres estudiantes que representar\u00e1n a la Comunidad Aut\u00f3noma de Canarias en la fase final de la LV Olimpiada Matem\u00e1tica Espa\u00f1ola, que se celebrar\u00e1 en Orense entre el 21 y el 24 de marzo de 2019. El alumnado ganador de esta fase nacional formar\u00e1 parte del equipo que este mes de julio represente a Espa\u00f1a en la LX Olimpiada Matem\u00e1tica Internacional, cuya sede ser\u00e1 la ciudad brit\u00e1nica de Bath.<\/p>\n<p>Asimismo, la Comisi\u00f3n de Olimpiadas de la Real Sociedad Matem\u00e1tica Espa\u00f1ola decidir\u00e1 la composici\u00f3n del equipo que participe en septiembre en la XXXIV Olimpiada Iberoamericana de Matem\u00e1ticas, que tendr\u00e1 lugar en Guanajato (M\u00e9xico). Adicionalmente, las alumnas mejor clasificadas en las fases locales, hasta un m\u00e1ximo de quince, podr\u00e1n participar en la prueba de selecci\u00f3n del equipo espa\u00f1ol que representar\u00e1 a Espa\u00f1a en la Olimpiada Femenina Europea (EGMO), que se celebrar\u00e1 en Kiev (Ucrania) en abril de 2019.<\/p>\n<p><strong>Semana Matem\u00e1tica<\/strong><\/p>\n<p><a href=\"https:\/\/www.ull.es\/portal\/noticias\/wp-content\/uploads\/sites\/13\/2019\/01\/semana-matematica-2019.jpg\" target=\"_blank\" rel=\"noopener\" target=\"_blank\" rel=\"noopener\"><img decoding=\"async\" loading=\"lazy\" class=\"alignleft wp-image-41735 size-medium\" src=\"https:\/\/www.ull.es\/portal\/noticias\/wp-content\/uploads\/sites\/13\/2019\/01\/semana-matematica-2019-212x300.jpg\" alt=\"\" width=\"212\" height=\"300\" srcset=\"https:\/\/www.ull.es\/portal\/noticias\/wp-content\/uploads\/sites\/13\/2019\/01\/semana-matematica-2019-212x300.jpg 212w, https:\/\/www.ull.es\/portal\/noticias\/wp-content\/uploads\/sites\/13\/2019\/01\/semana-matematica-2019-768x1086.jpg 768w, https:\/\/www.ull.es\/portal\/noticias\/wp-content\/uploads\/sites\/13\/2019\/01\/semana-matematica-2019-724x1024.jpg 724w, https:\/\/www.ull.es\/portal\/noticias\/wp-content\/uploads\/sites\/13\/2019\/01\/semana-matematica-2019-375x530.jpg 375w, https:\/\/www.ull.es\/portal\/noticias\/wp-content\/uploads\/sites\/13\/2019\/01\/semana-matematica-2019-750x1060.jpg 750w, https:\/\/www.ull.es\/portal\/noticias\/wp-content\/uploads\/sites\/13\/2019\/01\/semana-matematica-2019.jpg 849w\" sizes=\"(max-width: 212px) 100vw, 212px\" \/><\/a><\/p>\n<p>La Secci\u00f3n de Matem\u00e1ticas acoger\u00e1 la pr\u00f3xima semana, entre el lunes 21 y el viernes 25 de enero, su ya tradicional semana divulgativa dirigida a alumnado de Secundaria (3\u00ba y 4\u00ba) y Bachillerato (1\u00ba y 2\u00ba), que cada d\u00eda entre las 9:30 y las 13:40 podr\u00e1 acceder a dos talleres programados y a una novedosa actividad: una Escape Room Matem\u00e1tica.<\/p>\n<p>En Cada jornada se recibir\u00e1 la visita de 90 escolares, aproximadamente, de dos centros diferentes. Por razones organizativas, ser\u00e1 necesario dividir a los asistentes en tres grupos de 30 y simultanear tanto los talleres como la Escape Room.<\/p>\n<p>Los talleres que se impartir\u00e1n en esta edici\u00f3n son \u201cN\u00fameros y numerolog\u00eda, lo serio y lo menos serio\u201d, por Luis Balbuena Castellano; \u201cFigura entre las figuras\u201d, por el mismo ponente; \u201cNo todo es lo que parece\u201d, por Bego\u00f1a Barrios; \u201cJugando a adivinar n\u00fameros\u201d, por Ruym\u00e1n Cruz; \u201cDesde China con amor: aprendemos matem\u00e1ticas con el tangram\u201d (Ana Rosa D\u00edaz); \u201cExplorando las superficies\u201d (Francisco Javier D\u00edaz); \u201cEl juego de la ELE\u201d (Manuel Garc\u00eda); \u201cGanar, ganar y volver a ganar\u201d (Ignacio Garc\u00eda); \u201cMatemagia\u201d (Jos\u00e9 Conrado Gonz\u00e1lez); \u201cC\u00f3nicas \u00bfc\u00f3mo y para qu\u00e9?\u201d (Mar\u00eda Guti\u00e9rrez y Cristina Vaquero); \u201cEstrategias para aprender\u201d (Tiffany L\u00f3pez); \u201cMe gustan las matem\u00e1ticas y, \u00bfa ti?\u201d (Jos\u00e9 Domingo L\u00f3pez); \u201cHilando al infinito\u201d (Judit Mendoza); \u201c\u00bfSirven para algo las Matem\u00e1ticas?\u201d (Clara Rodr\u00edguez); \u201cFractales al viento\u201d (M\u00aa Esther Rodr\u00edguez); y \u201cLos laberintos en la vida y en las matem\u00e1ticas\u201d (Jos\u00e9 Antonio Rup\u00e9rez).<\/p>\n<p>En cuanto a la Escape Room, se trata de una actividad dise\u00f1ada para 15 estudiantes, que tendr\u00e1n 40 minutos para resolver una serie de acertijos matem\u00e1ticos encadenados que les dar\u00e1n como resultado una clave que habr\u00e1n de introducir en una tableta para abrir la puerta. Obviamente, por motivos de seguridad, los estudiantes nunca llegar\u00e1n a estar realmente encerrados, se trata de una simulaci\u00f3n que forma parte del juego.<\/p>\n<p>La Semana Matem\u00e1tica est\u00e1 organizada por el grupo de divulgaci\u00f3n Matdivull, que coordina la profesora del centro Edih Padr\u00f3n, y cuenta con la participaci\u00f3n de quince docentes de Matem\u00e1ticas de la Universidad de La Laguna, as\u00ed como algunos colaboradores externos. Entre sus actividades se cuentan la organizaci\u00f3n de talleres, el montaje de exposiciones, la impartici\u00f3n de conferencias y la participaci\u00f3n en ferias, fiestas locales y patronales, siempre en estrecha colaboraci\u00f3n con los centros educativos de niveles inferiores, los cuales pueden contactar con el grupo para solicitar la participaci\u00f3n es su actividades a trav\u00e9s del correo electr\u00f3nico mepadron@ull.es.<\/p>\n","protected":false},"excerpt":{"rendered":"<p>La quincuag\u00e9sima quinta edici\u00f3n de la fase local de la Olimpiada Matem\u00e1tica Espa\u00f1ola se ha celebrado hoy, viernes 18 de&#8230;<\/p>\n","protected":false},"author":21,"featured_media":41734,"comment_status":"closed","ping_status":"closed","sticky":false,"template":"","format":"standard","meta":{"inline_featured_image":false,"footnotes":""},"categories":[3785,345,3924,348,2765],"tags":[1049,1215,2008,2364],"acf":[],"yoast_head":"<!-- This site is optimized with the Yoast SEO plugin v21.3 - https:\/\/yoast.com\/wordpress\/plugins\/seo\/ -->\n<title>La ULL acoge la 55\u00aa fase local de la Olimpiada Matem\u00e1tica Espa\u00f1ola<\/title>\n<meta name=\"description\" content=\"La 55\u00aa edici\u00f3n de la fase local de la Olimpiada Matem\u00e1tica Espa\u00f1ola se celebr\u00f3 el viernes 18 de enero, en el edificio de las secciones de Matem\u00e1ticas y F\u00edsica de la Facultad de Ciencias de la ULL. Adem\u00e1s, el mismo centro acoger\u00e1 entre el 21 y el 25 de enero una nueva edici\u00f3n de la Semana Matem\u00e1tica.\" \/>\n<meta name=\"robots\" content=\"index, follow, max-snippet:-1, max-image-preview:large, max-video-preview:-1\" \/>\n<link rel=\"canonical\" href=\"https:\/\/www.ull.es\/portal\/noticias\/2019\/olimpiada-matematica-espanola-ull\/\" \/>\n<meta property=\"og:locale\" content=\"es_ES\" \/>\n<meta property=\"og:type\" content=\"article\" \/>\n<meta property=\"og:title\" content=\"La ULL acoge la 55\u00aa fase local de la Olimpiada Matem\u00e1tica Espa\u00f1ola\" \/>\n<meta property=\"og:description\" content=\"La 55\u00aa edici\u00f3n de la fase local de la Olimpiada Matem\u00e1tica Espa\u00f1ola se celebr\u00f3 el viernes 18 de enero, en el edificio de las secciones de Matem\u00e1ticas y F\u00edsica de la Facultad de Ciencias de la ULL. Adem\u00e1s, el mismo centro acoger\u00e1 entre el 21 y el 25 de enero una nueva edici\u00f3n de la Semana Matem\u00e1tica.\" \/>\n<meta property=\"og:url\" content=\"https:\/\/www.ull.es\/portal\/noticias\/2019\/olimpiada-matematica-espanola-ull\/\" \/>\n<meta property=\"og:site_name\" content=\"ULL - Noticias\" \/>\n<meta property=\"article:publisher\" content=\"https:\/\/www.facebook.com\/universidaddelalaguna\/\" \/>\n<meta property=\"article:published_time\" content=\"2019-01-18T14:54:16+00:00\" \/>\n<meta property=\"article:modified_time\" content=\"2019-01-21T09:06:54+00:00\" \/>\n<meta property=\"og:image\" content=\"https:\/\/www.ull.es\/portal\/noticias\/wp-content\/uploads\/sites\/13\/2019\/01\/olimpiada-matematica-ull.jpg\" \/>\n\t<meta property=\"og:image:width\" content=\"1200\" \/>\n\t<meta property=\"og:image:height\" content=\"800\" \/>\n\t<meta property=\"og:image:type\" content=\"image\/jpeg\" \/>\n<meta name=\"author\" content=\"prensa2\" \/>\n<meta name=\"twitter:card\" content=\"summary_large_image\" \/>\n<meta name=\"twitter:creator\" content=\"@CanalULL\" \/>\n<meta name=\"twitter:site\" content=\"@CanalULL\" \/>\n<meta name=\"twitter:label1\" content=\"Escrito por\" \/>\n\t<meta name=\"twitter:data1\" content=\"prensa2\" \/>\n\t<meta name=\"twitter:label2\" content=\"Tiempo de lectura\" \/>\n\t<meta name=\"twitter:data2\" content=\"4 minutos\" \/>\n<script type=\"application\/ld+json\" class=\"yoast-schema-graph\">{\"@context\":\"https:\/\/schema.org\",\"@graph\":[{\"@type\":\"WebPage\",\"@id\":\"https:\/\/www.ull.es\/portal\/noticias\/2019\/olimpiada-matematica-espanola-ull\/\",\"url\":\"https:\/\/www.ull.es\/portal\/noticias\/2019\/olimpiada-matematica-espanola-ull\/\",\"name\":\"La ULL acoge la 55\u00aa fase local de la Olimpiada Matem\u00e1tica Espa\u00f1ola\",\"isPartOf\":{\"@id\":\"https:\/\/www.ull.es\/portal\/noticias\/#website\"},\"datePublished\":\"2019-01-18T14:54:16+00:00\",\"dateModified\":\"2019-01-21T09:06:54+00:00\",\"author\":{\"@id\":\"https:\/\/www.ull.es\/portal\/noticias\/#\/schema\/person\/c3b2aa857797592927a03740d6664376\"},\"description\":\"La 55\u00aa edici\u00f3n de la fase local de la Olimpiada Matem\u00e1tica Espa\u00f1ola se celebr\u00f3 el viernes 18 de enero, en el edificio de las secciones de Matem\u00e1ticas y F\u00edsica de la Facultad de Ciencias de la ULL. Adem\u00e1s, el mismo centro acoger\u00e1 entre el 21 y el 25 de enero una nueva edici\u00f3n de la Semana Matem\u00e1tica.\",\"breadcrumb\":{\"@id\":\"https:\/\/www.ull.es\/portal\/noticias\/2019\/olimpiada-matematica-espanola-ull\/#breadcrumb\"},\"inLanguage\":\"es\",\"potentialAction\":[{\"@type\":\"ReadAction\",\"target\":[\"https:\/\/www.ull.es\/portal\/noticias\/2019\/olimpiada-matematica-espanola-ull\/\"]}]},{\"@type\":\"BreadcrumbList\",\"@id\":\"https:\/\/www.ull.es\/portal\/noticias\/2019\/olimpiada-matematica-espanola-ull\/#breadcrumb\",\"itemListElement\":[{\"@type\":\"ListItem\",\"position\":1,\"name\":\"Portada\",\"item\":\"https:\/\/www.ull.es\/portal\/noticias\/\"},{\"@type\":\"ListItem\",\"position\":2,\"name\":\"La ULL acoge la 55\u00aa edici\u00f3n de la fase local de la Olimpiada Matem\u00e1tica Espa\u00f1ola\"}]},{\"@type\":\"WebSite\",\"@id\":\"https:\/\/www.ull.es\/portal\/noticias\/#website\",\"url\":\"https:\/\/www.ull.es\/portal\/noticias\/\",\"name\":\"ULL - Noticias\",\"description\":\"\",\"potentialAction\":[{\"@type\":\"SearchAction\",\"target\":{\"@type\":\"EntryPoint\",\"urlTemplate\":\"https:\/\/www.ull.es\/portal\/noticias\/?s={search_term_string}\"},\"query-input\":\"required name=search_term_string\"}],\"inLanguage\":\"es\"},{\"@type\":\"Person\",\"@id\":\"https:\/\/www.ull.es\/portal\/noticias\/#\/schema\/person\/c3b2aa857797592927a03740d6664376\",\"name\":\"prensa2\",\"image\":{\"@type\":\"ImageObject\",\"inLanguage\":\"es\",\"@id\":\"https:\/\/www.ull.es\/portal\/noticias\/#\/schema\/person\/image\/\",\"url\":\"https:\/\/secure.gravatar.com\/avatar\/b58f310a5de5feb33d1e026d2493f23c?s=96&d=mm&r=g\",\"contentUrl\":\"https:\/\/secure.gravatar.com\/avatar\/b58f310a5de5feb33d1e026d2493f23c?s=96&d=mm&r=g\",\"caption\":\"prensa2\"},\"url\":\"https:\/\/www.ull.es\/portal\/noticias\/author\/prensa2\/\"}]}<\/script>\n<!-- \/ Yoast SEO plugin. -->","yoast_head_json":{"title":"La ULL acoge la 55\u00aa fase local de la Olimpiada Matem\u00e1tica Espa\u00f1ola","description":"La 55\u00aa edici\u00f3n de la fase local de la Olimpiada Matem\u00e1tica Espa\u00f1ola se celebr\u00f3 el viernes 18 de enero, en el edificio de las secciones de Matem\u00e1ticas y F\u00edsica de la Facultad de Ciencias de la ULL. Adem\u00e1s, el mismo centro acoger\u00e1 entre el 21 y el 25 de enero una nueva edici\u00f3n de la Semana Matem\u00e1tica.","robots":{"index":"index","follow":"follow","max-snippet":"max-snippet:-1","max-image-preview":"max-image-preview:large","max-video-preview":"max-video-preview:-1"},"canonical":"https:\/\/www.ull.es\/portal\/noticias\/2019\/olimpiada-matematica-espanola-ull\/","og_locale":"es_ES","og_type":"article","og_title":"La ULL acoge la 55\u00aa fase local de la Olimpiada Matem\u00e1tica Espa\u00f1ola","og_description":"La 55\u00aa edici\u00f3n de la fase local de la Olimpiada Matem\u00e1tica Espa\u00f1ola se celebr\u00f3 el viernes 18 de enero, en el edificio de las secciones de Matem\u00e1ticas y F\u00edsica de la Facultad de Ciencias de la ULL. Adem\u00e1s, el mismo centro acoger\u00e1 entre el 21 y el 25 de enero una nueva edici\u00f3n de la Semana Matem\u00e1tica.","og_url":"https:\/\/www.ull.es\/portal\/noticias\/2019\/olimpiada-matematica-espanola-ull\/","og_site_name":"ULL - Noticias","article_publisher":"https:\/\/www.facebook.com\/universidaddelalaguna\/","article_published_time":"2019-01-18T14:54:16+00:00","article_modified_time":"2019-01-21T09:06:54+00:00","og_image":[{"width":1200,"height":800,"url":"https:\/\/www.ull.es\/portal\/noticias\/wp-content\/uploads\/sites\/13\/2019\/01\/olimpiada-matematica-ull.jpg","type":"image\/jpeg"}],"author":"prensa2","twitter_card":"summary_large_image","twitter_creator":"@CanalULL","twitter_site":"@CanalULL","twitter_misc":{"Escrito por":"prensa2","Tiempo de lectura":"4 minutos"},"schema":{"@context":"https:\/\/schema.org","@graph":[{"@type":"WebPage","@id":"https:\/\/www.ull.es\/portal\/noticias\/2019\/olimpiada-matematica-espanola-ull\/","url":"https:\/\/www.ull.es\/portal\/noticias\/2019\/olimpiada-matematica-espanola-ull\/","name":"La ULL acoge la 55\u00aa fase local de la Olimpiada Matem\u00e1tica Espa\u00f1ola","isPartOf":{"@id":"https:\/\/www.ull.es\/portal\/noticias\/#website"},"datePublished":"2019-01-18T14:54:16+00:00","dateModified":"2019-01-21T09:06:54+00:00","author":{"@id":"https:\/\/www.ull.es\/portal\/noticias\/#\/schema\/person\/c3b2aa857797592927a03740d6664376"},"description":"La 55\u00aa edici\u00f3n de la fase local de la Olimpiada Matem\u00e1tica Espa\u00f1ola se celebr\u00f3 el viernes 18 de enero, en el edificio de las secciones de Matem\u00e1ticas y F\u00edsica de la Facultad de Ciencias de la ULL. Adem\u00e1s, el mismo centro acoger\u00e1 entre el 21 y el 25 de enero una nueva edici\u00f3n de la Semana Matem\u00e1tica.","breadcrumb":{"@id":"https:\/\/www.ull.es\/portal\/noticias\/2019\/olimpiada-matematica-espanola-ull\/#breadcrumb"},"inLanguage":"es","potentialAction":[{"@type":"ReadAction","target":["https:\/\/www.ull.es\/portal\/noticias\/2019\/olimpiada-matematica-espanola-ull\/"]}]},{"@type":"BreadcrumbList","@id":"https:\/\/www.ull.es\/portal\/noticias\/2019\/olimpiada-matematica-espanola-ull\/#breadcrumb","itemListElement":[{"@type":"ListItem","position":1,"name":"Portada","item":"https:\/\/www.ull.es\/portal\/noticias\/"},{"@type":"ListItem","position":2,"name":"La ULL acoge la 55\u00aa edici\u00f3n de la fase local de la Olimpiada Matem\u00e1tica Espa\u00f1ola"}]},{"@type":"WebSite","@id":"https:\/\/www.ull.es\/portal\/noticias\/#website","url":"https:\/\/www.ull.es\/portal\/noticias\/","name":"ULL - Noticias","description":"","potentialAction":[{"@type":"SearchAction","target":{"@type":"EntryPoint","urlTemplate":"https:\/\/www.ull.es\/portal\/noticias\/?s={search_term_string}"},"query-input":"required name=search_term_string"}],"inLanguage":"es"},{"@type":"Person","@id":"https:\/\/www.ull.es\/portal\/noticias\/#\/schema\/person\/c3b2aa857797592927a03740d6664376","name":"prensa2","image":{"@type":"ImageObject","inLanguage":"es","@id":"https:\/\/www.ull.es\/portal\/noticias\/#\/schema\/person\/image\/","url":"https:\/\/secure.gravatar.com\/avatar\/b58f310a5de5feb33d1e026d2493f23c?s=96&d=mm&r=g","contentUrl":"https:\/\/secure.gravatar.com\/avatar\/b58f310a5de5feb33d1e026d2493f23c?s=96&d=mm&r=g","caption":"prensa2"},"url":"https:\/\/www.ull.es\/portal\/noticias\/author\/prensa2\/"}]}},"primary_category":{"id":345,"name":"Destacado","slug":"destacado","link":"https:\/\/www.ull.es\/portal\/noticias\/category\/destacado\/"},"featured_image_thumbnail_url":"https:\/\/www.ull.es\/portal\/noticias\/wp-content\/uploads\/sites\/13\/2019\/01\/olimpiada-matematica-ull-300x200.jpg","_links":{"self":[{"href":"https:\/\/www.ull.es\/portal\/noticias\/wp-json\/wp\/v2\/posts\/41733"}],"collection":[{"href":"https:\/\/www.ull.es\/portal\/noticias\/wp-json\/wp\/v2\/posts"}],"about":[{"href":"https:\/\/www.ull.es\/portal\/noticias\/wp-json\/wp\/v2\/types\/post"}],"author":[{"embeddable":true,"href":"https:\/\/www.ull.es\/portal\/noticias\/wp-json\/wp\/v2\/users\/21"}],"replies":[{"embeddable":true,"href":"https:\/\/www.ull.es\/portal\/noticias\/wp-json\/wp\/v2\/comments?post=41733"}],"version-history":[{"count":2,"href":"https:\/\/www.ull.es\/portal\/noticias\/wp-json\/wp\/v2\/posts\/41733\/revisions"}],"predecessor-version":[{"id":41741,"href":"https:\/\/www.ull.es\/portal\/noticias\/wp-json\/wp\/v2\/posts\/41733\/revisions\/41741"}],"wp:featuredmedia":[{"embeddable":true,"href":"https:\/\/www.ull.es\/portal\/noticias\/wp-json\/wp\/v2\/media\/41734"}],"wp:attachment":[{"href":"https:\/\/www.ull.es\/portal\/noticias\/wp-json\/wp\/v2\/media?parent=41733"}],"wp:term":[{"taxonomy":"category","embeddable":true,"href":"https:\/\/www.ull.es\/portal\/noticias\/wp-json\/wp\/v2\/categories?post=41733"},{"taxonomy":"post_tag","embeddable":true,"href":"https:\/\/www.ull.es\/portal\/noticias\/wp-json\/wp\/v2\/tags?post=41733"}],"curies":[{"name":"wp","href":"https:\/\/api.w.org\/{rel}","templated":true}]}}