{"id":41792,"date":"2019-01-23T12:10:45","date_gmt":"2019-01-23T12:10:45","guid":{"rendered":"https:\/\/www.ull.es\/portal\/noticias\/?p=41792"},"modified":"2019-09-23T10:42:33","modified_gmt":"2019-09-23T10:42:33","slug":"premio-miriadax-curso-mooc-ull","status":"publish","type":"post","link":"https:\/\/www.ull.es\/portal\/noticias\/2019\/premio-miriadax-curso-mooc-ull\/","title":{"rendered":"Un curso MOOC de la ULL obtiene el segundo premio a la innovaci\u00f3n educativa de la plataforma Mir\u00edadax"},"content":{"rendered":"<p><a href=\"https:\/\/www.ull.es\/portal\/noticias\/wp-content\/uploads\/sites\/13\/2019\/01\/premio-miriadax-g.jpg\" target=\"_blank\" rel=\"noopener noreferrer\" target=\"_blank\" rel=\"noopener\"><img decoding=\"async\" loading=\"lazy\" class=\"wp-image-41793 size-medium\" src=\"https:\/\/www.ull.es\/portal\/noticias\/wp-content\/uploads\/sites\/13\/2019\/01\/premio-miriadax-g-225x300.jpg\" alt=\"Acto de entrega a un curso MOOC de la ULL\" width=\"225\" height=\"300\" srcset=\"https:\/\/www.ull.es\/portal\/noticias\/wp-content\/uploads\/sites\/13\/2019\/01\/premio-miriadax-g-225x300.jpg 225w, https:\/\/www.ull.es\/portal\/noticias\/wp-content\/uploads\/sites\/13\/2019\/01\/premio-miriadax-g-375x500.jpg 375w, https:\/\/www.ull.es\/portal\/noticias\/wp-content\/uploads\/sites\/13\/2019\/01\/premio-miriadax-g.jpg 480w\" sizes=\"(max-width: 225px) 100vw, 225px\" \/><\/a><br \/>\nEl director del curso, V\u00edctor Manuel Hern\u00e1ndez (i) y Carina Gonz\u00e1lez, de ULLMEDIA (d) en el acto de entrega de este premio.<\/p>\n<div>Foto: Mir\u00edadax<\/div>\n<p>El curso MOOC (Curso Online Masivo y Abierto) coordinado por la Universidad de La Laguna \u2018<a href=\"https:\/\/miriadax.net\/web\/tendencias-en-investigacion-educativa-y-social\/inicio?timestamp=\" target=\"_blank\" rel=\"noopener noreferrer\" target=\"_blank\" rel=\"noopener\">Tendencias en investigaci\u00f3n educativa y social\u2019<\/a>, ha obtenido el acc\u00e9sit en los III Premios Innovaci\u00f3n Educativa en MOOCs que concede <a href=\"https:\/\/miriadax.net\/home\" target=\"_blank\" rel=\"noopener noreferrer\" target=\"_blank\" rel=\"noopener\">Mir\u00edadax<\/a>, la plataforma especializada en este tipo de formaci\u00f3n digital m\u00e1s importante en Iberoam\u00e9rica, impulsada por Telef\u00f3nica Educaci\u00f3n Digital. Estos galardones, que cuentan con la colaboraci\u00f3n de la Secretar\u00eda General Iberoamericana (SEGIB), fueron entregados este pasado martes 22 de enero, en una ceremonia celebrada en Madrid.<\/p>\n<p>El curso de la Universidad de La Laguna ha sido el segundo m\u00e1s valorado, quedando solamente por detr\u00e1s del proyecto ganador, \u201cPot\u00e9nciate con redes sociales\u201d de la Universidad Rey Juan Carlos, y ha logrado destacar en una convocatoria muy competitiva a la que se presentaron 89 candidaturas de 44 universidades y 8 pa\u00edses diferentes. En la ceremonia tambi\u00e9n se entregaron dos menciones especiales y cuatro reconocimientos, adem\u00e1s de los dos galardones principales,<\/p>\n<p>El curso MOOC de la Universidad de La Laguna ha sido coordinado acad\u00e9micamente por el profesor del Departamento de Did\u00e1ctica e Investigaci\u00f3n Educativa y miembro del <a href=\"https:\/\/edullab.webs.ull.es\/wordpress\/\" target=\"_blank\" rel=\"noopener noreferrer\" target=\"_blank\" rel=\"noopener\">Laboratorio de Educaci\u00f3n y Nuevas Tecnolog\u00edas de La Universidad de La Laguna<\/a> (EDULLAB), V\u00edctor Manuel Hern\u00e1ndez, con el apoyo t\u00e9cnico del Servicio Audiovisual <a href=\"https:\/\/www.ull.es\/servicios\/ullmedia\/\" target=\"_blank\" rel=\"noopener noreferrer\" target=\"_blank\" rel=\"noopener\">ULLMEDIA<\/a>, responsable tambi\u00e9n de la producci\u00f3n del curso.<\/p>\n<p>Esta iniciativa formativa on-line ha tratado de ofrecer una panor\u00e1mica del proceso de investigaci\u00f3n educativa desde una perspectiva emergente, dirigida principalmente a estudiantes de posgrado y personal investigador con inter\u00e9s por indagar en la construcci\u00f3n del conocimiento educativo, los dise\u00f1os de investigaci\u00f3n emergente, las derivas en investigaci\u00f3n educativa y social y los modelos emergentes de an\u00e1lisis de la informaci\u00f3n en investigaci\u00f3n.<\/p>\n<p>Ha sido desarrollado por investigadores adscritos a la Red de Excelencia en Investigaci\u00f3n e Innovaci\u00f3n Educativa REUNI+D, conformada por diez grupos de distintas universidades espa\u00f1olas: Esbrina (Universidad de Barcelona), GITE-USAL (Universidad de Salamanca), Stellae (Universidad de Santiago de Compostela), GIETE (Universidad de Sevilla), INDUCT (Universidad Complutense de Madrid), Nodo Educativo (Universidad de Extremadura), ICUFOP (Universidad de Granada), Elkarrikertuz (Universidad del Pa\u00eds Vasco), Procie (Universidad de M\u00e1laga) y el propio EDULLAB de la Universidad de La Laguna.<\/p>\n<p>El curso se ha enmarcado en las l\u00edneas estrat\u00e9gicas establecidas por el Vicerrectorado de Docencia para el fomento del desarrollo, producci\u00f3n y publicaci\u00f3n de cursos en l\u00ednea masivos y abiertos, el desarrollo de contenidos did\u00e1cticos audiovisuales en abierto, la certificaci\u00f3n y el reconocimiento de la autor\u00eda de los materiales y del trabajo desarrollado por el equipo docente y la contribuci\u00f3n a la transferencia del conocimiento generado por la comunidad universitaria a la sociedad.<\/p>\n","protected":false},"excerpt":{"rendered":"<p>El director del curso, V\u00edctor Manuel Hern\u00e1ndez (i) y Carina Gonz\u00e1lez, de ULLMEDIA (d) en el acto de entrega de&#8230;<\/p>\n","protected":false},"author":21,"featured_media":41794,"comment_status":"closed","ping_status":"closed","sticky":false,"template":"","format":"image","meta":{"inline_featured_image":false,"footnotes":""},"categories":[345,346,2765],"tags":[1100,3886,5274,1924,4984,2536,2609],"acf":[],"yoast_head":"<!-- This site is optimized with the Yoast SEO plugin v21.3 - https:\/\/yoast.com\/wordpress\/plugins\/seo\/ -->\n<title>Un MOOC de la ULL obtiene un premio a la innovaci\u00f3n educativa Mir\u00edadax<\/title>\n<meta name=\"description\" content=\"El curso MOOC (Curso Online Masivo y Abierto) coordinado por la ULL\u2018Tendencias en investigaci\u00f3n educativa y social\u2019, ha obtenido el acc\u00e9sit en los III Premios Innovaci\u00f3n Educativa en MOOCs que concede Mir\u00edadax, la plataforma especializada en este tipo de formaci\u00f3n digital m\u00e1s importante en Iberoam\u00e9rica.\" \/>\n<meta name=\"robots\" content=\"index, follow, max-snippet:-1, max-image-preview:large, max-video-preview:-1\" \/>\n<link rel=\"canonical\" href=\"https:\/\/www.ull.es\/portal\/noticias\/2019\/premio-miriadax-curso-mooc-ull\/\" \/>\n<meta property=\"og:locale\" content=\"es_ES\" \/>\n<meta property=\"og:type\" content=\"article\" \/>\n<meta property=\"og:title\" content=\"Un MOOC de la ULL obtiene un premio a la innovaci\u00f3n educativa Mir\u00edadax\" \/>\n<meta property=\"og:description\" content=\"El curso MOOC (Curso Online Masivo y Abierto) coordinado por la ULL\u2018Tendencias en investigaci\u00f3n educativa y social\u2019, ha obtenido el acc\u00e9sit en los III Premios Innovaci\u00f3n Educativa en MOOCs que concede Mir\u00edadax, la plataforma especializada en este tipo de formaci\u00f3n digital m\u00e1s importante en Iberoam\u00e9rica.\" \/>\n<meta property=\"og:url\" content=\"https:\/\/www.ull.es\/portal\/noticias\/2019\/premio-miriadax-curso-mooc-ull\/\" \/>\n<meta property=\"og:site_name\" content=\"ULL - Noticias\" \/>\n<meta property=\"article:publisher\" content=\"https:\/\/www.facebook.com\/universidaddelalaguna\/\" \/>\n<meta property=\"article:published_time\" content=\"2019-01-23T12:10:45+00:00\" \/>\n<meta property=\"article:modified_time\" content=\"2019-09-23T10:42:33+00:00\" \/>\n<meta property=\"og:image\" content=\"https:\/\/www.ull.es\/portal\/noticias\/wp-content\/uploads\/sites\/13\/2019\/01\/premio-miriadax-p.jpg\" \/>\n\t<meta property=\"og:image:width\" content=\"600\" \/>\n\t<meta property=\"og:image:height\" content=\"400\" \/>\n\t<meta property=\"og:image:type\" content=\"image\/jpeg\" \/>\n<meta name=\"author\" content=\"prensa2\" \/>\n<meta name=\"twitter:card\" content=\"summary_large_image\" \/>\n<meta name=\"twitter:creator\" content=\"@CanalULL\" \/>\n<meta name=\"twitter:site\" content=\"@CanalULL\" \/>\n<meta name=\"twitter:label1\" content=\"Escrito por\" \/>\n\t<meta name=\"twitter:data1\" content=\"prensa2\" \/>\n\t<meta name=\"twitter:label2\" content=\"Tiempo de lectura\" \/>\n\t<meta name=\"twitter:data2\" content=\"2 minutos\" \/>\n<script type=\"application\/ld+json\" class=\"yoast-schema-graph\">{\"@context\":\"https:\/\/schema.org\",\"@graph\":[{\"@type\":\"WebPage\",\"@id\":\"https:\/\/www.ull.es\/portal\/noticias\/2019\/premio-miriadax-curso-mooc-ull\/\",\"url\":\"https:\/\/www.ull.es\/portal\/noticias\/2019\/premio-miriadax-curso-mooc-ull\/\",\"name\":\"Un MOOC de la ULL obtiene un premio a la innovaci\u00f3n educativa Mir\u00edadax\",\"isPartOf\":{\"@id\":\"https:\/\/www.ull.es\/portal\/noticias\/#website\"},\"datePublished\":\"2019-01-23T12:10:45+00:00\",\"dateModified\":\"2019-09-23T10:42:33+00:00\",\"author\":{\"@id\":\"https:\/\/www.ull.es\/portal\/noticias\/#\/schema\/person\/c3b2aa857797592927a03740d6664376\"},\"description\":\"El curso MOOC (Curso Online Masivo y Abierto) coordinado por la ULL\u2018Tendencias en investigaci\u00f3n educativa y social\u2019, ha obtenido el acc\u00e9sit en los III Premios Innovaci\u00f3n Educativa en MOOCs que concede Mir\u00edadax, la plataforma especializada en este tipo de formaci\u00f3n digital m\u00e1s importante en Iberoam\u00e9rica.\",\"breadcrumb\":{\"@id\":\"https:\/\/www.ull.es\/portal\/noticias\/2019\/premio-miriadax-curso-mooc-ull\/#breadcrumb\"},\"inLanguage\":\"es\",\"potentialAction\":[{\"@type\":\"ReadAction\",\"target\":[\"https:\/\/www.ull.es\/portal\/noticias\/2019\/premio-miriadax-curso-mooc-ull\/\"]}]},{\"@type\":\"BreadcrumbList\",\"@id\":\"https:\/\/www.ull.es\/portal\/noticias\/2019\/premio-miriadax-curso-mooc-ull\/#breadcrumb\",\"itemListElement\":[{\"@type\":\"ListItem\",\"position\":1,\"name\":\"Portada\",\"item\":\"https:\/\/www.ull.es\/portal\/noticias\/\"},{\"@type\":\"ListItem\",\"position\":2,\"name\":\"Un curso MOOC de la ULL obtiene el segundo premio a la innovaci\u00f3n educativa de la plataforma Mir\u00edadax\"}]},{\"@type\":\"WebSite\",\"@id\":\"https:\/\/www.ull.es\/portal\/noticias\/#website\",\"url\":\"https:\/\/www.ull.es\/portal\/noticias\/\",\"name\":\"ULL - Noticias\",\"description\":\"\",\"potentialAction\":[{\"@type\":\"SearchAction\",\"target\":{\"@type\":\"EntryPoint\",\"urlTemplate\":\"https:\/\/www.ull.es\/portal\/noticias\/?s={search_term_string}\"},\"query-input\":\"required name=search_term_string\"}],\"inLanguage\":\"es\"},{\"@type\":\"Person\",\"@id\":\"https:\/\/www.ull.es\/portal\/noticias\/#\/schema\/person\/c3b2aa857797592927a03740d6664376\",\"name\":\"prensa2\",\"image\":{\"@type\":\"ImageObject\",\"inLanguage\":\"es\",\"@id\":\"https:\/\/www.ull.es\/portal\/noticias\/#\/schema\/person\/image\/\",\"url\":\"https:\/\/secure.gravatar.com\/avatar\/b58f310a5de5feb33d1e026d2493f23c?s=96&d=mm&r=g\",\"contentUrl\":\"https:\/\/secure.gravatar.com\/avatar\/b58f310a5de5feb33d1e026d2493f23c?s=96&d=mm&r=g\",\"caption\":\"prensa2\"},\"url\":\"https:\/\/www.ull.es\/portal\/noticias\/author\/prensa2\/\"}]}<\/script>\n<!-- \/ Yoast SEO plugin. -->","yoast_head_json":{"title":"Un MOOC de la ULL obtiene un premio a la innovaci\u00f3n educativa Mir\u00edadax","description":"El curso MOOC (Curso Online Masivo y Abierto) coordinado por la ULL\u2018Tendencias en investigaci\u00f3n educativa y social\u2019, ha obtenido el acc\u00e9sit en los III Premios Innovaci\u00f3n Educativa en MOOCs que concede Mir\u00edadax, la plataforma especializada en este tipo de formaci\u00f3n digital m\u00e1s importante en Iberoam\u00e9rica.","robots":{"index":"index","follow":"follow","max-snippet":"max-snippet:-1","max-image-preview":"max-image-preview:large","max-video-preview":"max-video-preview:-1"},"canonical":"https:\/\/www.ull.es\/portal\/noticias\/2019\/premio-miriadax-curso-mooc-ull\/","og_locale":"es_ES","og_type":"article","og_title":"Un MOOC de la ULL obtiene un premio a la innovaci\u00f3n educativa Mir\u00edadax","og_description":"El curso MOOC (Curso Online Masivo y Abierto) coordinado por la ULL\u2018Tendencias en investigaci\u00f3n educativa y social\u2019, ha obtenido el acc\u00e9sit en los III Premios Innovaci\u00f3n Educativa en MOOCs que concede Mir\u00edadax, la plataforma especializada en este tipo de formaci\u00f3n digital m\u00e1s importante en Iberoam\u00e9rica.","og_url":"https:\/\/www.ull.es\/portal\/noticias\/2019\/premio-miriadax-curso-mooc-ull\/","og_site_name":"ULL - Noticias","article_publisher":"https:\/\/www.facebook.com\/universidaddelalaguna\/","article_published_time":"2019-01-23T12:10:45+00:00","article_modified_time":"2019-09-23T10:42:33+00:00","og_image":[{"width":600,"height":400,"url":"https:\/\/www.ull.es\/portal\/noticias\/wp-content\/uploads\/sites\/13\/2019\/01\/premio-miriadax-p.jpg","type":"image\/jpeg"}],"author":"prensa2","twitter_card":"summary_large_image","twitter_creator":"@CanalULL","twitter_site":"@CanalULL","twitter_misc":{"Escrito por":"prensa2","Tiempo de lectura":"2 minutos"},"schema":{"@context":"https:\/\/schema.org","@graph":[{"@type":"WebPage","@id":"https:\/\/www.ull.es\/portal\/noticias\/2019\/premio-miriadax-curso-mooc-ull\/","url":"https:\/\/www.ull.es\/portal\/noticias\/2019\/premio-miriadax-curso-mooc-ull\/","name":"Un MOOC de la ULL obtiene un premio a la innovaci\u00f3n educativa Mir\u00edadax","isPartOf":{"@id":"https:\/\/www.ull.es\/portal\/noticias\/#website"},"datePublished":"2019-01-23T12:10:45+00:00","dateModified":"2019-09-23T10:42:33+00:00","author":{"@id":"https:\/\/www.ull.es\/portal\/noticias\/#\/schema\/person\/c3b2aa857797592927a03740d6664376"},"description":"El curso MOOC (Curso Online Masivo y Abierto) coordinado por la ULL\u2018Tendencias en investigaci\u00f3n educativa y social\u2019, ha obtenido el acc\u00e9sit en los III Premios Innovaci\u00f3n Educativa en MOOCs que concede Mir\u00edadax, la plataforma especializada en este tipo de formaci\u00f3n digital m\u00e1s importante en Iberoam\u00e9rica.","breadcrumb":{"@id":"https:\/\/www.ull.es\/portal\/noticias\/2019\/premio-miriadax-curso-mooc-ull\/#breadcrumb"},"inLanguage":"es","potentialAction":[{"@type":"ReadAction","target":["https:\/\/www.ull.es\/portal\/noticias\/2019\/premio-miriadax-curso-mooc-ull\/"]}]},{"@type":"BreadcrumbList","@id":"https:\/\/www.ull.es\/portal\/noticias\/2019\/premio-miriadax-curso-mooc-ull\/#breadcrumb","itemListElement":[{"@type":"ListItem","position":1,"name":"Portada","item":"https:\/\/www.ull.es\/portal\/noticias\/"},{"@type":"ListItem","position":2,"name":"Un curso MOOC de la ULL obtiene el segundo premio a la innovaci\u00f3n educativa de la plataforma Mir\u00edadax"}]},{"@type":"WebSite","@id":"https:\/\/www.ull.es\/portal\/noticias\/#website","url":"https:\/\/www.ull.es\/portal\/noticias\/","name":"ULL - Noticias","description":"","potentialAction":[{"@type":"SearchAction","target":{"@type":"EntryPoint","urlTemplate":"https:\/\/www.ull.es\/portal\/noticias\/?s={search_term_string}"},"query-input":"required name=search_term_string"}],"inLanguage":"es"},{"@type":"Person","@id":"https:\/\/www.ull.es\/portal\/noticias\/#\/schema\/person\/c3b2aa857797592927a03740d6664376","name":"prensa2","image":{"@type":"ImageObject","inLanguage":"es","@id":"https:\/\/www.ull.es\/portal\/noticias\/#\/schema\/person\/image\/","url":"https:\/\/secure.gravatar.com\/avatar\/b58f310a5de5feb33d1e026d2493f23c?s=96&d=mm&r=g","contentUrl":"https:\/\/secure.gravatar.com\/avatar\/b58f310a5de5feb33d1e026d2493f23c?s=96&d=mm&r=g","caption":"prensa2"},"url":"https:\/\/www.ull.es\/portal\/noticias\/author\/prensa2\/"}]}},"primary_category":{"id":345,"name":"Destacado","slug":"destacado","link":"https:\/\/www.ull.es\/portal\/noticias\/category\/destacado\/"},"featured_image_thumbnail_url":"https:\/\/www.ull.es\/portal\/noticias\/wp-content\/uploads\/sites\/13\/2019\/01\/premio-miriadax-p-300x200.jpg","_links":{"self":[{"href":"https:\/\/www.ull.es\/portal\/noticias\/wp-json\/wp\/v2\/posts\/41792"}],"collection":[{"href":"https:\/\/www.ull.es\/portal\/noticias\/wp-json\/wp\/v2\/posts"}],"about":[{"href":"https:\/\/www.ull.es\/portal\/noticias\/wp-json\/wp\/v2\/types\/post"}],"author":[{"embeddable":true,"href":"https:\/\/www.ull.es\/portal\/noticias\/wp-json\/wp\/v2\/users\/21"}],"replies":[{"embeddable":true,"href":"https:\/\/www.ull.es\/portal\/noticias\/wp-json\/wp\/v2\/comments?post=41792"}],"version-history":[{"count":5,"href":"https:\/\/www.ull.es\/portal\/noticias\/wp-json\/wp\/v2\/posts\/41792\/revisions"}],"predecessor-version":[{"id":46490,"href":"https:\/\/www.ull.es\/portal\/noticias\/wp-json\/wp\/v2\/posts\/41792\/revisions\/46490"}],"wp:featuredmedia":[{"embeddable":true,"href":"https:\/\/www.ull.es\/portal\/noticias\/wp-json\/wp\/v2\/media\/41794"}],"wp:attachment":[{"href":"https:\/\/www.ull.es\/portal\/noticias\/wp-json\/wp\/v2\/media?parent=41792"}],"wp:term":[{"taxonomy":"category","embeddable":true,"href":"https:\/\/www.ull.es\/portal\/noticias\/wp-json\/wp\/v2\/categories?post=41792"},{"taxonomy":"post_tag","embeddable":true,"href":"https:\/\/www.ull.es\/portal\/noticias\/wp-json\/wp\/v2\/tags?post=41792"}],"curies":[{"name":"wp","href":"https:\/\/api.w.org\/{rel}","templated":true}]}}