{"id":41823,"date":"2019-01-24T11:59:19","date_gmt":"2019-01-24T11:59:19","guid":{"rendered":"https:\/\/www.ull.es\/portal\/noticias\/?p=41823"},"modified":"2019-10-09T13:41:35","modified_gmt":"2019-10-09T13:41:35","slug":"investigadores-de-la-ull-e-iac-crean-la-imagen-mas-profunda-del-universo-tomada-desde-el-espacio","status":"publish","type":"post","link":"https:\/\/www.ull.es\/portal\/noticias\/2019\/investigadores-de-la-ull-e-iac-crean-la-imagen-mas-profunda-del-universo-tomada-desde-el-espacio\/","title":{"rendered":"Investigadores de la ULL e IAC crean la imagen m\u00e1s profunda del Universo tomada desde el espacio"},"content":{"rendered":"<p>Un trabajo de casi tres a\u00f1os, realizado por investigadores del Instituto de Astrof\u00edsica de Canarias y la Universidad de La Laguna, ha creado la imagen m\u00e1s profunda del Universo tomada desde el espacio, recuperando una enorme cantidad de luz alrededor de las galaxias m\u00e1s grandes del Campo Ultra Profundo del Hubble. Para ello, el equipo de investigadores de la Universidad de La Laguna y del Instituto de Astrof\u00edsica de Canarias, dirigido por el investigador\u00a0Alejandro S. Borlaff, utiliz\u00f3 las im\u00e1genes originales que el Telescopio Espacial Hubble hab\u00eda tomado en una regi\u00f3n llamada Hubble Ultra Deep Field (HUDF) o Campo Ultra Profundo del Hubble. Tras mejorar el proceso de combinaci\u00f3n de im\u00e1genes, el equipo recuper\u00f3 una enorme cantidad de luz de estrellas que se hab\u00eda perdido alrededor de las galaxias m\u00e1s grandes del HUDF. La luz generada por todas estas estrellas &#8216;perdidas&#8217; equivaldr\u00eda a haber recuperado una galaxia completa y, en algunos casos, significa que muchas galaxias tienen pr\u00e1cticamente el doble del tama\u00f1o que se pensaba.<\/p>\n<p>El HUDF es fruto de la combinaci\u00f3n de los cientos de im\u00e1genes tomadas con la Wide Field Camera 3 (WFC3) durante m\u00e1s de 230 horas que, en 2012, mostraron la imagen m\u00e1s profunda del Universo tomada hasta el momento. Entonces, el m\u00e9todo de combinaci\u00f3n de im\u00e1genes individuales no era el m\u00e1s adecuado para detectar objetos d\u00e9biles y extensos. Por ello, Borlaff explica: \u201cLo que hemos hecho es volver al archivo de im\u00e1genes originales, tal cual las observ\u00f3 el Telescopio Espacial Hubble, y mejorar el proceso de combinaci\u00f3n, tratando de preservar a la vez las galaxias lejanas y peque\u00f1as; y las regiones extendidas de las galaxias m\u00e1s grandes\u201d.<\/p>\n<p>La c\u00e1mara WFC3, con la que se tomaron los datos, fue instalada por astronautas en mayo de 2009, cuando el Hubble llevaba 19 a\u00f1os en el espacio. Esto ha supuesto un gran reto a los investigadores, porque el conjunto completo (c\u00e1mara + telescopio) nunca hab\u00eda sido probado en tierra, lo que dificultaba su calibraci\u00f3n. Para superarlo, analizaron varios miles de im\u00e1genes de distintas regiones del cielo, con el objetivo de mejorar la calibraci\u00f3n del telescopio en \u00f3rbita.<\/p>\n<p>La que actualmente es la imagen m\u00e1s profunda del Universo \u201cha sido posible gracias a la incre\u00edble mejora de las t\u00e9cnicas de procesamiento de im\u00e1genes que ha habido en los \u00faltimos a\u00f1os, un tema en el que el grupo en el que estamos trabajando en el IAC es muy puntero\u201d, concluye Borlaff.<\/p>\n<p>Todos los datos ser\u00e1n p\u00fablicamente accesibles para la comunidad cient\u00edfica a trav\u00e9s de la web del proyecto del IAC.<\/p>\n<p><strong>Art\u00edculo:<\/strong>\u00a0Alejandro Borlaff, Ignacio Trujillo, Javier Rom\u00e1n, John E. Beckman, M. Carmen Eliche-Moral, Ra\u00fal Infante-S\u00e1inz, Alejandro Lumbreras, Rodrigo Takuro Sato Mart\u00edn de Almagro, Carlos G\u00f3mez-Guijarro, Mar\u00eda Cebri\u00e1n, Antonio Dorta, Nicol\u00e1s Cardiel, Mohammad Akhlaghi, Cristina Mart\u00ednez-Lombilla. \u201cThe missing light of the Hubble Ultra Deep Field\u201d,\u00a0<em>Astronomy &amp; Astrophysics<\/em>. DOI:\u00a0<a title=\"DOI\" href=\"https:\/\/doi.org\/10.1051\/0004-6361\/201834312\" target=\"_blank\" rel=\"noopener\">https:\/\/doi.org\/10.1051\/0004-6361\/201834312<\/a><\/p>\n<p>ArXiv:\u00a0<a title=\"Luz perdida del HST\" href=\"https:\/\/arxiv.org\/pdf\/1810.00002.pdf\" target=\"_blank\" rel=\"noopener\">https:\/\/arxiv.org\/pdf\/1810.00002.pdf<\/a><\/p>\n<p>(Texto e imagen cedidos por el IAC).<\/p>\n","protected":false},"excerpt":{"rendered":"<p>Un trabajo de casi tres a\u00f1os, realizado por investigadores del Instituto de Astrof\u00edsica de Canarias y la Universidad de La&#8230;<\/p>\n","protected":false},"author":23,"featured_media":41825,"comment_status":"closed","ping_status":"closed","sticky":false,"template":"","format":"standard","meta":{"inline_featured_image":false,"footnotes":""},"categories":[3152,3785,345,350,2765],"tags":[561,5279,1454,5278],"acf":[],"yoast_head":"<!-- This site is optimized with the Yoast SEO plugin v21.3 - https:\/\/yoast.com\/wordpress\/plugins\/seo\/ -->\n<title>Investigadores de la ULL e IAC crean la imagen m\u00e1s profunda del Universo tomada desde el espacio - ULL - Noticias<\/title>\n<meta name=\"description\" content=\"Un trabajo de casi tres a\u00f1os, realizado por investigadores del Instituto de Astrof\u00edsica de Canarias y la Universidad de La Laguna, ha creado la imagen m\u00e1s profunda del Universo tomada desde el espacio, recuperando una enorme cantidad de luz alrededor de las galaxias m\u00e1s grandes del Campo Ultra Profundo del Hubble.\" \/>\n<meta name=\"robots\" content=\"index, follow, max-snippet:-1, max-image-preview:large, max-video-preview:-1\" \/>\n<link rel=\"canonical\" href=\"https:\/\/www.ull.es\/portal\/noticias\/2019\/investigadores-de-la-ull-e-iac-crean-la-imagen-mas-profunda-del-universo-tomada-desde-el-espacio\/\" \/>\n<meta property=\"og:locale\" content=\"es_ES\" \/>\n<meta property=\"og:type\" content=\"article\" \/>\n<meta property=\"og:title\" content=\"Investigadores de la ULL e IAC crean la imagen m\u00e1s profunda del Universo tomada desde el espacio - ULL - Noticias\" \/>\n<meta property=\"og:description\" content=\"Un trabajo de casi tres a\u00f1os, realizado por investigadores del Instituto de Astrof\u00edsica de Canarias y la Universidad de La Laguna, ha creado la imagen m\u00e1s profunda del Universo tomada desde el espacio, recuperando una enorme cantidad de luz alrededor de las galaxias m\u00e1s grandes del Campo Ultra Profundo del Hubble.\" \/>\n<meta property=\"og:url\" content=\"https:\/\/www.ull.es\/portal\/noticias\/2019\/investigadores-de-la-ull-e-iac-crean-la-imagen-mas-profunda-del-universo-tomada-desde-el-espacio\/\" \/>\n<meta property=\"og:site_name\" content=\"ULL - Noticias\" \/>\n<meta property=\"article:publisher\" content=\"https:\/\/www.facebook.com\/universidaddelalaguna\/\" \/>\n<meta property=\"article:published_time\" content=\"2019-01-24T11:59:19+00:00\" \/>\n<meta property=\"article:modified_time\" content=\"2019-10-09T13:41:35+00:00\" \/>\n<meta property=\"og:image\" content=\"https:\/\/www.ull.es\/portal\/noticias\/wp-content\/uploads\/sites\/13\/2019\/01\/universo.jpg\" \/>\n\t<meta property=\"og:image:width\" content=\"650\" \/>\n\t<meta property=\"og:image:height\" content=\"729\" \/>\n\t<meta property=\"og:image:type\" content=\"image\/jpeg\" \/>\n<meta name=\"author\" content=\"gaprsa\" \/>\n<meta name=\"twitter:card\" content=\"summary_large_image\" \/>\n<meta name=\"twitter:creator\" content=\"@CanalULL\" \/>\n<meta name=\"twitter:site\" content=\"@CanalULL\" \/>\n<meta name=\"twitter:label1\" content=\"Escrito por\" \/>\n\t<meta name=\"twitter:data1\" content=\"gaprsa\" \/>\n\t<meta name=\"twitter:label2\" content=\"Tiempo de lectura\" \/>\n\t<meta name=\"twitter:data2\" content=\"3 minutos\" \/>\n<script type=\"application\/ld+json\" class=\"yoast-schema-graph\">{\"@context\":\"https:\/\/schema.org\",\"@graph\":[{\"@type\":\"WebPage\",\"@id\":\"https:\/\/www.ull.es\/portal\/noticias\/2019\/investigadores-de-la-ull-e-iac-crean-la-imagen-mas-profunda-del-universo-tomada-desde-el-espacio\/\",\"url\":\"https:\/\/www.ull.es\/portal\/noticias\/2019\/investigadores-de-la-ull-e-iac-crean-la-imagen-mas-profunda-del-universo-tomada-desde-el-espacio\/\",\"name\":\"Investigadores de la ULL e IAC crean la imagen m\u00e1s profunda del Universo tomada desde el espacio - ULL - Noticias\",\"isPartOf\":{\"@id\":\"https:\/\/www.ull.es\/portal\/noticias\/#website\"},\"datePublished\":\"2019-01-24T11:59:19+00:00\",\"dateModified\":\"2019-10-09T13:41:35+00:00\",\"author\":{\"@id\":\"https:\/\/www.ull.es\/portal\/noticias\/#\/schema\/person\/b2b1a89d43ffa609e591f7df8ef3e817\"},\"description\":\"Un trabajo de casi tres a\u00f1os, realizado por investigadores del Instituto de Astrof\u00edsica de Canarias y la Universidad de La Laguna, ha creado la imagen m\u00e1s profunda del Universo tomada desde el espacio, recuperando una enorme cantidad de luz alrededor de las galaxias m\u00e1s grandes del Campo Ultra Profundo del Hubble.\",\"breadcrumb\":{\"@id\":\"https:\/\/www.ull.es\/portal\/noticias\/2019\/investigadores-de-la-ull-e-iac-crean-la-imagen-mas-profunda-del-universo-tomada-desde-el-espacio\/#breadcrumb\"},\"inLanguage\":\"es\",\"potentialAction\":[{\"@type\":\"ReadAction\",\"target\":[\"https:\/\/www.ull.es\/portal\/noticias\/2019\/investigadores-de-la-ull-e-iac-crean-la-imagen-mas-profunda-del-universo-tomada-desde-el-espacio\/\"]}]},{\"@type\":\"BreadcrumbList\",\"@id\":\"https:\/\/www.ull.es\/portal\/noticias\/2019\/investigadores-de-la-ull-e-iac-crean-la-imagen-mas-profunda-del-universo-tomada-desde-el-espacio\/#breadcrumb\",\"itemListElement\":[{\"@type\":\"ListItem\",\"position\":1,\"name\":\"Portada\",\"item\":\"https:\/\/www.ull.es\/portal\/noticias\/\"},{\"@type\":\"ListItem\",\"position\":2,\"name\":\"Investigadores de la ULL e IAC crean la imagen m\u00e1s profunda del Universo tomada desde el espacio\"}]},{\"@type\":\"WebSite\",\"@id\":\"https:\/\/www.ull.es\/portal\/noticias\/#website\",\"url\":\"https:\/\/www.ull.es\/portal\/noticias\/\",\"name\":\"ULL - Noticias\",\"description\":\"\",\"potentialAction\":[{\"@type\":\"SearchAction\",\"target\":{\"@type\":\"EntryPoint\",\"urlTemplate\":\"https:\/\/www.ull.es\/portal\/noticias\/?s={search_term_string}\"},\"query-input\":\"required name=search_term_string\"}],\"inLanguage\":\"es\"},{\"@type\":\"Person\",\"@id\":\"https:\/\/www.ull.es\/portal\/noticias\/#\/schema\/person\/b2b1a89d43ffa609e591f7df8ef3e817\",\"name\":\"gaprsa\",\"image\":{\"@type\":\"ImageObject\",\"inLanguage\":\"es\",\"@id\":\"https:\/\/www.ull.es\/portal\/noticias\/#\/schema\/person\/image\/\",\"url\":\"https:\/\/secure.gravatar.com\/avatar\/443820550921091458b4823867723b3d?s=96&d=mm&r=g\",\"contentUrl\":\"https:\/\/secure.gravatar.com\/avatar\/443820550921091458b4823867723b3d?s=96&d=mm&r=g\",\"caption\":\"gaprsa\"},\"url\":\"https:\/\/www.ull.es\/portal\/noticias\/author\/gaprsa\/\"}]}<\/script>\n<!-- \/ Yoast SEO plugin. -->","yoast_head_json":{"title":"Investigadores de la ULL e IAC crean la imagen m\u00e1s profunda del Universo tomada desde el espacio - ULL - Noticias","description":"Un trabajo de casi tres a\u00f1os, realizado por investigadores del Instituto de Astrof\u00edsica de Canarias y la Universidad de La Laguna, ha creado la imagen m\u00e1s profunda del Universo tomada desde el espacio, recuperando una enorme cantidad de luz alrededor de las galaxias m\u00e1s grandes del Campo Ultra Profundo del Hubble.","robots":{"index":"index","follow":"follow","max-snippet":"max-snippet:-1","max-image-preview":"max-image-preview:large","max-video-preview":"max-video-preview:-1"},"canonical":"https:\/\/www.ull.es\/portal\/noticias\/2019\/investigadores-de-la-ull-e-iac-crean-la-imagen-mas-profunda-del-universo-tomada-desde-el-espacio\/","og_locale":"es_ES","og_type":"article","og_title":"Investigadores de la ULL e IAC crean la imagen m\u00e1s profunda del Universo tomada desde el espacio - ULL - Noticias","og_description":"Un trabajo de casi tres a\u00f1os, realizado por investigadores del Instituto de Astrof\u00edsica de Canarias y la Universidad de La Laguna, ha creado la imagen m\u00e1s profunda del Universo tomada desde el espacio, recuperando una enorme cantidad de luz alrededor de las galaxias m\u00e1s grandes del Campo Ultra Profundo del Hubble.","og_url":"https:\/\/www.ull.es\/portal\/noticias\/2019\/investigadores-de-la-ull-e-iac-crean-la-imagen-mas-profunda-del-universo-tomada-desde-el-espacio\/","og_site_name":"ULL - Noticias","article_publisher":"https:\/\/www.facebook.com\/universidaddelalaguna\/","article_published_time":"2019-01-24T11:59:19+00:00","article_modified_time":"2019-10-09T13:41:35+00:00","og_image":[{"width":650,"height":729,"url":"https:\/\/www.ull.es\/portal\/noticias\/wp-content\/uploads\/sites\/13\/2019\/01\/universo.jpg","type":"image\/jpeg"}],"author":"gaprsa","twitter_card":"summary_large_image","twitter_creator":"@CanalULL","twitter_site":"@CanalULL","twitter_misc":{"Escrito por":"gaprsa","Tiempo de lectura":"3 minutos"},"schema":{"@context":"https:\/\/schema.org","@graph":[{"@type":"WebPage","@id":"https:\/\/www.ull.es\/portal\/noticias\/2019\/investigadores-de-la-ull-e-iac-crean-la-imagen-mas-profunda-del-universo-tomada-desde-el-espacio\/","url":"https:\/\/www.ull.es\/portal\/noticias\/2019\/investigadores-de-la-ull-e-iac-crean-la-imagen-mas-profunda-del-universo-tomada-desde-el-espacio\/","name":"Investigadores de la ULL e IAC crean la imagen m\u00e1s profunda del Universo tomada desde el espacio - ULL - Noticias","isPartOf":{"@id":"https:\/\/www.ull.es\/portal\/noticias\/#website"},"datePublished":"2019-01-24T11:59:19+00:00","dateModified":"2019-10-09T13:41:35+00:00","author":{"@id":"https:\/\/www.ull.es\/portal\/noticias\/#\/schema\/person\/b2b1a89d43ffa609e591f7df8ef3e817"},"description":"Un trabajo de casi tres a\u00f1os, realizado por investigadores del Instituto de Astrof\u00edsica de Canarias y la Universidad de La Laguna, ha creado la imagen m\u00e1s profunda del Universo tomada desde el espacio, recuperando una enorme cantidad de luz alrededor de las galaxias m\u00e1s grandes del Campo Ultra Profundo del Hubble.","breadcrumb":{"@id":"https:\/\/www.ull.es\/portal\/noticias\/2019\/investigadores-de-la-ull-e-iac-crean-la-imagen-mas-profunda-del-universo-tomada-desde-el-espacio\/#breadcrumb"},"inLanguage":"es","potentialAction":[{"@type":"ReadAction","target":["https:\/\/www.ull.es\/portal\/noticias\/2019\/investigadores-de-la-ull-e-iac-crean-la-imagen-mas-profunda-del-universo-tomada-desde-el-espacio\/"]}]},{"@type":"BreadcrumbList","@id":"https:\/\/www.ull.es\/portal\/noticias\/2019\/investigadores-de-la-ull-e-iac-crean-la-imagen-mas-profunda-del-universo-tomada-desde-el-espacio\/#breadcrumb","itemListElement":[{"@type":"ListItem","position":1,"name":"Portada","item":"https:\/\/www.ull.es\/portal\/noticias\/"},{"@type":"ListItem","position":2,"name":"Investigadores de la ULL e IAC crean la imagen m\u00e1s profunda del Universo tomada desde el espacio"}]},{"@type":"WebSite","@id":"https:\/\/www.ull.es\/portal\/noticias\/#website","url":"https:\/\/www.ull.es\/portal\/noticias\/","name":"ULL - Noticias","description":"","potentialAction":[{"@type":"SearchAction","target":{"@type":"EntryPoint","urlTemplate":"https:\/\/www.ull.es\/portal\/noticias\/?s={search_term_string}"},"query-input":"required name=search_term_string"}],"inLanguage":"es"},{"@type":"Person","@id":"https:\/\/www.ull.es\/portal\/noticias\/#\/schema\/person\/b2b1a89d43ffa609e591f7df8ef3e817","name":"gaprsa","image":{"@type":"ImageObject","inLanguage":"es","@id":"https:\/\/www.ull.es\/portal\/noticias\/#\/schema\/person\/image\/","url":"https:\/\/secure.gravatar.com\/avatar\/443820550921091458b4823867723b3d?s=96&d=mm&r=g","contentUrl":"https:\/\/secure.gravatar.com\/avatar\/443820550921091458b4823867723b3d?s=96&d=mm&r=g","caption":"gaprsa"},"url":"https:\/\/www.ull.es\/portal\/noticias\/author\/gaprsa\/"}]}},"primary_category":{"id":345,"name":"Destacado","slug":"destacado","link":"https:\/\/www.ull.es\/portal\/noticias\/category\/destacado\/"},"featured_image_thumbnail_url":"https:\/\/www.ull.es\/portal\/noticias\/wp-content\/uploads\/sites\/13\/2019\/01\/universo-267x300.jpg","_links":{"self":[{"href":"https:\/\/www.ull.es\/portal\/noticias\/wp-json\/wp\/v2\/posts\/41823"}],"collection":[{"href":"https:\/\/www.ull.es\/portal\/noticias\/wp-json\/wp\/v2\/posts"}],"about":[{"href":"https:\/\/www.ull.es\/portal\/noticias\/wp-json\/wp\/v2\/types\/post"}],"author":[{"embeddable":true,"href":"https:\/\/www.ull.es\/portal\/noticias\/wp-json\/wp\/v2\/users\/23"}],"replies":[{"embeddable":true,"href":"https:\/\/www.ull.es\/portal\/noticias\/wp-json\/wp\/v2\/comments?post=41823"}],"version-history":[{"count":4,"href":"https:\/\/www.ull.es\/portal\/noticias\/wp-json\/wp\/v2\/posts\/41823\/revisions"}],"predecessor-version":[{"id":46831,"href":"https:\/\/www.ull.es\/portal\/noticias\/wp-json\/wp\/v2\/posts\/41823\/revisions\/46831"}],"wp:featuredmedia":[{"embeddable":true,"href":"https:\/\/www.ull.es\/portal\/noticias\/wp-json\/wp\/v2\/media\/41825"}],"wp:attachment":[{"href":"https:\/\/www.ull.es\/portal\/noticias\/wp-json\/wp\/v2\/media?parent=41823"}],"wp:term":[{"taxonomy":"category","embeddable":true,"href":"https:\/\/www.ull.es\/portal\/noticias\/wp-json\/wp\/v2\/categories?post=41823"},{"taxonomy":"post_tag","embeddable":true,"href":"https:\/\/www.ull.es\/portal\/noticias\/wp-json\/wp\/v2\/tags?post=41823"}],"curies":[{"name":"wp","href":"https:\/\/api.w.org\/{rel}","templated":true}]}}