{"id":41846,"date":"2019-01-25T10:30:30","date_gmt":"2019-01-25T10:30:30","guid":{"rendered":"https:\/\/www.ull.es\/portal\/noticias\/?p=41846"},"modified":"2019-01-25T10:30:30","modified_gmt":"2019-01-25T10:30:30","slug":"la-compania-pazcrani-representa-en-el-paraninfo-la-comedia-clasicas-envidiosas-este-fin-de-semana","status":"publish","type":"post","link":"https:\/\/www.ull.es\/portal\/noticias\/2019\/la-compania-pazcrani-representa-en-el-paraninfo-la-comedia-clasicas-envidiosas-este-fin-de-semana\/","title":{"rendered":"La compa\u00f1\u00eda Pazcrani representa en el Paraninfo la comedia \u2018Cl\u00e1sicas envidiosas\u2019 este fin de semana"},"content":{"rendered":"<p>El Paraninfo de la Universidad de La Laguna ofrecer\u00e1 este domingo, 27 de enero, a partir de las 18:00 horas, el montaje teatral <em>Cl\u00e1sicas envidiosas<\/em> a cargo de la compa\u00f1\u00eda ti\u00f1erfe\u00f1a Pazcrani. Esta comedia es uno de los textos m\u00e1s divertidos y elaborados del escritor, actor y director Chema Rodr\u00edguez-Calder\u00f3n hasta la fecha. Las entradas est\u00e1n ya a la venta en <strong><a href=\"https:\/\/www.tomaticket.es\/entradas-clasicas-envidiosas-tenerife\" target=\"_blank\" rel=\"noopener\">Tomaticket<\/a><\/strong> al precio general de 6 euros.<\/p>\n<p>La historia comienza en el acto tercero, escena primera de <em>Hamlet<\/em>, Pr\u00edncipe de Dinamarca. Esta maravillosa escena lleva interpret\u00e1ndose cuatrocientos a\u00f1os, pero esta noche algo no va bien. Ofelia se rebela y rechaza la idea de suicidarse. La doncella est\u00e1 cansada de su papel pasivo de dama fr\u00e1gil y desequilibrada por lo que decide que quiere vivir y disfrutar de la vida. Ante esta nueva l\u00ednea de acontecimientos, Hamlet se ve obligado a casarse con la dama y comenzar los festejos. A partir de aqu\u00ed, los acontecimientos y situaciones ser\u00e1n cada vez m\u00e1s locos y sorprendentes entrando de lleno en el terreno de la s\u00e1tira, la parodia y la caricatura.<\/p>\n<p>La comedia, que hace suyas varias de las tragedias cl\u00e1sicas de Shakespeare para crear algo nuevo y distinto, est\u00e1 protagonizada por Idaira Gonz\u00e1lez (Ofelia), Aless Hern\u00e1ndez (Hamlet), Juan Carlos de la Paz (Lady Macbeth) y Ruim\u00e1n Travieso (Julieta). La direcci\u00f3n corre a cargo de Chema Rodr\u00edguez-Calder\u00f3n.<\/p>\n<p><strong>Sobre Teatro Pazcrani<\/strong><\/p>\n<p>Idaira Gonz\u00e1lez y Juan Carlos de la Paz crearon la Asociaci\u00f3n Cultural Grupo de Teatro Pazcrani en 2014 tras pertenecer a varios grupos de teatro amateur y a las Escuelas de Teatro de Ideco. Cuentan con la ayuda de Jes\u00fas David de la Paz como guionista, creador de su primera obra, <em>La so\u00f1ada Anes<\/em>, estrenada en 2015 en el Paraninfo.<\/p>\n<p>Tambi\u00e9n en el recinto cultural universitario estrenaron su segunda obra, <em>La Funeraria<\/em>, en 2016. \u00a0Con su tercer montaje, <em>Autopsia<\/em>, participaron en el Concurso de Comedia del Regia Comedy en 2017 y en el I Concurso de micro-teatro de la Sala Timanfaya en 2018.<\/p>\n","protected":false},"excerpt":{"rendered":"<p>El Paraninfo de la Universidad de La Laguna ofrecer\u00e1 este domingo, 27 de enero, a partir de las 18:00 horas,&#8230;<\/p>\n","protected":false},"author":23,"featured_media":41848,"comment_status":"closed","ping_status":"closed","sticky":false,"template":"","format":"standard","meta":{"inline_featured_image":false,"footnotes":""},"categories":[344,345,2765],"tags":[5282,2047,5283,2452],"acf":[],"yoast_head":"<!-- This site is optimized with the Yoast SEO plugin v21.3 - https:\/\/yoast.com\/wordpress\/plugins\/seo\/ -->\n<title>La compa\u00f1\u00eda Pazcrani representa en el Paraninfo la comedia \u2018Cl\u00e1sicas envidiosas\u2019 este fin de semana - ULL - Noticias<\/title>\n<meta name=\"description\" content=\"El Paraninfo de la Universidad de La Laguna ofrecer\u00e1 este domingo, 27 de enero, a partir de las 18:00 horas, el montaje teatral Cl\u00e1sicas envidiosas a cargo de la compa\u00f1\u00eda ti\u00f1erfe\u00f1a Pazcrani.\" \/>\n<meta name=\"robots\" content=\"index, follow, max-snippet:-1, max-image-preview:large, max-video-preview:-1\" \/>\n<link rel=\"canonical\" href=\"https:\/\/www.ull.es\/portal\/noticias\/2019\/la-compania-pazcrani-representa-en-el-paraninfo-la-comedia-clasicas-envidiosas-este-fin-de-semana\/\" \/>\n<meta property=\"og:locale\" content=\"es_ES\" \/>\n<meta property=\"og:type\" content=\"article\" \/>\n<meta property=\"og:title\" content=\"La compa\u00f1\u00eda Pazcrani representa en el Paraninfo la comedia \u2018Cl\u00e1sicas envidiosas\u2019 este fin de semana - ULL - Noticias\" \/>\n<meta property=\"og:description\" content=\"El Paraninfo de la Universidad de La Laguna ofrecer\u00e1 este domingo, 27 de enero, a partir de las 18:00 horas, el montaje teatral Cl\u00e1sicas envidiosas a cargo de la compa\u00f1\u00eda ti\u00f1erfe\u00f1a Pazcrani.\" \/>\n<meta property=\"og:url\" content=\"https:\/\/www.ull.es\/portal\/noticias\/2019\/la-compania-pazcrani-representa-en-el-paraninfo-la-comedia-clasicas-envidiosas-este-fin-de-semana\/\" \/>\n<meta property=\"og:site_name\" content=\"ULL - Noticias\" \/>\n<meta property=\"article:publisher\" content=\"https:\/\/www.facebook.com\/universidaddelalaguna\/\" \/>\n<meta property=\"article:published_time\" content=\"2019-01-25T10:30:30+00:00\" \/>\n<meta property=\"og:image\" content=\"https:\/\/www.ull.es\/portal\/noticias\/wp-content\/uploads\/sites\/13\/2019\/01\/ClasicasEnvidiosas_agneda.jpg\" \/>\n\t<meta property=\"og:image:width\" content=\"700\" \/>\n\t<meta property=\"og:image:height\" content=\"350\" \/>\n\t<meta property=\"og:image:type\" content=\"image\/jpeg\" \/>\n<meta name=\"author\" content=\"gaprsa\" \/>\n<meta name=\"twitter:card\" content=\"summary_large_image\" \/>\n<meta name=\"twitter:creator\" content=\"@CanalULL\" \/>\n<meta name=\"twitter:site\" content=\"@CanalULL\" \/>\n<meta name=\"twitter:label1\" content=\"Escrito por\" \/>\n\t<meta name=\"twitter:data1\" content=\"gaprsa\" \/>\n\t<meta name=\"twitter:label2\" content=\"Tiempo de lectura\" \/>\n\t<meta name=\"twitter:data2\" content=\"2 minutos\" \/>\n<script type=\"application\/ld+json\" class=\"yoast-schema-graph\">{\"@context\":\"https:\/\/schema.org\",\"@graph\":[{\"@type\":\"WebPage\",\"@id\":\"https:\/\/www.ull.es\/portal\/noticias\/2019\/la-compania-pazcrani-representa-en-el-paraninfo-la-comedia-clasicas-envidiosas-este-fin-de-semana\/\",\"url\":\"https:\/\/www.ull.es\/portal\/noticias\/2019\/la-compania-pazcrani-representa-en-el-paraninfo-la-comedia-clasicas-envidiosas-este-fin-de-semana\/\",\"name\":\"La compa\u00f1\u00eda Pazcrani representa en el Paraninfo la comedia \u2018Cl\u00e1sicas envidiosas\u2019 este fin de semana - ULL - Noticias\",\"isPartOf\":{\"@id\":\"https:\/\/www.ull.es\/portal\/noticias\/#website\"},\"datePublished\":\"2019-01-25T10:30:30+00:00\",\"dateModified\":\"2019-01-25T10:30:30+00:00\",\"author\":{\"@id\":\"https:\/\/www.ull.es\/portal\/noticias\/#\/schema\/person\/b2b1a89d43ffa609e591f7df8ef3e817\"},\"description\":\"El Paraninfo de la Universidad de La Laguna ofrecer\u00e1 este domingo, 27 de enero, a partir de las 18:00 horas, el montaje teatral Cl\u00e1sicas envidiosas a cargo de la compa\u00f1\u00eda ti\u00f1erfe\u00f1a Pazcrani.\",\"breadcrumb\":{\"@id\":\"https:\/\/www.ull.es\/portal\/noticias\/2019\/la-compania-pazcrani-representa-en-el-paraninfo-la-comedia-clasicas-envidiosas-este-fin-de-semana\/#breadcrumb\"},\"inLanguage\":\"es\",\"potentialAction\":[{\"@type\":\"ReadAction\",\"target\":[\"https:\/\/www.ull.es\/portal\/noticias\/2019\/la-compania-pazcrani-representa-en-el-paraninfo-la-comedia-clasicas-envidiosas-este-fin-de-semana\/\"]}]},{\"@type\":\"BreadcrumbList\",\"@id\":\"https:\/\/www.ull.es\/portal\/noticias\/2019\/la-compania-pazcrani-representa-en-el-paraninfo-la-comedia-clasicas-envidiosas-este-fin-de-semana\/#breadcrumb\",\"itemListElement\":[{\"@type\":\"ListItem\",\"position\":1,\"name\":\"Portada\",\"item\":\"https:\/\/www.ull.es\/portal\/noticias\/\"},{\"@type\":\"ListItem\",\"position\":2,\"name\":\"La compa\u00f1\u00eda Pazcrani representa en el Paraninfo la comedia \u2018Cl\u00e1sicas envidiosas\u2019 este fin de semana\"}]},{\"@type\":\"WebSite\",\"@id\":\"https:\/\/www.ull.es\/portal\/noticias\/#website\",\"url\":\"https:\/\/www.ull.es\/portal\/noticias\/\",\"name\":\"ULL - Noticias\",\"description\":\"\",\"potentialAction\":[{\"@type\":\"SearchAction\",\"target\":{\"@type\":\"EntryPoint\",\"urlTemplate\":\"https:\/\/www.ull.es\/portal\/noticias\/?s={search_term_string}\"},\"query-input\":\"required name=search_term_string\"}],\"inLanguage\":\"es\"},{\"@type\":\"Person\",\"@id\":\"https:\/\/www.ull.es\/portal\/noticias\/#\/schema\/person\/b2b1a89d43ffa609e591f7df8ef3e817\",\"name\":\"gaprsa\",\"image\":{\"@type\":\"ImageObject\",\"inLanguage\":\"es\",\"@id\":\"https:\/\/www.ull.es\/portal\/noticias\/#\/schema\/person\/image\/\",\"url\":\"https:\/\/secure.gravatar.com\/avatar\/443820550921091458b4823867723b3d?s=96&d=mm&r=g\",\"contentUrl\":\"https:\/\/secure.gravatar.com\/avatar\/443820550921091458b4823867723b3d?s=96&d=mm&r=g\",\"caption\":\"gaprsa\"},\"url\":\"https:\/\/www.ull.es\/portal\/noticias\/author\/gaprsa\/\"}]}<\/script>\n<!-- \/ Yoast SEO plugin. -->","yoast_head_json":{"title":"La compa\u00f1\u00eda Pazcrani representa en el Paraninfo la comedia \u2018Cl\u00e1sicas envidiosas\u2019 este fin de semana - ULL - Noticias","description":"El Paraninfo de la Universidad de La Laguna ofrecer\u00e1 este domingo, 27 de enero, a partir de las 18:00 horas, el montaje teatral Cl\u00e1sicas envidiosas a cargo de la compa\u00f1\u00eda ti\u00f1erfe\u00f1a Pazcrani.","robots":{"index":"index","follow":"follow","max-snippet":"max-snippet:-1","max-image-preview":"max-image-preview:large","max-video-preview":"max-video-preview:-1"},"canonical":"https:\/\/www.ull.es\/portal\/noticias\/2019\/la-compania-pazcrani-representa-en-el-paraninfo-la-comedia-clasicas-envidiosas-este-fin-de-semana\/","og_locale":"es_ES","og_type":"article","og_title":"La compa\u00f1\u00eda Pazcrani representa en el Paraninfo la comedia \u2018Cl\u00e1sicas envidiosas\u2019 este fin de semana - ULL - Noticias","og_description":"El Paraninfo de la Universidad de La Laguna ofrecer\u00e1 este domingo, 27 de enero, a partir de las 18:00 horas, el montaje teatral Cl\u00e1sicas envidiosas a cargo de la compa\u00f1\u00eda ti\u00f1erfe\u00f1a Pazcrani.","og_url":"https:\/\/www.ull.es\/portal\/noticias\/2019\/la-compania-pazcrani-representa-en-el-paraninfo-la-comedia-clasicas-envidiosas-este-fin-de-semana\/","og_site_name":"ULL - Noticias","article_publisher":"https:\/\/www.facebook.com\/universidaddelalaguna\/","article_published_time":"2019-01-25T10:30:30+00:00","og_image":[{"width":700,"height":350,"url":"https:\/\/www.ull.es\/portal\/noticias\/wp-content\/uploads\/sites\/13\/2019\/01\/ClasicasEnvidiosas_agneda.jpg","type":"image\/jpeg"}],"author":"gaprsa","twitter_card":"summary_large_image","twitter_creator":"@CanalULL","twitter_site":"@CanalULL","twitter_misc":{"Escrito por":"gaprsa","Tiempo de lectura":"2 minutos"},"schema":{"@context":"https:\/\/schema.org","@graph":[{"@type":"WebPage","@id":"https:\/\/www.ull.es\/portal\/noticias\/2019\/la-compania-pazcrani-representa-en-el-paraninfo-la-comedia-clasicas-envidiosas-este-fin-de-semana\/","url":"https:\/\/www.ull.es\/portal\/noticias\/2019\/la-compania-pazcrani-representa-en-el-paraninfo-la-comedia-clasicas-envidiosas-este-fin-de-semana\/","name":"La compa\u00f1\u00eda Pazcrani representa en el Paraninfo la comedia \u2018Cl\u00e1sicas envidiosas\u2019 este fin de semana - ULL - Noticias","isPartOf":{"@id":"https:\/\/www.ull.es\/portal\/noticias\/#website"},"datePublished":"2019-01-25T10:30:30+00:00","dateModified":"2019-01-25T10:30:30+00:00","author":{"@id":"https:\/\/www.ull.es\/portal\/noticias\/#\/schema\/person\/b2b1a89d43ffa609e591f7df8ef3e817"},"description":"El Paraninfo de la Universidad de La Laguna ofrecer\u00e1 este domingo, 27 de enero, a partir de las 18:00 horas, el montaje teatral Cl\u00e1sicas envidiosas a cargo de la compa\u00f1\u00eda ti\u00f1erfe\u00f1a Pazcrani.","breadcrumb":{"@id":"https:\/\/www.ull.es\/portal\/noticias\/2019\/la-compania-pazcrani-representa-en-el-paraninfo-la-comedia-clasicas-envidiosas-este-fin-de-semana\/#breadcrumb"},"inLanguage":"es","potentialAction":[{"@type":"ReadAction","target":["https:\/\/www.ull.es\/portal\/noticias\/2019\/la-compania-pazcrani-representa-en-el-paraninfo-la-comedia-clasicas-envidiosas-este-fin-de-semana\/"]}]},{"@type":"BreadcrumbList","@id":"https:\/\/www.ull.es\/portal\/noticias\/2019\/la-compania-pazcrani-representa-en-el-paraninfo-la-comedia-clasicas-envidiosas-este-fin-de-semana\/#breadcrumb","itemListElement":[{"@type":"ListItem","position":1,"name":"Portada","item":"https:\/\/www.ull.es\/portal\/noticias\/"},{"@type":"ListItem","position":2,"name":"La compa\u00f1\u00eda Pazcrani representa en el Paraninfo la comedia \u2018Cl\u00e1sicas envidiosas\u2019 este fin de semana"}]},{"@type":"WebSite","@id":"https:\/\/www.ull.es\/portal\/noticias\/#website","url":"https:\/\/www.ull.es\/portal\/noticias\/","name":"ULL - Noticias","description":"","potentialAction":[{"@type":"SearchAction","target":{"@type":"EntryPoint","urlTemplate":"https:\/\/www.ull.es\/portal\/noticias\/?s={search_term_string}"},"query-input":"required name=search_term_string"}],"inLanguage":"es"},{"@type":"Person","@id":"https:\/\/www.ull.es\/portal\/noticias\/#\/schema\/person\/b2b1a89d43ffa609e591f7df8ef3e817","name":"gaprsa","image":{"@type":"ImageObject","inLanguage":"es","@id":"https:\/\/www.ull.es\/portal\/noticias\/#\/schema\/person\/image\/","url":"https:\/\/secure.gravatar.com\/avatar\/443820550921091458b4823867723b3d?s=96&d=mm&r=g","contentUrl":"https:\/\/secure.gravatar.com\/avatar\/443820550921091458b4823867723b3d?s=96&d=mm&r=g","caption":"gaprsa"},"url":"https:\/\/www.ull.es\/portal\/noticias\/author\/gaprsa\/"}]}},"primary_category":{"id":344,"name":"Cultura","slug":"cultura","link":"https:\/\/www.ull.es\/portal\/noticias\/category\/cultura\/"},"featured_image_thumbnail_url":"https:\/\/www.ull.es\/portal\/noticias\/wp-content\/uploads\/sites\/13\/2019\/01\/ClasicasEnvidiosas_agneda-300x150.jpg","_links":{"self":[{"href":"https:\/\/www.ull.es\/portal\/noticias\/wp-json\/wp\/v2\/posts\/41846"}],"collection":[{"href":"https:\/\/www.ull.es\/portal\/noticias\/wp-json\/wp\/v2\/posts"}],"about":[{"href":"https:\/\/www.ull.es\/portal\/noticias\/wp-json\/wp\/v2\/types\/post"}],"author":[{"embeddable":true,"href":"https:\/\/www.ull.es\/portal\/noticias\/wp-json\/wp\/v2\/users\/23"}],"replies":[{"embeddable":true,"href":"https:\/\/www.ull.es\/portal\/noticias\/wp-json\/wp\/v2\/comments?post=41846"}],"version-history":[{"count":1,"href":"https:\/\/www.ull.es\/portal\/noticias\/wp-json\/wp\/v2\/posts\/41846\/revisions"}],"predecessor-version":[{"id":41847,"href":"https:\/\/www.ull.es\/portal\/noticias\/wp-json\/wp\/v2\/posts\/41846\/revisions\/41847"}],"wp:featuredmedia":[{"embeddable":true,"href":"https:\/\/www.ull.es\/portal\/noticias\/wp-json\/wp\/v2\/media\/41848"}],"wp:attachment":[{"href":"https:\/\/www.ull.es\/portal\/noticias\/wp-json\/wp\/v2\/media?parent=41846"}],"wp:term":[{"taxonomy":"category","embeddable":true,"href":"https:\/\/www.ull.es\/portal\/noticias\/wp-json\/wp\/v2\/categories?post=41846"},{"taxonomy":"post_tag","embeddable":true,"href":"https:\/\/www.ull.es\/portal\/noticias\/wp-json\/wp\/v2\/tags?post=41846"}],"curies":[{"name":"wp","href":"https:\/\/api.w.org\/{rel}","templated":true}]}}