{"id":41875,"date":"2019-01-25T14:40:49","date_gmt":"2019-01-25T14:40:49","guid":{"rendered":"https:\/\/www.ull.es\/portal\/noticias\/?p=41875"},"modified":"2019-01-25T15:38:58","modified_gmt":"2019-01-25T15:38:58","slug":"jornadas-de-puertas-abiertas-de-la-ull-reuniran-mas-de-8000-estudiantes-de-bachillerato-fp","status":"publish","type":"post","link":"https:\/\/www.ull.es\/portal\/noticias\/2019\/jornadas-de-puertas-abiertas-de-la-ull-reuniran-mas-de-8000-estudiantes-de-bachillerato-fp\/","title":{"rendered":"Las Jornadas de Puertas Abiertas de la ULL reunir\u00e1n a m\u00e1s de 8.000 estudiantes de Bachillerato y FP"},"content":{"rendered":"<p>La Universidad de La Laguna abrir\u00e1 la pr\u00f3xima semana su gran escaparate al alumnado de \u00faltimo a\u00f1o de Bachillerato y ciclos formativos de grado superior. Alrededor de 8.300 estudiantes de 131 centros de varias islas acudir\u00e1n a esta instituci\u00f3n docente, desde el martes 29 de enero hasta el viernes 1 de febrero, para conocer los grados que se imparten, los servicios disponibles para el estudiantado y los recursos de los que pueden valerse en su etapa universitaria.<\/p>\n<p>Este gran evento est\u00e1 organizado por el Servicio de Informaci\u00f3n y Orientaci\u00f3n del centro universitario, en colaboraci\u00f3n con los decanatos de las distintas facultades y escuelas, ya que no en vano se impartir\u00e1n m\u00e1s de un centenar de charlas en esos cuatro d\u00edas. Grado a grado, el estudiante podr\u00e1 conocer el perfil de ingreso de los estudios que m\u00e1s le interesan, los requisitos de acceso, las salidas profesionales y todo aquello que suscite inter\u00e9s a la hora de decidir qu\u00e9 estudio cursar el pr\u00f3ximo a\u00f1o acad\u00e9mico.<\/p>\n<p>Las <a href=\"http:\/\/eventos.ull.es\/28324\/detail\/jornadas-de-puertas-abiertas-2019.html\" target=\"_blank\" rel=\"noopener\" target=\"_blank\" rel=\"noopener\">Jornadas de Puertas Abiertas<\/a> de la Universidad de La Laguna, impulsadas por el Vicerrectorado de Estudiantes y ubicadas enteramente en el Campus de Guajara, tambi\u00e9n est\u00e1n pensadas para otros colectivos como los mayores de 25 y 45 a\u00f1os, o los de m\u00e1s de 40 con experiencia profesional acreditada, adem\u00e1s de los titulados universitarios que desean emprender un segundo estudio. Existe para cada uno de estos perfiles una v\u00eda de acceso espec\u00edfica, que ser\u00e1 convenientemente explicada en las jornadas.<\/p>\n<p>En sus cuatro d\u00edas de duraci\u00f3n, las jornadas mantienen el mismo esquema de contenidos, dado que en cada d\u00eda se atiende a un p\u00fablico diferente. As\u00ed, el martes 29 comenzar\u00e1n con los centros del norte de Tenerife, Candelaria, G\u00fc\u00edmar y Arico; el mi\u00e9rcoles 30 se atender\u00e1 al alumnado procedente de La Laguna y Arona; el jueves 31 es el turno para los de Santa Cruz de Tenerife, Adeje, Gu\u00eda de Isora y Santiago del Teide. Las jornadas se cerrar\u00e1n el viernes 1 con la presencia de estudiantes de Granadilla de Abona, San Miguel de Abona y centros de El Hierro, La Gomera, La Palma, Gran Canaria, Fuerteventura y Lanzarote. Cerca de 250 profesores de ense\u00f1anza no universitaria se desplazar\u00e1n hasta la Universidad de La Laguna para acompa\u00f1ar a este alumnado.<\/p>\n<p>Esta cita tambi\u00e9n sirve para que todos los profesionales de la orientaci\u00f3n educativa en la ense\u00f1anza no universitaria lleven a cabo un encuentro t\u00e9cnico con el personal del Servicio de Informaci\u00f3n y Orientaci\u00f3n, donde se abordan las novedades del curso 2019\/20 que puedan afectar al acceso a la educaci\u00f3n superior y a la toma de decisiones por parte del alumnado.<\/p>\n<p><strong>Novedades<\/strong><\/p>\n<p>La principal novedad de esta edici\u00f3n es la presencia de la Universidad de Las Palmas de Gran Canaria (ULPGC) en las jornadas durante los d\u00edas 30 y 31 de enero, a trav\u00e9s de un stand informativo, dado que ambas instituciones conforman el distrito \u00fanico universitario. En marzo se celebrar\u00e1n las jornadas de puertas abiertas de la ULPGC, donde la ULL tambi\u00e9n estar\u00e1 presente.<\/p>\n<p>Tambi\u00e9n ha suscitado un inter\u00e9s inusitado la visita prevista al Colegio Mayor San Fernando, a la que se han inscrito alrededor de 700 personas y que tendr\u00e1 lugar el viernes 1 de febrero a las 15 y 16 horas, con la probabilidad de que se creen m\u00e1s turnos de visita.<\/p>\n<p>La idea es que cada estudiante acuda a estas jornadas para tener acceso a cuatro charlas de grados, impartidas por unos doscientos profesores universitarios, que se ofrecer\u00e1n en cuatro tramos horarios y en diferentes salas o aulas, para que no haya incompatibilidad entre unas y otras. Tambi\u00e9n como novedad se introduce la presencia de estudiantes que ya est\u00e1n cursando esas titulaciones en el formato de la conferencia.<\/p>\n<p>Las Jornadas de Puertas Abiertas es la culminaci\u00f3n de un concienzudo proceso de orientaci\u00f3n y asesoramiento que la Universidad de La Laguna lleva a cabo todos los a\u00f1os para que cada futuro estudiante universitario acierte en la elecci\u00f3n de sus estudios. De hecho, en la propia web del evento se encuentra una amplia lista de recursos online que el centro acad\u00e9mico pone a disposici\u00f3n de los estudiantes de forma anticipada. As\u00ed, a trav\u00e9s de esta <a href=\"http:\/\/eventos.ull.es\/28324\/section\/16010\/jornadas-de-puertas-abiertas-2019.html\" target=\"_blank\" rel=\"noopener\" target=\"_blank\" rel=\"noopener\">carpeta audiovisual informativa<\/a> pueden conocerse las notas de corte del curso anterior, precios orientativos, informaci\u00f3n sobre el calendario acad\u00e9mico, una gu\u00eda visual de campus, documentaci\u00f3n sobre becas y ayudas, etc.<\/p>\n<p>Esta acci\u00f3n tambi\u00e9n comprende un espacio dedicado a padres y madres. As\u00ed, el jueves 31 de enero, a las 18:30 horas se celebrar\u00e1 una\u00a0charla informativa para familias en el Aula Magna del Aulario General de Guajara, donde se atiende las dudas de los progenitores y se da cuenta de informaci\u00f3n de inter\u00e9s para ellos.<\/p>\n","protected":false},"excerpt":{"rendered":"<p>La Universidad de La Laguna abrir\u00e1 la pr\u00f3xima semana su gran escaparate al alumnado de \u00faltimo a\u00f1o de Bachillerato y&#8230;<\/p>\n","protected":false},"author":67,"featured_media":41876,"comment_status":"closed","ping_status":"closed","sticky":false,"template":"","format":"standard","meta":{"inline_featured_image":false,"footnotes":""},"categories":[343,345,2765],"tags":[608,1290,1605],"acf":[],"yoast_head":"<!-- This site is optimized with the Yoast SEO plugin v21.3 - https:\/\/yoast.com\/wordpress\/plugins\/seo\/ -->\n<title>Las Jornadas de Puertas Abiertas de la ULL reunir\u00e1n a m\u00e1s de 8.000 estudiantes de bachillerato y FP<\/title>\n<meta name=\"description\" content=\"La Universidad de La Laguna abrir\u00e1 la pr\u00f3xima semana su gran escaparate al alumnado de \u00faltimo a\u00f1o de Bachillerato y ciclos formativos de grado superior. Alrededor de 8.300 estudiantes de 131 centros de varias islas acudir\u00e1n a esta instituci\u00f3n docente, desde el martes 29 de enero hasta el viernes 1 de febrero.\" \/>\n<meta name=\"robots\" content=\"index, follow, max-snippet:-1, max-image-preview:large, max-video-preview:-1\" \/>\n<link rel=\"canonical\" href=\"https:\/\/www.ull.es\/portal\/noticias\/2019\/jornadas-de-puertas-abiertas-de-la-ull-reuniran-mas-de-8000-estudiantes-de-bachillerato-fp\/\" \/>\n<meta property=\"og:locale\" content=\"es_ES\" \/>\n<meta property=\"og:type\" content=\"article\" \/>\n<meta property=\"og:title\" content=\"Las Jornadas de Puertas Abiertas de la ULL reunir\u00e1n a m\u00e1s de 8.000 estudiantes de bachillerato y FP\" \/>\n<meta property=\"og:description\" content=\"La Universidad de La Laguna abrir\u00e1 la pr\u00f3xima semana su gran escaparate al alumnado de \u00faltimo a\u00f1o de Bachillerato y ciclos formativos de grado superior. Alrededor de 8.300 estudiantes de 131 centros de varias islas acudir\u00e1n a esta instituci\u00f3n docente, desde el martes 29 de enero hasta el viernes 1 de febrero.\" \/>\n<meta property=\"og:url\" content=\"https:\/\/www.ull.es\/portal\/noticias\/2019\/jornadas-de-puertas-abiertas-de-la-ull-reuniran-mas-de-8000-estudiantes-de-bachillerato-fp\/\" \/>\n<meta property=\"og:site_name\" content=\"ULL - Noticias\" \/>\n<meta property=\"article:publisher\" content=\"https:\/\/www.facebook.com\/universidaddelalaguna\/\" \/>\n<meta property=\"article:published_time\" content=\"2019-01-25T14:40:49+00:00\" \/>\n<meta property=\"article:modified_time\" content=\"2019-01-25T15:38:58+00:00\" \/>\n<meta property=\"og:image\" content=\"https:\/\/www.ull.es\/portal\/noticias\/wp-content\/uploads\/sites\/13\/2019\/01\/PuertasAbiertas_agenda.jpg\" \/>\n\t<meta property=\"og:image:width\" content=\"700\" \/>\n\t<meta property=\"og:image:height\" content=\"350\" \/>\n\t<meta property=\"og:image:type\" content=\"image\/jpeg\" \/>\n<meta name=\"author\" content=\"gcom5\" \/>\n<meta name=\"twitter:card\" content=\"summary_large_image\" \/>\n<meta name=\"twitter:creator\" content=\"@CanalULL\" \/>\n<meta name=\"twitter:site\" content=\"@CanalULL\" \/>\n<meta name=\"twitter:label1\" content=\"Escrito por\" \/>\n\t<meta name=\"twitter:data1\" content=\"gcom5\" \/>\n\t<meta name=\"twitter:label2\" content=\"Tiempo de lectura\" \/>\n\t<meta name=\"twitter:data2\" content=\"4 minutos\" \/>\n<script type=\"application\/ld+json\" class=\"yoast-schema-graph\">{\"@context\":\"https:\/\/schema.org\",\"@graph\":[{\"@type\":\"WebPage\",\"@id\":\"https:\/\/www.ull.es\/portal\/noticias\/2019\/jornadas-de-puertas-abiertas-de-la-ull-reuniran-mas-de-8000-estudiantes-de-bachillerato-fp\/\",\"url\":\"https:\/\/www.ull.es\/portal\/noticias\/2019\/jornadas-de-puertas-abiertas-de-la-ull-reuniran-mas-de-8000-estudiantes-de-bachillerato-fp\/\",\"name\":\"Las Jornadas de Puertas Abiertas de la ULL reunir\u00e1n a m\u00e1s de 8.000 estudiantes de bachillerato y FP\",\"isPartOf\":{\"@id\":\"https:\/\/www.ull.es\/portal\/noticias\/#website\"},\"datePublished\":\"2019-01-25T14:40:49+00:00\",\"dateModified\":\"2019-01-25T15:38:58+00:00\",\"author\":{\"@id\":\"https:\/\/www.ull.es\/portal\/noticias\/#\/schema\/person\/8027c6c4687adc2c90dc1532715d34df\"},\"description\":\"La Universidad de La Laguna abrir\u00e1 la pr\u00f3xima semana su gran escaparate al alumnado de \u00faltimo a\u00f1o de Bachillerato y ciclos formativos de grado superior. Alrededor de 8.300 estudiantes de 131 centros de varias islas acudir\u00e1n a esta instituci\u00f3n docente, desde el martes 29 de enero hasta el viernes 1 de febrero.\",\"breadcrumb\":{\"@id\":\"https:\/\/www.ull.es\/portal\/noticias\/2019\/jornadas-de-puertas-abiertas-de-la-ull-reuniran-mas-de-8000-estudiantes-de-bachillerato-fp\/#breadcrumb\"},\"inLanguage\":\"es\",\"potentialAction\":[{\"@type\":\"ReadAction\",\"target\":[\"https:\/\/www.ull.es\/portal\/noticias\/2019\/jornadas-de-puertas-abiertas-de-la-ull-reuniran-mas-de-8000-estudiantes-de-bachillerato-fp\/\"]}]},{\"@type\":\"BreadcrumbList\",\"@id\":\"https:\/\/www.ull.es\/portal\/noticias\/2019\/jornadas-de-puertas-abiertas-de-la-ull-reuniran-mas-de-8000-estudiantes-de-bachillerato-fp\/#breadcrumb\",\"itemListElement\":[{\"@type\":\"ListItem\",\"position\":1,\"name\":\"Portada\",\"item\":\"https:\/\/www.ull.es\/portal\/noticias\/\"},{\"@type\":\"ListItem\",\"position\":2,\"name\":\"Las Jornadas de Puertas Abiertas de la ULL reunir\u00e1n a m\u00e1s de 8.000 estudiantes de Bachillerato y FP\"}]},{\"@type\":\"WebSite\",\"@id\":\"https:\/\/www.ull.es\/portal\/noticias\/#website\",\"url\":\"https:\/\/www.ull.es\/portal\/noticias\/\",\"name\":\"ULL - Noticias\",\"description\":\"\",\"potentialAction\":[{\"@type\":\"SearchAction\",\"target\":{\"@type\":\"EntryPoint\",\"urlTemplate\":\"https:\/\/www.ull.es\/portal\/noticias\/?s={search_term_string}\"},\"query-input\":\"required name=search_term_string\"}],\"inLanguage\":\"es\"},{\"@type\":\"Person\",\"@id\":\"https:\/\/www.ull.es\/portal\/noticias\/#\/schema\/person\/8027c6c4687adc2c90dc1532715d34df\",\"name\":\"gcom5\",\"image\":{\"@type\":\"ImageObject\",\"inLanguage\":\"es\",\"@id\":\"https:\/\/www.ull.es\/portal\/noticias\/#\/schema\/person\/image\/\",\"url\":\"https:\/\/secure.gravatar.com\/avatar\/8b3777f8048001fa57b88338ce5605b9?s=96&d=mm&r=g\",\"contentUrl\":\"https:\/\/secure.gravatar.com\/avatar\/8b3777f8048001fa57b88338ce5605b9?s=96&d=mm&r=g\",\"caption\":\"gcom5\"},\"url\":\"https:\/\/www.ull.es\/portal\/noticias\/author\/gcom5\/\"}]}<\/script>\n<!-- \/ Yoast SEO plugin. -->","yoast_head_json":{"title":"Las Jornadas de Puertas Abiertas de la ULL reunir\u00e1n a m\u00e1s de 8.000 estudiantes de bachillerato y FP","description":"La Universidad de La Laguna abrir\u00e1 la pr\u00f3xima semana su gran escaparate al alumnado de \u00faltimo a\u00f1o de Bachillerato y ciclos formativos de grado superior. Alrededor de 8.300 estudiantes de 131 centros de varias islas acudir\u00e1n a esta instituci\u00f3n docente, desde el martes 29 de enero hasta el viernes 1 de febrero.","robots":{"index":"index","follow":"follow","max-snippet":"max-snippet:-1","max-image-preview":"max-image-preview:large","max-video-preview":"max-video-preview:-1"},"canonical":"https:\/\/www.ull.es\/portal\/noticias\/2019\/jornadas-de-puertas-abiertas-de-la-ull-reuniran-mas-de-8000-estudiantes-de-bachillerato-fp\/","og_locale":"es_ES","og_type":"article","og_title":"Las Jornadas de Puertas Abiertas de la ULL reunir\u00e1n a m\u00e1s de 8.000 estudiantes de bachillerato y FP","og_description":"La Universidad de La Laguna abrir\u00e1 la pr\u00f3xima semana su gran escaparate al alumnado de \u00faltimo a\u00f1o de Bachillerato y ciclos formativos de grado superior. Alrededor de 8.300 estudiantes de 131 centros de varias islas acudir\u00e1n a esta instituci\u00f3n docente, desde el martes 29 de enero hasta el viernes 1 de febrero.","og_url":"https:\/\/www.ull.es\/portal\/noticias\/2019\/jornadas-de-puertas-abiertas-de-la-ull-reuniran-mas-de-8000-estudiantes-de-bachillerato-fp\/","og_site_name":"ULL - Noticias","article_publisher":"https:\/\/www.facebook.com\/universidaddelalaguna\/","article_published_time":"2019-01-25T14:40:49+00:00","article_modified_time":"2019-01-25T15:38:58+00:00","og_image":[{"width":700,"height":350,"url":"https:\/\/www.ull.es\/portal\/noticias\/wp-content\/uploads\/sites\/13\/2019\/01\/PuertasAbiertas_agenda.jpg","type":"image\/jpeg"}],"author":"gcom5","twitter_card":"summary_large_image","twitter_creator":"@CanalULL","twitter_site":"@CanalULL","twitter_misc":{"Escrito por":"gcom5","Tiempo de lectura":"4 minutos"},"schema":{"@context":"https:\/\/schema.org","@graph":[{"@type":"WebPage","@id":"https:\/\/www.ull.es\/portal\/noticias\/2019\/jornadas-de-puertas-abiertas-de-la-ull-reuniran-mas-de-8000-estudiantes-de-bachillerato-fp\/","url":"https:\/\/www.ull.es\/portal\/noticias\/2019\/jornadas-de-puertas-abiertas-de-la-ull-reuniran-mas-de-8000-estudiantes-de-bachillerato-fp\/","name":"Las Jornadas de Puertas Abiertas de la ULL reunir\u00e1n a m\u00e1s de 8.000 estudiantes de bachillerato y FP","isPartOf":{"@id":"https:\/\/www.ull.es\/portal\/noticias\/#website"},"datePublished":"2019-01-25T14:40:49+00:00","dateModified":"2019-01-25T15:38:58+00:00","author":{"@id":"https:\/\/www.ull.es\/portal\/noticias\/#\/schema\/person\/8027c6c4687adc2c90dc1532715d34df"},"description":"La Universidad de La Laguna abrir\u00e1 la pr\u00f3xima semana su gran escaparate al alumnado de \u00faltimo a\u00f1o de Bachillerato y ciclos formativos de grado superior. Alrededor de 8.300 estudiantes de 131 centros de varias islas acudir\u00e1n a esta instituci\u00f3n docente, desde el martes 29 de enero hasta el viernes 1 de febrero.","breadcrumb":{"@id":"https:\/\/www.ull.es\/portal\/noticias\/2019\/jornadas-de-puertas-abiertas-de-la-ull-reuniran-mas-de-8000-estudiantes-de-bachillerato-fp\/#breadcrumb"},"inLanguage":"es","potentialAction":[{"@type":"ReadAction","target":["https:\/\/www.ull.es\/portal\/noticias\/2019\/jornadas-de-puertas-abiertas-de-la-ull-reuniran-mas-de-8000-estudiantes-de-bachillerato-fp\/"]}]},{"@type":"BreadcrumbList","@id":"https:\/\/www.ull.es\/portal\/noticias\/2019\/jornadas-de-puertas-abiertas-de-la-ull-reuniran-mas-de-8000-estudiantes-de-bachillerato-fp\/#breadcrumb","itemListElement":[{"@type":"ListItem","position":1,"name":"Portada","item":"https:\/\/www.ull.es\/portal\/noticias\/"},{"@type":"ListItem","position":2,"name":"Las Jornadas de Puertas Abiertas de la ULL reunir\u00e1n a m\u00e1s de 8.000 estudiantes de Bachillerato y FP"}]},{"@type":"WebSite","@id":"https:\/\/www.ull.es\/portal\/noticias\/#website","url":"https:\/\/www.ull.es\/portal\/noticias\/","name":"ULL - Noticias","description":"","potentialAction":[{"@type":"SearchAction","target":{"@type":"EntryPoint","urlTemplate":"https:\/\/www.ull.es\/portal\/noticias\/?s={search_term_string}"},"query-input":"required name=search_term_string"}],"inLanguage":"es"},{"@type":"Person","@id":"https:\/\/www.ull.es\/portal\/noticias\/#\/schema\/person\/8027c6c4687adc2c90dc1532715d34df","name":"gcom5","image":{"@type":"ImageObject","inLanguage":"es","@id":"https:\/\/www.ull.es\/portal\/noticias\/#\/schema\/person\/image\/","url":"https:\/\/secure.gravatar.com\/avatar\/8b3777f8048001fa57b88338ce5605b9?s=96&d=mm&r=g","contentUrl":"https:\/\/secure.gravatar.com\/avatar\/8b3777f8048001fa57b88338ce5605b9?s=96&d=mm&r=g","caption":"gcom5"},"url":"https:\/\/www.ull.es\/portal\/noticias\/author\/gcom5\/"}]}},"primary_category":{"id":343,"name":"Alumnado","slug":"alumnado","link":"https:\/\/www.ull.es\/portal\/noticias\/category\/alumnado\/"},"featured_image_thumbnail_url":"https:\/\/www.ull.es\/portal\/noticias\/wp-content\/uploads\/sites\/13\/2019\/01\/PuertasAbiertas_agenda-300x150.jpg","_links":{"self":[{"href":"https:\/\/www.ull.es\/portal\/noticias\/wp-json\/wp\/v2\/posts\/41875"}],"collection":[{"href":"https:\/\/www.ull.es\/portal\/noticias\/wp-json\/wp\/v2\/posts"}],"about":[{"href":"https:\/\/www.ull.es\/portal\/noticias\/wp-json\/wp\/v2\/types\/post"}],"author":[{"embeddable":true,"href":"https:\/\/www.ull.es\/portal\/noticias\/wp-json\/wp\/v2\/users\/67"}],"replies":[{"embeddable":true,"href":"https:\/\/www.ull.es\/portal\/noticias\/wp-json\/wp\/v2\/comments?post=41875"}],"version-history":[{"count":6,"href":"https:\/\/www.ull.es\/portal\/noticias\/wp-json\/wp\/v2\/posts\/41875\/revisions"}],"predecessor-version":[{"id":41888,"href":"https:\/\/www.ull.es\/portal\/noticias\/wp-json\/wp\/v2\/posts\/41875\/revisions\/41888"}],"wp:featuredmedia":[{"embeddable":true,"href":"https:\/\/www.ull.es\/portal\/noticias\/wp-json\/wp\/v2\/media\/41876"}],"wp:attachment":[{"href":"https:\/\/www.ull.es\/portal\/noticias\/wp-json\/wp\/v2\/media?parent=41875"}],"wp:term":[{"taxonomy":"category","embeddable":true,"href":"https:\/\/www.ull.es\/portal\/noticias\/wp-json\/wp\/v2\/categories?post=41875"},{"taxonomy":"post_tag","embeddable":true,"href":"https:\/\/www.ull.es\/portal\/noticias\/wp-json\/wp\/v2\/tags?post=41875"}],"curies":[{"name":"wp","href":"https:\/\/api.w.org\/{rel}","templated":true}]}}