{"id":41992,"date":"2019-01-30T13:44:21","date_gmt":"2019-01-30T13:44:21","guid":{"rendered":"https:\/\/www.ull.es\/portal\/noticias\/?p=41992"},"modified":"2019-01-30T13:44:21","modified_gmt":"2019-01-30T13:44:21","slug":"ull-reconocida-pionera-lucha-femenina","status":"publish","type":"post","link":"https:\/\/www.ull.es\/portal\/noticias\/2019\/ull-reconocida-pionera-lucha-femenina\/","title":{"rendered":"La Federaci\u00f3n de Lucha Canaria reconoci\u00f3 a la ULL como instituci\u00f3n pionera en contar con un equipo femenino"},"content":{"rendered":"<p>La Federaci\u00f3n de Lucha Canaria de Tenerife organiz\u00f3 recientemente una gala para celebrar el 75\u00ba aniversario de la creaci\u00f3n de la primera organizaci\u00f3n federada en la isla. Durante el acto se reconoci\u00f3 a m\u00faltiples figuras que han engrandecido la historia de este deporte vern\u00e1culo y, entre ellas, se destac\u00f3 al pionero equipo de la Universidad de La Laguna que, a mediados de los a\u00f1os 70 del siglo pasado, cont\u00f3 con seis mujeres en sus filas.<\/p>\n<div id=\"attachment_41994\" style=\"width: 310px\" class=\"wp-caption alignleft\"><a href=\"https:\/\/www.ull.es\/portal\/noticias\/wp-content\/uploads\/sites\/13\/2019\/01\/Femenino-Universidad-2-copia.jpg\" target=\"_blank\" rel=\"noopener\" target=\"_blank\" rel=\"noopener\"><img aria-describedby=\"caption-attachment-41994\" decoding=\"async\" loading=\"lazy\" class=\"wp-image-41994 size-medium\" src=\"https:\/\/www.ull.es\/portal\/noticias\/wp-content\/uploads\/sites\/13\/2019\/01\/Femenino-Universidad-2-copia-300x189.jpg\" alt=\"imagen de lucha canaria femenina\" width=\"300\" height=\"189\" srcset=\"https:\/\/www.ull.es\/portal\/noticias\/wp-content\/uploads\/sites\/13\/2019\/01\/Femenino-Universidad-2-copia-300x189.jpg 300w, https:\/\/www.ull.es\/portal\/noticias\/wp-content\/uploads\/sites\/13\/2019\/01\/Femenino-Universidad-2-copia-768x483.jpg 768w, https:\/\/www.ull.es\/portal\/noticias\/wp-content\/uploads\/sites\/13\/2019\/01\/Femenino-Universidad-2-copia-1024x644.jpg 1024w, https:\/\/www.ull.es\/portal\/noticias\/wp-content\/uploads\/sites\/13\/2019\/01\/Femenino-Universidad-2-copia-375x236.jpg 375w, https:\/\/www.ull.es\/portal\/noticias\/wp-content\/uploads\/sites\/13\/2019\/01\/Femenino-Universidad-2-copia-750x472.jpg 750w, https:\/\/www.ull.es\/portal\/noticias\/wp-content\/uploads\/sites\/13\/2019\/01\/Femenino-Universidad-2-copia.jpg 1105w\" sizes=\"(max-width: 300px) 100vw, 300px\" \/><\/a><p id=\"caption-attachment-41994\" class=\"wp-caption-text\">Imagen de una lucha entre dos integrantes del equipo de la ULL.<\/p>\n<div>Foto: cedida por Alberto Sim\u00f3<\/div>\n<p><\/p><\/div>\n<p>La vicerrectora de Infraestructuras y Servicios Universitarios de la instituci\u00f3n acad\u00e9mica, Norena Mart\u00edn Dorta, acudi\u00f3 al acto para recoger la distinci\u00f3n, dado que de su vicerrectorado dependen las actividades deportivas universitarias. All\u00ed coincidi\u00f3 con Mar\u00eda Reyes y Alicia Reyes, luchadoras pertenecientes a este grupo, quienes recordaron los entra\u00f1ables meses que pasaron en el equipo cuando eran unas j\u00f3venes estudiantes universitarias.<\/p>\n<p>Mar\u00eda Reyes explic\u00f3 que no hubo un equipo femenino como tal, sino que en el ya existente en la universidad se integraron seis mujeres, que entrenaban en un clima de absoluta normalidad con sus compa\u00f1eros masculinos. Participaron en veladas de exhibici\u00f3n y, como en aquellos momentos eran las \u00fanicas luchadoras en el circuito, lo normal es que tres de ellas se quedaran en el equipo de la Universidad de La Laguna mientras que las restantes se integraban en el equipo contrario y compet\u00edan entre ellas.<\/p>\n<div id=\"attachment_41997\" style=\"width: 310px\" class=\"wp-caption alignright\"><a href=\"https:\/\/www.ull.es\/portal\/noticias\/wp-content\/uploads\/sites\/13\/2019\/01\/lucha-femenina-ull-02.jpg\" target=\"_blank\" rel=\"noopener\" target=\"_blank\" rel=\"noopener\"><img aria-describedby=\"caption-attachment-41997\" decoding=\"async\" loading=\"lazy\" class=\"wp-image-41997 size-medium\" src=\"https:\/\/www.ull.es\/portal\/noticias\/wp-content\/uploads\/sites\/13\/2019\/01\/lucha-femenina-ull-02-300x200.jpg\" alt=\"Imagne de grupo de lucha canaria femenina\" width=\"300\" height=\"200\" srcset=\"https:\/\/www.ull.es\/portal\/noticias\/wp-content\/uploads\/sites\/13\/2019\/01\/lucha-femenina-ull-02-300x200.jpg 300w, https:\/\/www.ull.es\/portal\/noticias\/wp-content\/uploads\/sites\/13\/2019\/01\/lucha-femenina-ull-02-768x512.jpg 768w, https:\/\/www.ull.es\/portal\/noticias\/wp-content\/uploads\/sites\/13\/2019\/01\/lucha-femenina-ull-02-1024x683.jpg 1024w, https:\/\/www.ull.es\/portal\/noticias\/wp-content\/uploads\/sites\/13\/2019\/01\/lucha-femenina-ull-02-375x250.jpg 375w, https:\/\/www.ull.es\/portal\/noticias\/wp-content\/uploads\/sites\/13\/2019\/01\/lucha-femenina-ull-02-750x500.jpg 750w, https:\/\/www.ull.es\/portal\/noticias\/wp-content\/uploads\/sites\/13\/2019\/01\/lucha-femenina-ull-02-1140x760.jpg 1140w, https:\/\/www.ull.es\/portal\/noticias\/wp-content\/uploads\/sites\/13\/2019\/01\/lucha-femenina-ull-02.jpg 1200w\" sizes=\"(max-width: 300px) 100vw, 300px\" \/><\/a><p id=\"caption-attachment-41997\" class=\"wp-caption-text\">Imagen de grupo del equipo de lucha de la ULL que cont\u00f3 por primera vez con integrantes femeninas.<\/p>\n<div>Foto: cedida por Alberto Sim\u00f3<\/div>\n<p><\/p><\/div>\n<p>Como recuerda por su parte el especialista en historia de la lucha canaria Alberto Sim\u00f3, todas las luchadoras ten\u00edan un bagaje previo en artes marciales e, inicialmente, participaban en luchadas celebradas en Tenerife, si bien con el tiempo llegaron a acompa\u00f1ar al equipo masculino a La Palma y El Hierro. \u201cAs\u00ed, estimuladas por el paso al frente de las pioneras, bastantes contempor\u00e1neas fueron conformando equipos para auge del colectivo\u201d, explica Sim\u00f3.<\/p>\n<p>&nbsp;<\/p>\n","protected":false},"excerpt":{"rendered":"<p>La Federaci\u00f3n de Lucha Canaria de Tenerife organiz\u00f3 recientemente una gala para celebrar el 75\u00ba aniversario de la creaci\u00f3n de&#8230;<\/p>\n","protected":false},"author":21,"featured_media":41993,"comment_status":"closed","ping_status":"closed","sticky":false,"template":"","format":"standard","meta":{"inline_featured_image":false,"footnotes":""},"categories":[345,348,2765,4452],"tags":[4743,5298],"acf":[],"yoast_head":"<!-- This site is optimized with the Yoast SEO plugin v21.3 - https:\/\/yoast.com\/wordpress\/plugins\/seo\/ -->\n<title>La Federaci\u00f3n de Lucha Canaria reconoci\u00f3 a la ULL como instituci\u00f3n pionera en contar con un equipo femenino - ULL - Noticias<\/title>\n<meta name=\"description\" content=\"La Federaci\u00f3n de Lucha Canaria de Tenerife organiz\u00f3 una gala por el 75\u00ba aniversario de la creaci\u00f3n de la primera organizaci\u00f3n federada en la isla. Durante el acto se reconoci\u00f3 a figuras que han engrandecido la historia de este deporte, entre ellas a la ULL por su pionero equipo femenino a mediados de los a\u00f1os 70.\" \/>\n<meta name=\"robots\" content=\"index, follow, max-snippet:-1, max-image-preview:large, max-video-preview:-1\" \/>\n<link rel=\"canonical\" href=\"https:\/\/www.ull.es\/portal\/noticias\/2019\/ull-reconocida-pionera-lucha-femenina\/\" \/>\n<meta property=\"og:locale\" content=\"es_ES\" \/>\n<meta property=\"og:type\" content=\"article\" \/>\n<meta property=\"og:title\" content=\"La Federaci\u00f3n de Lucha Canaria reconoci\u00f3 a la ULL como instituci\u00f3n pionera en contar con un equipo femenino - ULL - Noticias\" \/>\n<meta property=\"og:description\" content=\"La Federaci\u00f3n de Lucha Canaria de Tenerife organiz\u00f3 una gala por el 75\u00ba aniversario de la creaci\u00f3n de la primera organizaci\u00f3n federada en la isla. Durante el acto se reconoci\u00f3 a figuras que han engrandecido la historia de este deporte, entre ellas a la ULL por su pionero equipo femenino a mediados de los a\u00f1os 70.\" \/>\n<meta property=\"og:url\" content=\"https:\/\/www.ull.es\/portal\/noticias\/2019\/ull-reconocida-pionera-lucha-femenina\/\" \/>\n<meta property=\"og:site_name\" content=\"ULL - Noticias\" \/>\n<meta property=\"article:publisher\" content=\"https:\/\/www.facebook.com\/universidaddelalaguna\/\" \/>\n<meta property=\"article:published_time\" content=\"2019-01-30T13:44:21+00:00\" \/>\n<meta property=\"og:image\" content=\"https:\/\/www.ull.es\/portal\/noticias\/wp-content\/uploads\/sites\/13\/2019\/01\/reconocimiento-lucha-canaria-ull.jpg\" \/>\n\t<meta property=\"og:image:width\" content=\"1200\" \/>\n\t<meta property=\"og:image:height\" content=\"800\" \/>\n\t<meta property=\"og:image:type\" content=\"image\/jpeg\" \/>\n<meta name=\"author\" content=\"prensa2\" \/>\n<meta name=\"twitter:card\" content=\"summary_large_image\" \/>\n<meta name=\"twitter:creator\" content=\"@CanalULL\" \/>\n<meta name=\"twitter:site\" content=\"@CanalULL\" \/>\n<meta name=\"twitter:label1\" content=\"Escrito por\" \/>\n\t<meta name=\"twitter:data1\" content=\"prensa2\" \/>\n\t<meta name=\"twitter:label2\" content=\"Tiempo de lectura\" \/>\n\t<meta name=\"twitter:data2\" content=\"2 minutos\" \/>\n<script type=\"application\/ld+json\" class=\"yoast-schema-graph\">{\"@context\":\"https:\/\/schema.org\",\"@graph\":[{\"@type\":\"WebPage\",\"@id\":\"https:\/\/www.ull.es\/portal\/noticias\/2019\/ull-reconocida-pionera-lucha-femenina\/\",\"url\":\"https:\/\/www.ull.es\/portal\/noticias\/2019\/ull-reconocida-pionera-lucha-femenina\/\",\"name\":\"La Federaci\u00f3n de Lucha Canaria reconoci\u00f3 a la ULL como instituci\u00f3n pionera en contar con un equipo femenino - ULL - Noticias\",\"isPartOf\":{\"@id\":\"https:\/\/www.ull.es\/portal\/noticias\/#website\"},\"datePublished\":\"2019-01-30T13:44:21+00:00\",\"dateModified\":\"2019-01-30T13:44:21+00:00\",\"author\":{\"@id\":\"https:\/\/www.ull.es\/portal\/noticias\/#\/schema\/person\/c3b2aa857797592927a03740d6664376\"},\"description\":\"La Federaci\u00f3n de Lucha Canaria de Tenerife organiz\u00f3 una gala por el 75\u00ba aniversario de la creaci\u00f3n de la primera organizaci\u00f3n federada en la isla. Durante el acto se reconoci\u00f3 a figuras que han engrandecido la historia de este deporte, entre ellas a la ULL por su pionero equipo femenino a mediados de los a\u00f1os 70.\",\"breadcrumb\":{\"@id\":\"https:\/\/www.ull.es\/portal\/noticias\/2019\/ull-reconocida-pionera-lucha-femenina\/#breadcrumb\"},\"inLanguage\":\"es\",\"potentialAction\":[{\"@type\":\"ReadAction\",\"target\":[\"https:\/\/www.ull.es\/portal\/noticias\/2019\/ull-reconocida-pionera-lucha-femenina\/\"]}]},{\"@type\":\"BreadcrumbList\",\"@id\":\"https:\/\/www.ull.es\/portal\/noticias\/2019\/ull-reconocida-pionera-lucha-femenina\/#breadcrumb\",\"itemListElement\":[{\"@type\":\"ListItem\",\"position\":1,\"name\":\"Portada\",\"item\":\"https:\/\/www.ull.es\/portal\/noticias\/\"},{\"@type\":\"ListItem\",\"position\":2,\"name\":\"La Federaci\u00f3n de Lucha Canaria reconoci\u00f3 a la ULL como instituci\u00f3n pionera en contar con un equipo femenino\"}]},{\"@type\":\"WebSite\",\"@id\":\"https:\/\/www.ull.es\/portal\/noticias\/#website\",\"url\":\"https:\/\/www.ull.es\/portal\/noticias\/\",\"name\":\"ULL - Noticias\",\"description\":\"\",\"potentialAction\":[{\"@type\":\"SearchAction\",\"target\":{\"@type\":\"EntryPoint\",\"urlTemplate\":\"https:\/\/www.ull.es\/portal\/noticias\/?s={search_term_string}\"},\"query-input\":\"required name=search_term_string\"}],\"inLanguage\":\"es\"},{\"@type\":\"Person\",\"@id\":\"https:\/\/www.ull.es\/portal\/noticias\/#\/schema\/person\/c3b2aa857797592927a03740d6664376\",\"name\":\"prensa2\",\"image\":{\"@type\":\"ImageObject\",\"inLanguage\":\"es\",\"@id\":\"https:\/\/www.ull.es\/portal\/noticias\/#\/schema\/person\/image\/\",\"url\":\"https:\/\/secure.gravatar.com\/avatar\/b58f310a5de5feb33d1e026d2493f23c?s=96&d=mm&r=g\",\"contentUrl\":\"https:\/\/secure.gravatar.com\/avatar\/b58f310a5de5feb33d1e026d2493f23c?s=96&d=mm&r=g\",\"caption\":\"prensa2\"},\"url\":\"https:\/\/www.ull.es\/portal\/noticias\/author\/prensa2\/\"}]}<\/script>\n<!-- \/ Yoast SEO plugin. -->","yoast_head_json":{"title":"La Federaci\u00f3n de Lucha Canaria reconoci\u00f3 a la ULL como instituci\u00f3n pionera en contar con un equipo femenino - ULL - Noticias","description":"La Federaci\u00f3n de Lucha Canaria de Tenerife organiz\u00f3 una gala por el 75\u00ba aniversario de la creaci\u00f3n de la primera organizaci\u00f3n federada en la isla. Durante el acto se reconoci\u00f3 a figuras que han engrandecido la historia de este deporte, entre ellas a la ULL por su pionero equipo femenino a mediados de los a\u00f1os 70.","robots":{"index":"index","follow":"follow","max-snippet":"max-snippet:-1","max-image-preview":"max-image-preview:large","max-video-preview":"max-video-preview:-1"},"canonical":"https:\/\/www.ull.es\/portal\/noticias\/2019\/ull-reconocida-pionera-lucha-femenina\/","og_locale":"es_ES","og_type":"article","og_title":"La Federaci\u00f3n de Lucha Canaria reconoci\u00f3 a la ULL como instituci\u00f3n pionera en contar con un equipo femenino - ULL - Noticias","og_description":"La Federaci\u00f3n de Lucha Canaria de Tenerife organiz\u00f3 una gala por el 75\u00ba aniversario de la creaci\u00f3n de la primera organizaci\u00f3n federada en la isla. Durante el acto se reconoci\u00f3 a figuras que han engrandecido la historia de este deporte, entre ellas a la ULL por su pionero equipo femenino a mediados de los a\u00f1os 70.","og_url":"https:\/\/www.ull.es\/portal\/noticias\/2019\/ull-reconocida-pionera-lucha-femenina\/","og_site_name":"ULL - Noticias","article_publisher":"https:\/\/www.facebook.com\/universidaddelalaguna\/","article_published_time":"2019-01-30T13:44:21+00:00","og_image":[{"width":1200,"height":800,"url":"https:\/\/www.ull.es\/portal\/noticias\/wp-content\/uploads\/sites\/13\/2019\/01\/reconocimiento-lucha-canaria-ull.jpg","type":"image\/jpeg"}],"author":"prensa2","twitter_card":"summary_large_image","twitter_creator":"@CanalULL","twitter_site":"@CanalULL","twitter_misc":{"Escrito por":"prensa2","Tiempo de lectura":"2 minutos"},"schema":{"@context":"https:\/\/schema.org","@graph":[{"@type":"WebPage","@id":"https:\/\/www.ull.es\/portal\/noticias\/2019\/ull-reconocida-pionera-lucha-femenina\/","url":"https:\/\/www.ull.es\/portal\/noticias\/2019\/ull-reconocida-pionera-lucha-femenina\/","name":"La Federaci\u00f3n de Lucha Canaria reconoci\u00f3 a la ULL como instituci\u00f3n pionera en contar con un equipo femenino - ULL - Noticias","isPartOf":{"@id":"https:\/\/www.ull.es\/portal\/noticias\/#website"},"datePublished":"2019-01-30T13:44:21+00:00","dateModified":"2019-01-30T13:44:21+00:00","author":{"@id":"https:\/\/www.ull.es\/portal\/noticias\/#\/schema\/person\/c3b2aa857797592927a03740d6664376"},"description":"La Federaci\u00f3n de Lucha Canaria de Tenerife organiz\u00f3 una gala por el 75\u00ba aniversario de la creaci\u00f3n de la primera organizaci\u00f3n federada en la isla. Durante el acto se reconoci\u00f3 a figuras que han engrandecido la historia de este deporte, entre ellas a la ULL por su pionero equipo femenino a mediados de los a\u00f1os 70.","breadcrumb":{"@id":"https:\/\/www.ull.es\/portal\/noticias\/2019\/ull-reconocida-pionera-lucha-femenina\/#breadcrumb"},"inLanguage":"es","potentialAction":[{"@type":"ReadAction","target":["https:\/\/www.ull.es\/portal\/noticias\/2019\/ull-reconocida-pionera-lucha-femenina\/"]}]},{"@type":"BreadcrumbList","@id":"https:\/\/www.ull.es\/portal\/noticias\/2019\/ull-reconocida-pionera-lucha-femenina\/#breadcrumb","itemListElement":[{"@type":"ListItem","position":1,"name":"Portada","item":"https:\/\/www.ull.es\/portal\/noticias\/"},{"@type":"ListItem","position":2,"name":"La Federaci\u00f3n de Lucha Canaria reconoci\u00f3 a la ULL como instituci\u00f3n pionera en contar con un equipo femenino"}]},{"@type":"WebSite","@id":"https:\/\/www.ull.es\/portal\/noticias\/#website","url":"https:\/\/www.ull.es\/portal\/noticias\/","name":"ULL - Noticias","description":"","potentialAction":[{"@type":"SearchAction","target":{"@type":"EntryPoint","urlTemplate":"https:\/\/www.ull.es\/portal\/noticias\/?s={search_term_string}"},"query-input":"required name=search_term_string"}],"inLanguage":"es"},{"@type":"Person","@id":"https:\/\/www.ull.es\/portal\/noticias\/#\/schema\/person\/c3b2aa857797592927a03740d6664376","name":"prensa2","image":{"@type":"ImageObject","inLanguage":"es","@id":"https:\/\/www.ull.es\/portal\/noticias\/#\/schema\/person\/image\/","url":"https:\/\/secure.gravatar.com\/avatar\/b58f310a5de5feb33d1e026d2493f23c?s=96&d=mm&r=g","contentUrl":"https:\/\/secure.gravatar.com\/avatar\/b58f310a5de5feb33d1e026d2493f23c?s=96&d=mm&r=g","caption":"prensa2"},"url":"https:\/\/www.ull.es\/portal\/noticias\/author\/prensa2\/"}]}},"primary_category":{"id":345,"name":"Destacado","slug":"destacado","link":"https:\/\/www.ull.es\/portal\/noticias\/category\/destacado\/"},"featured_image_thumbnail_url":"https:\/\/www.ull.es\/portal\/noticias\/wp-content\/uploads\/sites\/13\/2019\/01\/reconocimiento-lucha-canaria-ull-300x200.jpg","_links":{"self":[{"href":"https:\/\/www.ull.es\/portal\/noticias\/wp-json\/wp\/v2\/posts\/41992"}],"collection":[{"href":"https:\/\/www.ull.es\/portal\/noticias\/wp-json\/wp\/v2\/posts"}],"about":[{"href":"https:\/\/www.ull.es\/portal\/noticias\/wp-json\/wp\/v2\/types\/post"}],"author":[{"embeddable":true,"href":"https:\/\/www.ull.es\/portal\/noticias\/wp-json\/wp\/v2\/users\/21"}],"replies":[{"embeddable":true,"href":"https:\/\/www.ull.es\/portal\/noticias\/wp-json\/wp\/v2\/comments?post=41992"}],"version-history":[{"count":1,"href":"https:\/\/www.ull.es\/portal\/noticias\/wp-json\/wp\/v2\/posts\/41992\/revisions"}],"predecessor-version":[{"id":41998,"href":"https:\/\/www.ull.es\/portal\/noticias\/wp-json\/wp\/v2\/posts\/41992\/revisions\/41998"}],"wp:featuredmedia":[{"embeddable":true,"href":"https:\/\/www.ull.es\/portal\/noticias\/wp-json\/wp\/v2\/media\/41993"}],"wp:attachment":[{"href":"https:\/\/www.ull.es\/portal\/noticias\/wp-json\/wp\/v2\/media?parent=41992"}],"wp:term":[{"taxonomy":"category","embeddable":true,"href":"https:\/\/www.ull.es\/portal\/noticias\/wp-json\/wp\/v2\/categories?post=41992"},{"taxonomy":"post_tag","embeddable":true,"href":"https:\/\/www.ull.es\/portal\/noticias\/wp-json\/wp\/v2\/tags?post=41992"}],"curies":[{"name":"wp","href":"https:\/\/api.w.org\/{rel}","templated":true}]}}