{"id":42049,"date":"2019-02-01T10:34:15","date_gmt":"2019-02-01T10:34:15","guid":{"rendered":"https:\/\/www.ull.es\/portal\/noticias\/?p=42049"},"modified":"2019-02-01T10:34:15","modified_gmt":"2019-02-01T10:34:15","slug":"el-paraninfo-estrena-una-version-musical-feminista-y-reivindicativa-de-antigona","status":"publish","type":"post","link":"https:\/\/www.ull.es\/portal\/noticias\/2019\/el-paraninfo-estrena-una-version-musical-feminista-y-reivindicativa-de-antigona\/","title":{"rendered":"El Paraninfo estrena una versi\u00f3n musical, feminista y reivindicativa de \u2018Ant\u00edgona\u2019"},"content":{"rendered":"<p>El Paraninfo de la Universidad de La Laguna estrenar\u00e1 una versi\u00f3n musical, feminista y reivindicativa del cl\u00e1sico de S\u00f3focles, Ant\u00edgona. La propuesta llega de la mano de Magua Producciones y la directora tinerfe\u00f1a Ariadna Sim\u00f3 que representar\u00e1n esta pieza de teatro musical atemporal este domingo, 3 de febrero, a partir de las 19:30 horas.<\/p>\n<p>Las entradas para asistir a este evento est\u00e1n a la venta al precio general de 10 euros en la p\u00e1gina web del Paraninfo en <a href=\"https:\/\/www.tomaticket.es\/entradas-antigona-tenerife\" target=\"_blank\" rel=\"noopener\">Tomaticket<\/a>.<\/p>\n<p>La compa\u00f1\u00eda teatral revisita el cl\u00e1sico de S\u00f3focles, Ant\u00edgona, conocida como la tragedia de las tragedias. La obra muestra la lucha de una mujer revolucionaria en un mundo donde reina el orden establecido por los hombres. La protagonista desaf\u00eda las leyes dictadas por Creonte y se convierte en la hero\u00edna tr\u00e1gica m\u00e1s rebelde, pero m\u00e1s humana, de la<br \/>\ndramaturgia universal.<\/p>\n<p>El montaje de Ariadna Sim\u00f3, no obstante, no estar\u00e1 ubicado en tiempo ni en espacio ya que la creadora pretende mostrar el car\u00e1cter actual del discurso cl\u00e1sico y trasladarlo a diferentes escenarios de trinchera hist\u00f3rica y barricada social. En ese sentido, Sim\u00f3 explica que el p\u00fablico asistir\u00e1 a una puesta en escena \u201cfeminista, reivindicativa y controvertida en la que la<br \/>\ncatarsis est\u00e1 asegurada\u201d.<\/p>\n<p>Ariadna Sim\u00f3 Gonz\u00e1lez es licenciada en Filosof\u00eda por la Universidad de La Laguna, m\u00e1ster en Performance por The Gaiety School of Acting de Dubl\u00edn y doctora en Direcci\u00f3n Esc\u00e9nica de TeatrMusical por The Trinity College. En la actualidad, es directora de Magua Producciones, as\u00ed como de la Escuela Interpretarte y la compa\u00f1\u00eda teatral Amateatro.<\/p>\n<p>&nbsp;<\/p>\n","protected":false},"excerpt":{"rendered":"<p>El Paraninfo de la Universidad de La Laguna estrenar\u00e1 una versi\u00f3n musical, feminista y reivindicativa del cl\u00e1sico de S\u00f3focles, Ant\u00edgona&#8230;.<\/p>\n","protected":false},"author":65,"featured_media":42051,"comment_status":"closed","ping_status":"closed","sticky":false,"template":"","format":"standard","meta":{"inline_featured_image":false,"footnotes":""},"categories":[344,345,2765],"tags":[5215,2046,2454],"acf":[],"yoast_head":"<!-- This site is optimized with the Yoast SEO plugin v21.3 - https:\/\/yoast.com\/wordpress\/plugins\/seo\/ -->\n<title>El Paraninfo estrena una versi\u00f3n musical, feminista y reivindicativa de \u2018Ant\u00edgona\u2019 - ULL - Noticias<\/title>\n<meta name=\"robots\" content=\"index, follow, max-snippet:-1, max-image-preview:large, max-video-preview:-1\" \/>\n<link rel=\"canonical\" href=\"https:\/\/www.ull.es\/portal\/noticias\/2019\/el-paraninfo-estrena-una-version-musical-feminista-y-reivindicativa-de-antigona\/\" \/>\n<meta property=\"og:locale\" content=\"es_ES\" \/>\n<meta property=\"og:type\" content=\"article\" \/>\n<meta property=\"og:title\" content=\"El Paraninfo estrena una versi\u00f3n musical, feminista y reivindicativa de \u2018Ant\u00edgona\u2019 - ULL - Noticias\" \/>\n<meta property=\"og:description\" content=\"El Paraninfo de la Universidad de La Laguna estrenar\u00e1 una versi\u00f3n musical, feminista y reivindicativa del cl\u00e1sico de S\u00f3focles, Ant\u00edgona....\" \/>\n<meta property=\"og:url\" content=\"https:\/\/www.ull.es\/portal\/noticias\/2019\/el-paraninfo-estrena-una-version-musical-feminista-y-reivindicativa-de-antigona\/\" \/>\n<meta property=\"og:site_name\" content=\"ULL - Noticias\" \/>\n<meta property=\"article:publisher\" content=\"https:\/\/www.facebook.com\/universidaddelalaguna\/\" \/>\n<meta property=\"article:published_time\" content=\"2019-02-01T10:34:15+00:00\" \/>\n<meta property=\"og:image\" content=\"https:\/\/www.ull.es\/portal\/noticias\/wp-content\/uploads\/sites\/13\/2019\/02\/IMG-20190131-WA0003.jpg\" \/>\n\t<meta property=\"og:image:width\" content=\"1200\" \/>\n\t<meta property=\"og:image:height\" content=\"800\" \/>\n\t<meta property=\"og:image:type\" content=\"image\/jpeg\" \/>\n<meta name=\"author\" content=\"gcom4\" \/>\n<meta name=\"twitter:card\" content=\"summary_large_image\" \/>\n<meta name=\"twitter:creator\" content=\"@CanalULL\" \/>\n<meta name=\"twitter:site\" content=\"@CanalULL\" \/>\n<meta name=\"twitter:label1\" content=\"Escrito por\" \/>\n\t<meta name=\"twitter:data1\" content=\"gcom4\" \/>\n\t<meta name=\"twitter:label2\" content=\"Tiempo de lectura\" \/>\n\t<meta name=\"twitter:data2\" content=\"1 minuto\" \/>\n<script type=\"application\/ld+json\" class=\"yoast-schema-graph\">{\"@context\":\"https:\/\/schema.org\",\"@graph\":[{\"@type\":\"WebPage\",\"@id\":\"https:\/\/www.ull.es\/portal\/noticias\/2019\/el-paraninfo-estrena-una-version-musical-feminista-y-reivindicativa-de-antigona\/\",\"url\":\"https:\/\/www.ull.es\/portal\/noticias\/2019\/el-paraninfo-estrena-una-version-musical-feminista-y-reivindicativa-de-antigona\/\",\"name\":\"El Paraninfo estrena una versi\u00f3n musical, feminista y reivindicativa de \u2018Ant\u00edgona\u2019 - ULL - Noticias\",\"isPartOf\":{\"@id\":\"https:\/\/www.ull.es\/portal\/noticias\/#website\"},\"datePublished\":\"2019-02-01T10:34:15+00:00\",\"dateModified\":\"2019-02-01T10:34:15+00:00\",\"author\":{\"@id\":\"https:\/\/www.ull.es\/portal\/noticias\/#\/schema\/person\/9924518fb1ad37d4428e7b5d6f311773\"},\"breadcrumb\":{\"@id\":\"https:\/\/www.ull.es\/portal\/noticias\/2019\/el-paraninfo-estrena-una-version-musical-feminista-y-reivindicativa-de-antigona\/#breadcrumb\"},\"inLanguage\":\"es\",\"potentialAction\":[{\"@type\":\"ReadAction\",\"target\":[\"https:\/\/www.ull.es\/portal\/noticias\/2019\/el-paraninfo-estrena-una-version-musical-feminista-y-reivindicativa-de-antigona\/\"]}]},{\"@type\":\"BreadcrumbList\",\"@id\":\"https:\/\/www.ull.es\/portal\/noticias\/2019\/el-paraninfo-estrena-una-version-musical-feminista-y-reivindicativa-de-antigona\/#breadcrumb\",\"itemListElement\":[{\"@type\":\"ListItem\",\"position\":1,\"name\":\"Portada\",\"item\":\"https:\/\/www.ull.es\/portal\/noticias\/\"},{\"@type\":\"ListItem\",\"position\":2,\"name\":\"El Paraninfo estrena una versi\u00f3n musical, feminista y reivindicativa de \u2018Ant\u00edgona\u2019\"}]},{\"@type\":\"WebSite\",\"@id\":\"https:\/\/www.ull.es\/portal\/noticias\/#website\",\"url\":\"https:\/\/www.ull.es\/portal\/noticias\/\",\"name\":\"ULL - Noticias\",\"description\":\"\",\"potentialAction\":[{\"@type\":\"SearchAction\",\"target\":{\"@type\":\"EntryPoint\",\"urlTemplate\":\"https:\/\/www.ull.es\/portal\/noticias\/?s={search_term_string}\"},\"query-input\":\"required name=search_term_string\"}],\"inLanguage\":\"es\"},{\"@type\":\"Person\",\"@id\":\"https:\/\/www.ull.es\/portal\/noticias\/#\/schema\/person\/9924518fb1ad37d4428e7b5d6f311773\",\"name\":\"gcom4\",\"image\":{\"@type\":\"ImageObject\",\"inLanguage\":\"es\",\"@id\":\"https:\/\/www.ull.es\/portal\/noticias\/#\/schema\/person\/image\/\",\"url\":\"https:\/\/secure.gravatar.com\/avatar\/a5d1f5573f10617ccfcc209aaf6aa7fb?s=96&d=mm&r=g\",\"contentUrl\":\"https:\/\/secure.gravatar.com\/avatar\/a5d1f5573f10617ccfcc209aaf6aa7fb?s=96&d=mm&r=g\",\"caption\":\"gcom4\"},\"url\":\"https:\/\/www.ull.es\/portal\/noticias\/author\/gcom4\/\"}]}<\/script>\n<!-- \/ Yoast SEO plugin. -->","yoast_head_json":{"title":"El Paraninfo estrena una versi\u00f3n musical, feminista y reivindicativa de \u2018Ant\u00edgona\u2019 - ULL - Noticias","robots":{"index":"index","follow":"follow","max-snippet":"max-snippet:-1","max-image-preview":"max-image-preview:large","max-video-preview":"max-video-preview:-1"},"canonical":"https:\/\/www.ull.es\/portal\/noticias\/2019\/el-paraninfo-estrena-una-version-musical-feminista-y-reivindicativa-de-antigona\/","og_locale":"es_ES","og_type":"article","og_title":"El Paraninfo estrena una versi\u00f3n musical, feminista y reivindicativa de \u2018Ant\u00edgona\u2019 - ULL - Noticias","og_description":"El Paraninfo de la Universidad de La Laguna estrenar\u00e1 una versi\u00f3n musical, feminista y reivindicativa del cl\u00e1sico de S\u00f3focles, Ant\u00edgona....","og_url":"https:\/\/www.ull.es\/portal\/noticias\/2019\/el-paraninfo-estrena-una-version-musical-feminista-y-reivindicativa-de-antigona\/","og_site_name":"ULL - Noticias","article_publisher":"https:\/\/www.facebook.com\/universidaddelalaguna\/","article_published_time":"2019-02-01T10:34:15+00:00","og_image":[{"width":1200,"height":800,"url":"https:\/\/www.ull.es\/portal\/noticias\/wp-content\/uploads\/sites\/13\/2019\/02\/IMG-20190131-WA0003.jpg","type":"image\/jpeg"}],"author":"gcom4","twitter_card":"summary_large_image","twitter_creator":"@CanalULL","twitter_site":"@CanalULL","twitter_misc":{"Escrito por":"gcom4","Tiempo de lectura":"1 minuto"},"schema":{"@context":"https:\/\/schema.org","@graph":[{"@type":"WebPage","@id":"https:\/\/www.ull.es\/portal\/noticias\/2019\/el-paraninfo-estrena-una-version-musical-feminista-y-reivindicativa-de-antigona\/","url":"https:\/\/www.ull.es\/portal\/noticias\/2019\/el-paraninfo-estrena-una-version-musical-feminista-y-reivindicativa-de-antigona\/","name":"El Paraninfo estrena una versi\u00f3n musical, feminista y reivindicativa de \u2018Ant\u00edgona\u2019 - ULL - Noticias","isPartOf":{"@id":"https:\/\/www.ull.es\/portal\/noticias\/#website"},"datePublished":"2019-02-01T10:34:15+00:00","dateModified":"2019-02-01T10:34:15+00:00","author":{"@id":"https:\/\/www.ull.es\/portal\/noticias\/#\/schema\/person\/9924518fb1ad37d4428e7b5d6f311773"},"breadcrumb":{"@id":"https:\/\/www.ull.es\/portal\/noticias\/2019\/el-paraninfo-estrena-una-version-musical-feminista-y-reivindicativa-de-antigona\/#breadcrumb"},"inLanguage":"es","potentialAction":[{"@type":"ReadAction","target":["https:\/\/www.ull.es\/portal\/noticias\/2019\/el-paraninfo-estrena-una-version-musical-feminista-y-reivindicativa-de-antigona\/"]}]},{"@type":"BreadcrumbList","@id":"https:\/\/www.ull.es\/portal\/noticias\/2019\/el-paraninfo-estrena-una-version-musical-feminista-y-reivindicativa-de-antigona\/#breadcrumb","itemListElement":[{"@type":"ListItem","position":1,"name":"Portada","item":"https:\/\/www.ull.es\/portal\/noticias\/"},{"@type":"ListItem","position":2,"name":"El Paraninfo estrena una versi\u00f3n musical, feminista y reivindicativa de \u2018Ant\u00edgona\u2019"}]},{"@type":"WebSite","@id":"https:\/\/www.ull.es\/portal\/noticias\/#website","url":"https:\/\/www.ull.es\/portal\/noticias\/","name":"ULL - Noticias","description":"","potentialAction":[{"@type":"SearchAction","target":{"@type":"EntryPoint","urlTemplate":"https:\/\/www.ull.es\/portal\/noticias\/?s={search_term_string}"},"query-input":"required name=search_term_string"}],"inLanguage":"es"},{"@type":"Person","@id":"https:\/\/www.ull.es\/portal\/noticias\/#\/schema\/person\/9924518fb1ad37d4428e7b5d6f311773","name":"gcom4","image":{"@type":"ImageObject","inLanguage":"es","@id":"https:\/\/www.ull.es\/portal\/noticias\/#\/schema\/person\/image\/","url":"https:\/\/secure.gravatar.com\/avatar\/a5d1f5573f10617ccfcc209aaf6aa7fb?s=96&d=mm&r=g","contentUrl":"https:\/\/secure.gravatar.com\/avatar\/a5d1f5573f10617ccfcc209aaf6aa7fb?s=96&d=mm&r=g","caption":"gcom4"},"url":"https:\/\/www.ull.es\/portal\/noticias\/author\/gcom4\/"}]}},"primary_category":{"id":2765,"name":"Portada ULL","slug":"portada-ull","link":"https:\/\/www.ull.es\/portal\/noticias\/category\/portada-ull\/"},"featured_image_thumbnail_url":"https:\/\/www.ull.es\/portal\/noticias\/wp-content\/uploads\/sites\/13\/2019\/02\/IMG-20190131-WA0003-300x200.jpg","_links":{"self":[{"href":"https:\/\/www.ull.es\/portal\/noticias\/wp-json\/wp\/v2\/posts\/42049"}],"collection":[{"href":"https:\/\/www.ull.es\/portal\/noticias\/wp-json\/wp\/v2\/posts"}],"about":[{"href":"https:\/\/www.ull.es\/portal\/noticias\/wp-json\/wp\/v2\/types\/post"}],"author":[{"embeddable":true,"href":"https:\/\/www.ull.es\/portal\/noticias\/wp-json\/wp\/v2\/users\/65"}],"replies":[{"embeddable":true,"href":"https:\/\/www.ull.es\/portal\/noticias\/wp-json\/wp\/v2\/comments?post=42049"}],"version-history":[{"count":1,"href":"https:\/\/www.ull.es\/portal\/noticias\/wp-json\/wp\/v2\/posts\/42049\/revisions"}],"predecessor-version":[{"id":42052,"href":"https:\/\/www.ull.es\/portal\/noticias\/wp-json\/wp\/v2\/posts\/42049\/revisions\/42052"}],"wp:featuredmedia":[{"embeddable":true,"href":"https:\/\/www.ull.es\/portal\/noticias\/wp-json\/wp\/v2\/media\/42051"}],"wp:attachment":[{"href":"https:\/\/www.ull.es\/portal\/noticias\/wp-json\/wp\/v2\/media?parent=42049"}],"wp:term":[{"taxonomy":"category","embeddable":true,"href":"https:\/\/www.ull.es\/portal\/noticias\/wp-json\/wp\/v2\/categories?post=42049"},{"taxonomy":"post_tag","embeddable":true,"href":"https:\/\/www.ull.es\/portal\/noticias\/wp-json\/wp\/v2\/tags?post=42049"}],"curies":[{"name":"wp","href":"https:\/\/api.w.org\/{rel}","templated":true}]}}