{"id":42173,"date":"2019-02-06T14:34:42","date_gmt":"2019-02-06T14:34:42","guid":{"rendered":"https:\/\/www.ull.es\/portal\/noticias\/?p=42173"},"modified":"2019-02-06T14:34:42","modified_gmt":"2019-02-06T14:34:42","slug":"la-universidad-de-la-laguna-acerca-la-pedagogia-waldorf-a-los-estudiantes","status":"publish","type":"post","link":"https:\/\/www.ull.es\/portal\/noticias\/2019\/la-universidad-de-la-laguna-acerca-la-pedagogia-waldorf-a-los-estudiantes\/","title":{"rendered":"La Universidad de La Laguna acerca la pedagog\u00eda Waldorf a los estudiantes"},"content":{"rendered":"<p>El rector de la Universidad de La Laguna, Antonio Martin\u00f3n, ha suscrito hoy 6 de febrero un convenio de colaboraci\u00f3n con el presidente de la Asociaci\u00f3n para el Impulso a las Iniciativas Pedag\u00f3gicas Libres, Xavier Al\u00e0, con el objeto de acercar el sistema pedag\u00f3gico Waldorf-Steiner a los estudiantes a trav\u00e9s de cursos de extensi\u00f3n universitaria, entre otros prop\u00f3sitos.<\/p>\n<p>Esta asociaci\u00f3n apoya iniciativas pedag\u00f3gicas que supongan una innovaci\u00f3n educativa. En este caso, este modelo alem\u00e1n, que cumple ahora un siglo de funcionamiento, propone sobre todo en edades tempranas vehiculizar la educaci\u00f3n a trav\u00e9s de actividades pr\u00e1cticas y juegos creativos, potenciando la expresi\u00f3n art\u00edstica y las capacidades sociales. En edades m\u00e1s avanzadas, el razonamiento y la empat\u00eda constituyen dos elementos claves de este sistema.<\/p>\n<p>As\u00ed, a trav\u00e9s del Vicerrectorado de Relaciones con la Sociedad, se propone celebrar diversos cursos de extensi\u00f3n universitaria para que tanto alumnado como profesorado se aproximen a este m\u00e9todo de ense\u00f1anza, en el cual est\u00e1 muy implicada la profesora de la Facultad de Educaci\u00f3n Pilar Gil Fr\u00edas, presente tambi\u00e9n en el acto de firma.<\/p>\n<p>Igualmente se ha pensado que alguno de los trabajos fin de grado de las titulaciones de Maestro traten sobre esta pedagog\u00eda. El acuerdo prev\u00e9 asimismo la colaboraci\u00f3n en otros \u00e1mbitos como las pr\u00e1cticas curriculares, algunas de las cuales ya se est\u00e1n llevando a cabo, el establecimiento de becas y ayudas o la realizaci\u00f3n de distintas publicaciones.<\/p>\n","protected":false},"excerpt":{"rendered":"<p>El rector de la Universidad de La Laguna, Antonio Martin\u00f3n, ha suscrito hoy 6 de febrero un convenio de colaboraci\u00f3n&#8230;<\/p>\n","protected":false},"author":23,"featured_media":42180,"comment_status":"closed","ping_status":"closed","sticky":false,"template":"","format":"standard","meta":{"inline_featured_image":false,"footnotes":""},"categories":[345,348,2765],"tags":[2071,5333],"acf":[],"yoast_head":"<!-- This site is optimized with the Yoast SEO plugin v21.3 - https:\/\/yoast.com\/wordpress\/plugins\/seo\/ -->\n<title>La Universidad de La Laguna acerca la pedagog\u00eda Waldorf a los estudiantes - ULL - Noticias<\/title>\n<meta name=\"description\" content=\"El rector de la Universidad de La Laguna ha suscrito hoy un convenio de colaboraci\u00f3n con el presidente de la Asociaci\u00f3n para el Impulso a las Iniciativas Pedag\u00f3gicas Libres con el objeto de acercar el sistema pedag\u00f3gico Waldorf-Steiner a los estudiantes a trav\u00e9s de cursos de extensi\u00f3n universitaria.\" \/>\n<meta name=\"robots\" content=\"index, follow, max-snippet:-1, max-image-preview:large, max-video-preview:-1\" \/>\n<link rel=\"canonical\" href=\"https:\/\/www.ull.es\/portal\/noticias\/2019\/la-universidad-de-la-laguna-acerca-la-pedagogia-waldorf-a-los-estudiantes\/\" \/>\n<meta property=\"og:locale\" content=\"es_ES\" \/>\n<meta property=\"og:type\" content=\"article\" \/>\n<meta property=\"og:title\" content=\"La Universidad de La Laguna acerca la pedagog\u00eda Waldorf a los estudiantes - ULL - Noticias\" \/>\n<meta property=\"og:description\" content=\"El rector de la Universidad de La Laguna ha suscrito hoy un convenio de colaboraci\u00f3n con el presidente de la Asociaci\u00f3n para el Impulso a las Iniciativas Pedag\u00f3gicas Libres con el objeto de acercar el sistema pedag\u00f3gico Waldorf-Steiner a los estudiantes a trav\u00e9s de cursos de extensi\u00f3n universitaria.\" \/>\n<meta property=\"og:url\" content=\"https:\/\/www.ull.es\/portal\/noticias\/2019\/la-universidad-de-la-laguna-acerca-la-pedagogia-waldorf-a-los-estudiantes\/\" \/>\n<meta property=\"og:site_name\" content=\"ULL - Noticias\" \/>\n<meta property=\"article:publisher\" content=\"https:\/\/www.facebook.com\/universidaddelalaguna\/\" \/>\n<meta property=\"article:published_time\" content=\"2019-02-06T14:34:42+00:00\" \/>\n<meta property=\"og:image\" content=\"https:\/\/www.ull.es\/portal\/noticias\/wp-content\/uploads\/sites\/13\/2019\/02\/Foto-firma-convenio.jpg\" \/>\n\t<meta property=\"og:image:width\" content=\"1200\" \/>\n\t<meta property=\"og:image:height\" content=\"800\" \/>\n\t<meta property=\"og:image:type\" content=\"image\/jpeg\" \/>\n<meta name=\"author\" content=\"gaprsa\" \/>\n<meta name=\"twitter:card\" content=\"summary_large_image\" \/>\n<meta name=\"twitter:creator\" content=\"@CanalULL\" \/>\n<meta name=\"twitter:site\" content=\"@CanalULL\" \/>\n<meta name=\"twitter:label1\" content=\"Escrito por\" \/>\n\t<meta name=\"twitter:data1\" content=\"gaprsa\" \/>\n\t<meta name=\"twitter:label2\" content=\"Tiempo de lectura\" \/>\n\t<meta name=\"twitter:data2\" content=\"1 minuto\" \/>\n<script type=\"application\/ld+json\" class=\"yoast-schema-graph\">{\"@context\":\"https:\/\/schema.org\",\"@graph\":[{\"@type\":\"WebPage\",\"@id\":\"https:\/\/www.ull.es\/portal\/noticias\/2019\/la-universidad-de-la-laguna-acerca-la-pedagogia-waldorf-a-los-estudiantes\/\",\"url\":\"https:\/\/www.ull.es\/portal\/noticias\/2019\/la-universidad-de-la-laguna-acerca-la-pedagogia-waldorf-a-los-estudiantes\/\",\"name\":\"La Universidad de La Laguna acerca la pedagog\u00eda Waldorf a los estudiantes - ULL - Noticias\",\"isPartOf\":{\"@id\":\"https:\/\/www.ull.es\/portal\/noticias\/#website\"},\"datePublished\":\"2019-02-06T14:34:42+00:00\",\"dateModified\":\"2019-02-06T14:34:42+00:00\",\"author\":{\"@id\":\"https:\/\/www.ull.es\/portal\/noticias\/#\/schema\/person\/b2b1a89d43ffa609e591f7df8ef3e817\"},\"description\":\"El rector de la Universidad de La Laguna ha suscrito hoy un convenio de colaboraci\u00f3n con el presidente de la Asociaci\u00f3n para el Impulso a las Iniciativas Pedag\u00f3gicas Libres con el objeto de acercar el sistema pedag\u00f3gico Waldorf-Steiner a los estudiantes a trav\u00e9s de cursos de extensi\u00f3n universitaria.\",\"breadcrumb\":{\"@id\":\"https:\/\/www.ull.es\/portal\/noticias\/2019\/la-universidad-de-la-laguna-acerca-la-pedagogia-waldorf-a-los-estudiantes\/#breadcrumb\"},\"inLanguage\":\"es\",\"potentialAction\":[{\"@type\":\"ReadAction\",\"target\":[\"https:\/\/www.ull.es\/portal\/noticias\/2019\/la-universidad-de-la-laguna-acerca-la-pedagogia-waldorf-a-los-estudiantes\/\"]}]},{\"@type\":\"BreadcrumbList\",\"@id\":\"https:\/\/www.ull.es\/portal\/noticias\/2019\/la-universidad-de-la-laguna-acerca-la-pedagogia-waldorf-a-los-estudiantes\/#breadcrumb\",\"itemListElement\":[{\"@type\":\"ListItem\",\"position\":1,\"name\":\"Portada\",\"item\":\"https:\/\/www.ull.es\/portal\/noticias\/\"},{\"@type\":\"ListItem\",\"position\":2,\"name\":\"La Universidad de La Laguna acerca la pedagog\u00eda Waldorf a los estudiantes\"}]},{\"@type\":\"WebSite\",\"@id\":\"https:\/\/www.ull.es\/portal\/noticias\/#website\",\"url\":\"https:\/\/www.ull.es\/portal\/noticias\/\",\"name\":\"ULL - Noticias\",\"description\":\"\",\"potentialAction\":[{\"@type\":\"SearchAction\",\"target\":{\"@type\":\"EntryPoint\",\"urlTemplate\":\"https:\/\/www.ull.es\/portal\/noticias\/?s={search_term_string}\"},\"query-input\":\"required name=search_term_string\"}],\"inLanguage\":\"es\"},{\"@type\":\"Person\",\"@id\":\"https:\/\/www.ull.es\/portal\/noticias\/#\/schema\/person\/b2b1a89d43ffa609e591f7df8ef3e817\",\"name\":\"gaprsa\",\"image\":{\"@type\":\"ImageObject\",\"inLanguage\":\"es\",\"@id\":\"https:\/\/www.ull.es\/portal\/noticias\/#\/schema\/person\/image\/\",\"url\":\"https:\/\/secure.gravatar.com\/avatar\/443820550921091458b4823867723b3d?s=96&d=mm&r=g\",\"contentUrl\":\"https:\/\/secure.gravatar.com\/avatar\/443820550921091458b4823867723b3d?s=96&d=mm&r=g\",\"caption\":\"gaprsa\"},\"url\":\"https:\/\/www.ull.es\/portal\/noticias\/author\/gaprsa\/\"}]}<\/script>\n<!-- \/ Yoast SEO plugin. -->","yoast_head_json":{"title":"La Universidad de La Laguna acerca la pedagog\u00eda Waldorf a los estudiantes - ULL - Noticias","description":"El rector de la Universidad de La Laguna ha suscrito hoy un convenio de colaboraci\u00f3n con el presidente de la Asociaci\u00f3n para el Impulso a las Iniciativas Pedag\u00f3gicas Libres con el objeto de acercar el sistema pedag\u00f3gico Waldorf-Steiner a los estudiantes a trav\u00e9s de cursos de extensi\u00f3n universitaria.","robots":{"index":"index","follow":"follow","max-snippet":"max-snippet:-1","max-image-preview":"max-image-preview:large","max-video-preview":"max-video-preview:-1"},"canonical":"https:\/\/www.ull.es\/portal\/noticias\/2019\/la-universidad-de-la-laguna-acerca-la-pedagogia-waldorf-a-los-estudiantes\/","og_locale":"es_ES","og_type":"article","og_title":"La Universidad de La Laguna acerca la pedagog\u00eda Waldorf a los estudiantes - ULL - Noticias","og_description":"El rector de la Universidad de La Laguna ha suscrito hoy un convenio de colaboraci\u00f3n con el presidente de la Asociaci\u00f3n para el Impulso a las Iniciativas Pedag\u00f3gicas Libres con el objeto de acercar el sistema pedag\u00f3gico Waldorf-Steiner a los estudiantes a trav\u00e9s de cursos de extensi\u00f3n universitaria.","og_url":"https:\/\/www.ull.es\/portal\/noticias\/2019\/la-universidad-de-la-laguna-acerca-la-pedagogia-waldorf-a-los-estudiantes\/","og_site_name":"ULL - Noticias","article_publisher":"https:\/\/www.facebook.com\/universidaddelalaguna\/","article_published_time":"2019-02-06T14:34:42+00:00","og_image":[{"width":1200,"height":800,"url":"https:\/\/www.ull.es\/portal\/noticias\/wp-content\/uploads\/sites\/13\/2019\/02\/Foto-firma-convenio.jpg","type":"image\/jpeg"}],"author":"gaprsa","twitter_card":"summary_large_image","twitter_creator":"@CanalULL","twitter_site":"@CanalULL","twitter_misc":{"Escrito por":"gaprsa","Tiempo de lectura":"1 minuto"},"schema":{"@context":"https:\/\/schema.org","@graph":[{"@type":"WebPage","@id":"https:\/\/www.ull.es\/portal\/noticias\/2019\/la-universidad-de-la-laguna-acerca-la-pedagogia-waldorf-a-los-estudiantes\/","url":"https:\/\/www.ull.es\/portal\/noticias\/2019\/la-universidad-de-la-laguna-acerca-la-pedagogia-waldorf-a-los-estudiantes\/","name":"La Universidad de La Laguna acerca la pedagog\u00eda Waldorf a los estudiantes - ULL - Noticias","isPartOf":{"@id":"https:\/\/www.ull.es\/portal\/noticias\/#website"},"datePublished":"2019-02-06T14:34:42+00:00","dateModified":"2019-02-06T14:34:42+00:00","author":{"@id":"https:\/\/www.ull.es\/portal\/noticias\/#\/schema\/person\/b2b1a89d43ffa609e591f7df8ef3e817"},"description":"El rector de la Universidad de La Laguna ha suscrito hoy un convenio de colaboraci\u00f3n con el presidente de la Asociaci\u00f3n para el Impulso a las Iniciativas Pedag\u00f3gicas Libres con el objeto de acercar el sistema pedag\u00f3gico Waldorf-Steiner a los estudiantes a trav\u00e9s de cursos de extensi\u00f3n universitaria.","breadcrumb":{"@id":"https:\/\/www.ull.es\/portal\/noticias\/2019\/la-universidad-de-la-laguna-acerca-la-pedagogia-waldorf-a-los-estudiantes\/#breadcrumb"},"inLanguage":"es","potentialAction":[{"@type":"ReadAction","target":["https:\/\/www.ull.es\/portal\/noticias\/2019\/la-universidad-de-la-laguna-acerca-la-pedagogia-waldorf-a-los-estudiantes\/"]}]},{"@type":"BreadcrumbList","@id":"https:\/\/www.ull.es\/portal\/noticias\/2019\/la-universidad-de-la-laguna-acerca-la-pedagogia-waldorf-a-los-estudiantes\/#breadcrumb","itemListElement":[{"@type":"ListItem","position":1,"name":"Portada","item":"https:\/\/www.ull.es\/portal\/noticias\/"},{"@type":"ListItem","position":2,"name":"La Universidad de La Laguna acerca la pedagog\u00eda Waldorf a los estudiantes"}]},{"@type":"WebSite","@id":"https:\/\/www.ull.es\/portal\/noticias\/#website","url":"https:\/\/www.ull.es\/portal\/noticias\/","name":"ULL - Noticias","description":"","potentialAction":[{"@type":"SearchAction","target":{"@type":"EntryPoint","urlTemplate":"https:\/\/www.ull.es\/portal\/noticias\/?s={search_term_string}"},"query-input":"required name=search_term_string"}],"inLanguage":"es"},{"@type":"Person","@id":"https:\/\/www.ull.es\/portal\/noticias\/#\/schema\/person\/b2b1a89d43ffa609e591f7df8ef3e817","name":"gaprsa","image":{"@type":"ImageObject","inLanguage":"es","@id":"https:\/\/www.ull.es\/portal\/noticias\/#\/schema\/person\/image\/","url":"https:\/\/secure.gravatar.com\/avatar\/443820550921091458b4823867723b3d?s=96&d=mm&r=g","contentUrl":"https:\/\/secure.gravatar.com\/avatar\/443820550921091458b4823867723b3d?s=96&d=mm&r=g","caption":"gaprsa"},"url":"https:\/\/www.ull.es\/portal\/noticias\/author\/gaprsa\/"}]}},"primary_category":{"id":345,"name":"Destacado","slug":"destacado","link":"https:\/\/www.ull.es\/portal\/noticias\/category\/destacado\/"},"featured_image_thumbnail_url":"https:\/\/www.ull.es\/portal\/noticias\/wp-content\/uploads\/sites\/13\/2019\/02\/Foto-firma-convenio-300x200.jpg","_links":{"self":[{"href":"https:\/\/www.ull.es\/portal\/noticias\/wp-json\/wp\/v2\/posts\/42173"}],"collection":[{"href":"https:\/\/www.ull.es\/portal\/noticias\/wp-json\/wp\/v2\/posts"}],"about":[{"href":"https:\/\/www.ull.es\/portal\/noticias\/wp-json\/wp\/v2\/types\/post"}],"author":[{"embeddable":true,"href":"https:\/\/www.ull.es\/portal\/noticias\/wp-json\/wp\/v2\/users\/23"}],"replies":[{"embeddable":true,"href":"https:\/\/www.ull.es\/portal\/noticias\/wp-json\/wp\/v2\/comments?post=42173"}],"version-history":[{"count":2,"href":"https:\/\/www.ull.es\/portal\/noticias\/wp-json\/wp\/v2\/posts\/42173\/revisions"}],"predecessor-version":[{"id":42176,"href":"https:\/\/www.ull.es\/portal\/noticias\/wp-json\/wp\/v2\/posts\/42173\/revisions\/42176"}],"wp:featuredmedia":[{"embeddable":true,"href":"https:\/\/www.ull.es\/portal\/noticias\/wp-json\/wp\/v2\/media\/42180"}],"wp:attachment":[{"href":"https:\/\/www.ull.es\/portal\/noticias\/wp-json\/wp\/v2\/media?parent=42173"}],"wp:term":[{"taxonomy":"category","embeddable":true,"href":"https:\/\/www.ull.es\/portal\/noticias\/wp-json\/wp\/v2\/categories?post=42173"},{"taxonomy":"post_tag","embeddable":true,"href":"https:\/\/www.ull.es\/portal\/noticias\/wp-json\/wp\/v2\/tags?post=42173"}],"curies":[{"name":"wp","href":"https:\/\/api.w.org\/{rel}","templated":true}]}}