{"id":42181,"date":"2019-02-07T09:05:22","date_gmt":"2019-02-07T09:05:22","guid":{"rendered":"https:\/\/www.ull.es\/portal\/noticias\/?p=42181"},"modified":"2019-02-07T18:39:52","modified_gmt":"2019-02-07T18:39:52","slug":"crue-continua-las-conversaciones-con-el-gobierno-sobre-la-regulacion-de-las-practicas-academicas-externas","status":"publish","type":"post","link":"https:\/\/www.ull.es\/portal\/noticias\/2019\/crue-continua-las-conversaciones-con-el-gobierno-sobre-la-regulacion-de-las-practicas-academicas-externas\/","title":{"rendered":"Crue contin\u00faa las conversaciones con el Gobierno sobre\u00a0la regulaci\u00f3n de las pr\u00e1cticas acad\u00e9micas externas"},"content":{"rendered":"<p>Tras la segunda reuni\u00f3n mantenida con los ministerios de Trabajo,\u00a0Migraciones y Seguridad Social y de Ciencia, Innovaci\u00f3n y Universidades, Crue Universidades Espa\u00f1olas se\u00f1ala que:<\/p>\n<p>-las pr\u00e1cticas acad\u00e9micas externas juegan un papel fundamental en la formaci\u00f3n de los estudiantes que hay que garantizar y preservar.<br \/>\n-el objetivo de esta medida es mejorar la cobertura de todos los estudiantes que realicen\u00a0pr\u00e1cticas acad\u00e9micas externas durante su periodo formativo en empresas y organismos\u00a0p\u00fablicos.<br \/>\n-el Gobierno insiste en que en ning\u00fan momento pretende tener un af\u00e1n recaudatorio y\u00a0que, de hecho, se est\u00e1 trabajando en la bonificaci\u00f3n por contingencias comunes, sin\u00a0perjuicio de que el periodo de pr\u00e1cticas est\u00e9 siempre cubierto por estas contingencias.<\/p>\n<p>-Crue Universidades Espa\u00f1olas se mantiene a la espera de que, en los pr\u00f3ximos d\u00edas, la\u00a0Secretar\u00eda de Estado de Seguridad Social traslade a esta instituci\u00f3n un primer borrador\u00a0de desarrollo reglamentario sobre el que se seguir\u00e1 trabajando en una pr\u00f3xima reuni\u00f3n\u00a0prevista para finales de febrero.<br \/>\n-la Secretar\u00eda de Estado de la Seguridad Social ha manifestado su disposici\u00f3n a asumir las\u00a0tareas de gesti\u00f3n necesarias para la aplicaci\u00f3n de esta medida<br \/>\n-Crue Universidades Espa\u00f1olas ha solicitado que la entrada en vigor de dicho reglamento\u00a0sea posterior al 1 de enero de 2020.<br \/>\n-Crue ha manifestado la importancia de que, desde el Ministerio, se mantengan\u00a0conversaciones con todas las partes o implicadas, estudiantes, sindicatos, empresarios,\u00a0consejos sociales y administraciones auton\u00f3micas, a fin de informarles e implicarles\u00a0tambi\u00e9n en el posterior desarrollo reglamentario.<\/p>\n<p>A la reuni\u00f3n han asistido, en representaci\u00f3n de Crue Universidades Espa\u00f1olas, el presidente de\u00a0Crue\u2013Asuntos Acad\u00e9micos y rector de la Universidad Complutense de Madrid, Carlos Andradas;\u00a0el presidente de Crue\u2013Asuntos Estudiantiles y rector de la Universidad de Castilla\u2013La Mancha,\u00a0Miguel \u00c1ngel Collado; la secretaria general de Crue Universidades Espa\u00f1olas, M\u00aa Teresa Lozano;\u00a0la presidenta del Grupo de Trabajo de Empleo de Crue\u2013Asuntos Estudiantiles y vicerrectora de\u00a0Estudiantes y Empleo de la Universidad de Alicante, Nuria Gran\u00e9; y la vocal del Comit\u00e9 Ejecutivo\u00a0de Crue\u2013Gerencias y gerente de la Universidad de La Laguna, Lidia Pereira.<\/p>\n<p>Por parte del\u00a0Ministerio de Ciencia, Innovaci\u00f3n y Universidades han acudido la secretaria de Estado de\u00a0Universidades e I+D+I, \u00c1ngeles Heras, y el secretario general de Universidades, Jos\u00e9 Manuel Pingarr\u00f3n. En representaci\u00f3n del Ministerio de Trabajo, Migraciones y Seguridad Social han\u00a0asistido el secretario de Estado de Seguridad Social, Octavio Granado, y el director general de\u00a0Ordenaci\u00f3n de la Seguridad Social, Borja Su\u00e1rez.<\/p>\n","protected":false},"excerpt":{"rendered":"<p>Tras la segunda reuni\u00f3n mantenida con los ministerios de Trabajo,\u00a0Migraciones y Seguridad Social y de Ciencia, Innovaci\u00f3n y Universidades, Crue&#8230;<\/p>\n","protected":false},"author":23,"featured_media":42184,"comment_status":"closed","ping_status":"closed","sticky":false,"template":"","format":"standard","meta":{"inline_featured_image":false,"footnotes":""},"categories":[343,345,348,2765],"tags":[939,5336],"acf":[],"yoast_head":"<!-- This site is optimized with the Yoast SEO plugin v21.3 - https:\/\/yoast.com\/wordpress\/plugins\/seo\/ -->\n<title>Crue contin\u00faa las conversaciones con el Gobierno sobre\u00a0la regulaci\u00f3n de las pr\u00e1cticas acad\u00e9micas externas - ULL - Noticias<\/title>\n<meta name=\"description\" content=\"Tras la segunda reuni\u00f3n mantenida con los ministerios de Trabajo,\u00a0Migraciones y Seguridad Social y de Ciencia, Innovaci\u00f3n y Universidades, Crue Universidades Espa\u00f1olas se\u00f1ala que las pr\u00e1cticas acad\u00e9micas externas juegan un papel fundamental en la formaci\u00f3n de los estudiantes que hay que garantizar y preservar.\" \/>\n<meta name=\"robots\" content=\"index, follow, max-snippet:-1, max-image-preview:large, max-video-preview:-1\" \/>\n<link rel=\"canonical\" href=\"https:\/\/www.ull.es\/portal\/noticias\/2019\/crue-continua-las-conversaciones-con-el-gobierno-sobre-la-regulacion-de-las-practicas-academicas-externas\/\" \/>\n<meta property=\"og:locale\" content=\"es_ES\" \/>\n<meta property=\"og:type\" content=\"article\" \/>\n<meta property=\"og:title\" content=\"Crue contin\u00faa las conversaciones con el Gobierno sobre\u00a0la regulaci\u00f3n de las pr\u00e1cticas acad\u00e9micas externas - ULL - Noticias\" \/>\n<meta property=\"og:description\" content=\"Tras la segunda reuni\u00f3n mantenida con los ministerios de Trabajo,\u00a0Migraciones y Seguridad Social y de Ciencia, Innovaci\u00f3n y Universidades, Crue Universidades Espa\u00f1olas se\u00f1ala que las pr\u00e1cticas acad\u00e9micas externas juegan un papel fundamental en la formaci\u00f3n de los estudiantes que hay que garantizar y preservar.\" \/>\n<meta property=\"og:url\" content=\"https:\/\/www.ull.es\/portal\/noticias\/2019\/crue-continua-las-conversaciones-con-el-gobierno-sobre-la-regulacion-de-las-practicas-academicas-externas\/\" \/>\n<meta property=\"og:site_name\" content=\"ULL - Noticias\" \/>\n<meta property=\"article:publisher\" content=\"https:\/\/www.facebook.com\/universidaddelalaguna\/\" \/>\n<meta property=\"article:published_time\" content=\"2019-02-07T09:05:22+00:00\" \/>\n<meta property=\"article:modified_time\" content=\"2019-02-07T18:39:52+00:00\" \/>\n<meta property=\"og:image\" content=\"https:\/\/www.ull.es\/portal\/noticias\/wp-content\/uploads\/sites\/13\/2019\/02\/Edif-Central-06.jpg\" \/>\n\t<meta property=\"og:image:width\" content=\"1200\" \/>\n\t<meta property=\"og:image:height\" content=\"800\" \/>\n\t<meta property=\"og:image:type\" content=\"image\/jpeg\" \/>\n<meta name=\"author\" content=\"gaprsa\" \/>\n<meta name=\"twitter:card\" content=\"summary_large_image\" \/>\n<meta name=\"twitter:creator\" content=\"@CanalULL\" \/>\n<meta name=\"twitter:site\" content=\"@CanalULL\" \/>\n<meta name=\"twitter:label1\" content=\"Escrito por\" \/>\n\t<meta name=\"twitter:data1\" content=\"gaprsa\" \/>\n\t<meta name=\"twitter:label2\" content=\"Tiempo de lectura\" \/>\n\t<meta name=\"twitter:data2\" content=\"2 minutos\" \/>\n<script type=\"application\/ld+json\" class=\"yoast-schema-graph\">{\"@context\":\"https:\/\/schema.org\",\"@graph\":[{\"@type\":\"WebPage\",\"@id\":\"https:\/\/www.ull.es\/portal\/noticias\/2019\/crue-continua-las-conversaciones-con-el-gobierno-sobre-la-regulacion-de-las-practicas-academicas-externas\/\",\"url\":\"https:\/\/www.ull.es\/portal\/noticias\/2019\/crue-continua-las-conversaciones-con-el-gobierno-sobre-la-regulacion-de-las-practicas-academicas-externas\/\",\"name\":\"Crue contin\u00faa las conversaciones con el Gobierno sobre\u00a0la regulaci\u00f3n de las pr\u00e1cticas acad\u00e9micas externas - ULL - Noticias\",\"isPartOf\":{\"@id\":\"https:\/\/www.ull.es\/portal\/noticias\/#website\"},\"datePublished\":\"2019-02-07T09:05:22+00:00\",\"dateModified\":\"2019-02-07T18:39:52+00:00\",\"author\":{\"@id\":\"https:\/\/www.ull.es\/portal\/noticias\/#\/schema\/person\/b2b1a89d43ffa609e591f7df8ef3e817\"},\"description\":\"Tras la segunda reuni\u00f3n mantenida con los ministerios de Trabajo,\u00a0Migraciones y Seguridad Social y de Ciencia, Innovaci\u00f3n y Universidades, Crue Universidades Espa\u00f1olas se\u00f1ala que las pr\u00e1cticas acad\u00e9micas externas juegan un papel fundamental en la formaci\u00f3n de los estudiantes que hay que garantizar y preservar.\",\"breadcrumb\":{\"@id\":\"https:\/\/www.ull.es\/portal\/noticias\/2019\/crue-continua-las-conversaciones-con-el-gobierno-sobre-la-regulacion-de-las-practicas-academicas-externas\/#breadcrumb\"},\"inLanguage\":\"es\",\"potentialAction\":[{\"@type\":\"ReadAction\",\"target\":[\"https:\/\/www.ull.es\/portal\/noticias\/2019\/crue-continua-las-conversaciones-con-el-gobierno-sobre-la-regulacion-de-las-practicas-academicas-externas\/\"]}]},{\"@type\":\"BreadcrumbList\",\"@id\":\"https:\/\/www.ull.es\/portal\/noticias\/2019\/crue-continua-las-conversaciones-con-el-gobierno-sobre-la-regulacion-de-las-practicas-academicas-externas\/#breadcrumb\",\"itemListElement\":[{\"@type\":\"ListItem\",\"position\":1,\"name\":\"Portada\",\"item\":\"https:\/\/www.ull.es\/portal\/noticias\/\"},{\"@type\":\"ListItem\",\"position\":2,\"name\":\"Crue contin\u00faa las conversaciones con el Gobierno sobre\u00a0la regulaci\u00f3n de las pr\u00e1cticas acad\u00e9micas externas\"}]},{\"@type\":\"WebSite\",\"@id\":\"https:\/\/www.ull.es\/portal\/noticias\/#website\",\"url\":\"https:\/\/www.ull.es\/portal\/noticias\/\",\"name\":\"ULL - Noticias\",\"description\":\"\",\"potentialAction\":[{\"@type\":\"SearchAction\",\"target\":{\"@type\":\"EntryPoint\",\"urlTemplate\":\"https:\/\/www.ull.es\/portal\/noticias\/?s={search_term_string}\"},\"query-input\":\"required name=search_term_string\"}],\"inLanguage\":\"es\"},{\"@type\":\"Person\",\"@id\":\"https:\/\/www.ull.es\/portal\/noticias\/#\/schema\/person\/b2b1a89d43ffa609e591f7df8ef3e817\",\"name\":\"gaprsa\",\"image\":{\"@type\":\"ImageObject\",\"inLanguage\":\"es\",\"@id\":\"https:\/\/www.ull.es\/portal\/noticias\/#\/schema\/person\/image\/\",\"url\":\"https:\/\/secure.gravatar.com\/avatar\/443820550921091458b4823867723b3d?s=96&d=mm&r=g\",\"contentUrl\":\"https:\/\/secure.gravatar.com\/avatar\/443820550921091458b4823867723b3d?s=96&d=mm&r=g\",\"caption\":\"gaprsa\"},\"url\":\"https:\/\/www.ull.es\/portal\/noticias\/author\/gaprsa\/\"}]}<\/script>\n<!-- \/ Yoast SEO plugin. -->","yoast_head_json":{"title":"Crue contin\u00faa las conversaciones con el Gobierno sobre\u00a0la regulaci\u00f3n de las pr\u00e1cticas acad\u00e9micas externas - ULL - Noticias","description":"Tras la segunda reuni\u00f3n mantenida con los ministerios de Trabajo,\u00a0Migraciones y Seguridad Social y de Ciencia, Innovaci\u00f3n y Universidades, Crue Universidades Espa\u00f1olas se\u00f1ala que las pr\u00e1cticas acad\u00e9micas externas juegan un papel fundamental en la formaci\u00f3n de los estudiantes que hay que garantizar y preservar.","robots":{"index":"index","follow":"follow","max-snippet":"max-snippet:-1","max-image-preview":"max-image-preview:large","max-video-preview":"max-video-preview:-1"},"canonical":"https:\/\/www.ull.es\/portal\/noticias\/2019\/crue-continua-las-conversaciones-con-el-gobierno-sobre-la-regulacion-de-las-practicas-academicas-externas\/","og_locale":"es_ES","og_type":"article","og_title":"Crue contin\u00faa las conversaciones con el Gobierno sobre\u00a0la regulaci\u00f3n de las pr\u00e1cticas acad\u00e9micas externas - ULL - Noticias","og_description":"Tras la segunda reuni\u00f3n mantenida con los ministerios de Trabajo,\u00a0Migraciones y Seguridad Social y de Ciencia, Innovaci\u00f3n y Universidades, Crue Universidades Espa\u00f1olas se\u00f1ala que las pr\u00e1cticas acad\u00e9micas externas juegan un papel fundamental en la formaci\u00f3n de los estudiantes que hay que garantizar y preservar.","og_url":"https:\/\/www.ull.es\/portal\/noticias\/2019\/crue-continua-las-conversaciones-con-el-gobierno-sobre-la-regulacion-de-las-practicas-academicas-externas\/","og_site_name":"ULL - Noticias","article_publisher":"https:\/\/www.facebook.com\/universidaddelalaguna\/","article_published_time":"2019-02-07T09:05:22+00:00","article_modified_time":"2019-02-07T18:39:52+00:00","og_image":[{"width":1200,"height":800,"url":"https:\/\/www.ull.es\/portal\/noticias\/wp-content\/uploads\/sites\/13\/2019\/02\/Edif-Central-06.jpg","type":"image\/jpeg"}],"author":"gaprsa","twitter_card":"summary_large_image","twitter_creator":"@CanalULL","twitter_site":"@CanalULL","twitter_misc":{"Escrito por":"gaprsa","Tiempo de lectura":"2 minutos"},"schema":{"@context":"https:\/\/schema.org","@graph":[{"@type":"WebPage","@id":"https:\/\/www.ull.es\/portal\/noticias\/2019\/crue-continua-las-conversaciones-con-el-gobierno-sobre-la-regulacion-de-las-practicas-academicas-externas\/","url":"https:\/\/www.ull.es\/portal\/noticias\/2019\/crue-continua-las-conversaciones-con-el-gobierno-sobre-la-regulacion-de-las-practicas-academicas-externas\/","name":"Crue contin\u00faa las conversaciones con el Gobierno sobre\u00a0la regulaci\u00f3n de las pr\u00e1cticas acad\u00e9micas externas - ULL - Noticias","isPartOf":{"@id":"https:\/\/www.ull.es\/portal\/noticias\/#website"},"datePublished":"2019-02-07T09:05:22+00:00","dateModified":"2019-02-07T18:39:52+00:00","author":{"@id":"https:\/\/www.ull.es\/portal\/noticias\/#\/schema\/person\/b2b1a89d43ffa609e591f7df8ef3e817"},"description":"Tras la segunda reuni\u00f3n mantenida con los ministerios de Trabajo,\u00a0Migraciones y Seguridad Social y de Ciencia, Innovaci\u00f3n y Universidades, Crue Universidades Espa\u00f1olas se\u00f1ala que las pr\u00e1cticas acad\u00e9micas externas juegan un papel fundamental en la formaci\u00f3n de los estudiantes que hay que garantizar y preservar.","breadcrumb":{"@id":"https:\/\/www.ull.es\/portal\/noticias\/2019\/crue-continua-las-conversaciones-con-el-gobierno-sobre-la-regulacion-de-las-practicas-academicas-externas\/#breadcrumb"},"inLanguage":"es","potentialAction":[{"@type":"ReadAction","target":["https:\/\/www.ull.es\/portal\/noticias\/2019\/crue-continua-las-conversaciones-con-el-gobierno-sobre-la-regulacion-de-las-practicas-academicas-externas\/"]}]},{"@type":"BreadcrumbList","@id":"https:\/\/www.ull.es\/portal\/noticias\/2019\/crue-continua-las-conversaciones-con-el-gobierno-sobre-la-regulacion-de-las-practicas-academicas-externas\/#breadcrumb","itemListElement":[{"@type":"ListItem","position":1,"name":"Portada","item":"https:\/\/www.ull.es\/portal\/noticias\/"},{"@type":"ListItem","position":2,"name":"Crue contin\u00faa las conversaciones con el Gobierno sobre\u00a0la regulaci\u00f3n de las pr\u00e1cticas acad\u00e9micas externas"}]},{"@type":"WebSite","@id":"https:\/\/www.ull.es\/portal\/noticias\/#website","url":"https:\/\/www.ull.es\/portal\/noticias\/","name":"ULL - Noticias","description":"","potentialAction":[{"@type":"SearchAction","target":{"@type":"EntryPoint","urlTemplate":"https:\/\/www.ull.es\/portal\/noticias\/?s={search_term_string}"},"query-input":"required name=search_term_string"}],"inLanguage":"es"},{"@type":"Person","@id":"https:\/\/www.ull.es\/portal\/noticias\/#\/schema\/person\/b2b1a89d43ffa609e591f7df8ef3e817","name":"gaprsa","image":{"@type":"ImageObject","inLanguage":"es","@id":"https:\/\/www.ull.es\/portal\/noticias\/#\/schema\/person\/image\/","url":"https:\/\/secure.gravatar.com\/avatar\/443820550921091458b4823867723b3d?s=96&d=mm&r=g","contentUrl":"https:\/\/secure.gravatar.com\/avatar\/443820550921091458b4823867723b3d?s=96&d=mm&r=g","caption":"gaprsa"},"url":"https:\/\/www.ull.es\/portal\/noticias\/author\/gaprsa\/"}]}},"primary_category":{"id":345,"name":"Destacado","slug":"destacado","link":"https:\/\/www.ull.es\/portal\/noticias\/category\/destacado\/"},"featured_image_thumbnail_url":"https:\/\/www.ull.es\/portal\/noticias\/wp-content\/uploads\/sites\/13\/2019\/02\/Edif-Central-06-300x200.jpg","_links":{"self":[{"href":"https:\/\/www.ull.es\/portal\/noticias\/wp-json\/wp\/v2\/posts\/42181"}],"collection":[{"href":"https:\/\/www.ull.es\/portal\/noticias\/wp-json\/wp\/v2\/posts"}],"about":[{"href":"https:\/\/www.ull.es\/portal\/noticias\/wp-json\/wp\/v2\/types\/post"}],"author":[{"embeddable":true,"href":"https:\/\/www.ull.es\/portal\/noticias\/wp-json\/wp\/v2\/users\/23"}],"replies":[{"embeddable":true,"href":"https:\/\/www.ull.es\/portal\/noticias\/wp-json\/wp\/v2\/comments?post=42181"}],"version-history":[{"count":5,"href":"https:\/\/www.ull.es\/portal\/noticias\/wp-json\/wp\/v2\/posts\/42181\/revisions"}],"predecessor-version":[{"id":42209,"href":"https:\/\/www.ull.es\/portal\/noticias\/wp-json\/wp\/v2\/posts\/42181\/revisions\/42209"}],"wp:featuredmedia":[{"embeddable":true,"href":"https:\/\/www.ull.es\/portal\/noticias\/wp-json\/wp\/v2\/media\/42184"}],"wp:attachment":[{"href":"https:\/\/www.ull.es\/portal\/noticias\/wp-json\/wp\/v2\/media?parent=42181"}],"wp:term":[{"taxonomy":"category","embeddable":true,"href":"https:\/\/www.ull.es\/portal\/noticias\/wp-json\/wp\/v2\/categories?post=42181"},{"taxonomy":"post_tag","embeddable":true,"href":"https:\/\/www.ull.es\/portal\/noticias\/wp-json\/wp\/v2\/tags?post=42181"}],"curies":[{"name":"wp","href":"https:\/\/api.w.org\/{rel}","templated":true}]}}