{"id":42379,"date":"2019-02-15T13:50:32","date_gmt":"2019-02-15T13:50:32","guid":{"rendered":"https:\/\/www.ull.es\/portal\/noticias\/?p=42379"},"modified":"2019-02-15T13:50:32","modified_gmt":"2019-02-15T13:50:32","slug":"el-coro-de-voces-blancas-y-la-orquesta-sinfonica-del-conservatorio-de-musica-de-santa-cruz-ofrecen-un-concierto-en-el-paraninfo","status":"publish","type":"post","link":"https:\/\/www.ull.es\/portal\/noticias\/2019\/el-coro-de-voces-blancas-y-la-orquesta-sinfonica-del-conservatorio-de-musica-de-santa-cruz-ofrecen-un-concierto-en-el-paraninfo\/","title":{"rendered":"El Coro de Voces Blancas y la Orquesta Sinf\u00f3nica del Conservatorio de M\u00fasica de Santa Cruz ofrecen un concierto en el Paraninfo"},"content":{"rendered":"<p>El Coro de Voces Blancas y la Orquesta Sinf\u00f3nica del Conservatorio Profesional de M\u00fasica de Santa Cruz de Tenerife ofrecer\u00e1n un concierto este domingo, 17 de febrero, a partir de las 19:30 horas, en el Paraninfo de la Universidad de La Laguna.<\/p>\n<p>La Orquesta del Conservatorio Profesional de M\u00fasica de Santa Cruz de Tenerife est\u00e1 integrada por estudiantes de cuarto, quinto y sexto curso. La agrupaci\u00f3n sirve para que estos alumnos aprendan y se preparen para, en el futuro, formar parte de una orquesta profesional.<\/p>\n<p>En ese sentido, el Conservatorio promueve la puesta en escena con el repertorio musical\u00a0 trabajado a lo largo del curso, brindando adem\u00e1s la posibilidad de que algunos alumnos de diversas especialidades instrumentales puedan intervenir como solistas.<\/p>\n<p>Por su parte, el Coro de Voces Blancas est\u00e1 compuesto por medio centenar de menores que, bajo la direcci\u00f3n de Juan Ram\u00f3n Vinagre, realizan recitales durante todo el a\u00f1o en distintos puntos de la isla, siendo especialmente celebradas sus intervenciones en los festivales navide\u00f1os.<\/p>\n<p>Las entradas para asistir a este concierto conjunto pueden adquirirse al precio de 5 euros en la taquilla del Paraninfo 60 minutos antes del inicio del espect\u00e1culo, as\u00ed como v\u00eda online en la p\u00e1gina web del Paraninfo en <strong><a href=\"https:\/\/www.tomaticket.es\/entradas-coro-de-voces-blancas-y-orquesta-sinfonica-tenerife\" target=\"_blank\" rel=\"noopener\">Tomaticket<\/a><\/strong>.<\/p>\n<p>&nbsp;<\/p>\n","protected":false},"excerpt":{"rendered":"<p>El Coro de Voces Blancas y la Orquesta Sinf\u00f3nica del Conservatorio Profesional de M\u00fasica de Santa Cruz de Tenerife ofrecer\u00e1n&#8230;<\/p>\n","protected":false},"author":23,"featured_media":42380,"comment_status":"closed","ping_status":"closed","sticky":false,"template":"","format":"standard","meta":{"inline_featured_image":false,"footnotes":""},"categories":[344,345,2765],"tags":[5371,5369,2047],"acf":[],"yoast_head":"<!-- This site is optimized with the Yoast SEO plugin v21.3 - https:\/\/yoast.com\/wordpress\/plugins\/seo\/ -->\n<title>El Coro de Voces Blancas y la Orquesta Sinf\u00f3nica del Conservatorio de M\u00fasica de Santa Cruz ofrecen un concierto en el Paraninfo - ULL - Noticias<\/title>\n<meta name=\"description\" content=\"El Coro de Voces Blancas y la Orquesta Sinf\u00f3nica del Conservatorio Profesional de M\u00fasica de Santa Cruz de Tenerife ofrecer\u00e1n un concierto este domingo, 17 de febrero, a partir de las 19:30 horas, en el Paraninfo de la Universidad de La Laguna.\" \/>\n<meta name=\"robots\" content=\"index, follow, max-snippet:-1, max-image-preview:large, max-video-preview:-1\" \/>\n<link rel=\"canonical\" href=\"https:\/\/www.ull.es\/portal\/noticias\/2019\/el-coro-de-voces-blancas-y-la-orquesta-sinfonica-del-conservatorio-de-musica-de-santa-cruz-ofrecen-un-concierto-en-el-paraninfo\/\" \/>\n<meta property=\"og:locale\" content=\"es_ES\" \/>\n<meta property=\"og:type\" content=\"article\" \/>\n<meta property=\"og:title\" content=\"El Coro de Voces Blancas y la Orquesta Sinf\u00f3nica del Conservatorio de M\u00fasica de Santa Cruz ofrecen un concierto en el Paraninfo - ULL - Noticias\" \/>\n<meta property=\"og:description\" content=\"El Coro de Voces Blancas y la Orquesta Sinf\u00f3nica del Conservatorio Profesional de M\u00fasica de Santa Cruz de Tenerife ofrecer\u00e1n un concierto este domingo, 17 de febrero, a partir de las 19:30 horas, en el Paraninfo de la Universidad de La Laguna.\" \/>\n<meta property=\"og:url\" content=\"https:\/\/www.ull.es\/portal\/noticias\/2019\/el-coro-de-voces-blancas-y-la-orquesta-sinfonica-del-conservatorio-de-musica-de-santa-cruz-ofrecen-un-concierto-en-el-paraninfo\/\" \/>\n<meta property=\"og:site_name\" content=\"ULL - Noticias\" \/>\n<meta property=\"article:publisher\" content=\"https:\/\/www.facebook.com\/universidaddelalaguna\/\" \/>\n<meta property=\"article:published_time\" content=\"2019-02-15T13:50:32+00:00\" \/>\n<meta property=\"og:image\" content=\"https:\/\/www.ull.es\/portal\/noticias\/wp-content\/uploads\/sites\/13\/2019\/02\/CONCIERTOCORO_AGENDA.jpg\" \/>\n\t<meta property=\"og:image:width\" content=\"700\" \/>\n\t<meta property=\"og:image:height\" content=\"350\" \/>\n\t<meta property=\"og:image:type\" content=\"image\/jpeg\" \/>\n<meta name=\"author\" content=\"gaprsa\" \/>\n<meta name=\"twitter:card\" content=\"summary_large_image\" \/>\n<meta name=\"twitter:creator\" content=\"@CanalULL\" \/>\n<meta name=\"twitter:site\" content=\"@CanalULL\" \/>\n<meta name=\"twitter:label1\" content=\"Escrito por\" \/>\n\t<meta name=\"twitter:data1\" content=\"gaprsa\" \/>\n\t<meta name=\"twitter:label2\" content=\"Tiempo de lectura\" \/>\n\t<meta name=\"twitter:data2\" content=\"1 minuto\" \/>\n<script type=\"application\/ld+json\" class=\"yoast-schema-graph\">{\"@context\":\"https:\/\/schema.org\",\"@graph\":[{\"@type\":\"WebPage\",\"@id\":\"https:\/\/www.ull.es\/portal\/noticias\/2019\/el-coro-de-voces-blancas-y-la-orquesta-sinfonica-del-conservatorio-de-musica-de-santa-cruz-ofrecen-un-concierto-en-el-paraninfo\/\",\"url\":\"https:\/\/www.ull.es\/portal\/noticias\/2019\/el-coro-de-voces-blancas-y-la-orquesta-sinfonica-del-conservatorio-de-musica-de-santa-cruz-ofrecen-un-concierto-en-el-paraninfo\/\",\"name\":\"El Coro de Voces Blancas y la Orquesta Sinf\u00f3nica del Conservatorio de M\u00fasica de Santa Cruz ofrecen un concierto en el Paraninfo - ULL - Noticias\",\"isPartOf\":{\"@id\":\"https:\/\/www.ull.es\/portal\/noticias\/#website\"},\"datePublished\":\"2019-02-15T13:50:32+00:00\",\"dateModified\":\"2019-02-15T13:50:32+00:00\",\"author\":{\"@id\":\"https:\/\/www.ull.es\/portal\/noticias\/#\/schema\/person\/b2b1a89d43ffa609e591f7df8ef3e817\"},\"description\":\"El Coro de Voces Blancas y la Orquesta Sinf\u00f3nica del Conservatorio Profesional de M\u00fasica de Santa Cruz de Tenerife ofrecer\u00e1n un concierto este domingo, 17 de febrero, a partir de las 19:30 horas, en el Paraninfo de la Universidad de La Laguna.\",\"breadcrumb\":{\"@id\":\"https:\/\/www.ull.es\/portal\/noticias\/2019\/el-coro-de-voces-blancas-y-la-orquesta-sinfonica-del-conservatorio-de-musica-de-santa-cruz-ofrecen-un-concierto-en-el-paraninfo\/#breadcrumb\"},\"inLanguage\":\"es\",\"potentialAction\":[{\"@type\":\"ReadAction\",\"target\":[\"https:\/\/www.ull.es\/portal\/noticias\/2019\/el-coro-de-voces-blancas-y-la-orquesta-sinfonica-del-conservatorio-de-musica-de-santa-cruz-ofrecen-un-concierto-en-el-paraninfo\/\"]}]},{\"@type\":\"BreadcrumbList\",\"@id\":\"https:\/\/www.ull.es\/portal\/noticias\/2019\/el-coro-de-voces-blancas-y-la-orquesta-sinfonica-del-conservatorio-de-musica-de-santa-cruz-ofrecen-un-concierto-en-el-paraninfo\/#breadcrumb\",\"itemListElement\":[{\"@type\":\"ListItem\",\"position\":1,\"name\":\"Portada\",\"item\":\"https:\/\/www.ull.es\/portal\/noticias\/\"},{\"@type\":\"ListItem\",\"position\":2,\"name\":\"El Coro de Voces Blancas y la Orquesta Sinf\u00f3nica del Conservatorio de M\u00fasica de Santa Cruz ofrecen un concierto en el Paraninfo\"}]},{\"@type\":\"WebSite\",\"@id\":\"https:\/\/www.ull.es\/portal\/noticias\/#website\",\"url\":\"https:\/\/www.ull.es\/portal\/noticias\/\",\"name\":\"ULL - Noticias\",\"description\":\"\",\"potentialAction\":[{\"@type\":\"SearchAction\",\"target\":{\"@type\":\"EntryPoint\",\"urlTemplate\":\"https:\/\/www.ull.es\/portal\/noticias\/?s={search_term_string}\"},\"query-input\":\"required name=search_term_string\"}],\"inLanguage\":\"es\"},{\"@type\":\"Person\",\"@id\":\"https:\/\/www.ull.es\/portal\/noticias\/#\/schema\/person\/b2b1a89d43ffa609e591f7df8ef3e817\",\"name\":\"gaprsa\",\"image\":{\"@type\":\"ImageObject\",\"inLanguage\":\"es\",\"@id\":\"https:\/\/www.ull.es\/portal\/noticias\/#\/schema\/person\/image\/\",\"url\":\"https:\/\/secure.gravatar.com\/avatar\/443820550921091458b4823867723b3d?s=96&d=mm&r=g\",\"contentUrl\":\"https:\/\/secure.gravatar.com\/avatar\/443820550921091458b4823867723b3d?s=96&d=mm&r=g\",\"caption\":\"gaprsa\"},\"url\":\"https:\/\/www.ull.es\/portal\/noticias\/author\/gaprsa\/\"}]}<\/script>\n<!-- \/ Yoast SEO plugin. -->","yoast_head_json":{"title":"El Coro de Voces Blancas y la Orquesta Sinf\u00f3nica del Conservatorio de M\u00fasica de Santa Cruz ofrecen un concierto en el Paraninfo - ULL - Noticias","description":"El Coro de Voces Blancas y la Orquesta Sinf\u00f3nica del Conservatorio Profesional de M\u00fasica de Santa Cruz de Tenerife ofrecer\u00e1n un concierto este domingo, 17 de febrero, a partir de las 19:30 horas, en el Paraninfo de la Universidad de La Laguna.","robots":{"index":"index","follow":"follow","max-snippet":"max-snippet:-1","max-image-preview":"max-image-preview:large","max-video-preview":"max-video-preview:-1"},"canonical":"https:\/\/www.ull.es\/portal\/noticias\/2019\/el-coro-de-voces-blancas-y-la-orquesta-sinfonica-del-conservatorio-de-musica-de-santa-cruz-ofrecen-un-concierto-en-el-paraninfo\/","og_locale":"es_ES","og_type":"article","og_title":"El Coro de Voces Blancas y la Orquesta Sinf\u00f3nica del Conservatorio de M\u00fasica de Santa Cruz ofrecen un concierto en el Paraninfo - ULL - Noticias","og_description":"El Coro de Voces Blancas y la Orquesta Sinf\u00f3nica del Conservatorio Profesional de M\u00fasica de Santa Cruz de Tenerife ofrecer\u00e1n un concierto este domingo, 17 de febrero, a partir de las 19:30 horas, en el Paraninfo de la Universidad de La Laguna.","og_url":"https:\/\/www.ull.es\/portal\/noticias\/2019\/el-coro-de-voces-blancas-y-la-orquesta-sinfonica-del-conservatorio-de-musica-de-santa-cruz-ofrecen-un-concierto-en-el-paraninfo\/","og_site_name":"ULL - Noticias","article_publisher":"https:\/\/www.facebook.com\/universidaddelalaguna\/","article_published_time":"2019-02-15T13:50:32+00:00","og_image":[{"width":700,"height":350,"url":"https:\/\/www.ull.es\/portal\/noticias\/wp-content\/uploads\/sites\/13\/2019\/02\/CONCIERTOCORO_AGENDA.jpg","type":"image\/jpeg"}],"author":"gaprsa","twitter_card":"summary_large_image","twitter_creator":"@CanalULL","twitter_site":"@CanalULL","twitter_misc":{"Escrito por":"gaprsa","Tiempo de lectura":"1 minuto"},"schema":{"@context":"https:\/\/schema.org","@graph":[{"@type":"WebPage","@id":"https:\/\/www.ull.es\/portal\/noticias\/2019\/el-coro-de-voces-blancas-y-la-orquesta-sinfonica-del-conservatorio-de-musica-de-santa-cruz-ofrecen-un-concierto-en-el-paraninfo\/","url":"https:\/\/www.ull.es\/portal\/noticias\/2019\/el-coro-de-voces-blancas-y-la-orquesta-sinfonica-del-conservatorio-de-musica-de-santa-cruz-ofrecen-un-concierto-en-el-paraninfo\/","name":"El Coro de Voces Blancas y la Orquesta Sinf\u00f3nica del Conservatorio de M\u00fasica de Santa Cruz ofrecen un concierto en el Paraninfo - ULL - Noticias","isPartOf":{"@id":"https:\/\/www.ull.es\/portal\/noticias\/#website"},"datePublished":"2019-02-15T13:50:32+00:00","dateModified":"2019-02-15T13:50:32+00:00","author":{"@id":"https:\/\/www.ull.es\/portal\/noticias\/#\/schema\/person\/b2b1a89d43ffa609e591f7df8ef3e817"},"description":"El Coro de Voces Blancas y la Orquesta Sinf\u00f3nica del Conservatorio Profesional de M\u00fasica de Santa Cruz de Tenerife ofrecer\u00e1n un concierto este domingo, 17 de febrero, a partir de las 19:30 horas, en el Paraninfo de la Universidad de La Laguna.","breadcrumb":{"@id":"https:\/\/www.ull.es\/portal\/noticias\/2019\/el-coro-de-voces-blancas-y-la-orquesta-sinfonica-del-conservatorio-de-musica-de-santa-cruz-ofrecen-un-concierto-en-el-paraninfo\/#breadcrumb"},"inLanguage":"es","potentialAction":[{"@type":"ReadAction","target":["https:\/\/www.ull.es\/portal\/noticias\/2019\/el-coro-de-voces-blancas-y-la-orquesta-sinfonica-del-conservatorio-de-musica-de-santa-cruz-ofrecen-un-concierto-en-el-paraninfo\/"]}]},{"@type":"BreadcrumbList","@id":"https:\/\/www.ull.es\/portal\/noticias\/2019\/el-coro-de-voces-blancas-y-la-orquesta-sinfonica-del-conservatorio-de-musica-de-santa-cruz-ofrecen-un-concierto-en-el-paraninfo\/#breadcrumb","itemListElement":[{"@type":"ListItem","position":1,"name":"Portada","item":"https:\/\/www.ull.es\/portal\/noticias\/"},{"@type":"ListItem","position":2,"name":"El Coro de Voces Blancas y la Orquesta Sinf\u00f3nica del Conservatorio de M\u00fasica de Santa Cruz ofrecen un concierto en el Paraninfo"}]},{"@type":"WebSite","@id":"https:\/\/www.ull.es\/portal\/noticias\/#website","url":"https:\/\/www.ull.es\/portal\/noticias\/","name":"ULL - Noticias","description":"","potentialAction":[{"@type":"SearchAction","target":{"@type":"EntryPoint","urlTemplate":"https:\/\/www.ull.es\/portal\/noticias\/?s={search_term_string}"},"query-input":"required name=search_term_string"}],"inLanguage":"es"},{"@type":"Person","@id":"https:\/\/www.ull.es\/portal\/noticias\/#\/schema\/person\/b2b1a89d43ffa609e591f7df8ef3e817","name":"gaprsa","image":{"@type":"ImageObject","inLanguage":"es","@id":"https:\/\/www.ull.es\/portal\/noticias\/#\/schema\/person\/image\/","url":"https:\/\/secure.gravatar.com\/avatar\/443820550921091458b4823867723b3d?s=96&d=mm&r=g","contentUrl":"https:\/\/secure.gravatar.com\/avatar\/443820550921091458b4823867723b3d?s=96&d=mm&r=g","caption":"gaprsa"},"url":"https:\/\/www.ull.es\/portal\/noticias\/author\/gaprsa\/"}]}},"primary_category":{"id":344,"name":"Cultura","slug":"cultura","link":"https:\/\/www.ull.es\/portal\/noticias\/category\/cultura\/"},"featured_image_thumbnail_url":"https:\/\/www.ull.es\/portal\/noticias\/wp-content\/uploads\/sites\/13\/2019\/02\/CONCIERTOCORO_AGENDA-300x150.jpg","_links":{"self":[{"href":"https:\/\/www.ull.es\/portal\/noticias\/wp-json\/wp\/v2\/posts\/42379"}],"collection":[{"href":"https:\/\/www.ull.es\/portal\/noticias\/wp-json\/wp\/v2\/posts"}],"about":[{"href":"https:\/\/www.ull.es\/portal\/noticias\/wp-json\/wp\/v2\/types\/post"}],"author":[{"embeddable":true,"href":"https:\/\/www.ull.es\/portal\/noticias\/wp-json\/wp\/v2\/users\/23"}],"replies":[{"embeddable":true,"href":"https:\/\/www.ull.es\/portal\/noticias\/wp-json\/wp\/v2\/comments?post=42379"}],"version-history":[{"count":1,"href":"https:\/\/www.ull.es\/portal\/noticias\/wp-json\/wp\/v2\/posts\/42379\/revisions"}],"predecessor-version":[{"id":42381,"href":"https:\/\/www.ull.es\/portal\/noticias\/wp-json\/wp\/v2\/posts\/42379\/revisions\/42381"}],"wp:featuredmedia":[{"embeddable":true,"href":"https:\/\/www.ull.es\/portal\/noticias\/wp-json\/wp\/v2\/media\/42380"}],"wp:attachment":[{"href":"https:\/\/www.ull.es\/portal\/noticias\/wp-json\/wp\/v2\/media?parent=42379"}],"wp:term":[{"taxonomy":"category","embeddable":true,"href":"https:\/\/www.ull.es\/portal\/noticias\/wp-json\/wp\/v2\/categories?post=42379"},{"taxonomy":"post_tag","embeddable":true,"href":"https:\/\/www.ull.es\/portal\/noticias\/wp-json\/wp\/v2\/tags?post=42379"}],"curies":[{"name":"wp","href":"https:\/\/api.w.org\/{rel}","templated":true}]}}