{"id":42613,"date":"2019-02-25T15:24:23","date_gmt":"2019-02-25T15:24:23","guid":{"rendered":"https:\/\/www.ull.es\/portal\/noticias\/?p=42613"},"modified":"2019-02-25T15:24:23","modified_gmt":"2019-02-25T15:24:23","slug":"la-universidad-de-la-laguna-amplia-su-convenio-de-colaboracion-con-alumni-ull","status":"publish","type":"post","link":"https:\/\/www.ull.es\/portal\/noticias\/2019\/la-universidad-de-la-laguna-amplia-su-convenio-de-colaboracion-con-alumni-ull\/","title":{"rendered":"La Universidad de La Laguna ampl\u00eda su convenio de colaboraci\u00f3n con Alumni ULL"},"content":{"rendered":"<p><span style=\"font-weight: 400;\">El rector de la Universidad de La Laguna, Antonio Martin\u00f3n, y la presidenta de Alumni ULL, Carmen Pitti, la asociaci\u00f3n que congrega a los antiguos alumnos y amigos de la Universidad han firmado hoy 25 de febrero un nuevo convenio de colaboraci\u00f3n para continuar trabajando conjuntamente en la organizaci\u00f3n de actividades formativas, culturales y de inserci\u00f3n laboral, entre otras.<\/span><\/p>\n<p><span style=\"font-weight: 400;\">En este nuevo convenio, Alumni ULL se compromete a difundir las actividades de la Universidad de La Laguna y tambi\u00e9n de la Fundaci\u00f3n General entre sus asociados. Por su parte, la\u00a0Universidad de La Laguna le comunicar\u00e1 a todos los egresados al finalizar sus estudios que existe la asociaci\u00f3n para que aquellos que deseen participar lo hagan. \u201cAlumni es un veh\u00edculo entre la Universidad y la sociedad. Queremos que los egresados nos conozcan y sigan ayudando a nuestra Universidad a trav\u00e9s de nosotros\u201d, declar\u00f3 Pitti.<\/span><\/p>\n<p><span style=\"font-weight: 400;\">Asimismo, Alumni ULL se ha comprometido a que el 20% de sus ingresos anuales, por cuotas de sus asociados se destinen a actividades de patrocinio y mecenazgo en la Universidad de La Laguna. Estas ayudas se dedicar\u00e1n a los Fondos de Canarias y Antiguo de la Biblioteca Universitaria, al Servicio de Deportes y un premio anual por valor de mil euros que reconocer\u00e1 el mejor expediente de fin de grado de la Universidad de La Laguna. <\/span><\/p>\n<p><span style=\"font-weight: 400;\">Alberto Brito, secretario de Alumni ULL destac\u00f3 que el apoyo de Alumni a la Universidad puede verse no s\u00f3lo por la difusi\u00f3n de las actividades que realiza sino por el esfuerzo que supone para una organizaci\u00f3n como \u00e9sta el desarrollo de actividades de mecenazgo hacia la Universidad. Por ejemplo, en el a\u00f1o 2018, Alumni ULL destin\u00f3 a estas funciones alrededor de 20.000\u20ac para congresos de estudiantes, grupos de investigaci\u00f3n, biblioteca, deportes y actividades de \u00edndole solidario, adem\u00e1s de los premios que Alumni otorga al alumnado, como el premio a los valores humanos o el premio al mejor expediente. <\/span><\/p>\n<p><span style=\"font-weight: 400;\">En este convenio se han incluido cinco nuevos premios dotados de 600\u20ac cada uno para los mejores trabajos de fin de m\u00e1ster en las \u00e1reas de Ciencias de la Salud, Ciencias Experimentales, Ciencias Sociales, Humanidades y T\u00e9cnicas, que se otorgar\u00e1n por primera vez en el D\u00eda Institucional de la Universidad, el pr\u00f3ximo 11 de marzo.<\/span><\/p>\n<p><span style=\"font-weight: 400;\">Por \u00faltimo, en este convenio destaca el nuevo uso que los miembros de Alumni pueden hacer de la Biblioteca Universitaria. A partir de ahora, podr\u00e1n sacar libros en pr\u00e9stamo, hacer uso de los medios inform\u00e1ticos de la Biblioteca, as\u00ed como de las bases de datos.<\/span><\/p>\n","protected":false},"excerpt":{"rendered":"<p>El rector de la Universidad de La Laguna, Antonio Martin\u00f3n, y la presidenta de Alumni ULL, Carmen Pitti, la asociaci\u00f3n&#8230;<\/p>\n","protected":false},"author":65,"featured_media":42614,"comment_status":"closed","ping_status":"closed","sticky":false,"template":"","format":"standard","meta":{"inline_featured_image":false,"footnotes":""},"categories":[4534,345,2766,2765],"tags":[465,641,910],"acf":[],"yoast_head":"<!-- This site is optimized with the Yoast SEO plugin v21.3 - https:\/\/yoast.com\/wordpress\/plugins\/seo\/ -->\n<title>La Universidad de La Laguna ampl\u00eda su convenio de colaboraci\u00f3n con Alumni ULL - ULL - Noticias<\/title>\n<meta name=\"description\" content=\"El rector de la Universidad de La Laguna, Antonio Martin\u00f3n, y la presidenta de Alumni ULL, Carmen Pitti, la asociaci\u00f3n que congrega a los antiguos alumnos y amigos de la Universidad han firmado un nuevo convenio de colaboraci\u00f3n para continuar trabajando.\" \/>\n<meta name=\"robots\" content=\"index, follow, max-snippet:-1, max-image-preview:large, max-video-preview:-1\" \/>\n<link rel=\"canonical\" href=\"https:\/\/www.ull.es\/portal\/noticias\/2019\/la-universidad-de-la-laguna-amplia-su-convenio-de-colaboracion-con-alumni-ull\/\" \/>\n<meta property=\"og:locale\" content=\"es_ES\" \/>\n<meta property=\"og:type\" content=\"article\" \/>\n<meta property=\"og:title\" content=\"La Universidad de La Laguna ampl\u00eda su convenio de colaboraci\u00f3n con Alumni ULL - ULL - Noticias\" \/>\n<meta property=\"og:description\" content=\"El rector de la Universidad de La Laguna, Antonio Martin\u00f3n, y la presidenta de Alumni ULL, Carmen Pitti, la asociaci\u00f3n que congrega a los antiguos alumnos y amigos de la Universidad han firmado un nuevo convenio de colaboraci\u00f3n para continuar trabajando.\" \/>\n<meta property=\"og:url\" content=\"https:\/\/www.ull.es\/portal\/noticias\/2019\/la-universidad-de-la-laguna-amplia-su-convenio-de-colaboracion-con-alumni-ull\/\" \/>\n<meta property=\"og:site_name\" content=\"ULL - Noticias\" \/>\n<meta property=\"article:publisher\" content=\"https:\/\/www.facebook.com\/universidaddelalaguna\/\" \/>\n<meta property=\"article:published_time\" content=\"2019-02-25T15:24:23+00:00\" \/>\n<meta property=\"og:image\" content=\"https:\/\/www.ull.es\/portal\/noticias\/wp-content\/uploads\/sites\/13\/2019\/02\/alumni.jpg\" \/>\n\t<meta property=\"og:image:width\" content=\"1200\" \/>\n\t<meta property=\"og:image:height\" content=\"800\" \/>\n\t<meta property=\"og:image:type\" content=\"image\/jpeg\" \/>\n<meta name=\"author\" content=\"gcom4\" \/>\n<meta name=\"twitter:card\" content=\"summary_large_image\" \/>\n<meta name=\"twitter:creator\" content=\"@CanalULL\" \/>\n<meta name=\"twitter:site\" content=\"@CanalULL\" \/>\n<meta name=\"twitter:label1\" content=\"Escrito por\" \/>\n\t<meta name=\"twitter:data1\" content=\"gcom4\" \/>\n\t<meta name=\"twitter:label2\" content=\"Tiempo de lectura\" \/>\n\t<meta name=\"twitter:data2\" content=\"2 minutos\" \/>\n<script type=\"application\/ld+json\" class=\"yoast-schema-graph\">{\"@context\":\"https:\/\/schema.org\",\"@graph\":[{\"@type\":\"WebPage\",\"@id\":\"https:\/\/www.ull.es\/portal\/noticias\/2019\/la-universidad-de-la-laguna-amplia-su-convenio-de-colaboracion-con-alumni-ull\/\",\"url\":\"https:\/\/www.ull.es\/portal\/noticias\/2019\/la-universidad-de-la-laguna-amplia-su-convenio-de-colaboracion-con-alumni-ull\/\",\"name\":\"La Universidad de La Laguna ampl\u00eda su convenio de colaboraci\u00f3n con Alumni ULL - ULL - Noticias\",\"isPartOf\":{\"@id\":\"https:\/\/www.ull.es\/portal\/noticias\/#website\"},\"datePublished\":\"2019-02-25T15:24:23+00:00\",\"dateModified\":\"2019-02-25T15:24:23+00:00\",\"author\":{\"@id\":\"https:\/\/www.ull.es\/portal\/noticias\/#\/schema\/person\/9924518fb1ad37d4428e7b5d6f311773\"},\"description\":\"El rector de la Universidad de La Laguna, Antonio Martin\u00f3n, y la presidenta de Alumni ULL, Carmen Pitti, la asociaci\u00f3n que congrega a los antiguos alumnos y amigos de la Universidad han firmado un nuevo convenio de colaboraci\u00f3n para continuar trabajando.\",\"breadcrumb\":{\"@id\":\"https:\/\/www.ull.es\/portal\/noticias\/2019\/la-universidad-de-la-laguna-amplia-su-convenio-de-colaboracion-con-alumni-ull\/#breadcrumb\"},\"inLanguage\":\"es\",\"potentialAction\":[{\"@type\":\"ReadAction\",\"target\":[\"https:\/\/www.ull.es\/portal\/noticias\/2019\/la-universidad-de-la-laguna-amplia-su-convenio-de-colaboracion-con-alumni-ull\/\"]}]},{\"@type\":\"BreadcrumbList\",\"@id\":\"https:\/\/www.ull.es\/portal\/noticias\/2019\/la-universidad-de-la-laguna-amplia-su-convenio-de-colaboracion-con-alumni-ull\/#breadcrumb\",\"itemListElement\":[{\"@type\":\"ListItem\",\"position\":1,\"name\":\"Portada\",\"item\":\"https:\/\/www.ull.es\/portal\/noticias\/\"},{\"@type\":\"ListItem\",\"position\":2,\"name\":\"La Universidad de La Laguna ampl\u00eda su convenio de colaboraci\u00f3n con Alumni ULL\"}]},{\"@type\":\"WebSite\",\"@id\":\"https:\/\/www.ull.es\/portal\/noticias\/#website\",\"url\":\"https:\/\/www.ull.es\/portal\/noticias\/\",\"name\":\"ULL - Noticias\",\"description\":\"\",\"potentialAction\":[{\"@type\":\"SearchAction\",\"target\":{\"@type\":\"EntryPoint\",\"urlTemplate\":\"https:\/\/www.ull.es\/portal\/noticias\/?s={search_term_string}\"},\"query-input\":\"required name=search_term_string\"}],\"inLanguage\":\"es\"},{\"@type\":\"Person\",\"@id\":\"https:\/\/www.ull.es\/portal\/noticias\/#\/schema\/person\/9924518fb1ad37d4428e7b5d6f311773\",\"name\":\"gcom4\",\"image\":{\"@type\":\"ImageObject\",\"inLanguage\":\"es\",\"@id\":\"https:\/\/www.ull.es\/portal\/noticias\/#\/schema\/person\/image\/\",\"url\":\"https:\/\/secure.gravatar.com\/avatar\/a5d1f5573f10617ccfcc209aaf6aa7fb?s=96&d=mm&r=g\",\"contentUrl\":\"https:\/\/secure.gravatar.com\/avatar\/a5d1f5573f10617ccfcc209aaf6aa7fb?s=96&d=mm&r=g\",\"caption\":\"gcom4\"},\"url\":\"https:\/\/www.ull.es\/portal\/noticias\/author\/gcom4\/\"}]}<\/script>\n<!-- \/ Yoast SEO plugin. -->","yoast_head_json":{"title":"La Universidad de La Laguna ampl\u00eda su convenio de colaboraci\u00f3n con Alumni ULL - ULL - Noticias","description":"El rector de la Universidad de La Laguna, Antonio Martin\u00f3n, y la presidenta de Alumni ULL, Carmen Pitti, la asociaci\u00f3n que congrega a los antiguos alumnos y amigos de la Universidad han firmado un nuevo convenio de colaboraci\u00f3n para continuar trabajando.","robots":{"index":"index","follow":"follow","max-snippet":"max-snippet:-1","max-image-preview":"max-image-preview:large","max-video-preview":"max-video-preview:-1"},"canonical":"https:\/\/www.ull.es\/portal\/noticias\/2019\/la-universidad-de-la-laguna-amplia-su-convenio-de-colaboracion-con-alumni-ull\/","og_locale":"es_ES","og_type":"article","og_title":"La Universidad de La Laguna ampl\u00eda su convenio de colaboraci\u00f3n con Alumni ULL - ULL - Noticias","og_description":"El rector de la Universidad de La Laguna, Antonio Martin\u00f3n, y la presidenta de Alumni ULL, Carmen Pitti, la asociaci\u00f3n que congrega a los antiguos alumnos y amigos de la Universidad han firmado un nuevo convenio de colaboraci\u00f3n para continuar trabajando.","og_url":"https:\/\/www.ull.es\/portal\/noticias\/2019\/la-universidad-de-la-laguna-amplia-su-convenio-de-colaboracion-con-alumni-ull\/","og_site_name":"ULL - Noticias","article_publisher":"https:\/\/www.facebook.com\/universidaddelalaguna\/","article_published_time":"2019-02-25T15:24:23+00:00","og_image":[{"width":1200,"height":800,"url":"https:\/\/www.ull.es\/portal\/noticias\/wp-content\/uploads\/sites\/13\/2019\/02\/alumni.jpg","type":"image\/jpeg"}],"author":"gcom4","twitter_card":"summary_large_image","twitter_creator":"@CanalULL","twitter_site":"@CanalULL","twitter_misc":{"Escrito por":"gcom4","Tiempo de lectura":"2 minutos"},"schema":{"@context":"https:\/\/schema.org","@graph":[{"@type":"WebPage","@id":"https:\/\/www.ull.es\/portal\/noticias\/2019\/la-universidad-de-la-laguna-amplia-su-convenio-de-colaboracion-con-alumni-ull\/","url":"https:\/\/www.ull.es\/portal\/noticias\/2019\/la-universidad-de-la-laguna-amplia-su-convenio-de-colaboracion-con-alumni-ull\/","name":"La Universidad de La Laguna ampl\u00eda su convenio de colaboraci\u00f3n con Alumni ULL - ULL - Noticias","isPartOf":{"@id":"https:\/\/www.ull.es\/portal\/noticias\/#website"},"datePublished":"2019-02-25T15:24:23+00:00","dateModified":"2019-02-25T15:24:23+00:00","author":{"@id":"https:\/\/www.ull.es\/portal\/noticias\/#\/schema\/person\/9924518fb1ad37d4428e7b5d6f311773"},"description":"El rector de la Universidad de La Laguna, Antonio Martin\u00f3n, y la presidenta de Alumni ULL, Carmen Pitti, la asociaci\u00f3n que congrega a los antiguos alumnos y amigos de la Universidad han firmado un nuevo convenio de colaboraci\u00f3n para continuar trabajando.","breadcrumb":{"@id":"https:\/\/www.ull.es\/portal\/noticias\/2019\/la-universidad-de-la-laguna-amplia-su-convenio-de-colaboracion-con-alumni-ull\/#breadcrumb"},"inLanguage":"es","potentialAction":[{"@type":"ReadAction","target":["https:\/\/www.ull.es\/portal\/noticias\/2019\/la-universidad-de-la-laguna-amplia-su-convenio-de-colaboracion-con-alumni-ull\/"]}]},{"@type":"BreadcrumbList","@id":"https:\/\/www.ull.es\/portal\/noticias\/2019\/la-universidad-de-la-laguna-amplia-su-convenio-de-colaboracion-con-alumni-ull\/#breadcrumb","itemListElement":[{"@type":"ListItem","position":1,"name":"Portada","item":"https:\/\/www.ull.es\/portal\/noticias\/"},{"@type":"ListItem","position":2,"name":"La Universidad de La Laguna ampl\u00eda su convenio de colaboraci\u00f3n con Alumni ULL"}]},{"@type":"WebSite","@id":"https:\/\/www.ull.es\/portal\/noticias\/#website","url":"https:\/\/www.ull.es\/portal\/noticias\/","name":"ULL - Noticias","description":"","potentialAction":[{"@type":"SearchAction","target":{"@type":"EntryPoint","urlTemplate":"https:\/\/www.ull.es\/portal\/noticias\/?s={search_term_string}"},"query-input":"required name=search_term_string"}],"inLanguage":"es"},{"@type":"Person","@id":"https:\/\/www.ull.es\/portal\/noticias\/#\/schema\/person\/9924518fb1ad37d4428e7b5d6f311773","name":"gcom4","image":{"@type":"ImageObject","inLanguage":"es","@id":"https:\/\/www.ull.es\/portal\/noticias\/#\/schema\/person\/image\/","url":"https:\/\/secure.gravatar.com\/avatar\/a5d1f5573f10617ccfcc209aaf6aa7fb?s=96&d=mm&r=g","contentUrl":"https:\/\/secure.gravatar.com\/avatar\/a5d1f5573f10617ccfcc209aaf6aa7fb?s=96&d=mm&r=g","caption":"gcom4"},"url":"https:\/\/www.ull.es\/portal\/noticias\/author\/gcom4\/"}]}},"primary_category":{"id":2765,"name":"Portada ULL","slug":"portada-ull","link":"https:\/\/www.ull.es\/portal\/noticias\/category\/portada-ull\/"},"featured_image_thumbnail_url":"https:\/\/www.ull.es\/portal\/noticias\/wp-content\/uploads\/sites\/13\/2019\/02\/alumni-300x200.jpg","_links":{"self":[{"href":"https:\/\/www.ull.es\/portal\/noticias\/wp-json\/wp\/v2\/posts\/42613"}],"collection":[{"href":"https:\/\/www.ull.es\/portal\/noticias\/wp-json\/wp\/v2\/posts"}],"about":[{"href":"https:\/\/www.ull.es\/portal\/noticias\/wp-json\/wp\/v2\/types\/post"}],"author":[{"embeddable":true,"href":"https:\/\/www.ull.es\/portal\/noticias\/wp-json\/wp\/v2\/users\/65"}],"replies":[{"embeddable":true,"href":"https:\/\/www.ull.es\/portal\/noticias\/wp-json\/wp\/v2\/comments?post=42613"}],"version-history":[{"count":2,"href":"https:\/\/www.ull.es\/portal\/noticias\/wp-json\/wp\/v2\/posts\/42613\/revisions"}],"predecessor-version":[{"id":42624,"href":"https:\/\/www.ull.es\/portal\/noticias\/wp-json\/wp\/v2\/posts\/42613\/revisions\/42624"}],"wp:featuredmedia":[{"embeddable":true,"href":"https:\/\/www.ull.es\/portal\/noticias\/wp-json\/wp\/v2\/media\/42614"}],"wp:attachment":[{"href":"https:\/\/www.ull.es\/portal\/noticias\/wp-json\/wp\/v2\/media?parent=42613"}],"wp:term":[{"taxonomy":"category","embeddable":true,"href":"https:\/\/www.ull.es\/portal\/noticias\/wp-json\/wp\/v2\/categories?post=42613"},{"taxonomy":"post_tag","embeddable":true,"href":"https:\/\/www.ull.es\/portal\/noticias\/wp-json\/wp\/v2\/tags?post=42613"}],"curies":[{"name":"wp","href":"https:\/\/api.w.org\/{rel}","templated":true}]}}