{"id":42729,"date":"2019-02-27T14:43:52","date_gmt":"2019-02-27T14:43:52","guid":{"rendered":"https:\/\/www.ull.es\/portal\/noticias\/?p=42729"},"modified":"2020-12-18T10:31:39","modified_gmt":"2020-12-18T10:31:39","slug":"green-senala-en-la-ull-la-tension-que-se-da-en-el-derecho-de-asilo-entre-la-territorialidad-y-los-derechos-humanos","status":"publish","type":"post","link":"https:\/\/www.ull.es\/portal\/noticias\/2019\/green-senala-en-la-ull-la-tension-que-se-da-en-el-derecho-de-asilo-entre-la-territorialidad-y-los-derechos-humanos\/","title":{"rendered":"Green se\u00f1ala en la ULL la tensi\u00f3n que se da en el derecho de asilo entre la territorialidad y los derechos humanos"},"content":{"rendered":"<p>La antrop\u00f3loga social de la Universidad de Helsinki Sarah Green ha sido la conferenciante inaugural del simposio internacional \u201cPrecariedad de la vida, violencias y exclusiones sociales. Contra la producci\u00f3n masiva de vulnerabilidad\u201d, inaugurado hoy, mi\u00e9rcoles 27 de febrero en la Secci\u00f3n de Filosof\u00eda de la Facultad de Humanidades de la Universidad de La Laguna. Su ponencia se centr\u00f3 en el derecho al asilo y plante\u00f3 las tensiones existentes entre la protecci\u00f3n de las fronteras territoriales y la defensa de los derechos humanos en la atenci\u00f3n a este tipo de migrantes.<\/p>\n<p style=\"text-align: center;\"><a href=\"https:\/\/drive.google.com\/drive\/folders\/1wyOHxG20N5NBW7pzj7MhWhKwNhdHhOge?usp=sharing\" target=\"_blank\" rel=\"noopener\"><strong>Galer\u00eda de im\u00e1genes<\/strong><\/a><\/p>\n<p>La sesi\u00f3n fue inaugurada previamente por la vicerrectora de Infraestructuras y Servicios Universitarios, Norena Mart\u00edn; la directora del Instituto Universitario de Estudios de las Mujeres (IUEM), Inmaculada Perdomo; la catedr\u00e1tica de Filosof\u00eda Moral y directora del simposio Mar\u00eda Jos\u00e9 Guerra; y la vicedecana de la Secci\u00f3n de Filosof\u00eda, Margarita V\u00e1zquez.<\/p>\n<p>Este es el tercer simposio internacional organizado en torno al proyecto de investigaci\u00f3n \u201cJusticia, ciudadan\u00eda y vulnerabilidad. Narrativas de la precariedad y enfoques interseccionales\u201d, financiado por el Ministerio de Econom\u00eda y Competitividad, vinculado al IUEM y cuyas investigadoras principales son la ya mencionada profesora Guerra y Eva Darias-Beautell, del \u00e1rea de Filolog\u00eda Inglesa. Los dos anteriores simposios giraron en torno a la transnacionalizaci\u00f3n del g\u00e9nero y las migraciones, el primero, y el concepto de frontera, el segundo.<\/p>\n<p>Sarah Green comenz\u00f3 su intervenci\u00f3n recordando cu\u00e1l es la definici\u00f3n que la Convenci\u00f3n sobre el Estatuto de los Refugiados de 1951 aporta sobre esta figura, entendida como aquella persona que abandona su pa\u00eds al tener fundados temores de que en \u00e9l va a ser perseguida por causas ideol\u00f3gicas, raciales, religiosas o de cualquier otra \u00edndole y busca refugio en un entorno m\u00e1s amistoso.<\/p>\n<p>La especialista reflexion\u00f3 que el actual es un momento parad\u00f3jico, pues existen muchos pa\u00edses en los cuales se dan condiciones objetivas de desigualdad que propician la salida de sus ciudadanos por temor a su seguridad y, sin embargo, es el periodo en el cual menos expedientes de solicitud de asilo favorables se conceden.<\/p>\n<p>Green denuncia que, en muchas ocasiones, las razones que aportan las autoridades para denegar el asilo \u201cpermanecen ocultas e impredecibles\u201d, por lo que resulta dif\u00edcil aventurar cu\u00e1l ser\u00e1 la decisi\u00f3n de las autoridades. A esa incertidumbre se a\u00f1ade la burocracia que conlleva la solicitud, que genera a \u201cespera, incertidumbre y desigualdad\u201d.<\/p>\n<p>Para la antrop\u00f3loga, no debe olvidarse que las personas encargadas de conceder el asilo son los guardias de fronteras y, por tanto, a la hora de evaluar los casos no son neutrales, ya que, de entrada, su postura es la de no dejar entrar a nadie que no deba, pues tal es su funci\u00f3n.<\/p>\n<p>La aprobaci\u00f3n o no de un asilo va a depender de la evaluaci\u00f3n individual de cada caso. Y, en ocasiones, ni siquiera basta con tener argumentos objetivos. La ponente puso como ejemplo de esto \u00faltimo el caso de Elanchelvan Rajendram, un inmigrante procedente de Sri Lanka que solicit\u00f3 asilo a Francia y fue retornado a su pa\u00eds porque las autoridades pensaron que su relato se ajustaba tan perfectamente a los requisitos para conceder asilo que ten\u00eda que ser forzosamente falsa. A los pocos meses de ser devuelto a su lugar de origen, muri\u00f3 abatido por diecis\u00e9is disparos.<\/p>\n<p>Sobre este caso, Green argumenta que podr\u00eda considerarse que existen razones objetivas para se\u00f1alar que Francia envi\u00f3 a Rajendram directo hacia su muerte, pero \u201cla l\u00f3gica que hay detr\u00e1s de lo que se entiende como territorio no permite hacer esa asunci\u00f3n. Simplemente, una vez deportado, dej\u00f3 de ser problema de Francia\u201d.<\/p>\n<p>Tambi\u00e9n alert\u00f3 de c\u00f3mo el auge de las llamadas \u201ccrisis humanitarias\u201d est\u00e1n siendo aprovechadas para alentar discursos populistas ultranacionalistas, y plante\u00f3 que el concepto de territorialidad entra en conflicto con los derechos humanos. \u201cEl humanitarismo conlleva la obligaci\u00f3n moral de preocuparse por quien sufre y los derechos humanos suponen una obligaci\u00f3n legal. En cambio, la territorialidad no es universal por definici\u00f3n, as\u00ed que provoca que haya diferencias de derechos entre quienes pertenecen y no pertenecen al territorio. Hay, pues, una clara contradicci\u00f3n\u201d.<\/p>\n","protected":false},"excerpt":{"rendered":"<p>La antrop\u00f3loga social de la Universidad de Helsinki Sarah Green ha sido la conferenciante inaugural del simposio internacional \u201cPrecariedad de&#8230;<\/p>\n","protected":false},"author":23,"featured_media":42731,"comment_status":"closed","ping_status":"closed","sticky":false,"template":"","format":"standard","meta":{"inline_featured_image":false,"footnotes":""},"categories":[345,6857,350,2765,1],"tags":[5423,1561,3529,2262,5419],"acf":[],"yoast_head":"<!-- This site is optimized with the Yoast SEO plugin v21.3 - https:\/\/yoast.com\/wordpress\/plugins\/seo\/ -->\n<title>Green se\u00f1ala en la ULL la tensi\u00f3n que se da en el derecho de asilo entre la territorialidad y los derechos humanos - ULL - Noticias<\/title>\n<meta name=\"robots\" content=\"index, follow, max-snippet:-1, max-image-preview:large, max-video-preview:-1\" \/>\n<link rel=\"canonical\" href=\"https:\/\/www.ull.es\/portal\/noticias\/2019\/green-senala-en-la-ull-la-tension-que-se-da-en-el-derecho-de-asilo-entre-la-territorialidad-y-los-derechos-humanos\/\" \/>\n<meta property=\"og:locale\" content=\"es_ES\" \/>\n<meta property=\"og:type\" content=\"article\" \/>\n<meta property=\"og:title\" content=\"Green se\u00f1ala en la ULL la tensi\u00f3n que se da en el derecho de asilo entre la territorialidad y los derechos humanos - ULL - Noticias\" \/>\n<meta property=\"og:description\" content=\"La antrop\u00f3loga social de la Universidad de Helsinki Sarah Green ha sido la conferenciante inaugural del simposio internacional \u201cPrecariedad de...\" \/>\n<meta property=\"og:url\" content=\"https:\/\/www.ull.es\/portal\/noticias\/2019\/green-senala-en-la-ull-la-tension-que-se-da-en-el-derecho-de-asilo-entre-la-territorialidad-y-los-derechos-humanos\/\" \/>\n<meta property=\"og:site_name\" content=\"ULL - Noticias\" \/>\n<meta property=\"article:publisher\" content=\"https:\/\/www.facebook.com\/universidaddelalaguna\/\" \/>\n<meta property=\"article:published_time\" content=\"2019-02-27T14:43:52+00:00\" \/>\n<meta property=\"article:modified_time\" content=\"2020-12-18T10:31:39+00:00\" \/>\n<meta property=\"og:image\" content=\"https:\/\/www.ull.es\/portal\/noticias\/wp-content\/uploads\/sites\/13\/2019\/02\/Simposium-Precarizacion-18.jpg\" \/>\n\t<meta property=\"og:image:width\" content=\"1024\" \/>\n\t<meta property=\"og:image:height\" content=\"683\" \/>\n\t<meta property=\"og:image:type\" content=\"image\/jpeg\" \/>\n<meta name=\"author\" content=\"gaprsa\" \/>\n<meta name=\"twitter:card\" content=\"summary_large_image\" \/>\n<meta name=\"twitter:creator\" content=\"@CanalULL\" \/>\n<meta name=\"twitter:site\" content=\"@CanalULL\" \/>\n<meta name=\"twitter:label1\" content=\"Escrito por\" \/>\n\t<meta name=\"twitter:data1\" content=\"gaprsa\" \/>\n\t<meta name=\"twitter:label2\" content=\"Tiempo de lectura\" \/>\n\t<meta name=\"twitter:data2\" content=\"4 minutos\" \/>\n<script type=\"application\/ld+json\" class=\"yoast-schema-graph\">{\"@context\":\"https:\/\/schema.org\",\"@graph\":[{\"@type\":\"WebPage\",\"@id\":\"https:\/\/www.ull.es\/portal\/noticias\/2019\/green-senala-en-la-ull-la-tension-que-se-da-en-el-derecho-de-asilo-entre-la-territorialidad-y-los-derechos-humanos\/\",\"url\":\"https:\/\/www.ull.es\/portal\/noticias\/2019\/green-senala-en-la-ull-la-tension-que-se-da-en-el-derecho-de-asilo-entre-la-territorialidad-y-los-derechos-humanos\/\",\"name\":\"Green se\u00f1ala en la ULL la tensi\u00f3n que se da en el derecho de asilo entre la territorialidad y los derechos humanos - ULL - Noticias\",\"isPartOf\":{\"@id\":\"https:\/\/www.ull.es\/portal\/noticias\/#website\"},\"datePublished\":\"2019-02-27T14:43:52+00:00\",\"dateModified\":\"2020-12-18T10:31:39+00:00\",\"author\":{\"@id\":\"https:\/\/www.ull.es\/portal\/noticias\/#\/schema\/person\/b2b1a89d43ffa609e591f7df8ef3e817\"},\"breadcrumb\":{\"@id\":\"https:\/\/www.ull.es\/portal\/noticias\/2019\/green-senala-en-la-ull-la-tension-que-se-da-en-el-derecho-de-asilo-entre-la-territorialidad-y-los-derechos-humanos\/#breadcrumb\"},\"inLanguage\":\"es\",\"potentialAction\":[{\"@type\":\"ReadAction\",\"target\":[\"https:\/\/www.ull.es\/portal\/noticias\/2019\/green-senala-en-la-ull-la-tension-que-se-da-en-el-derecho-de-asilo-entre-la-territorialidad-y-los-derechos-humanos\/\"]}]},{\"@type\":\"BreadcrumbList\",\"@id\":\"https:\/\/www.ull.es\/portal\/noticias\/2019\/green-senala-en-la-ull-la-tension-que-se-da-en-el-derecho-de-asilo-entre-la-territorialidad-y-los-derechos-humanos\/#breadcrumb\",\"itemListElement\":[{\"@type\":\"ListItem\",\"position\":1,\"name\":\"Portada\",\"item\":\"https:\/\/www.ull.es\/portal\/noticias\/\"},{\"@type\":\"ListItem\",\"position\":2,\"name\":\"Green se\u00f1ala en la ULL la tensi\u00f3n que se da en el derecho de asilo entre la territorialidad y los derechos humanos\"}]},{\"@type\":\"WebSite\",\"@id\":\"https:\/\/www.ull.es\/portal\/noticias\/#website\",\"url\":\"https:\/\/www.ull.es\/portal\/noticias\/\",\"name\":\"ULL - Noticias\",\"description\":\"\",\"potentialAction\":[{\"@type\":\"SearchAction\",\"target\":{\"@type\":\"EntryPoint\",\"urlTemplate\":\"https:\/\/www.ull.es\/portal\/noticias\/?s={search_term_string}\"},\"query-input\":\"required name=search_term_string\"}],\"inLanguage\":\"es\"},{\"@type\":\"Person\",\"@id\":\"https:\/\/www.ull.es\/portal\/noticias\/#\/schema\/person\/b2b1a89d43ffa609e591f7df8ef3e817\",\"name\":\"gaprsa\",\"image\":{\"@type\":\"ImageObject\",\"inLanguage\":\"es\",\"@id\":\"https:\/\/www.ull.es\/portal\/noticias\/#\/schema\/person\/image\/\",\"url\":\"https:\/\/secure.gravatar.com\/avatar\/443820550921091458b4823867723b3d?s=96&d=mm&r=g\",\"contentUrl\":\"https:\/\/secure.gravatar.com\/avatar\/443820550921091458b4823867723b3d?s=96&d=mm&r=g\",\"caption\":\"gaprsa\"},\"url\":\"https:\/\/www.ull.es\/portal\/noticias\/author\/gaprsa\/\"}]}<\/script>\n<!-- \/ Yoast SEO plugin. -->","yoast_head_json":{"title":"Green se\u00f1ala en la ULL la tensi\u00f3n que se da en el derecho de asilo entre la territorialidad y los derechos humanos - ULL - Noticias","robots":{"index":"index","follow":"follow","max-snippet":"max-snippet:-1","max-image-preview":"max-image-preview:large","max-video-preview":"max-video-preview:-1"},"canonical":"https:\/\/www.ull.es\/portal\/noticias\/2019\/green-senala-en-la-ull-la-tension-que-se-da-en-el-derecho-de-asilo-entre-la-territorialidad-y-los-derechos-humanos\/","og_locale":"es_ES","og_type":"article","og_title":"Green se\u00f1ala en la ULL la tensi\u00f3n que se da en el derecho de asilo entre la territorialidad y los derechos humanos - ULL - Noticias","og_description":"La antrop\u00f3loga social de la Universidad de Helsinki Sarah Green ha sido la conferenciante inaugural del simposio internacional \u201cPrecariedad de...","og_url":"https:\/\/www.ull.es\/portal\/noticias\/2019\/green-senala-en-la-ull-la-tension-que-se-da-en-el-derecho-de-asilo-entre-la-territorialidad-y-los-derechos-humanos\/","og_site_name":"ULL - Noticias","article_publisher":"https:\/\/www.facebook.com\/universidaddelalaguna\/","article_published_time":"2019-02-27T14:43:52+00:00","article_modified_time":"2020-12-18T10:31:39+00:00","og_image":[{"width":1024,"height":683,"url":"https:\/\/www.ull.es\/portal\/noticias\/wp-content\/uploads\/sites\/13\/2019\/02\/Simposium-Precarizacion-18.jpg","type":"image\/jpeg"}],"author":"gaprsa","twitter_card":"summary_large_image","twitter_creator":"@CanalULL","twitter_site":"@CanalULL","twitter_misc":{"Escrito por":"gaprsa","Tiempo de lectura":"4 minutos"},"schema":{"@context":"https:\/\/schema.org","@graph":[{"@type":"WebPage","@id":"https:\/\/www.ull.es\/portal\/noticias\/2019\/green-senala-en-la-ull-la-tension-que-se-da-en-el-derecho-de-asilo-entre-la-territorialidad-y-los-derechos-humanos\/","url":"https:\/\/www.ull.es\/portal\/noticias\/2019\/green-senala-en-la-ull-la-tension-que-se-da-en-el-derecho-de-asilo-entre-la-territorialidad-y-los-derechos-humanos\/","name":"Green se\u00f1ala en la ULL la tensi\u00f3n que se da en el derecho de asilo entre la territorialidad y los derechos humanos - ULL - Noticias","isPartOf":{"@id":"https:\/\/www.ull.es\/portal\/noticias\/#website"},"datePublished":"2019-02-27T14:43:52+00:00","dateModified":"2020-12-18T10:31:39+00:00","author":{"@id":"https:\/\/www.ull.es\/portal\/noticias\/#\/schema\/person\/b2b1a89d43ffa609e591f7df8ef3e817"},"breadcrumb":{"@id":"https:\/\/www.ull.es\/portal\/noticias\/2019\/green-senala-en-la-ull-la-tension-que-se-da-en-el-derecho-de-asilo-entre-la-territorialidad-y-los-derechos-humanos\/#breadcrumb"},"inLanguage":"es","potentialAction":[{"@type":"ReadAction","target":["https:\/\/www.ull.es\/portal\/noticias\/2019\/green-senala-en-la-ull-la-tension-que-se-da-en-el-derecho-de-asilo-entre-la-territorialidad-y-los-derechos-humanos\/"]}]},{"@type":"BreadcrumbList","@id":"https:\/\/www.ull.es\/portal\/noticias\/2019\/green-senala-en-la-ull-la-tension-que-se-da-en-el-derecho-de-asilo-entre-la-territorialidad-y-los-derechos-humanos\/#breadcrumb","itemListElement":[{"@type":"ListItem","position":1,"name":"Portada","item":"https:\/\/www.ull.es\/portal\/noticias\/"},{"@type":"ListItem","position":2,"name":"Green se\u00f1ala en la ULL la tensi\u00f3n que se da en el derecho de asilo entre la territorialidad y los derechos humanos"}]},{"@type":"WebSite","@id":"https:\/\/www.ull.es\/portal\/noticias\/#website","url":"https:\/\/www.ull.es\/portal\/noticias\/","name":"ULL - Noticias","description":"","potentialAction":[{"@type":"SearchAction","target":{"@type":"EntryPoint","urlTemplate":"https:\/\/www.ull.es\/portal\/noticias\/?s={search_term_string}"},"query-input":"required name=search_term_string"}],"inLanguage":"es"},{"@type":"Person","@id":"https:\/\/www.ull.es\/portal\/noticias\/#\/schema\/person\/b2b1a89d43ffa609e591f7df8ef3e817","name":"gaprsa","image":{"@type":"ImageObject","inLanguage":"es","@id":"https:\/\/www.ull.es\/portal\/noticias\/#\/schema\/person\/image\/","url":"https:\/\/secure.gravatar.com\/avatar\/443820550921091458b4823867723b3d?s=96&d=mm&r=g","contentUrl":"https:\/\/secure.gravatar.com\/avatar\/443820550921091458b4823867723b3d?s=96&d=mm&r=g","caption":"gaprsa"},"url":"https:\/\/www.ull.es\/portal\/noticias\/author\/gaprsa\/"}]}},"primary_category":{"id":1,"name":"ULL","slug":"ull","link":"https:\/\/www.ull.es\/portal\/noticias\/category\/ull\/"},"featured_image_thumbnail_url":"https:\/\/www.ull.es\/portal\/noticias\/wp-content\/uploads\/sites\/13\/2019\/02\/Simposium-Precarizacion-18-300x200.jpg","_links":{"self":[{"href":"https:\/\/www.ull.es\/portal\/noticias\/wp-json\/wp\/v2\/posts\/42729"}],"collection":[{"href":"https:\/\/www.ull.es\/portal\/noticias\/wp-json\/wp\/v2\/posts"}],"about":[{"href":"https:\/\/www.ull.es\/portal\/noticias\/wp-json\/wp\/v2\/types\/post"}],"author":[{"embeddable":true,"href":"https:\/\/www.ull.es\/portal\/noticias\/wp-json\/wp\/v2\/users\/23"}],"replies":[{"embeddable":true,"href":"https:\/\/www.ull.es\/portal\/noticias\/wp-json\/wp\/v2\/comments?post=42729"}],"version-history":[{"count":3,"href":"https:\/\/www.ull.es\/portal\/noticias\/wp-json\/wp\/v2\/posts\/42729\/revisions"}],"predecessor-version":[{"id":53816,"href":"https:\/\/www.ull.es\/portal\/noticias\/wp-json\/wp\/v2\/posts\/42729\/revisions\/53816"}],"wp:featuredmedia":[{"embeddable":true,"href":"https:\/\/www.ull.es\/portal\/noticias\/wp-json\/wp\/v2\/media\/42731"}],"wp:attachment":[{"href":"https:\/\/www.ull.es\/portal\/noticias\/wp-json\/wp\/v2\/media?parent=42729"}],"wp:term":[{"taxonomy":"category","embeddable":true,"href":"https:\/\/www.ull.es\/portal\/noticias\/wp-json\/wp\/v2\/categories?post=42729"},{"taxonomy":"post_tag","embeddable":true,"href":"https:\/\/www.ull.es\/portal\/noticias\/wp-json\/wp\/v2\/tags?post=42729"}],"curies":[{"name":"wp","href":"https:\/\/api.w.org\/{rel}","templated":true}]}}