{"id":42799,"date":"2019-02-28T15:08:21","date_gmt":"2019-02-28T15:08:21","guid":{"rendered":"https:\/\/www.ull.es\/portal\/noticias\/?p=42799"},"modified":"2019-03-06T11:59:56","modified_gmt":"2019-03-06T11:59:56","slug":"la-exposicion-colectiva-meraki-llega-manana-a-la-sala-de-arte-paraninfo-pablo-gonzalez-vera","status":"publish","type":"post","link":"https:\/\/www.ull.es\/portal\/noticias\/2019\/la-exposicion-colectiva-meraki-llega-manana-a-la-sala-de-arte-paraninfo-pablo-gonzalez-vera\/","title":{"rendered":"La exposici\u00f3n colectiva \u2018Meraki\u2019 llega ma\u00f1ana a la Sala de Arte Paraninfo Pablo Gonz\u00e1lez Vera"},"content":{"rendered":"<p><iframe loading=\"lazy\" width=\"750\" height=\"422\" src=\"https:\/\/www.youtube.com\/embed\/fmKJbPzJ0zE?feature=oembed\" frameborder=\"0\" allow=\"accelerometer; autoplay; encrypted-media; gyroscope; picture-in-picture\" allowfullscreen><\/iframe><\/p>\n<p>La Sala de Arte Paraninfo Pablo Gonz\u00e1lez Vera de la Universidad de La Laguna acoger\u00e1 hasta el 8 de mayo la exposici\u00f3n colectiva <em>Meraki<\/em>. La muestra, que ser\u00e1 inaugurada ma\u00f1ana 1 de marzo a las 20:00 horas, est\u00e1 compuesta por 34 obras de los artistas Eilyn Amores, Leonardo Izquierdo y Osvaldo Chong realizadas con diversas t\u00e9cnicas.<\/p>\n<p style=\"text-align: center;\"><strong><a href=\"https:\/\/drive.google.com\/drive\/folders\/1PPqyErcTzrk9xw4UNweuwxXYF5iq55-5?usp=sharing\" target=\"_blank\" rel=\"noopener\">Galer\u00eda de im\u00e1genes<\/a><\/strong><\/p>\n<p>Comisariada por Leonardo Rodr\u00edguez Izquierdo, la propuesta art\u00edstica propone indagar en el vac\u00edo, arrojarle piedras a la luna, disparar a las estrellas, recortar en trocitos parte de unos sue\u00f1os para transformarlos en ideas, s\u00edmbolos o fantas\u00edas. Los tres creadores act\u00faan conforme a unos valores est\u00e9ticos propios, lo que no es \u00f3bice para que entre ellos se establezca una reflexi\u00f3n de la que se puedan obtener interesantes conclusiones.<\/p>\n<p>Eilyn Amores muestra en su trabajo el reto de figuras infinitamente peque\u00f1as que se enfrentan a realidades colosales, lo que produce v\u00e9rtigo y zozobra en el espectador. Sus personajes \u00ednfimos se hallan perdidos en la inmensidad buscando asideros donde apoyarse y encontrar cobijo. La autora habla a trav\u00e9s de sus creaciones sobre la incomunicaci\u00f3n y la opresi\u00f3n, pero tambi\u00e9n sobre el deseo de alcanzar a otros que puedan acompa\u00f1arnos para no perdernos en la desolaci\u00f3n.<\/p>\n<p>Por su parte, en la obra de Leonardo Izquierdo predominan los fondos tenues y colores azules oscuros, grises suaves y leves amarillos. Se distinguen parejas que se abrazan, se fuerzan y se alivian hasta alcanzar la extenuaci\u00f3n y, al mismo tiempo, el cl\u00edmax. Son escenas profundas y polivalentes situadas en un espacio de equilibrio er\u00f3tico entre el placer, la paz y el dolor.<\/p>\n<p>Por \u00faltimo, a Osvaldo Chong le seduce un lugar ut\u00f3pico que puede ser abierto hasta el infinito, y que duplica su significado en forma de ciudad o de gato. Elabora su trabajo con t\u00e9cnicas cubistas e invita al visitante a asistir a una ilusi\u00f3n \u00f3ptica donde la percepci\u00f3n ha de desdoblarse para amplificar la mirada.<\/p>\n<p>La muestra permanecer\u00e1 abierta al p\u00fablico hasta el 8 de mayo de 2019. Puede visitarse de lunes a viernes de 17:00 a 20:00 horas en la Sala de Arte Paraninfo Pablo Gonz\u00e1lez Vera. La entrada es gratuita.<\/p>\n","protected":false},"excerpt":{"rendered":"<p>La Sala de Arte Paraninfo Pablo Gonz\u00e1lez Vera de la Universidad de La Laguna acoger\u00e1 hasta el 8 de mayo&#8230;<\/p>\n","protected":false},"author":23,"featured_media":42841,"comment_status":"closed","ping_status":"closed","sticky":false,"template":"","format":"image","meta":{"inline_featured_image":false,"footnotes":""},"categories":[344,345,3283,2765],"tags":[5434],"acf":[],"yoast_head":"<!-- This site is optimized with the Yoast SEO plugin v21.3 - https:\/\/yoast.com\/wordpress\/plugins\/seo\/ -->\n<title>La exposici\u00f3n colectiva \u2018Meraki\u2019 llega ma\u00f1ana a la Sala de Arte Paraninfo Pablo Gonz\u00e1lez Vera - ULL - Noticias<\/title>\n<meta name=\"robots\" content=\"index, follow, max-snippet:-1, max-image-preview:large, max-video-preview:-1\" \/>\n<link rel=\"canonical\" href=\"https:\/\/www.ull.es\/portal\/noticias\/2019\/la-exposicion-colectiva-meraki-llega-manana-a-la-sala-de-arte-paraninfo-pablo-gonzalez-vera\/\" \/>\n<meta property=\"og:locale\" content=\"es_ES\" \/>\n<meta property=\"og:type\" content=\"article\" \/>\n<meta property=\"og:title\" content=\"La exposici\u00f3n colectiva \u2018Meraki\u2019 llega ma\u00f1ana a la Sala de Arte Paraninfo Pablo Gonz\u00e1lez Vera - ULL - Noticias\" \/>\n<meta property=\"og:description\" content=\"La Sala de Arte Paraninfo Pablo Gonz\u00e1lez Vera de la Universidad de La Laguna acoger\u00e1 hasta el 8 de mayo...\" \/>\n<meta property=\"og:url\" content=\"https:\/\/www.ull.es\/portal\/noticias\/2019\/la-exposicion-colectiva-meraki-llega-manana-a-la-sala-de-arte-paraninfo-pablo-gonzalez-vera\/\" \/>\n<meta property=\"og:site_name\" content=\"ULL - Noticias\" \/>\n<meta property=\"article:publisher\" content=\"https:\/\/www.facebook.com\/universidaddelalaguna\/\" \/>\n<meta property=\"article:published_time\" content=\"2019-02-28T15:08:21+00:00\" \/>\n<meta property=\"article:modified_time\" content=\"2019-03-06T11:59:56+00:00\" \/>\n<meta property=\"og:image\" content=\"https:\/\/www.ull.es\/portal\/noticias\/wp-content\/uploads\/sites\/13\/2019\/02\/Expo-Meraki-15.jpg\" \/>\n\t<meta property=\"og:image:width\" content=\"1024\" \/>\n\t<meta property=\"og:image:height\" content=\"683\" \/>\n\t<meta property=\"og:image:type\" content=\"image\/jpeg\" \/>\n<meta name=\"author\" content=\"gaprsa\" \/>\n<meta name=\"twitter:card\" content=\"summary_large_image\" \/>\n<meta name=\"twitter:creator\" content=\"@CanalULL\" \/>\n<meta name=\"twitter:site\" content=\"@CanalULL\" \/>\n<meta name=\"twitter:label1\" content=\"Escrito por\" \/>\n\t<meta name=\"twitter:data1\" content=\"gaprsa\" \/>\n\t<meta name=\"twitter:label2\" content=\"Tiempo de lectura\" \/>\n\t<meta name=\"twitter:data2\" content=\"2 minutos\" \/>\n<script type=\"application\/ld+json\" class=\"yoast-schema-graph\">{\"@context\":\"https:\/\/schema.org\",\"@graph\":[{\"@type\":\"WebPage\",\"@id\":\"https:\/\/www.ull.es\/portal\/noticias\/2019\/la-exposicion-colectiva-meraki-llega-manana-a-la-sala-de-arte-paraninfo-pablo-gonzalez-vera\/\",\"url\":\"https:\/\/www.ull.es\/portal\/noticias\/2019\/la-exposicion-colectiva-meraki-llega-manana-a-la-sala-de-arte-paraninfo-pablo-gonzalez-vera\/\",\"name\":\"La exposici\u00f3n colectiva \u2018Meraki\u2019 llega ma\u00f1ana a la Sala de Arte Paraninfo Pablo Gonz\u00e1lez Vera - ULL - Noticias\",\"isPartOf\":{\"@id\":\"https:\/\/www.ull.es\/portal\/noticias\/#website\"},\"datePublished\":\"2019-02-28T15:08:21+00:00\",\"dateModified\":\"2019-03-06T11:59:56+00:00\",\"author\":{\"@id\":\"https:\/\/www.ull.es\/portal\/noticias\/#\/schema\/person\/b2b1a89d43ffa609e591f7df8ef3e817\"},\"breadcrumb\":{\"@id\":\"https:\/\/www.ull.es\/portal\/noticias\/2019\/la-exposicion-colectiva-meraki-llega-manana-a-la-sala-de-arte-paraninfo-pablo-gonzalez-vera\/#breadcrumb\"},\"inLanguage\":\"es\",\"potentialAction\":[{\"@type\":\"ReadAction\",\"target\":[\"https:\/\/www.ull.es\/portal\/noticias\/2019\/la-exposicion-colectiva-meraki-llega-manana-a-la-sala-de-arte-paraninfo-pablo-gonzalez-vera\/\"]}]},{\"@type\":\"BreadcrumbList\",\"@id\":\"https:\/\/www.ull.es\/portal\/noticias\/2019\/la-exposicion-colectiva-meraki-llega-manana-a-la-sala-de-arte-paraninfo-pablo-gonzalez-vera\/#breadcrumb\",\"itemListElement\":[{\"@type\":\"ListItem\",\"position\":1,\"name\":\"Portada\",\"item\":\"https:\/\/www.ull.es\/portal\/noticias\/\"},{\"@type\":\"ListItem\",\"position\":2,\"name\":\"La exposici\u00f3n colectiva \u2018Meraki\u2019 llega ma\u00f1ana a la Sala de Arte Paraninfo Pablo Gonz\u00e1lez Vera\"}]},{\"@type\":\"WebSite\",\"@id\":\"https:\/\/www.ull.es\/portal\/noticias\/#website\",\"url\":\"https:\/\/www.ull.es\/portal\/noticias\/\",\"name\":\"ULL - Noticias\",\"description\":\"\",\"potentialAction\":[{\"@type\":\"SearchAction\",\"target\":{\"@type\":\"EntryPoint\",\"urlTemplate\":\"https:\/\/www.ull.es\/portal\/noticias\/?s={search_term_string}\"},\"query-input\":\"required name=search_term_string\"}],\"inLanguage\":\"es\"},{\"@type\":\"Person\",\"@id\":\"https:\/\/www.ull.es\/portal\/noticias\/#\/schema\/person\/b2b1a89d43ffa609e591f7df8ef3e817\",\"name\":\"gaprsa\",\"image\":{\"@type\":\"ImageObject\",\"inLanguage\":\"es\",\"@id\":\"https:\/\/www.ull.es\/portal\/noticias\/#\/schema\/person\/image\/\",\"url\":\"https:\/\/secure.gravatar.com\/avatar\/443820550921091458b4823867723b3d?s=96&d=mm&r=g\",\"contentUrl\":\"https:\/\/secure.gravatar.com\/avatar\/443820550921091458b4823867723b3d?s=96&d=mm&r=g\",\"caption\":\"gaprsa\"},\"url\":\"https:\/\/www.ull.es\/portal\/noticias\/author\/gaprsa\/\"}]}<\/script>\n<!-- \/ Yoast SEO plugin. -->","yoast_head_json":{"title":"La exposici\u00f3n colectiva \u2018Meraki\u2019 llega ma\u00f1ana a la Sala de Arte Paraninfo Pablo Gonz\u00e1lez Vera - ULL - Noticias","robots":{"index":"index","follow":"follow","max-snippet":"max-snippet:-1","max-image-preview":"max-image-preview:large","max-video-preview":"max-video-preview:-1"},"canonical":"https:\/\/www.ull.es\/portal\/noticias\/2019\/la-exposicion-colectiva-meraki-llega-manana-a-la-sala-de-arte-paraninfo-pablo-gonzalez-vera\/","og_locale":"es_ES","og_type":"article","og_title":"La exposici\u00f3n colectiva \u2018Meraki\u2019 llega ma\u00f1ana a la Sala de Arte Paraninfo Pablo Gonz\u00e1lez Vera - ULL - Noticias","og_description":"La Sala de Arte Paraninfo Pablo Gonz\u00e1lez Vera de la Universidad de La Laguna acoger\u00e1 hasta el 8 de mayo...","og_url":"https:\/\/www.ull.es\/portal\/noticias\/2019\/la-exposicion-colectiva-meraki-llega-manana-a-la-sala-de-arte-paraninfo-pablo-gonzalez-vera\/","og_site_name":"ULL - Noticias","article_publisher":"https:\/\/www.facebook.com\/universidaddelalaguna\/","article_published_time":"2019-02-28T15:08:21+00:00","article_modified_time":"2019-03-06T11:59:56+00:00","og_image":[{"width":1024,"height":683,"url":"https:\/\/www.ull.es\/portal\/noticias\/wp-content\/uploads\/sites\/13\/2019\/02\/Expo-Meraki-15.jpg","type":"image\/jpeg"}],"author":"gaprsa","twitter_card":"summary_large_image","twitter_creator":"@CanalULL","twitter_site":"@CanalULL","twitter_misc":{"Escrito por":"gaprsa","Tiempo de lectura":"2 minutos"},"schema":{"@context":"https:\/\/schema.org","@graph":[{"@type":"WebPage","@id":"https:\/\/www.ull.es\/portal\/noticias\/2019\/la-exposicion-colectiva-meraki-llega-manana-a-la-sala-de-arte-paraninfo-pablo-gonzalez-vera\/","url":"https:\/\/www.ull.es\/portal\/noticias\/2019\/la-exposicion-colectiva-meraki-llega-manana-a-la-sala-de-arte-paraninfo-pablo-gonzalez-vera\/","name":"La exposici\u00f3n colectiva \u2018Meraki\u2019 llega ma\u00f1ana a la Sala de Arte Paraninfo Pablo Gonz\u00e1lez Vera - ULL - Noticias","isPartOf":{"@id":"https:\/\/www.ull.es\/portal\/noticias\/#website"},"datePublished":"2019-02-28T15:08:21+00:00","dateModified":"2019-03-06T11:59:56+00:00","author":{"@id":"https:\/\/www.ull.es\/portal\/noticias\/#\/schema\/person\/b2b1a89d43ffa609e591f7df8ef3e817"},"breadcrumb":{"@id":"https:\/\/www.ull.es\/portal\/noticias\/2019\/la-exposicion-colectiva-meraki-llega-manana-a-la-sala-de-arte-paraninfo-pablo-gonzalez-vera\/#breadcrumb"},"inLanguage":"es","potentialAction":[{"@type":"ReadAction","target":["https:\/\/www.ull.es\/portal\/noticias\/2019\/la-exposicion-colectiva-meraki-llega-manana-a-la-sala-de-arte-paraninfo-pablo-gonzalez-vera\/"]}]},{"@type":"BreadcrumbList","@id":"https:\/\/www.ull.es\/portal\/noticias\/2019\/la-exposicion-colectiva-meraki-llega-manana-a-la-sala-de-arte-paraninfo-pablo-gonzalez-vera\/#breadcrumb","itemListElement":[{"@type":"ListItem","position":1,"name":"Portada","item":"https:\/\/www.ull.es\/portal\/noticias\/"},{"@type":"ListItem","position":2,"name":"La exposici\u00f3n colectiva \u2018Meraki\u2019 llega ma\u00f1ana a la Sala de Arte Paraninfo Pablo Gonz\u00e1lez Vera"}]},{"@type":"WebSite","@id":"https:\/\/www.ull.es\/portal\/noticias\/#website","url":"https:\/\/www.ull.es\/portal\/noticias\/","name":"ULL - Noticias","description":"","potentialAction":[{"@type":"SearchAction","target":{"@type":"EntryPoint","urlTemplate":"https:\/\/www.ull.es\/portal\/noticias\/?s={search_term_string}"},"query-input":"required name=search_term_string"}],"inLanguage":"es"},{"@type":"Person","@id":"https:\/\/www.ull.es\/portal\/noticias\/#\/schema\/person\/b2b1a89d43ffa609e591f7df8ef3e817","name":"gaprsa","image":{"@type":"ImageObject","inLanguage":"es","@id":"https:\/\/www.ull.es\/portal\/noticias\/#\/schema\/person\/image\/","url":"https:\/\/secure.gravatar.com\/avatar\/443820550921091458b4823867723b3d?s=96&d=mm&r=g","contentUrl":"https:\/\/secure.gravatar.com\/avatar\/443820550921091458b4823867723b3d?s=96&d=mm&r=g","caption":"gaprsa"},"url":"https:\/\/www.ull.es\/portal\/noticias\/author\/gaprsa\/"}]}},"primary_category":{"id":344,"name":"Cultura","slug":"cultura","link":"https:\/\/www.ull.es\/portal\/noticias\/category\/cultura\/"},"featured_image_thumbnail_url":"https:\/\/www.ull.es\/portal\/noticias\/wp-content\/uploads\/sites\/13\/2019\/02\/Expo-Meraki-15-300x200.jpg","_links":{"self":[{"href":"https:\/\/www.ull.es\/portal\/noticias\/wp-json\/wp\/v2\/posts\/42799"}],"collection":[{"href":"https:\/\/www.ull.es\/portal\/noticias\/wp-json\/wp\/v2\/posts"}],"about":[{"href":"https:\/\/www.ull.es\/portal\/noticias\/wp-json\/wp\/v2\/types\/post"}],"author":[{"embeddable":true,"href":"https:\/\/www.ull.es\/portal\/noticias\/wp-json\/wp\/v2\/users\/23"}],"replies":[{"embeddable":true,"href":"https:\/\/www.ull.es\/portal\/noticias\/wp-json\/wp\/v2\/comments?post=42799"}],"version-history":[{"count":4,"href":"https:\/\/www.ull.es\/portal\/noticias\/wp-json\/wp\/v2\/posts\/42799\/revisions"}],"predecessor-version":[{"id":42847,"href":"https:\/\/www.ull.es\/portal\/noticias\/wp-json\/wp\/v2\/posts\/42799\/revisions\/42847"}],"wp:featuredmedia":[{"embeddable":true,"href":"https:\/\/www.ull.es\/portal\/noticias\/wp-json\/wp\/v2\/media\/42841"}],"wp:attachment":[{"href":"https:\/\/www.ull.es\/portal\/noticias\/wp-json\/wp\/v2\/media?parent=42799"}],"wp:term":[{"taxonomy":"category","embeddable":true,"href":"https:\/\/www.ull.es\/portal\/noticias\/wp-json\/wp\/v2\/categories?post=42799"},{"taxonomy":"post_tag","embeddable":true,"href":"https:\/\/www.ull.es\/portal\/noticias\/wp-json\/wp\/v2\/tags?post=42799"}],"curies":[{"name":"wp","href":"https:\/\/api.w.org\/{rel}","templated":true}]}}