{"id":42849,"date":"2019-03-06T12:13:11","date_gmt":"2019-03-06T12:13:11","guid":{"rendered":"https:\/\/www.ull.es\/portal\/noticias\/?p=42849"},"modified":"2019-03-06T12:15:37","modified_gmt":"2019-03-06T12:15:37","slug":"las-impactantes-y-reflexivas-imagenes-submarinas-del-fotografo-francis-perez-llegan-al-espacio-cultural-la-capilla","status":"publish","type":"post","link":"https:\/\/www.ull.es\/portal\/noticias\/2019\/las-impactantes-y-reflexivas-imagenes-submarinas-del-fotografo-francis-perez-llegan-al-espacio-cultural-la-capilla\/","title":{"rendered":"Las impactantes y reflexivas im\u00e1genes submarinas del fot\u00f3grafo Francis P\u00e9rez llegan al Espacio Cultural La Capilla"},"content":{"rendered":"<p>El Espacio Cultural La Capilla de la Universidad de La Laguna acoger\u00e1 a partir de ma\u00f1ana 7 de marzo la muestra fotogr\u00e1fica <em>Habitantes del Suroeste<\/em> del fot\u00f3grafo submarino Francis P\u00e9rez, ganador en 2017 del prestigioso premio World Press Photo. La exposici\u00f3n transmite el fr\u00e1gil e impresionante mundo del silencio y pretende, adem\u00e1s, llamar la atenci\u00f3n sobre la necesidad de preservar el equilibrio del ecosistema marino en Canarias, amenazado por la acci\u00f3n humana.<\/p>\n<p>Entre las instant\u00e1neas pueden verse calderones de aleta corta, habitantes de la Zona de Especial Conservaci\u00f3n Teno-Rasca y grandes protagonistas de la zona, aunque tambi\u00e9n hay espacio para observar tortugas marinas, carabelas portuguesas y tiburones azules en su h\u00e1bitat natural.<\/p>\n<p>La Zona de Especial Conservaci\u00f3n Teno-Rasca est\u00e1 situada en el suroeste de Tenerife y alberga 74 especies con distinto grado de amenaza. El fot\u00f3grafo destaca, no obstante, la presencia de una de las comunidades de calder\u00f3n de aleta corta (<em>Globicephala macrorhynchus<\/em>) m\u00e1s importantes del mundo. Los \u00faltimos estudios realizados por la ONG Asociaci\u00f3n Tonina estiman la poblaci\u00f3n en alrededor de 391 individuos con distinto grado de residencia.<\/p>\n<p>No obstante, este espacio marino ha experimentado un incremento notable en el n\u00famero de visitantes y, como consecuencia, la proliferaci\u00f3n de todo tipo de usos y actividades que est\u00e1n impactando en el litoral de manera negativa.<\/p>\n<p>Entre los efectos m\u00e1s preocupantes, reflejados en los \u00faltimos informes, est\u00e1n los cambios de comportamiento registrados cuando existen embarcaciones ilegales en las inmediaciones. En concreto, los animales descansan menos y comunidades como la de ballenas piloto presentan valores de cortisol (hormona del estr\u00e9s) que doblan los de otras comunidades no sometidas a las presiones antropog\u00e9nicas.<\/p>\n<p><strong>Sobre Francis P\u00e9rez<\/strong><\/p>\n<p>Francis P\u00e9rez naci\u00f3 en Canarias y comenz\u00f3 a tomar fotograf\u00edas submarinas de los fondos marinos en Tenerife. Como amante de los oc\u00e9anos y buceador entusiasta, enfoca el mundo submarino con un estilo \u00fanico. Sus fotograf\u00edas muestran su propio punto de vista en lugares como Indonesia, Mar Rojo, Malasia, Sud\u00e1frica, Mozambique, Filipinas, Micronesia, Gal\u00e1pagos, Chile, M\u00e9xico, Cuba y las Islas Canarias.<\/p>\n<p>En los \u00faltimos a\u00f1os ha colaborado con revistas como <em>National Geographic Spain<\/em> y con libros como <em>Blue Hope: Exploring and Caring for Earth&#8217;s Magnificent Ocean<\/em> de Sylvia Earle, editado por <em>National Geographic<\/em>, en el que una de sus im\u00e1genes fue la portada. Por otra parte, ha sido galardonado en numerosos concursos de fotograf\u00eda internacionales incluyendo el primer premio en la categor\u00eda naturaleza del World Press Photo 2017.<\/p>\n<p>La muestra permanecer\u00e1 abierta al p\u00fablico hasta el 1 de abril en el Espacio Cultural La Capilla. Puede visitarse de lunes a viernes de 17:00 a 20:00 horas. La entrada es gratuita.<\/p>\n","protected":false},"excerpt":{"rendered":"<p>El Espacio Cultural La Capilla de la Universidad de La Laguna acoger\u00e1 a partir de ma\u00f1ana 7 de marzo la&#8230;<\/p>\n","protected":false},"author":23,"featured_media":42852,"comment_status":"closed","ping_status":"closed","sticky":false,"template":"","format":"standard","meta":{"inline_featured_image":false,"footnotes":""},"categories":[344,345,2765],"tags":[2956,5444,5442,5443,5445],"acf":[],"yoast_head":"<!-- This site is optimized with the Yoast SEO plugin v21.3 - https:\/\/yoast.com\/wordpress\/plugins\/seo\/ -->\n<title>Las impactantes y reflexivas im\u00e1genes submarinas del fot\u00f3grafo Francis P\u00e9rez llegan al Espacio Cultural La Capilla - ULL - Noticias<\/title>\n<meta name=\"robots\" content=\"index, follow, max-snippet:-1, max-image-preview:large, max-video-preview:-1\" \/>\n<link rel=\"canonical\" href=\"https:\/\/www.ull.es\/portal\/noticias\/2019\/las-impactantes-y-reflexivas-imagenes-submarinas-del-fotografo-francis-perez-llegan-al-espacio-cultural-la-capilla\/\" \/>\n<meta property=\"og:locale\" content=\"es_ES\" \/>\n<meta property=\"og:type\" content=\"article\" \/>\n<meta property=\"og:title\" content=\"Las impactantes y reflexivas im\u00e1genes submarinas del fot\u00f3grafo Francis P\u00e9rez llegan al Espacio Cultural La Capilla - ULL - Noticias\" \/>\n<meta property=\"og:description\" content=\"El Espacio Cultural La Capilla de la Universidad de La Laguna acoger\u00e1 a partir de ma\u00f1ana 7 de marzo la...\" \/>\n<meta property=\"og:url\" content=\"https:\/\/www.ull.es\/portal\/noticias\/2019\/las-impactantes-y-reflexivas-imagenes-submarinas-del-fotografo-francis-perez-llegan-al-espacio-cultural-la-capilla\/\" \/>\n<meta property=\"og:site_name\" content=\"ULL - Noticias\" \/>\n<meta property=\"article:publisher\" content=\"https:\/\/www.facebook.com\/universidaddelalaguna\/\" \/>\n<meta property=\"article:published_time\" content=\"2019-03-06T12:13:11+00:00\" \/>\n<meta property=\"article:modified_time\" content=\"2019-03-06T12:15:37+00:00\" \/>\n<meta property=\"og:image\" content=\"https:\/\/www.ull.es\/portal\/noticias\/wp-content\/uploads\/sites\/13\/2019\/03\/HabitantesSuroeste_Agenda.jpg\" \/>\n\t<meta property=\"og:image:width\" content=\"700\" \/>\n\t<meta property=\"og:image:height\" content=\"350\" \/>\n\t<meta property=\"og:image:type\" content=\"image\/jpeg\" \/>\n<meta name=\"author\" content=\"gaprsa\" \/>\n<meta name=\"twitter:card\" content=\"summary_large_image\" \/>\n<meta name=\"twitter:creator\" content=\"@CanalULL\" \/>\n<meta name=\"twitter:site\" content=\"@CanalULL\" \/>\n<meta name=\"twitter:label1\" content=\"Escrito por\" \/>\n\t<meta name=\"twitter:data1\" content=\"gaprsa\" \/>\n\t<meta name=\"twitter:label2\" content=\"Tiempo de lectura\" \/>\n\t<meta name=\"twitter:data2\" content=\"2 minutos\" \/>\n<script type=\"application\/ld+json\" class=\"yoast-schema-graph\">{\"@context\":\"https:\/\/schema.org\",\"@graph\":[{\"@type\":\"WebPage\",\"@id\":\"https:\/\/www.ull.es\/portal\/noticias\/2019\/las-impactantes-y-reflexivas-imagenes-submarinas-del-fotografo-francis-perez-llegan-al-espacio-cultural-la-capilla\/\",\"url\":\"https:\/\/www.ull.es\/portal\/noticias\/2019\/las-impactantes-y-reflexivas-imagenes-submarinas-del-fotografo-francis-perez-llegan-al-espacio-cultural-la-capilla\/\",\"name\":\"Las impactantes y reflexivas im\u00e1genes submarinas del fot\u00f3grafo Francis P\u00e9rez llegan al Espacio Cultural La Capilla - ULL - Noticias\",\"isPartOf\":{\"@id\":\"https:\/\/www.ull.es\/portal\/noticias\/#website\"},\"datePublished\":\"2019-03-06T12:13:11+00:00\",\"dateModified\":\"2019-03-06T12:15:37+00:00\",\"author\":{\"@id\":\"https:\/\/www.ull.es\/portal\/noticias\/#\/schema\/person\/b2b1a89d43ffa609e591f7df8ef3e817\"},\"breadcrumb\":{\"@id\":\"https:\/\/www.ull.es\/portal\/noticias\/2019\/las-impactantes-y-reflexivas-imagenes-submarinas-del-fotografo-francis-perez-llegan-al-espacio-cultural-la-capilla\/#breadcrumb\"},\"inLanguage\":\"es\",\"potentialAction\":[{\"@type\":\"ReadAction\",\"target\":[\"https:\/\/www.ull.es\/portal\/noticias\/2019\/las-impactantes-y-reflexivas-imagenes-submarinas-del-fotografo-francis-perez-llegan-al-espacio-cultural-la-capilla\/\"]}]},{\"@type\":\"BreadcrumbList\",\"@id\":\"https:\/\/www.ull.es\/portal\/noticias\/2019\/las-impactantes-y-reflexivas-imagenes-submarinas-del-fotografo-francis-perez-llegan-al-espacio-cultural-la-capilla\/#breadcrumb\",\"itemListElement\":[{\"@type\":\"ListItem\",\"position\":1,\"name\":\"Portada\",\"item\":\"https:\/\/www.ull.es\/portal\/noticias\/\"},{\"@type\":\"ListItem\",\"position\":2,\"name\":\"Las impactantes y reflexivas im\u00e1genes submarinas del fot\u00f3grafo Francis P\u00e9rez llegan al Espacio Cultural La Capilla\"}]},{\"@type\":\"WebSite\",\"@id\":\"https:\/\/www.ull.es\/portal\/noticias\/#website\",\"url\":\"https:\/\/www.ull.es\/portal\/noticias\/\",\"name\":\"ULL - Noticias\",\"description\":\"\",\"potentialAction\":[{\"@type\":\"SearchAction\",\"target\":{\"@type\":\"EntryPoint\",\"urlTemplate\":\"https:\/\/www.ull.es\/portal\/noticias\/?s={search_term_string}\"},\"query-input\":\"required name=search_term_string\"}],\"inLanguage\":\"es\"},{\"@type\":\"Person\",\"@id\":\"https:\/\/www.ull.es\/portal\/noticias\/#\/schema\/person\/b2b1a89d43ffa609e591f7df8ef3e817\",\"name\":\"gaprsa\",\"image\":{\"@type\":\"ImageObject\",\"inLanguage\":\"es\",\"@id\":\"https:\/\/www.ull.es\/portal\/noticias\/#\/schema\/person\/image\/\",\"url\":\"https:\/\/secure.gravatar.com\/avatar\/443820550921091458b4823867723b3d?s=96&d=mm&r=g\",\"contentUrl\":\"https:\/\/secure.gravatar.com\/avatar\/443820550921091458b4823867723b3d?s=96&d=mm&r=g\",\"caption\":\"gaprsa\"},\"url\":\"https:\/\/www.ull.es\/portal\/noticias\/author\/gaprsa\/\"}]}<\/script>\n<!-- \/ Yoast SEO plugin. -->","yoast_head_json":{"title":"Las impactantes y reflexivas im\u00e1genes submarinas del fot\u00f3grafo Francis P\u00e9rez llegan al Espacio Cultural La Capilla - ULL - Noticias","robots":{"index":"index","follow":"follow","max-snippet":"max-snippet:-1","max-image-preview":"max-image-preview:large","max-video-preview":"max-video-preview:-1"},"canonical":"https:\/\/www.ull.es\/portal\/noticias\/2019\/las-impactantes-y-reflexivas-imagenes-submarinas-del-fotografo-francis-perez-llegan-al-espacio-cultural-la-capilla\/","og_locale":"es_ES","og_type":"article","og_title":"Las impactantes y reflexivas im\u00e1genes submarinas del fot\u00f3grafo Francis P\u00e9rez llegan al Espacio Cultural La Capilla - ULL - Noticias","og_description":"El Espacio Cultural La Capilla de la Universidad de La Laguna acoger\u00e1 a partir de ma\u00f1ana 7 de marzo la...","og_url":"https:\/\/www.ull.es\/portal\/noticias\/2019\/las-impactantes-y-reflexivas-imagenes-submarinas-del-fotografo-francis-perez-llegan-al-espacio-cultural-la-capilla\/","og_site_name":"ULL - Noticias","article_publisher":"https:\/\/www.facebook.com\/universidaddelalaguna\/","article_published_time":"2019-03-06T12:13:11+00:00","article_modified_time":"2019-03-06T12:15:37+00:00","og_image":[{"width":700,"height":350,"url":"https:\/\/www.ull.es\/portal\/noticias\/wp-content\/uploads\/sites\/13\/2019\/03\/HabitantesSuroeste_Agenda.jpg","type":"image\/jpeg"}],"author":"gaprsa","twitter_card":"summary_large_image","twitter_creator":"@CanalULL","twitter_site":"@CanalULL","twitter_misc":{"Escrito por":"gaprsa","Tiempo de lectura":"2 minutos"},"schema":{"@context":"https:\/\/schema.org","@graph":[{"@type":"WebPage","@id":"https:\/\/www.ull.es\/portal\/noticias\/2019\/las-impactantes-y-reflexivas-imagenes-submarinas-del-fotografo-francis-perez-llegan-al-espacio-cultural-la-capilla\/","url":"https:\/\/www.ull.es\/portal\/noticias\/2019\/las-impactantes-y-reflexivas-imagenes-submarinas-del-fotografo-francis-perez-llegan-al-espacio-cultural-la-capilla\/","name":"Las impactantes y reflexivas im\u00e1genes submarinas del fot\u00f3grafo Francis P\u00e9rez llegan al Espacio Cultural La Capilla - ULL - Noticias","isPartOf":{"@id":"https:\/\/www.ull.es\/portal\/noticias\/#website"},"datePublished":"2019-03-06T12:13:11+00:00","dateModified":"2019-03-06T12:15:37+00:00","author":{"@id":"https:\/\/www.ull.es\/portal\/noticias\/#\/schema\/person\/b2b1a89d43ffa609e591f7df8ef3e817"},"breadcrumb":{"@id":"https:\/\/www.ull.es\/portal\/noticias\/2019\/las-impactantes-y-reflexivas-imagenes-submarinas-del-fotografo-francis-perez-llegan-al-espacio-cultural-la-capilla\/#breadcrumb"},"inLanguage":"es","potentialAction":[{"@type":"ReadAction","target":["https:\/\/www.ull.es\/portal\/noticias\/2019\/las-impactantes-y-reflexivas-imagenes-submarinas-del-fotografo-francis-perez-llegan-al-espacio-cultural-la-capilla\/"]}]},{"@type":"BreadcrumbList","@id":"https:\/\/www.ull.es\/portal\/noticias\/2019\/las-impactantes-y-reflexivas-imagenes-submarinas-del-fotografo-francis-perez-llegan-al-espacio-cultural-la-capilla\/#breadcrumb","itemListElement":[{"@type":"ListItem","position":1,"name":"Portada","item":"https:\/\/www.ull.es\/portal\/noticias\/"},{"@type":"ListItem","position":2,"name":"Las impactantes y reflexivas im\u00e1genes submarinas del fot\u00f3grafo Francis P\u00e9rez llegan al Espacio Cultural La Capilla"}]},{"@type":"WebSite","@id":"https:\/\/www.ull.es\/portal\/noticias\/#website","url":"https:\/\/www.ull.es\/portal\/noticias\/","name":"ULL - Noticias","description":"","potentialAction":[{"@type":"SearchAction","target":{"@type":"EntryPoint","urlTemplate":"https:\/\/www.ull.es\/portal\/noticias\/?s={search_term_string}"},"query-input":"required name=search_term_string"}],"inLanguage":"es"},{"@type":"Person","@id":"https:\/\/www.ull.es\/portal\/noticias\/#\/schema\/person\/b2b1a89d43ffa609e591f7df8ef3e817","name":"gaprsa","image":{"@type":"ImageObject","inLanguage":"es","@id":"https:\/\/www.ull.es\/portal\/noticias\/#\/schema\/person\/image\/","url":"https:\/\/secure.gravatar.com\/avatar\/443820550921091458b4823867723b3d?s=96&d=mm&r=g","contentUrl":"https:\/\/secure.gravatar.com\/avatar\/443820550921091458b4823867723b3d?s=96&d=mm&r=g","caption":"gaprsa"},"url":"https:\/\/www.ull.es\/portal\/noticias\/author\/gaprsa\/"}]}},"primary_category":{"id":345,"name":"Destacado","slug":"destacado","link":"https:\/\/www.ull.es\/portal\/noticias\/category\/destacado\/"},"featured_image_thumbnail_url":"https:\/\/www.ull.es\/portal\/noticias\/wp-content\/uploads\/sites\/13\/2019\/03\/HabitantesSuroeste_Agenda-300x150.jpg","_links":{"self":[{"href":"https:\/\/www.ull.es\/portal\/noticias\/wp-json\/wp\/v2\/posts\/42849"}],"collection":[{"href":"https:\/\/www.ull.es\/portal\/noticias\/wp-json\/wp\/v2\/posts"}],"about":[{"href":"https:\/\/www.ull.es\/portal\/noticias\/wp-json\/wp\/v2\/types\/post"}],"author":[{"embeddable":true,"href":"https:\/\/www.ull.es\/portal\/noticias\/wp-json\/wp\/v2\/users\/23"}],"replies":[{"embeddable":true,"href":"https:\/\/www.ull.es\/portal\/noticias\/wp-json\/wp\/v2\/comments?post=42849"}],"version-history":[{"count":1,"href":"https:\/\/www.ull.es\/portal\/noticias\/wp-json\/wp\/v2\/posts\/42849\/revisions"}],"predecessor-version":[{"id":42850,"href":"https:\/\/www.ull.es\/portal\/noticias\/wp-json\/wp\/v2\/posts\/42849\/revisions\/42850"}],"wp:featuredmedia":[{"embeddable":true,"href":"https:\/\/www.ull.es\/portal\/noticias\/wp-json\/wp\/v2\/media\/42852"}],"wp:attachment":[{"href":"https:\/\/www.ull.es\/portal\/noticias\/wp-json\/wp\/v2\/media?parent=42849"}],"wp:term":[{"taxonomy":"category","embeddable":true,"href":"https:\/\/www.ull.es\/portal\/noticias\/wp-json\/wp\/v2\/categories?post=42849"},{"taxonomy":"post_tag","embeddable":true,"href":"https:\/\/www.ull.es\/portal\/noticias\/wp-json\/wp\/v2\/tags?post=42849"}],"curies":[{"name":"wp","href":"https:\/\/api.w.org\/{rel}","templated":true}]}}