{"id":42888,"date":"2019-03-07T14:53:12","date_gmt":"2019-03-07T14:53:12","guid":{"rendered":"https:\/\/www.ull.es\/portal\/noticias\/?p=42888"},"modified":"2019-03-07T14:53:12","modified_gmt":"2019-03-07T14:53:12","slug":"8-de-marzo-politicas-de-igualdad","status":"publish","type":"post","link":"https:\/\/www.ull.es\/portal\/noticias\/2019\/8-de-marzo-politicas-de-igualdad\/","title":{"rendered":"La ULL celebra el 8 de marzo alertando de ciertas posturas que cuestionan las pol\u00edticas de igualdad"},"content":{"rendered":"<p>La Universidad de La Laguna, como instituci\u00f3n p\u00fablica comprometida con la igualdad, se adhiere cada a\u00f1o a las diferentes celebraciones que suelen organizarse alrededor del D\u00eda Internacional de las Mujeres. Con el fin de no interferir en la convocatoria de huelga general prevista para ma\u00f1ana, 8 de marzo (fecha concreta de la efem\u00e9ride), el centro acad\u00e9mico ha organizado hoy, 7 de marzo, en su Edificio Central el acto institucional pertinente, durante el cual se ha dado <a href=\"https:\/\/drive.google.com\/file\/d\/1UflmqB82fSX4FV-LkEs32Pyh1pVZ22y_\/view?usp=sharing\" target=\"_blank\" rel=\"noopener\" target=\"_blank\" rel=\"noopener\">lectura al manifiesto<\/a> emitido por Crue Universidades Espa\u00f1olas titulado \u201cPor la plena Igualdad de Mujeres y Hombres\u201d.<\/p>\n<p style=\"text-align: center\"><a href=\"https:\/\/drive.google.com\/drive\/folders\/1E2u5il8bi6A5KLV6ASvuUq060wrxYUS2?usp=sharing\" target=\"_blank\" rel=\"noopener\" target=\"_blank\" rel=\"noopener\"><strong>Galer\u00eda de im\u00e1genes<\/strong><\/a><\/p>\n<p>El acto ha sido presidido por el rector de la instituci\u00f3n acad\u00e9mica, Antonio Martin\u00f3n, y ha contado con la presencia de una nutrida representaci\u00f3n del equipo de gobierno y la comunidad universitaria en general. El manifiesto fue le\u00eddo por Laura Aguilera, directora de la Unidad de Igualdad de la Universidad de La Laguna.<\/p>\n<p>El rector se\u00f1al\u00f3 que la desigualdad entre hombres y mujeres es una realidad asentada que es necesario corregir con pol\u00edticas espec\u00edficas, pues resulta \u201cinaceptable e inadmisible\u201d que a\u00fan exista. Tambi\u00e9n se congratul\u00f3 por que en las pr\u00f3ximas elecciones al rectorado ser\u00e1n, presumibles, \u201ctres mujeres valientes y generosas\u201d quienes presenten sus candidaturas. \u201cEse hecho tiene un valor social important\u00edsimo y vuelve a situar a la universidad como faro\u201d, reflexion\u00f3.<\/p>\n<p>El Rectorado public\u00f3 el mi\u00e9rcoles 6 de marzo los servicios m\u00ednimos durante la huelga general. Los vicerrectores, secretaria general y gerente deber\u00e1n permanecer en sus puestos, al igual que decanos y directores de centros, adem\u00e1s de un miembro adicional de su equipo directivo. En el personal de administraci\u00f3n y servicios, deber\u00e1n acudir a su puesto los jefes de Secci\u00f3n del PAS y del PDI del Servicio de Recursos Humanos; un fontanero y un electricista del Servicio de Mantenimiento; un trabajador en cada turno del servicio de Centralita Telef\u00f3nica y del Servicio de Tecnolog\u00edas de la Informaci\u00f3n y las Comunicaciones; y un trabajador del Animalario, el Gabinete de Comunicaci\u00f3n, el Registro General, la Secretar\u00eda del Rector y el Parque M\u00f3vil.<\/p>\n<p><strong>Texto \u00edntegro del manifiesto le\u00eddo hoy<\/strong><\/p>\n<p>\u201cEl establecimiento del Principio jur\u00eddico de Igualdad entre mujeres y hombres fue uno de los grandes hitos sociales del siglo XX y la plena consecuci\u00f3n de ese derecho universal debe ser uno de los logros colectivos que ahora veamos culminado. Los avances en el camino hacia la Igualdad efectiva han sido el resultado de los esfuerzos de muchos actores sociales, muy especialmente de las universidades. Nuestro papel es primordial en la transmisi\u00f3n de valores para construir una sociedad cada vez m\u00e1s tolerante, justa e igualitaria. Pero la meta no se ha alcanzado a\u00fan. Y ya es tiempo de encarar la recta final.<\/p>\n<p>Las universidades somos un reflejo de nuestra sociedad y en ellas vemos con satisfacci\u00f3n c\u00f3mo se ha alcanzado el equilibrio entre mujeres y hombres en sus aulas, en sus claustros o en los expedientes acad\u00e9micos m\u00e1s brillantes. Sin embargo, tambi\u00e9n vemos con inquietud c\u00f3mo persiste ese techo de cristal que frena el acceso a los puestos de m\u00e1xima responsabilidad, c\u00f3mo las carreras cient\u00edficas o acad\u00e9micas se ven lastradas por las cargas que asumen mayoritariamente las mujeres en el \u00e1mbito familiar o c\u00f3mo no somos capaces de atraerlas hacia las carreras tecnol\u00f3gicas. Tampoco hemos conseguido erradicar de nuestras comunidades universitarias la violencia machista y el acoso sexual y por raz\u00f3n de sexo.<\/p>\n<p>Todas estas desigualdades no s\u00f3lo son injustas e intolerables, muchas incluso ilegales, sino que adem\u00e1s nos hacen perder mucho talento. Sin la plena participaci\u00f3n de las mujeres en todos los \u00e1mbitos perdemos una visi\u00f3n insustituible para la Ciencia y privamos a la sociedad de nuevos enfoques que nos conducir\u00edan a valores m\u00e1s sostenibles y eficientes.<\/p>\n<p>Crue Universidades Espa\u00f1olas trabaja a diario desde las Unidades de Igualdad de sus universidades para promover la Igualdad dentro y fuera de nuestras comunidades y, tambi\u00e9n, contamos con una larga trayectoria en estudios universitarios de g\u00e9nero, con magn\u00edficos equipos de investigaci\u00f3n. Gracias a ese esfuerzo conjunto, tenemos una legislaci\u00f3n y unas pol\u00edticas p\u00fablicas de Igualdad innovadoras que est\u00e1n contribuyendo a conformar una sociedad mejor y m\u00e1s justa.<\/p>\n<p>Pero toda acci\u00f3n provoca una reacci\u00f3n. El estudio de las desigualdades de g\u00e9nero ha aportado un riguroso corpus te\u00f3rico, avalado cient\u00edficamente, que no merece ser puesto en duda con argumentos exclusivamente ideol\u00f3gicos, como se ha hecho en los \u00faltimos meses. Las universidades queremos expresar nuestra preocupaci\u00f3n por los debates que cuestionan la existencia misma de las pol\u00edticas de igualdad y lucha contra la violencia de g\u00e9nero bajo el equ\u00edvoco argumento de que discriminan a los hombres. Por ello, pedimos que los partidos pol\u00edticos traten con rigor y responsabilidad las pol\u00edticas de Igualdad y dejen a la literatura acad\u00e9mica especializada y al conocimiento experto de g\u00e9nero ilustrar esas discusiones\u201d.<\/p>\n<p><strong>Gabinete de Comunicaci\u00f3n<\/strong><\/p>\n<p><strong>7 de marzo de 2019<\/strong><\/p>\n","protected":false},"excerpt":{"rendered":"<p>La Universidad de La Laguna, como instituci\u00f3n p\u00fablica comprometida con la igualdad, se adhiere cada a\u00f1o a las diferentes celebraciones&#8230;<\/p>\n","protected":false},"author":21,"featured_media":42890,"comment_status":"closed","ping_status":"closed","sticky":false,"template":"","format":"standard","meta":{"inline_featured_image":false,"footnotes":""},"categories":[345,348,4929,2765],"tags":[367,1034,1799,2546],"acf":[],"yoast_head":"<!-- This site is optimized with the Yoast SEO plugin v21.3 - https:\/\/yoast.com\/wordpress\/plugins\/seo\/ -->\n<title>La ULL alerta el 8 de marzo sobre quienes cuestionan la igualdad<\/title>\n<meta name=\"description\" content=\"La ULL se adhiere cada a\u00f1o a las diferentes celebraciones alrededor del D\u00eda Internacional de las Mujeres. Para no interferir en la convocatoria de huelga general prevista para el 8 de marzo, el centro acad\u00e9mico organiz\u00f3 un d\u00eda antes en su Edificio Central el acto institucional pertinente\" \/>\n<meta name=\"robots\" content=\"index, follow, max-snippet:-1, max-image-preview:large, max-video-preview:-1\" \/>\n<link rel=\"canonical\" href=\"https:\/\/www.ull.es\/portal\/noticias\/2019\/8-de-marzo-politicas-de-igualdad\/\" \/>\n<meta property=\"og:locale\" content=\"es_ES\" \/>\n<meta property=\"og:type\" content=\"article\" \/>\n<meta property=\"og:title\" content=\"La ULL alerta el 8 de marzo sobre quienes cuestionan la igualdad\" \/>\n<meta property=\"og:description\" content=\"La ULL se adhiere cada a\u00f1o a las diferentes celebraciones alrededor del D\u00eda Internacional de las Mujeres. Para no interferir en la convocatoria de huelga general prevista para el 8 de marzo, el centro acad\u00e9mico organiz\u00f3 un d\u00eda antes en su Edificio Central el acto institucional pertinente\" \/>\n<meta property=\"og:url\" content=\"https:\/\/www.ull.es\/portal\/noticias\/2019\/8-de-marzo-politicas-de-igualdad\/\" \/>\n<meta property=\"og:site_name\" content=\"ULL - Noticias\" \/>\n<meta property=\"article:publisher\" content=\"https:\/\/www.facebook.com\/universidaddelalaguna\/\" \/>\n<meta property=\"article:published_time\" content=\"2019-03-07T14:53:12+00:00\" \/>\n<meta property=\"og:image\" content=\"https:\/\/www.ull.es\/portal\/noticias\/wp-content\/uploads\/sites\/13\/2019\/03\/Lectura-manifiesto-igualdad-ge\u0301nero-06.jpg\" \/>\n\t<meta property=\"og:image:width\" content=\"1600\" \/>\n\t<meta property=\"og:image:height\" content=\"1067\" \/>\n\t<meta property=\"og:image:type\" content=\"image\/jpeg\" \/>\n<meta name=\"author\" content=\"prensa2\" \/>\n<meta name=\"twitter:card\" content=\"summary_large_image\" \/>\n<meta name=\"twitter:creator\" content=\"@CanalULL\" \/>\n<meta name=\"twitter:site\" content=\"@CanalULL\" \/>\n<meta name=\"twitter:label1\" content=\"Escrito por\" \/>\n\t<meta name=\"twitter:data1\" content=\"prensa2\" \/>\n\t<meta name=\"twitter:label2\" content=\"Tiempo de lectura\" \/>\n\t<meta name=\"twitter:data2\" content=\"4 minutos\" \/>\n<script type=\"application\/ld+json\" class=\"yoast-schema-graph\">{\"@context\":\"https:\/\/schema.org\",\"@graph\":[{\"@type\":\"WebPage\",\"@id\":\"https:\/\/www.ull.es\/portal\/noticias\/2019\/8-de-marzo-politicas-de-igualdad\/\",\"url\":\"https:\/\/www.ull.es\/portal\/noticias\/2019\/8-de-marzo-politicas-de-igualdad\/\",\"name\":\"La ULL alerta el 8 de marzo sobre quienes cuestionan la igualdad\",\"isPartOf\":{\"@id\":\"https:\/\/www.ull.es\/portal\/noticias\/#website\"},\"datePublished\":\"2019-03-07T14:53:12+00:00\",\"dateModified\":\"2019-03-07T14:53:12+00:00\",\"author\":{\"@id\":\"https:\/\/www.ull.es\/portal\/noticias\/#\/schema\/person\/c3b2aa857797592927a03740d6664376\"},\"description\":\"La ULL se adhiere cada a\u00f1o a las diferentes celebraciones alrededor del D\u00eda Internacional de las Mujeres. Para no interferir en la convocatoria de huelga general prevista para el 8 de marzo, el centro acad\u00e9mico organiz\u00f3 un d\u00eda antes en su Edificio Central el acto institucional pertinente\",\"breadcrumb\":{\"@id\":\"https:\/\/www.ull.es\/portal\/noticias\/2019\/8-de-marzo-politicas-de-igualdad\/#breadcrumb\"},\"inLanguage\":\"es\",\"potentialAction\":[{\"@type\":\"ReadAction\",\"target\":[\"https:\/\/www.ull.es\/portal\/noticias\/2019\/8-de-marzo-politicas-de-igualdad\/\"]}]},{\"@type\":\"BreadcrumbList\",\"@id\":\"https:\/\/www.ull.es\/portal\/noticias\/2019\/8-de-marzo-politicas-de-igualdad\/#breadcrumb\",\"itemListElement\":[{\"@type\":\"ListItem\",\"position\":1,\"name\":\"Portada\",\"item\":\"https:\/\/www.ull.es\/portal\/noticias\/\"},{\"@type\":\"ListItem\",\"position\":2,\"name\":\"La ULL celebra el 8 de marzo alertando de ciertas posturas que cuestionan las pol\u00edticas de igualdad\"}]},{\"@type\":\"WebSite\",\"@id\":\"https:\/\/www.ull.es\/portal\/noticias\/#website\",\"url\":\"https:\/\/www.ull.es\/portal\/noticias\/\",\"name\":\"ULL - Noticias\",\"description\":\"\",\"potentialAction\":[{\"@type\":\"SearchAction\",\"target\":{\"@type\":\"EntryPoint\",\"urlTemplate\":\"https:\/\/www.ull.es\/portal\/noticias\/?s={search_term_string}\"},\"query-input\":\"required name=search_term_string\"}],\"inLanguage\":\"es\"},{\"@type\":\"Person\",\"@id\":\"https:\/\/www.ull.es\/portal\/noticias\/#\/schema\/person\/c3b2aa857797592927a03740d6664376\",\"name\":\"prensa2\",\"image\":{\"@type\":\"ImageObject\",\"inLanguage\":\"es\",\"@id\":\"https:\/\/www.ull.es\/portal\/noticias\/#\/schema\/person\/image\/\",\"url\":\"https:\/\/secure.gravatar.com\/avatar\/b58f310a5de5feb33d1e026d2493f23c?s=96&d=mm&r=g\",\"contentUrl\":\"https:\/\/secure.gravatar.com\/avatar\/b58f310a5de5feb33d1e026d2493f23c?s=96&d=mm&r=g\",\"caption\":\"prensa2\"},\"url\":\"https:\/\/www.ull.es\/portal\/noticias\/author\/prensa2\/\"}]}<\/script>\n<!-- \/ Yoast SEO plugin. -->","yoast_head_json":{"title":"La ULL alerta el 8 de marzo sobre quienes cuestionan la igualdad","description":"La ULL se adhiere cada a\u00f1o a las diferentes celebraciones alrededor del D\u00eda Internacional de las Mujeres. Para no interferir en la convocatoria de huelga general prevista para el 8 de marzo, el centro acad\u00e9mico organiz\u00f3 un d\u00eda antes en su Edificio Central el acto institucional pertinente","robots":{"index":"index","follow":"follow","max-snippet":"max-snippet:-1","max-image-preview":"max-image-preview:large","max-video-preview":"max-video-preview:-1"},"canonical":"https:\/\/www.ull.es\/portal\/noticias\/2019\/8-de-marzo-politicas-de-igualdad\/","og_locale":"es_ES","og_type":"article","og_title":"La ULL alerta el 8 de marzo sobre quienes cuestionan la igualdad","og_description":"La ULL se adhiere cada a\u00f1o a las diferentes celebraciones alrededor del D\u00eda Internacional de las Mujeres. Para no interferir en la convocatoria de huelga general prevista para el 8 de marzo, el centro acad\u00e9mico organiz\u00f3 un d\u00eda antes en su Edificio Central el acto institucional pertinente","og_url":"https:\/\/www.ull.es\/portal\/noticias\/2019\/8-de-marzo-politicas-de-igualdad\/","og_site_name":"ULL - Noticias","article_publisher":"https:\/\/www.facebook.com\/universidaddelalaguna\/","article_published_time":"2019-03-07T14:53:12+00:00","og_image":[{"width":1600,"height":1067,"url":"https:\/\/www.ull.es\/portal\/noticias\/wp-content\/uploads\/sites\/13\/2019\/03\/Lectura-manifiesto-igualdad-ge\u0301nero-06.jpg","type":"image\/jpeg"}],"author":"prensa2","twitter_card":"summary_large_image","twitter_creator":"@CanalULL","twitter_site":"@CanalULL","twitter_misc":{"Escrito por":"prensa2","Tiempo de lectura":"4 minutos"},"schema":{"@context":"https:\/\/schema.org","@graph":[{"@type":"WebPage","@id":"https:\/\/www.ull.es\/portal\/noticias\/2019\/8-de-marzo-politicas-de-igualdad\/","url":"https:\/\/www.ull.es\/portal\/noticias\/2019\/8-de-marzo-politicas-de-igualdad\/","name":"La ULL alerta el 8 de marzo sobre quienes cuestionan la igualdad","isPartOf":{"@id":"https:\/\/www.ull.es\/portal\/noticias\/#website"},"datePublished":"2019-03-07T14:53:12+00:00","dateModified":"2019-03-07T14:53:12+00:00","author":{"@id":"https:\/\/www.ull.es\/portal\/noticias\/#\/schema\/person\/c3b2aa857797592927a03740d6664376"},"description":"La ULL se adhiere cada a\u00f1o a las diferentes celebraciones alrededor del D\u00eda Internacional de las Mujeres. Para no interferir en la convocatoria de huelga general prevista para el 8 de marzo, el centro acad\u00e9mico organiz\u00f3 un d\u00eda antes en su Edificio Central el acto institucional pertinente","breadcrumb":{"@id":"https:\/\/www.ull.es\/portal\/noticias\/2019\/8-de-marzo-politicas-de-igualdad\/#breadcrumb"},"inLanguage":"es","potentialAction":[{"@type":"ReadAction","target":["https:\/\/www.ull.es\/portal\/noticias\/2019\/8-de-marzo-politicas-de-igualdad\/"]}]},{"@type":"BreadcrumbList","@id":"https:\/\/www.ull.es\/portal\/noticias\/2019\/8-de-marzo-politicas-de-igualdad\/#breadcrumb","itemListElement":[{"@type":"ListItem","position":1,"name":"Portada","item":"https:\/\/www.ull.es\/portal\/noticias\/"},{"@type":"ListItem","position":2,"name":"La ULL celebra el 8 de marzo alertando de ciertas posturas que cuestionan las pol\u00edticas de igualdad"}]},{"@type":"WebSite","@id":"https:\/\/www.ull.es\/portal\/noticias\/#website","url":"https:\/\/www.ull.es\/portal\/noticias\/","name":"ULL - Noticias","description":"","potentialAction":[{"@type":"SearchAction","target":{"@type":"EntryPoint","urlTemplate":"https:\/\/www.ull.es\/portal\/noticias\/?s={search_term_string}"},"query-input":"required name=search_term_string"}],"inLanguage":"es"},{"@type":"Person","@id":"https:\/\/www.ull.es\/portal\/noticias\/#\/schema\/person\/c3b2aa857797592927a03740d6664376","name":"prensa2","image":{"@type":"ImageObject","inLanguage":"es","@id":"https:\/\/www.ull.es\/portal\/noticias\/#\/schema\/person\/image\/","url":"https:\/\/secure.gravatar.com\/avatar\/b58f310a5de5feb33d1e026d2493f23c?s=96&d=mm&r=g","contentUrl":"https:\/\/secure.gravatar.com\/avatar\/b58f310a5de5feb33d1e026d2493f23c?s=96&d=mm&r=g","caption":"prensa2"},"url":"https:\/\/www.ull.es\/portal\/noticias\/author\/prensa2\/"}]}},"primary_category":{"id":345,"name":"Destacado","slug":"destacado","link":"https:\/\/www.ull.es\/portal\/noticias\/category\/destacado\/"},"featured_image_thumbnail_url":"https:\/\/www.ull.es\/portal\/noticias\/wp-content\/uploads\/sites\/13\/2019\/03\/Lectura-manifiesto-igualdad-ge\u0301nero-06-300x200.jpg","_links":{"self":[{"href":"https:\/\/www.ull.es\/portal\/noticias\/wp-json\/wp\/v2\/posts\/42888"}],"collection":[{"href":"https:\/\/www.ull.es\/portal\/noticias\/wp-json\/wp\/v2\/posts"}],"about":[{"href":"https:\/\/www.ull.es\/portal\/noticias\/wp-json\/wp\/v2\/types\/post"}],"author":[{"embeddable":true,"href":"https:\/\/www.ull.es\/portal\/noticias\/wp-json\/wp\/v2\/users\/21"}],"replies":[{"embeddable":true,"href":"https:\/\/www.ull.es\/portal\/noticias\/wp-json\/wp\/v2\/comments?post=42888"}],"version-history":[{"count":1,"href":"https:\/\/www.ull.es\/portal\/noticias\/wp-json\/wp\/v2\/posts\/42888\/revisions"}],"predecessor-version":[{"id":42891,"href":"https:\/\/www.ull.es\/portal\/noticias\/wp-json\/wp\/v2\/posts\/42888\/revisions\/42891"}],"wp:featuredmedia":[{"embeddable":true,"href":"https:\/\/www.ull.es\/portal\/noticias\/wp-json\/wp\/v2\/media\/42890"}],"wp:attachment":[{"href":"https:\/\/www.ull.es\/portal\/noticias\/wp-json\/wp\/v2\/media?parent=42888"}],"wp:term":[{"taxonomy":"category","embeddable":true,"href":"https:\/\/www.ull.es\/portal\/noticias\/wp-json\/wp\/v2\/categories?post=42888"},{"taxonomy":"post_tag","embeddable":true,"href":"https:\/\/www.ull.es\/portal\/noticias\/wp-json\/wp\/v2\/tags?post=42888"}],"curies":[{"name":"wp","href":"https:\/\/api.w.org\/{rel}","templated":true}]}}